{"id":1421,"date":"2023-08-04T15:25:57","date_gmt":"2023-08-04T13:25:57","guid":{"rendered":"https:\/\/fomentmolins.cat\/descubri-la-renovada-experiencia-digital-del-fomento-cultural-y-artistico\/"},"modified":"2023-08-06T15:54:38","modified_gmt":"2023-08-06T13:54:38","slug":"descubri-la-renovada-experiencia-digital-del-fomento-cultural-y-artistico","status":"publish","type":"post","link":"https:\/\/fomentmolins.cat\/es\/descubri-la-renovada-experiencia-digital-del-fomento-cultural-y-artistico\/","title":{"rendered":"\u00a1Descubre la renovada experiencia digital del Foment Cultural y Art\u00edstic!"},"content":{"rendered":"\n<p><em><strong>Navega por la historia, las instalaciones y las actividades del Foment Cultural y Art\u00edsticcon nuestra nueva y moderna p\u00e1gina web.<\/strong><\/em><\/p>\n\n\n\n<p>Con gran entusiasmo, os presentamos hoy la nueva p\u00e1gina web del Foment Cultural y Art\u00edstic de Molins de Rei. Un espacio digital renovado, moderno y vers\u00e1til que os permitir\u00e1 conocer de cerca la entidad y todos los espect\u00e1culos que ponemos a vuestra disposici\u00f3n.<\/p>\n\n\n\n<p>Nuestra historia se remonta al a\u00f1o 1920, cuando naci\u00f3 el Foment Agr\u00edcola, Industrial y Comercial, bajo el impulso del se\u00f1or Francesc Claramunt i Vilagut, primer presidente de la entidad. Tras la Guerra Civil, adquirimos el actual nombre de Fomento Cultural y Art\u00edstico, y ahora, con esta nueva web, queremos facilitar el acceso a esta rica historia.<\/p>\n\n\n\n<p>Pod\u00e9is recorrer virtualmente nuestras instalaciones y conocer las diferentes secciones que ofrecemos. Encontrar\u00e9is referencias a la secci\u00f3n de billar, reconocida en toda Catalu\u00f1a y Espa\u00f1a por el potencial de sus jugadores. Tambi\u00e9n podr\u00e9is descubrir la Escuela de Ajedrez, fundada en 1980, que ha visto pasar jugadores de gran nivel. Y no os perd\u00e1is la secci\u00f3n Filagarsa, nacida en 1988 como una iniciativa pedag\u00f3gica y que ya suma m\u00e1s de 30 a\u00f1os de historia.<\/p>\n\n\n\n<p>Adem\u00e1s, la nueva web os ofrece la oportunidad de conocer toda la agenda de espect\u00e1culos y comprar vuestras entradas online de forma segura. Y si quer\u00e9is estar al d\u00eda de toda la actualidad del teatro, no os perd\u00e1is nuestro blog, donde publicaremos todas las novedades.<\/p>\n\n\n\n<p>Nos hace mucha ilusi\u00f3n compartir con vosotros esta nueva etapa. Os invitamos a explorar la nueva p\u00e1gina web y a conocer m\u00e1s de cerca el Fomento Cultural y Art\u00edstico de Molins de Rei.<\/p>\n\n\n\n<p>\u00a1Os esperamos!<\/p>\n","protected":false},"excerpt":{"rendered":"<p>Navega por la historia, las instalaciones y las actividades del Foment Cultural y Art\u00edstic con nuestra nueva y moderna p\u00e1gina web.<\/p>\n","protected":false},"author":5,"featured_media":329,"comment_status":"open","ping_status":"closed","sticky":false,"template":"","format":"standard","meta":{"inline_featured_image":false,"footnotes":""},"categories":[67],"tags":[88],"class_list":["post-1421","post","type-post","status-publish","format-standard","has-post-thumbnail","hentry","category-historia-es","tag-el-fomento"],"yoast_head":"<!-- This site is optimized with the Yoast SEO plugin v27.2 - https:\/\/yoast.com\/product\/yoast-seo-wordpress\/ -->\n<title>\u00a1Descubre la renovada experiencia digital del Foment Cultural y Art\u00edstic! - Foment Molins Cultural<\/title>\n<meta name=\"description\" content=\"\u00a1Descubre la renovada experiencia digital del Foment Cultural y Art\u00edstic! Navega por la historia, las instalaciones y las actividades del Fomento Cultural y Art\u00edstico con nuestra nueva y moderna p\u00e1gina web.\" \/>\n<meta name=\"robots\" content=\"index, follow, max-snippet:-1, max-image-preview:large, max-video-preview:-1\" \/>\n<link rel=\"canonical\" href=\"https:\/\/fomentmolins.cat\/es\/descubri-la-renovada-experiencia-digital-del-fomento-cultural-y-artistico\/\" \/>\n<meta property=\"og:locale\" content=\"es_ES\" \/>\n<meta property=\"og:type\" content=\"article\" \/>\n<meta property=\"og:title\" content=\"\u00a1Descubre la renovada experiencia digital del Foment Cultural y Art\u00edstic! - Foment Molins Cultural\" \/>\n<meta property=\"og:description\" content=\"\u00a1Descubre la renovada experiencia digital del Foment Cultural y Art\u00edstic! Navega por la historia, las instalaciones y las actividades del Fomento Cultural y Art\u00edstico con nuestra nueva y moderna p\u00e1gina web.\" \/>\n<meta property=\"og:url\" content=\"https:\/\/fomentmolins.cat\/es\/descubri-la-renovada-experiencia-digital-del-fomento-cultural-y-artistico\/\" \/>\n<meta property=\"og:site_name\" content=\"Foment Molins Cultural\" \/>\n<meta property=\"article:published_time\" content=\"2023-08-04T13:25:57+00:00\" \/>\n<meta property=\"article:modified_time\" content=\"2023-08-06T13:54:38+00:00\" \/>\n<meta property=\"og:image\" content=\"https:\/\/fomentmolins.cat\/wp-content\/uploads\/2023\/07\/foto-teatro2.jpg\" \/>\n\t<meta property=\"og:image:width\" content=\"2560\" \/>\n\t<meta property=\"og:image:height\" content=\"1707\" \/>\n\t<meta property=\"og:image:type\" content=\"image\/jpeg\" \/>\n<meta name=\"author\" content=\"Foment Molins Cultural\" \/>\n<meta name=\"twitter:card\" content=\"summary_large_image\" \/>\n<meta name=\"twitter:label1\" content=\"Escrito por\" \/>\n\t<meta name=\"twitter:data1\" content=\"Foment Molins Cultural\" \/>\n\t<meta name=\"twitter:label2\" content=\"Tiempo de lectura\" \/>\n\t<meta name=\"twitter:data2\" content=\"2 minutos\" \/>\n<script type=\"application\/ld+json\" class=\"yoast-schema-graph\">{\"@context\":\"https:\/\/schema.org\",\"@graph\":[{\"@type\":\"Article\",\"@id\":\"https:\/\/fomentmolins.cat\/es\/descubri-la-renovada-experiencia-digital-del-fomento-cultural-y-artistico\/#article\",\"isPartOf\":{\"@id\":\"https:\/\/fomentmolins.cat\/es\/descubri-la-renovada-experiencia-digital-del-fomento-cultural-y-artistico\/\"},\"author\":{\"name\":\"Foment Molins Cultural\",\"@id\":\"https:\/\/fomentmolins.cat\/es\/#\/schema\/person\/366c9ce6887138b6a210c9fea54807bd\"},\"headline\":\"\u00a1Descubre la renovada experiencia digital del Foment Cultural y Art\u00edstic!\",\"datePublished\":\"2023-08-04T13:25:57+00:00\",\"dateModified\":\"2023-08-06T13:54:38+00:00\",\"mainEntityOfPage\":{\"@id\":\"https:\/\/fomentmolins.cat\/es\/descubri-la-renovada-experiencia-digital-del-fomento-cultural-y-artistico\/\"},\"wordCount\":311,\"commentCount\":0,\"image\":{\"@id\":\"https:\/\/fomentmolins.cat\/es\/descubri-la-renovada-experiencia-digital-del-fomento-cultural-y-artistico\/#primaryimage\"},\"thumbnailUrl\":\"https:\/\/fomentmolins.cat\/wp-content\/uploads\/2023\/07\/foto-teatro2.jpg\",\"keywords\":[\"El Fomento\"],\"articleSection\":[\"Historia\"],\"inLanguage\":\"es\",\"potentialAction\":[{\"@type\":\"CommentAction\",\"name\":\"Comment\",\"target\":[\"https:\/\/fomentmolins.cat\/es\/descubri-la-renovada-experiencia-digital-del-fomento-cultural-y-artistico\/#respond\"]}]},{\"@type\":\"WebPage\",\"@id\":\"https:\/\/fomentmolins.cat\/es\/descubri-la-renovada-experiencia-digital-del-fomento-cultural-y-artistico\/\",\"url\":\"https:\/\/fomentmolins.cat\/es\/descubri-la-renovada-experiencia-digital-del-fomento-cultural-y-artistico\/\",\"name\":\"\u00a1Descubre la renovada experiencia digital del Foment Cultural y Art\u00edstic! - Foment Molins Cultural\",\"isPartOf\":{\"@id\":\"https:\/\/fomentmolins.cat\/es\/#website\"},\"primaryImageOfPage\":{\"@id\":\"https:\/\/fomentmolins.cat\/es\/descubri-la-renovada-experiencia-digital-del-fomento-cultural-y-artistico\/#primaryimage\"},\"image\":{\"@id\":\"https:\/\/fomentmolins.cat\/es\/descubri-la-renovada-experiencia-digital-del-fomento-cultural-y-artistico\/#primaryimage\"},\"thumbnailUrl\":\"https:\/\/fomentmolins.cat\/wp-content\/uploads\/2023\/07\/foto-teatro2.jpg\",\"datePublished\":\"2023-08-04T13:25:57+00:00\",\"dateModified\":\"2023-08-06T13:54:38+00:00\",\"author\":{\"@id\":\"https:\/\/fomentmolins.cat\/es\/#\/schema\/person\/366c9ce6887138b6a210c9fea54807bd\"},\"description\":\"\u00a1Descubre la renovada experiencia digital del Foment Cultural y Art\u00edstic! Navega por la historia, las instalaciones y las actividades del Fomento Cultural y Art\u00edstico con nuestra nueva y moderna p\u00e1gina web.\",\"breadcrumb\":{\"@id\":\"https:\/\/fomentmolins.cat\/es\/descubri-la-renovada-experiencia-digital-del-fomento-cultural-y-artistico\/#breadcrumb\"},\"inLanguage\":\"es\",\"potentialAction\":[{\"@type\":\"ReadAction\",\"target\":[\"https:\/\/fomentmolins.cat\/es\/descubri-la-renovada-experiencia-digital-del-fomento-cultural-y-artistico\/\"]}]},{\"@type\":\"ImageObject\",\"inLanguage\":\"es\",\"@id\":\"https:\/\/fomentmolins.cat\/es\/descubri-la-renovada-experiencia-digital-del-fomento-cultural-y-artistico\/#primaryimage\",\"url\":\"https:\/\/fomentmolins.cat\/wp-content\/uploads\/2023\/07\/foto-teatro2.jpg\",\"contentUrl\":\"https:\/\/fomentmolins.cat\/wp-content\/uploads\/2023\/07\/foto-teatro2.jpg\",\"width\":2560,\"height\":1707},{\"@type\":\"BreadcrumbList\",\"@id\":\"https:\/\/fomentmolins.cat\/es\/descubri-la-renovada-experiencia-digital-del-fomento-cultural-y-artistico\/#breadcrumb\",\"itemListElement\":[{\"@type\":\"ListItem\",\"position\":1,\"name\":\"Portada\",\"item\":\"https:\/\/fomentmolins.cat\/es\/\"},{\"@type\":\"ListItem\",\"position\":2,\"name\":\"\u00a1Descubre la renovada experiencia digital del Foment Cultural y Art\u00edstic!\"}]},{\"@type\":\"WebSite\",\"@id\":\"https:\/\/fomentmolins.cat\/es\/#website\",\"url\":\"https:\/\/fomentmolins.cat\/es\/\",\"name\":\"Foment Molins Cultural\",\"description\":\"\",\"potentialAction\":[{\"@type\":\"SearchAction\",\"target\":{\"@type\":\"EntryPoint\",\"urlTemplate\":\"https:\/\/fomentmolins.cat\/es\/?s={search_term_string}\"},\"query-input\":{\"@type\":\"PropertyValueSpecification\",\"valueRequired\":true,\"valueName\":\"search_term_string\"}}],\"inLanguage\":\"es\"},{\"@type\":\"Person\",\"@id\":\"https:\/\/fomentmolins.cat\/es\/#\/schema\/person\/366c9ce6887138b6a210c9fea54807bd\",\"name\":\"Foment Molins Cultural\",\"image\":{\"@type\":\"ImageObject\",\"inLanguage\":\"es\",\"@id\":\"https:\/\/secure.gravatar.com\/avatar\/688d89467ed947940f11c807b0e20b64f0ff4f530c1edd96b48232ce24094ac4?s=96&d=mm&r=g\",\"url\":\"https:\/\/secure.gravatar.com\/avatar\/688d89467ed947940f11c807b0e20b64f0ff4f530c1edd96b48232ce24094ac4?s=96&d=mm&r=g\",\"contentUrl\":\"https:\/\/secure.gravatar.com\/avatar\/688d89467ed947940f11c807b0e20b64f0ff4f530c1edd96b48232ce24094ac4?s=96&d=mm&r=g\",\"caption\":\"Foment Molins Cultural\"},\"url\":\"https:\/\/fomentmolins.cat\/es\/author\/fomentmolins\/\"}]}<\/script>\n<!-- \/ Yoast SEO plugin. -->","yoast_head_json":{"title":"\u00a1Descubre la renovada experiencia digital del Foment Cultural y Art\u00edstic! - Foment Molins Cultural","description":"\u00a1Descubre la renovada experiencia digital del Foment Cultural y Art\u00edstic! Navega por la historia, las instalaciones y las actividades del Fomento Cultural y Art\u00edstico con nuestra nueva y moderna p\u00e1gina web.","robots":{"index":"index","follow":"follow","max-snippet":"max-snippet:-1","max-image-preview":"max-image-preview:large","max-video-preview":"max-video-preview:-1"},"canonical":"https:\/\/fomentmolins.cat\/es\/descubri-la-renovada-experiencia-digital-del-fomento-cultural-y-artistico\/","og_locale":"es_ES","og_type":"article","og_title":"\u00a1Descubre la renovada experiencia digital del Foment Cultural y Art\u00edstic! - Foment Molins Cultural","og_description":"\u00a1Descubre la renovada experiencia digital del Foment Cultural y Art\u00edstic! Navega por la historia, las instalaciones y las actividades del Fomento Cultural y Art\u00edstico con nuestra nueva y moderna p\u00e1gina web.","og_url":"https:\/\/fomentmolins.cat\/es\/descubri-la-renovada-experiencia-digital-del-fomento-cultural-y-artistico\/","og_site_name":"Foment Molins Cultural","article_published_time":"2023-08-04T13:25:57+00:00","article_modified_time":"2023-08-06T13:54:38+00:00","og_image":[{"width":2560,"height":1707,"url":"https:\/\/fomentmolins.cat\/wp-content\/uploads\/2023\/07\/foto-teatro2.jpg","type":"image\/jpeg"}],"author":"Foment Molins Cultural","twitter_card":"summary_large_image","twitter_misc":{"Escrito por":"Foment Molins Cultural","Tiempo de lectura":"2 minutos"},"schema":{"@context":"https:\/\/schema.org","@graph":[{"@type":"Article","@id":"https:\/\/fomentmolins.cat\/es\/descubri-la-renovada-experiencia-digital-del-fomento-cultural-y-artistico\/#article","isPartOf":{"@id":"https:\/\/fomentmolins.cat\/es\/descubri-la-renovada-experiencia-digital-del-fomento-cultural-y-artistico\/"},"author":{"name":"Foment Molins Cultural","@id":"https:\/\/fomentmolins.cat\/es\/#\/schema\/person\/366c9ce6887138b6a210c9fea54807bd"},"headline":"\u00a1Descubre la renovada experiencia digital del Foment Cultural y Art\u00edstic!","datePublished":"2023-08-04T13:25:57+00:00","dateModified":"2023-08-06T13:54:38+00:00","mainEntityOfPage":{"@id":"https:\/\/fomentmolins.cat\/es\/descubri-la-renovada-experiencia-digital-del-fomento-cultural-y-artistico\/"},"wordCount":311,"commentCount":0,"image":{"@id":"https:\/\/fomentmolins.cat\/es\/descubri-la-renovada-experiencia-digital-del-fomento-cultural-y-artistico\/#primaryimage"},"thumbnailUrl":"https:\/\/fomentmolins.cat\/wp-content\/uploads\/2023\/07\/foto-teatro2.jpg","keywords":["El Fomento"],"articleSection":["Historia"],"inLanguage":"es","potentialAction":[{"@type":"CommentAction","name":"Comment","target":["https:\/\/fomentmolins.cat\/es\/descubri-la-renovada-experiencia-digital-del-fomento-cultural-y-artistico\/#respond"]}]},{"@type":"WebPage","@id":"https:\/\/fomentmolins.cat\/es\/descubri-la-renovada-experiencia-digital-del-fomento-cultural-y-artistico\/","url":"https:\/\/fomentmolins.cat\/es\/descubri-la-renovada-experiencia-digital-del-fomento-cultural-y-artistico\/","name":"\u00a1Descubre la renovada experiencia digital del Foment Cultural y Art\u00edstic! - Foment Molins Cultural","isPartOf":{"@id":"https:\/\/fomentmolins.cat\/es\/#website"},"primaryImageOfPage":{"@id":"https:\/\/fomentmolins.cat\/es\/descubri-la-renovada-experiencia-digital-del-fomento-cultural-y-artistico\/#primaryimage"},"image":{"@id":"https:\/\/fomentmolins.cat\/es\/descubri-la-renovada-experiencia-digital-del-fomento-cultural-y-artistico\/#primaryimage"},"thumbnailUrl":"https:\/\/fomentmolins.cat\/wp-content\/uploads\/2023\/07\/foto-teatro2.jpg","datePublished":"2023-08-04T13:25:57+00:00","dateModified":"2023-08-06T13:54:38+00:00","author":{"@id":"https:\/\/fomentmolins.cat\/es\/#\/schema\/person\/366c9ce6887138b6a210c9fea54807bd"},"description":"\u00a1Descubre la renovada experiencia digital del Foment Cultural y Art\u00edstic! Navega por la historia, las instalaciones y las actividades del Fomento Cultural y Art\u00edstico con nuestra nueva y moderna p\u00e1gina web.","breadcrumb":{"@id":"https:\/\/fomentmolins.cat\/es\/descubri-la-renovada-experiencia-digital-del-fomento-cultural-y-artistico\/#breadcrumb"},"inLanguage":"es","potentialAction":[{"@type":"ReadAction","target":["https:\/\/fomentmolins.cat\/es\/descubri-la-renovada-experiencia-digital-del-fomento-cultural-y-artistico\/"]}]},{"@type":"ImageObject","inLanguage":"es","@id":"https:\/\/fomentmolins.cat\/es\/descubri-la-renovada-experiencia-digital-del-fomento-cultural-y-artistico\/#primaryimage","url":"https:\/\/fomentmolins.cat\/wp-content\/uploads\/2023\/07\/foto-teatro2.jpg","contentUrl":"https:\/\/fomentmolins.cat\/wp-content\/uploads\/2023\/07\/foto-teatro2.jpg","width":2560,"height":1707},{"@type":"BreadcrumbList","@id":"https:\/\/fomentmolins.cat\/es\/descubri-la-renovada-experiencia-digital-del-fomento-cultural-y-artistico\/#breadcrumb","itemListElement":[{"@type":"ListItem","position":1,"name":"Portada","item":"https:\/\/fomentmolins.cat\/es\/"},{"@type":"ListItem","position":2,"name":"\u00a1Descubre la renovada experiencia digital del Foment Cultural y Art\u00edstic!"}]},{"@type":"WebSite","@id":"https:\/\/fomentmolins.cat\/es\/#website","url":"https:\/\/fomentmolins.cat\/es\/","name":"Foment Molins Cultural","description":"","potentialAction":[{"@type":"SearchAction","target":{"@type":"EntryPoint","urlTemplate":"https:\/\/fomentmolins.cat\/es\/?s={search_term_string}"},"query-input":{"@type":"PropertyValueSpecification","valueRequired":true,"valueName":"search_term_string"}}],"inLanguage":"es"},{"@type":"Person","@id":"https:\/\/fomentmolins.cat\/es\/#\/schema\/person\/366c9ce6887138b6a210c9fea54807bd","name":"Foment Molins Cultural","image":{"@type":"ImageObject","inLanguage":"es","@id":"https:\/\/secure.gravatar.com\/avatar\/688d89467ed947940f11c807b0e20b64f0ff4f530c1edd96b48232ce24094ac4?s=96&d=mm&r=g","url":"https:\/\/secure.gravatar.com\/avatar\/688d89467ed947940f11c807b0e20b64f0ff4f530c1edd96b48232ce24094ac4?s=96&d=mm&r=g","contentUrl":"https:\/\/secure.gravatar.com\/avatar\/688d89467ed947940f11c807b0e20b64f0ff4f530c1edd96b48232ce24094ac4?s=96&d=mm&r=g","caption":"Foment Molins Cultural"},"url":"https:\/\/fomentmolins.cat\/es\/author\/fomentmolins\/"}]}},"_links":{"self":[{"href":"https:\/\/fomentmolins.cat\/es\/wp-json\/wp\/v2\/posts\/1421","targetHints":{"allow":["GET"]}}],"collection":[{"href":"https:\/\/fomentmolins.cat\/es\/wp-json\/wp\/v2\/posts"}],"about":[{"href":"https:\/\/fomentmolins.cat\/es\/wp-json\/wp\/v2\/types\/post"}],"author":[{"embeddable":true,"href":"https:\/\/fomentmolins.cat\/es\/wp-json\/wp\/v2\/users\/5"}],"replies":[{"embeddable":true,"href":"https:\/\/fomentmolins.cat\/es\/wp-json\/wp\/v2\/comments?post=1421"}],"version-history":[{"count":10,"href":"https:\/\/fomentmolins.cat\/es\/wp-json\/wp\/v2\/posts\/1421\/revisions"}],"predecessor-version":[{"id":1436,"href":"https:\/\/fomentmolins.cat\/es\/wp-json\/wp\/v2\/posts\/1421\/revisions\/1436"}],"wp:featuredmedia":[{"embeddable":true,"href":"https:\/\/fomentmolins.cat\/es\/wp-json\/wp\/v2\/media\/329"}],"wp:attachment":[{"href":"https:\/\/fomentmolins.cat\/es\/wp-json\/wp\/v2\/media?parent=1421"}],"wp:term":[{"taxonomy":"category","embeddable":true,"href":"https:\/\/fomentmolins.cat\/es\/wp-json\/wp\/v2\/categories?post=1421"},{"taxonomy":"post_tag","embeddable":true,"href":"https:\/\/fomentmolins.cat\/es\/wp-json\/wp\/v2\/tags?post=1421"}],"curies":[{"name":"wp","href":"https:\/\/api.w.org\/{rel}","templated":true}]}}