{"id":1424,"date":"2023-08-11T15:42:58","date_gmt":"2023-08-11T13:42:58","guid":{"rendered":"https:\/\/fomentmolins.cat\/?p=1424"},"modified":"2023-08-18T13:19:59","modified_gmt":"2023-08-18T11:19:59","slug":"el-equipo-de-fomento-cultural-y-artistico-de-molins-estamos-comprometidos-con-la-cultura-y-la-sociedad","status":"publish","type":"post","link":"https:\/\/fomentmolins.cat\/es\/el-equipo-de-fomento-cultural-y-artistico-de-molins-estamos-comprometidos-con-la-cultura-y-la-sociedad\/","title":{"rendered":"El Equipo de Foment Cultural i Art\u00edstic de Molins estamos comprometidos con la cultura y la sociedad"},"content":{"rendered":"\n<p><em>Descubre c\u00f3mo el equipo de Foment Cultural i Art\u00edstic est\u00e1 haciendo una diferencia en el campo de la cultura en Molins de Rei.<\/em><\/p>\n\n<p>El Foment Cultural i Art\u00edstic de Molins es una entidad centenaria sin \u00e1nimo de lucro que trabaja incansablemente para promover la cultura en todos sus aspectos. Como defensores de la cultura, reconocemos que esta es un bien esencial y, por ello, nos esforzamos por fomentar cualquier iniciativa cultural.<\/p>\n\n<p>Con un profundo compromiso con el valor cultural y humano, nuestra misi\u00f3n es dar cabida a cualquier persona, entidad o proyecto. Luchando por la igualdad de g\u00e9nero y por una cultura verde y sostenible, estamos trabajando para convertirnos en una entidad mod\u00e9lica dentro de nuestra comunidad.<\/p>\n\n<p>Con la ambici\u00f3n de ser un eje para la cultura, tenemos la necesidad de crecer como entidad, fomentando actividades inclusivas para todos los p\u00fablicos. Creemos firmemente que la cultura es la herramienta perfecta para mejorar a las personas y a la sociedad en general.<\/p>\n\n<p>Mirando hacia el futuro con modernidad, el Foment Cultural i Art\u00edstic de Molins tiene la ilusi\u00f3n de ser la casa de todos, un lugar donde lo que importa no es de d\u00f3nde est\u00e1s, sino tus inquietudes culturales.<\/p>\n\n<p>Detr\u00e1s de este gran esfuerzo hay un equipo dedicado y apasionado. La Junta Directiva est\u00e1 formada por nuestro presidente, Ermenegild Si\u00f1ol, la vicepresidenta Laia Bernis y la secretaria Merc\u00e8 Sol\u00e9. Adem\u00e1s, tenemos un equipo dedicado a la programaci\u00f3n teatral, familiar y musical, encabezado por Victor Marcos, Montse L\u00f3pez y \u00d3scar Gonz\u00e1lez, respectivamente. En Ricard Font es el responsable t\u00e9cnico y En Pere Garc\u00eda se dedica a obras y mejoras. Todos juntos, trabajamos para hacer realidad la visi\u00f3n y los objetivos del Foment Cultural i Art\u00edstic de Molins.<\/p>\n\n<p>Nuestra dedicaci\u00f3n y amor por la cultura son lo que nos impulsa a seguir adelante. Os invitamos a uniros a nosotros en esta gran aventura cultural.<\/p>\n","protected":false},"excerpt":{"rendered":"<p>Descubre c\u00f3mo el equipo de Foment Cultural i Art\u00edstic est\u00e1 haciendo una diferencia en el campo de la cultura en Molins de Rei.<\/p>\n","protected":false},"author":5,"featured_media":1419,"comment_status":"open","ping_status":"closed","sticky":false,"template":"","format":"standard","meta":{"inline_featured_image":false,"footnotes":""},"categories":[87],"tags":[],"class_list":["post-1424","post","type-post","status-publish","format-standard","has-post-thumbnail","hentry","category-sin-categorizar-es"],"yoast_head":"<!-- This site is optimized with the Yoast SEO plugin v27.2 - https:\/\/yoast.com\/product\/yoast-seo-wordpress\/ -->\n<title>El Equipo de Foment Cultural i Art\u00edstic de Molins estamos comprometidos con la cultura y la sociedad - Foment Molins Cultural<\/title>\n<meta name=\"description\" content=\"El Equipo de Foment Cultural i Art\u00edstic de Molins estamos comprometidos con la cultura y la sociedad\" \/>\n<meta name=\"robots\" content=\"index, follow, max-snippet:-1, max-image-preview:large, max-video-preview:-1\" \/>\n<link rel=\"canonical\" href=\"https:\/\/fomentmolins.cat\/es\/el-equipo-de-fomento-cultural-y-artistico-de-molins-estamos-comprometidos-con-la-cultura-y-la-sociedad\/\" \/>\n<meta property=\"og:locale\" content=\"es_ES\" \/>\n<meta property=\"og:type\" content=\"article\" \/>\n<meta property=\"og:title\" content=\"El Equipo de Foment Cultural i Art\u00edstic de Molins estamos comprometidos con la cultura y la sociedad - Foment Molins Cultural\" \/>\n<meta property=\"og:description\" content=\"El Equipo de Foment Cultural i Art\u00edstic de Molins estamos comprometidos con la cultura y la sociedad\" \/>\n<meta property=\"og:url\" content=\"https:\/\/fomentmolins.cat\/es\/el-equipo-de-fomento-cultural-y-artistico-de-molins-estamos-comprometidos-con-la-cultura-y-la-sociedad\/\" \/>\n<meta property=\"og:site_name\" content=\"Foment Molins Cultural\" \/>\n<meta property=\"article:published_time\" content=\"2023-08-11T13:42:58+00:00\" \/>\n<meta property=\"article:modified_time\" content=\"2023-08-18T11:19:59+00:00\" \/>\n<meta property=\"og:image\" content=\"https:\/\/fomentmolins.cat\/wp-content\/uploads\/2023\/08\/20230713_214913-1-scaled.jpg\" \/>\n\t<meta property=\"og:image:width\" content=\"2560\" \/>\n\t<meta property=\"og:image:height\" content=\"1920\" \/>\n\t<meta property=\"og:image:type\" content=\"image\/jpeg\" \/>\n<meta name=\"author\" content=\"Foment Molins Cultural\" \/>\n<meta name=\"twitter:card\" content=\"summary_large_image\" \/>\n<meta name=\"twitter:label1\" content=\"Escrito por\" \/>\n\t<meta name=\"twitter:data1\" content=\"Foment Molins Cultural\" \/>\n\t<meta name=\"twitter:label2\" content=\"Tiempo de lectura\" \/>\n\t<meta name=\"twitter:data2\" content=\"2 minutos\" \/>\n<script type=\"application\/ld+json\" class=\"yoast-schema-graph\">{\"@context\":\"https:\/\/schema.org\",\"@graph\":[{\"@type\":\"Article\",\"@id\":\"https:\/\/fomentmolins.cat\/es\/el-equipo-de-fomento-cultural-y-artistico-de-molins-estamos-comprometidos-con-la-cultura-y-la-sociedad\/#article\",\"isPartOf\":{\"@id\":\"https:\/\/fomentmolins.cat\/es\/el-equipo-de-fomento-cultural-y-artistico-de-molins-estamos-comprometidos-con-la-cultura-y-la-sociedad\/\"},\"author\":{\"name\":\"Foment Molins Cultural\",\"@id\":\"https:\/\/fomentmolins.cat\/es\/#\/schema\/person\/366c9ce6887138b6a210c9fea54807bd\"},\"headline\":\"El Equipo de Foment Cultural i Art\u00edstic de Molins estamos comprometidos con la cultura y la sociedad\",\"datePublished\":\"2023-08-11T13:42:58+00:00\",\"dateModified\":\"2023-08-18T11:19:59+00:00\",\"mainEntityOfPage\":{\"@id\":\"https:\/\/fomentmolins.cat\/es\/el-equipo-de-fomento-cultural-y-artistico-de-molins-estamos-comprometidos-con-la-cultura-y-la-sociedad\/\"},\"wordCount\":352,\"commentCount\":0,\"image\":{\"@id\":\"https:\/\/fomentmolins.cat\/es\/el-equipo-de-fomento-cultural-y-artistico-de-molins-estamos-comprometidos-con-la-cultura-y-la-sociedad\/#primaryimage\"},\"thumbnailUrl\":\"https:\/\/fomentmolins.cat\/wp-content\/uploads\/2023\/08\/20230713_214913-1-scaled.jpg\",\"articleSection\":[\"Sin categorizar\"],\"inLanguage\":\"es\",\"potentialAction\":[{\"@type\":\"CommentAction\",\"name\":\"Comment\",\"target\":[\"https:\/\/fomentmolins.cat\/es\/el-equipo-de-fomento-cultural-y-artistico-de-molins-estamos-comprometidos-con-la-cultura-y-la-sociedad\/#respond\"]}]},{\"@type\":\"WebPage\",\"@id\":\"https:\/\/fomentmolins.cat\/es\/el-equipo-de-fomento-cultural-y-artistico-de-molins-estamos-comprometidos-con-la-cultura-y-la-sociedad\/\",\"url\":\"https:\/\/fomentmolins.cat\/es\/el-equipo-de-fomento-cultural-y-artistico-de-molins-estamos-comprometidos-con-la-cultura-y-la-sociedad\/\",\"name\":\"El Equipo de Foment Cultural i Art\u00edstic de Molins estamos comprometidos con la cultura y la sociedad - Foment Molins Cultural\",\"isPartOf\":{\"@id\":\"https:\/\/fomentmolins.cat\/es\/#website\"},\"primaryImageOfPage\":{\"@id\":\"https:\/\/fomentmolins.cat\/es\/el-equipo-de-fomento-cultural-y-artistico-de-molins-estamos-comprometidos-con-la-cultura-y-la-sociedad\/#primaryimage\"},\"image\":{\"@id\":\"https:\/\/fomentmolins.cat\/es\/el-equipo-de-fomento-cultural-y-artistico-de-molins-estamos-comprometidos-con-la-cultura-y-la-sociedad\/#primaryimage\"},\"thumbnailUrl\":\"https:\/\/fomentmolins.cat\/wp-content\/uploads\/2023\/08\/20230713_214913-1-scaled.jpg\",\"datePublished\":\"2023-08-11T13:42:58+00:00\",\"dateModified\":\"2023-08-18T11:19:59+00:00\",\"author\":{\"@id\":\"https:\/\/fomentmolins.cat\/es\/#\/schema\/person\/366c9ce6887138b6a210c9fea54807bd\"},\"description\":\"El Equipo de Foment Cultural i Art\u00edstic de Molins estamos comprometidos con la cultura y la sociedad\",\"breadcrumb\":{\"@id\":\"https:\/\/fomentmolins.cat\/es\/el-equipo-de-fomento-cultural-y-artistico-de-molins-estamos-comprometidos-con-la-cultura-y-la-sociedad\/#breadcrumb\"},\"inLanguage\":\"es\",\"potentialAction\":[{\"@type\":\"ReadAction\",\"target\":[\"https:\/\/fomentmolins.cat\/es\/el-equipo-de-fomento-cultural-y-artistico-de-molins-estamos-comprometidos-con-la-cultura-y-la-sociedad\/\"]}]},{\"@type\":\"ImageObject\",\"inLanguage\":\"es\",\"@id\":\"https:\/\/fomentmolins.cat\/es\/el-equipo-de-fomento-cultural-y-artistico-de-molins-estamos-comprometidos-con-la-cultura-y-la-sociedad\/#primaryimage\",\"url\":\"https:\/\/fomentmolins.cat\/wp-content\/uploads\/2023\/08\/20230713_214913-1-scaled.jpg\",\"contentUrl\":\"https:\/\/fomentmolins.cat\/wp-content\/uploads\/2023\/08\/20230713_214913-1-scaled.jpg\",\"width\":2560,\"height\":1920,\"caption\":\"_autotone\"},{\"@type\":\"BreadcrumbList\",\"@id\":\"https:\/\/fomentmolins.cat\/es\/el-equipo-de-fomento-cultural-y-artistico-de-molins-estamos-comprometidos-con-la-cultura-y-la-sociedad\/#breadcrumb\",\"itemListElement\":[{\"@type\":\"ListItem\",\"position\":1,\"name\":\"Portada\",\"item\":\"https:\/\/fomentmolins.cat\/es\/\"},{\"@type\":\"ListItem\",\"position\":2,\"name\":\"El Equipo de Foment Cultural i Art\u00edstic de Molins estamos comprometidos con la cultura y la sociedad\"}]},{\"@type\":\"WebSite\",\"@id\":\"https:\/\/fomentmolins.cat\/es\/#website\",\"url\":\"https:\/\/fomentmolins.cat\/es\/\",\"name\":\"Foment Molins Cultural\",\"description\":\"\",\"potentialAction\":[{\"@type\":\"SearchAction\",\"target\":{\"@type\":\"EntryPoint\",\"urlTemplate\":\"https:\/\/fomentmolins.cat\/es\/?s={search_term_string}\"},\"query-input\":{\"@type\":\"PropertyValueSpecification\",\"valueRequired\":true,\"valueName\":\"search_term_string\"}}],\"inLanguage\":\"es\"},{\"@type\":\"Person\",\"@id\":\"https:\/\/fomentmolins.cat\/es\/#\/schema\/person\/366c9ce6887138b6a210c9fea54807bd\",\"name\":\"Foment Molins Cultural\",\"image\":{\"@type\":\"ImageObject\",\"inLanguage\":\"es\",\"@id\":\"https:\/\/secure.gravatar.com\/avatar\/688d89467ed947940f11c807b0e20b64f0ff4f530c1edd96b48232ce24094ac4?s=96&d=mm&r=g\",\"url\":\"https:\/\/secure.gravatar.com\/avatar\/688d89467ed947940f11c807b0e20b64f0ff4f530c1edd96b48232ce24094ac4?s=96&d=mm&r=g\",\"contentUrl\":\"https:\/\/secure.gravatar.com\/avatar\/688d89467ed947940f11c807b0e20b64f0ff4f530c1edd96b48232ce24094ac4?s=96&d=mm&r=g\",\"caption\":\"Foment Molins Cultural\"},\"url\":\"https:\/\/fomentmolins.cat\/es\/author\/fomentmolins\/\"}]}<\/script>\n<!-- \/ Yoast SEO plugin. -->","yoast_head_json":{"title":"El Equipo de Foment Cultural i Art\u00edstic de Molins estamos comprometidos con la cultura y la sociedad - Foment Molins Cultural","description":"El Equipo de Foment Cultural i Art\u00edstic de Molins estamos comprometidos con la cultura y la sociedad","robots":{"index":"index","follow":"follow","max-snippet":"max-snippet:-1","max-image-preview":"max-image-preview:large","max-video-preview":"max-video-preview:-1"},"canonical":"https:\/\/fomentmolins.cat\/es\/el-equipo-de-fomento-cultural-y-artistico-de-molins-estamos-comprometidos-con-la-cultura-y-la-sociedad\/","og_locale":"es_ES","og_type":"article","og_title":"El Equipo de Foment Cultural i Art\u00edstic de Molins estamos comprometidos con la cultura y la sociedad - Foment Molins Cultural","og_description":"El Equipo de Foment Cultural i Art\u00edstic de Molins estamos comprometidos con la cultura y la sociedad","og_url":"https:\/\/fomentmolins.cat\/es\/el-equipo-de-fomento-cultural-y-artistico-de-molins-estamos-comprometidos-con-la-cultura-y-la-sociedad\/","og_site_name":"Foment Molins Cultural","article_published_time":"2023-08-11T13:42:58+00:00","article_modified_time":"2023-08-18T11:19:59+00:00","og_image":[{"width":2560,"height":1920,"url":"https:\/\/fomentmolins.cat\/wp-content\/uploads\/2023\/08\/20230713_214913-1-scaled.jpg","type":"image\/jpeg"}],"author":"Foment Molins Cultural","twitter_card":"summary_large_image","twitter_misc":{"Escrito por":"Foment Molins Cultural","Tiempo de lectura":"2 minutos"},"schema":{"@context":"https:\/\/schema.org","@graph":[{"@type":"Article","@id":"https:\/\/fomentmolins.cat\/es\/el-equipo-de-fomento-cultural-y-artistico-de-molins-estamos-comprometidos-con-la-cultura-y-la-sociedad\/#article","isPartOf":{"@id":"https:\/\/fomentmolins.cat\/es\/el-equipo-de-fomento-cultural-y-artistico-de-molins-estamos-comprometidos-con-la-cultura-y-la-sociedad\/"},"author":{"name":"Foment Molins Cultural","@id":"https:\/\/fomentmolins.cat\/es\/#\/schema\/person\/366c9ce6887138b6a210c9fea54807bd"},"headline":"El Equipo de Foment Cultural i Art\u00edstic de Molins estamos comprometidos con la cultura y la sociedad","datePublished":"2023-08-11T13:42:58+00:00","dateModified":"2023-08-18T11:19:59+00:00","mainEntityOfPage":{"@id":"https:\/\/fomentmolins.cat\/es\/el-equipo-de-fomento-cultural-y-artistico-de-molins-estamos-comprometidos-con-la-cultura-y-la-sociedad\/"},"wordCount":352,"commentCount":0,"image":{"@id":"https:\/\/fomentmolins.cat\/es\/el-equipo-de-fomento-cultural-y-artistico-de-molins-estamos-comprometidos-con-la-cultura-y-la-sociedad\/#primaryimage"},"thumbnailUrl":"https:\/\/fomentmolins.cat\/wp-content\/uploads\/2023\/08\/20230713_214913-1-scaled.jpg","articleSection":["Sin categorizar"],"inLanguage":"es","potentialAction":[{"@type":"CommentAction","name":"Comment","target":["https:\/\/fomentmolins.cat\/es\/el-equipo-de-fomento-cultural-y-artistico-de-molins-estamos-comprometidos-con-la-cultura-y-la-sociedad\/#respond"]}]},{"@type":"WebPage","@id":"https:\/\/fomentmolins.cat\/es\/el-equipo-de-fomento-cultural-y-artistico-de-molins-estamos-comprometidos-con-la-cultura-y-la-sociedad\/","url":"https:\/\/fomentmolins.cat\/es\/el-equipo-de-fomento-cultural-y-artistico-de-molins-estamos-comprometidos-con-la-cultura-y-la-sociedad\/","name":"El Equipo de Foment Cultural i Art\u00edstic de Molins estamos comprometidos con la cultura y la sociedad - Foment Molins Cultural","isPartOf":{"@id":"https:\/\/fomentmolins.cat\/es\/#website"},"primaryImageOfPage":{"@id":"https:\/\/fomentmolins.cat\/es\/el-equipo-de-fomento-cultural-y-artistico-de-molins-estamos-comprometidos-con-la-cultura-y-la-sociedad\/#primaryimage"},"image":{"@id":"https:\/\/fomentmolins.cat\/es\/el-equipo-de-fomento-cultural-y-artistico-de-molins-estamos-comprometidos-con-la-cultura-y-la-sociedad\/#primaryimage"},"thumbnailUrl":"https:\/\/fomentmolins.cat\/wp-content\/uploads\/2023\/08\/20230713_214913-1-scaled.jpg","datePublished":"2023-08-11T13:42:58+00:00","dateModified":"2023-08-18T11:19:59+00:00","author":{"@id":"https:\/\/fomentmolins.cat\/es\/#\/schema\/person\/366c9ce6887138b6a210c9fea54807bd"},"description":"El Equipo de Foment Cultural i Art\u00edstic de Molins estamos comprometidos con la cultura y la sociedad","breadcrumb":{"@id":"https:\/\/fomentmolins.cat\/es\/el-equipo-de-fomento-cultural-y-artistico-de-molins-estamos-comprometidos-con-la-cultura-y-la-sociedad\/#breadcrumb"},"inLanguage":"es","potentialAction":[{"@type":"ReadAction","target":["https:\/\/fomentmolins.cat\/es\/el-equipo-de-fomento-cultural-y-artistico-de-molins-estamos-comprometidos-con-la-cultura-y-la-sociedad\/"]}]},{"@type":"ImageObject","inLanguage":"es","@id":"https:\/\/fomentmolins.cat\/es\/el-equipo-de-fomento-cultural-y-artistico-de-molins-estamos-comprometidos-con-la-cultura-y-la-sociedad\/#primaryimage","url":"https:\/\/fomentmolins.cat\/wp-content\/uploads\/2023\/08\/20230713_214913-1-scaled.jpg","contentUrl":"https:\/\/fomentmolins.cat\/wp-content\/uploads\/2023\/08\/20230713_214913-1-scaled.jpg","width":2560,"height":1920,"caption":"_autotone"},{"@type":"BreadcrumbList","@id":"https:\/\/fomentmolins.cat\/es\/el-equipo-de-fomento-cultural-y-artistico-de-molins-estamos-comprometidos-con-la-cultura-y-la-sociedad\/#breadcrumb","itemListElement":[{"@type":"ListItem","position":1,"name":"Portada","item":"https:\/\/fomentmolins.cat\/es\/"},{"@type":"ListItem","position":2,"name":"El Equipo de Foment Cultural i Art\u00edstic de Molins estamos comprometidos con la cultura y la sociedad"}]},{"@type":"WebSite","@id":"https:\/\/fomentmolins.cat\/es\/#website","url":"https:\/\/fomentmolins.cat\/es\/","name":"Foment Molins Cultural","description":"","potentialAction":[{"@type":"SearchAction","target":{"@type":"EntryPoint","urlTemplate":"https:\/\/fomentmolins.cat\/es\/?s={search_term_string}"},"query-input":{"@type":"PropertyValueSpecification","valueRequired":true,"valueName":"search_term_string"}}],"inLanguage":"es"},{"@type":"Person","@id":"https:\/\/fomentmolins.cat\/es\/#\/schema\/person\/366c9ce6887138b6a210c9fea54807bd","name":"Foment Molins Cultural","image":{"@type":"ImageObject","inLanguage":"es","@id":"https:\/\/secure.gravatar.com\/avatar\/688d89467ed947940f11c807b0e20b64f0ff4f530c1edd96b48232ce24094ac4?s=96&d=mm&r=g","url":"https:\/\/secure.gravatar.com\/avatar\/688d89467ed947940f11c807b0e20b64f0ff4f530c1edd96b48232ce24094ac4?s=96&d=mm&r=g","contentUrl":"https:\/\/secure.gravatar.com\/avatar\/688d89467ed947940f11c807b0e20b64f0ff4f530c1edd96b48232ce24094ac4?s=96&d=mm&r=g","caption":"Foment Molins Cultural"},"url":"https:\/\/fomentmolins.cat\/es\/author\/fomentmolins\/"}]}},"_links":{"self":[{"href":"https:\/\/fomentmolins.cat\/es\/wp-json\/wp\/v2\/posts\/1424","targetHints":{"allow":["GET"]}}],"collection":[{"href":"https:\/\/fomentmolins.cat\/es\/wp-json\/wp\/v2\/posts"}],"about":[{"href":"https:\/\/fomentmolins.cat\/es\/wp-json\/wp\/v2\/types\/post"}],"author":[{"embeddable":true,"href":"https:\/\/fomentmolins.cat\/es\/wp-json\/wp\/v2\/users\/5"}],"replies":[{"embeddable":true,"href":"https:\/\/fomentmolins.cat\/es\/wp-json\/wp\/v2\/comments?post=1424"}],"version-history":[{"count":9,"href":"https:\/\/fomentmolins.cat\/es\/wp-json\/wp\/v2\/posts\/1424\/revisions"}],"predecessor-version":[{"id":1443,"href":"https:\/\/fomentmolins.cat\/es\/wp-json\/wp\/v2\/posts\/1424\/revisions\/1443"}],"wp:featuredmedia":[{"embeddable":true,"href":"https:\/\/fomentmolins.cat\/es\/wp-json\/wp\/v2\/media\/1419"}],"wp:attachment":[{"href":"https:\/\/fomentmolins.cat\/es\/wp-json\/wp\/v2\/media?parent=1424"}],"wp:term":[{"taxonomy":"category","embeddable":true,"href":"https:\/\/fomentmolins.cat\/es\/wp-json\/wp\/v2\/categories?post=1424"},{"taxonomy":"post_tag","embeddable":true,"href":"https:\/\/fomentmolins.cat\/es\/wp-json\/wp\/v2\/tags?post=1424"}],"curies":[{"name":"wp","href":"https:\/\/api.w.org\/{rel}","templated":true}]}}