{"id":1480,"date":"2023-09-11T19:21:09","date_gmt":"2023-09-11T17:21:09","guid":{"rendered":"https:\/\/fomentmolins.cat\/el-teatro-foment-i-su-ofrenda-floral-en-la-diada-de-catalunya\/"},"modified":"2023-09-11T20:40:21","modified_gmt":"2023-09-11T18:40:21","slug":"el-teatro-foment-i-su-ofrenda-floral-en-la-diada-de-catalunya","status":"publish","type":"post","link":"https:\/\/fomentmolins.cat\/es\/el-teatro-foment-i-su-ofrenda-floral-en-la-diada-de-catalunya\/","title":{"rendered":"El Teatro Foment i su ofrenda floral en la Diada de Catalunya"},"content":{"rendered":"\n<p>El d\u00eda del 11 de Septiembre no es s\u00f3lo un d\u00eda de recuerdo hist\u00f3rico para Catalu\u00f1a, sino tambi\u00e9n una oportunidad para la reflexi\u00f3n, la uni\u00f3n y la celebraci\u00f3n de nuestra identidad como pueblo. En esta jornada tan especial, el Teatro Foment de Molins de Rei ha querido aportar su granito de arena con una sentida ofrenda floral.<\/p>\n\n<p>La Diada conmemora la ca\u00edda de Barcelona en 1714, un evento que marc\u00f3 profundamente la historia y la identidad catalanas. Esta fecha se ha convertido en un s\u00edmbolo de resistencia, de lucha por los derechos y del amor por nuestra tierra.<\/p>\n\n<p><strong><em>Nuestra ofrenda es un gesto de respeto y recuerdo<\/em><\/strong><\/p>\n\n<p>Para el Teatro Foment, participar activamente en ese d\u00eda tiene un significado especial. El teatro, como espacio de expresi\u00f3n y cultura, tiene el poder de reflejar e influir en la sociedad que le rodea. Con nuestra ofrenda floral, hemos querido rendir homenaje a quienes lucharon por Catalu\u00f1a, as\u00ed como mostrar nuestro compromiso con la preservaci\u00f3n y promoci\u00f3n de la cultura catalana.<\/p>\n\n<p>Este peque\u00f1o gesto es una forma de conectar con nuestras ra\u00edces y de expresar nuestra gratitud y respeto a la historia que nos ha tra\u00eddo hasta aqu\u00ed.<\/p>\n\n<p>Mientras la Diada es una fecha especial en nuestro calendario, en el Teatro Foment creemos que nuestro compromiso con la cultura y la historia catalanas debe ser constante. A trav\u00e9s de nuestras obras, talleres y eventos, buscamos mantener viva la llama de nuestra identidad y compartirla con las nuevas generaciones.<\/p>\n\n<blockquote class=\"wp-block-quote is-layout-flow wp-block-quote-is-layout-flow\">\n<p><em>La Diada del 11 de Septiembre es un momento de reflexi\u00f3n, recuerdo y reivindicaci\u00f3n. En el Teatro Foment, estamos orgullosos de ser parte y de contribuir, con nuestra ofrenda y nuestra labor diaria, al enriquecimiento y promoci\u00f3n de la cultura catalana.<\/em><\/p>\n<cite>        <em>Presidente del Foment: Ermenegild<\/em><\/cite><\/blockquote>\n\n<p><\/p>\n\n<figure class=\"wp-block-gallery has-nested-images columns-default is-cropped wp-block-gallery-1 is-layout-flex wp-block-gallery-is-layout-flex\">\n<figure class=\"wp-block-image size-large\"><img loading=\"lazy\" decoding=\"async\" width=\"1024\" height=\"768\" data-id=\"1475\" src=\"https:\/\/fomentmolins.cat\/wp-content\/uploads\/2023\/09\/WhatsApp-Image-2023-09-11-at-13.07.26-1-1024x768.jpeg\" alt=\"\" class=\"wp-image-1475\" srcset=\"https:\/\/fomentmolins.cat\/wp-content\/uploads\/2023\/09\/WhatsApp-Image-2023-09-11-at-13.07.26-1-1024x768.jpeg 1024w, https:\/\/fomentmolins.cat\/wp-content\/uploads\/2023\/09\/WhatsApp-Image-2023-09-11-at-13.07.26-1-300x225.jpeg 300w, https:\/\/fomentmolins.cat\/wp-content\/uploads\/2023\/09\/WhatsApp-Image-2023-09-11-at-13.07.26-1-768x576.jpeg 768w, https:\/\/fomentmolins.cat\/wp-content\/uploads\/2023\/09\/WhatsApp-Image-2023-09-11-at-13.07.26-1-1536x1152.jpeg 1536w, https:\/\/fomentmolins.cat\/wp-content\/uploads\/2023\/09\/WhatsApp-Image-2023-09-11-at-13.07.26-1.jpeg 2048w\" sizes=\"auto, (max-width: 1024px) 100vw, 1024px\" \/><\/figure>\n\n\n\n<figure class=\"wp-block-image size-large\"><img loading=\"lazy\" decoding=\"async\" width=\"1024\" height=\"768\" data-id=\"1477\" src=\"https:\/\/fomentmolins.cat\/wp-content\/uploads\/2023\/09\/WhatsApp-Image-2023-09-11-at-13.07.26-1024x768.jpeg\" alt=\"\" class=\"wp-image-1477\" srcset=\"https:\/\/fomentmolins.cat\/wp-content\/uploads\/2023\/09\/WhatsApp-Image-2023-09-11-at-13.07.26-1024x768.jpeg 1024w, https:\/\/fomentmolins.cat\/wp-content\/uploads\/2023\/09\/WhatsApp-Image-2023-09-11-at-13.07.26-300x225.jpeg 300w, https:\/\/fomentmolins.cat\/wp-content\/uploads\/2023\/09\/WhatsApp-Image-2023-09-11-at-13.07.26-768x576.jpeg 768w, https:\/\/fomentmolins.cat\/wp-content\/uploads\/2023\/09\/WhatsApp-Image-2023-09-11-at-13.07.26-1536x1152.jpeg 1536w, https:\/\/fomentmolins.cat\/wp-content\/uploads\/2023\/09\/WhatsApp-Image-2023-09-11-at-13.07.26.jpeg 2048w\" sizes=\"auto, (max-width: 1024px) 100vw, 1024px\" \/><\/figure>\n<\/figure>\n","protected":false},"excerpt":{"rendered":"<p>En el Teatro Foment, estamos orgullosos de ser parte y de contribuir, con nuestra ofrenda y nuestra labor diaria, al enriquecimiento y promoci\u00f3n de la cultura catalana.<\/p>\n","protected":false},"author":5,"featured_media":1478,"comment_status":"open","ping_status":"closed","sticky":false,"template":"","format":"standard","meta":{"inline_featured_image":false,"footnotes":""},"categories":[91],"tags":[],"class_list":["post-1480","post","type-post","status-publish","format-standard","has-post-thumbnail","hentry","category-dia-a-dia-es"],"yoast_head":"<!-- This site is optimized with the Yoast SEO plugin v27.2 - https:\/\/yoast.com\/product\/yoast-seo-wordpress\/ -->\n<title>El Teatro Foment i su ofrenda floral en la Diada de Catalunya - Foment Molins Cultural<\/title>\n<meta name=\"description\" content=\"El Teatro Foment i su ofrenda floral en la Diada de Catalunya\" \/>\n<meta name=\"robots\" content=\"index, follow, max-snippet:-1, max-image-preview:large, max-video-preview:-1\" \/>\n<link rel=\"canonical\" href=\"https:\/\/fomentmolins.cat\/es\/el-teatro-foment-i-su-ofrenda-floral-en-la-diada-de-catalunya\/\" \/>\n<meta property=\"og:locale\" content=\"es_ES\" \/>\n<meta property=\"og:type\" content=\"article\" \/>\n<meta property=\"og:title\" content=\"El Teatro Foment i su ofrenda floral en la Diada de Catalunya - Foment Molins Cultural\" \/>\n<meta property=\"og:description\" content=\"El Teatro Foment i su ofrenda floral en la Diada de Catalunya\" \/>\n<meta property=\"og:url\" content=\"https:\/\/fomentmolins.cat\/es\/el-teatro-foment-i-su-ofrenda-floral-en-la-diada-de-catalunya\/\" \/>\n<meta property=\"og:site_name\" content=\"Foment Molins Cultural\" \/>\n<meta property=\"article:published_time\" content=\"2023-09-11T17:21:09+00:00\" \/>\n<meta property=\"article:modified_time\" content=\"2023-09-11T18:40:21+00:00\" \/>\n<meta property=\"og:image\" content=\"https:\/\/fomentmolins.cat\/wp-content\/uploads\/2023\/09\/WhatsApp-Image-2023-09-11-at-13.07.26.jpeg\" \/>\n\t<meta property=\"og:image:width\" content=\"2048\" \/>\n\t<meta property=\"og:image:height\" content=\"1536\" \/>\n\t<meta property=\"og:image:type\" content=\"image\/jpeg\" \/>\n<meta name=\"author\" content=\"Foment Molins Cultural\" \/>\n<meta name=\"twitter:card\" content=\"summary_large_image\" \/>\n<meta name=\"twitter:label1\" content=\"Escrito por\" \/>\n\t<meta name=\"twitter:data1\" content=\"Foment Molins Cultural\" \/>\n\t<meta name=\"twitter:label2\" content=\"Tiempo de lectura\" \/>\n\t<meta name=\"twitter:data2\" content=\"2 minutos\" \/>\n<script type=\"application\/ld+json\" class=\"yoast-schema-graph\">{\"@context\":\"https:\/\/schema.org\",\"@graph\":[{\"@type\":\"Article\",\"@id\":\"https:\/\/fomentmolins.cat\/es\/el-teatro-foment-i-su-ofrenda-floral-en-la-diada-de-catalunya\/#article\",\"isPartOf\":{\"@id\":\"https:\/\/fomentmolins.cat\/es\/el-teatro-foment-i-su-ofrenda-floral-en-la-diada-de-catalunya\/\"},\"author\":{\"name\":\"Foment Molins Cultural\",\"@id\":\"https:\/\/fomentmolins.cat\/es\/#\/schema\/person\/366c9ce6887138b6a210c9fea54807bd\"},\"headline\":\"El Teatro Foment i su ofrenda floral en la Diada de Catalunya\",\"datePublished\":\"2023-09-11T17:21:09+00:00\",\"dateModified\":\"2023-09-11T18:40:21+00:00\",\"mainEntityOfPage\":{\"@id\":\"https:\/\/fomentmolins.cat\/es\/el-teatro-foment-i-su-ofrenda-floral-en-la-diada-de-catalunya\/\"},\"wordCount\":322,\"commentCount\":0,\"image\":{\"@id\":\"https:\/\/fomentmolins.cat\/es\/el-teatro-foment-i-su-ofrenda-floral-en-la-diada-de-catalunya\/#primaryimage\"},\"thumbnailUrl\":\"https:\/\/fomentmolins.cat\/wp-content\/uploads\/2023\/09\/WhatsApp-Image-2023-09-11-at-13.07.26.jpeg\",\"articleSection\":[\"D\u00eda a d\u00eda\"],\"inLanguage\":\"es\",\"potentialAction\":[{\"@type\":\"CommentAction\",\"name\":\"Comment\",\"target\":[\"https:\/\/fomentmolins.cat\/es\/el-teatro-foment-i-su-ofrenda-floral-en-la-diada-de-catalunya\/#respond\"]}]},{\"@type\":\"WebPage\",\"@id\":\"https:\/\/fomentmolins.cat\/es\/el-teatro-foment-i-su-ofrenda-floral-en-la-diada-de-catalunya\/\",\"url\":\"https:\/\/fomentmolins.cat\/es\/el-teatro-foment-i-su-ofrenda-floral-en-la-diada-de-catalunya\/\",\"name\":\"El Teatro Foment i su ofrenda floral en la Diada de Catalunya - Foment Molins Cultural\",\"isPartOf\":{\"@id\":\"https:\/\/fomentmolins.cat\/es\/#website\"},\"primaryImageOfPage\":{\"@id\":\"https:\/\/fomentmolins.cat\/es\/el-teatro-foment-i-su-ofrenda-floral-en-la-diada-de-catalunya\/#primaryimage\"},\"image\":{\"@id\":\"https:\/\/fomentmolins.cat\/es\/el-teatro-foment-i-su-ofrenda-floral-en-la-diada-de-catalunya\/#primaryimage\"},\"thumbnailUrl\":\"https:\/\/fomentmolins.cat\/wp-content\/uploads\/2023\/09\/WhatsApp-Image-2023-09-11-at-13.07.26.jpeg\",\"datePublished\":\"2023-09-11T17:21:09+00:00\",\"dateModified\":\"2023-09-11T18:40:21+00:00\",\"author\":{\"@id\":\"https:\/\/fomentmolins.cat\/es\/#\/schema\/person\/366c9ce6887138b6a210c9fea54807bd\"},\"description\":\"El Teatro Foment i su ofrenda floral en la Diada de Catalunya\",\"breadcrumb\":{\"@id\":\"https:\/\/fomentmolins.cat\/es\/el-teatro-foment-i-su-ofrenda-floral-en-la-diada-de-catalunya\/#breadcrumb\"},\"inLanguage\":\"es\",\"potentialAction\":[{\"@type\":\"ReadAction\",\"target\":[\"https:\/\/fomentmolins.cat\/es\/el-teatro-foment-i-su-ofrenda-floral-en-la-diada-de-catalunya\/\"]}]},{\"@type\":\"ImageObject\",\"inLanguage\":\"es\",\"@id\":\"https:\/\/fomentmolins.cat\/es\/el-teatro-foment-i-su-ofrenda-floral-en-la-diada-de-catalunya\/#primaryimage\",\"url\":\"https:\/\/fomentmolins.cat\/wp-content\/uploads\/2023\/09\/WhatsApp-Image-2023-09-11-at-13.07.26.jpeg\",\"contentUrl\":\"https:\/\/fomentmolins.cat\/wp-content\/uploads\/2023\/09\/WhatsApp-Image-2023-09-11-at-13.07.26.jpeg\",\"width\":2048,\"height\":1536,\"caption\":\"El Teatre Foment i la seva ofrena floral a la Diada de Catalunya\"},{\"@type\":\"BreadcrumbList\",\"@id\":\"https:\/\/fomentmolins.cat\/es\/el-teatro-foment-i-su-ofrenda-floral-en-la-diada-de-catalunya\/#breadcrumb\",\"itemListElement\":[{\"@type\":\"ListItem\",\"position\":1,\"name\":\"Portada\",\"item\":\"https:\/\/fomentmolins.cat\/es\/\"},{\"@type\":\"ListItem\",\"position\":2,\"name\":\"El Teatro Foment i su ofrenda floral en la Diada de Catalunya\"}]},{\"@type\":\"WebSite\",\"@id\":\"https:\/\/fomentmolins.cat\/es\/#website\",\"url\":\"https:\/\/fomentmolins.cat\/es\/\",\"name\":\"Foment Molins Cultural\",\"description\":\"\",\"potentialAction\":[{\"@type\":\"SearchAction\",\"target\":{\"@type\":\"EntryPoint\",\"urlTemplate\":\"https:\/\/fomentmolins.cat\/es\/?s={search_term_string}\"},\"query-input\":{\"@type\":\"PropertyValueSpecification\",\"valueRequired\":true,\"valueName\":\"search_term_string\"}}],\"inLanguage\":\"es\"},{\"@type\":\"Person\",\"@id\":\"https:\/\/fomentmolins.cat\/es\/#\/schema\/person\/366c9ce6887138b6a210c9fea54807bd\",\"name\":\"Foment Molins Cultural\",\"image\":{\"@type\":\"ImageObject\",\"inLanguage\":\"es\",\"@id\":\"https:\/\/secure.gravatar.com\/avatar\/688d89467ed947940f11c807b0e20b64f0ff4f530c1edd96b48232ce24094ac4?s=96&d=mm&r=g\",\"url\":\"https:\/\/secure.gravatar.com\/avatar\/688d89467ed947940f11c807b0e20b64f0ff4f530c1edd96b48232ce24094ac4?s=96&d=mm&r=g\",\"contentUrl\":\"https:\/\/secure.gravatar.com\/avatar\/688d89467ed947940f11c807b0e20b64f0ff4f530c1edd96b48232ce24094ac4?s=96&d=mm&r=g\",\"caption\":\"Foment Molins Cultural\"},\"url\":\"https:\/\/fomentmolins.cat\/es\/author\/fomentmolins\/\"}]}<\/script>\n<!-- \/ Yoast SEO plugin. -->","yoast_head_json":{"title":"El Teatro Foment i su ofrenda floral en la Diada de Catalunya - Foment Molins Cultural","description":"El Teatro Foment i su ofrenda floral en la Diada de Catalunya","robots":{"index":"index","follow":"follow","max-snippet":"max-snippet:-1","max-image-preview":"max-image-preview:large","max-video-preview":"max-video-preview:-1"},"canonical":"https:\/\/fomentmolins.cat\/es\/el-teatro-foment-i-su-ofrenda-floral-en-la-diada-de-catalunya\/","og_locale":"es_ES","og_type":"article","og_title":"El Teatro Foment i su ofrenda floral en la Diada de Catalunya - Foment Molins Cultural","og_description":"El Teatro Foment i su ofrenda floral en la Diada de Catalunya","og_url":"https:\/\/fomentmolins.cat\/es\/el-teatro-foment-i-su-ofrenda-floral-en-la-diada-de-catalunya\/","og_site_name":"Foment Molins Cultural","article_published_time":"2023-09-11T17:21:09+00:00","article_modified_time":"2023-09-11T18:40:21+00:00","og_image":[{"width":2048,"height":1536,"url":"https:\/\/fomentmolins.cat\/wp-content\/uploads\/2023\/09\/WhatsApp-Image-2023-09-11-at-13.07.26.jpeg","type":"image\/jpeg"}],"author":"Foment Molins Cultural","twitter_card":"summary_large_image","twitter_misc":{"Escrito por":"Foment Molins Cultural","Tiempo de lectura":"2 minutos"},"schema":{"@context":"https:\/\/schema.org","@graph":[{"@type":"Article","@id":"https:\/\/fomentmolins.cat\/es\/el-teatro-foment-i-su-ofrenda-floral-en-la-diada-de-catalunya\/#article","isPartOf":{"@id":"https:\/\/fomentmolins.cat\/es\/el-teatro-foment-i-su-ofrenda-floral-en-la-diada-de-catalunya\/"},"author":{"name":"Foment Molins Cultural","@id":"https:\/\/fomentmolins.cat\/es\/#\/schema\/person\/366c9ce6887138b6a210c9fea54807bd"},"headline":"El Teatro Foment i su ofrenda floral en la Diada de Catalunya","datePublished":"2023-09-11T17:21:09+00:00","dateModified":"2023-09-11T18:40:21+00:00","mainEntityOfPage":{"@id":"https:\/\/fomentmolins.cat\/es\/el-teatro-foment-i-su-ofrenda-floral-en-la-diada-de-catalunya\/"},"wordCount":322,"commentCount":0,"image":{"@id":"https:\/\/fomentmolins.cat\/es\/el-teatro-foment-i-su-ofrenda-floral-en-la-diada-de-catalunya\/#primaryimage"},"thumbnailUrl":"https:\/\/fomentmolins.cat\/wp-content\/uploads\/2023\/09\/WhatsApp-Image-2023-09-11-at-13.07.26.jpeg","articleSection":["D\u00eda a d\u00eda"],"inLanguage":"es","potentialAction":[{"@type":"CommentAction","name":"Comment","target":["https:\/\/fomentmolins.cat\/es\/el-teatro-foment-i-su-ofrenda-floral-en-la-diada-de-catalunya\/#respond"]}]},{"@type":"WebPage","@id":"https:\/\/fomentmolins.cat\/es\/el-teatro-foment-i-su-ofrenda-floral-en-la-diada-de-catalunya\/","url":"https:\/\/fomentmolins.cat\/es\/el-teatro-foment-i-su-ofrenda-floral-en-la-diada-de-catalunya\/","name":"El Teatro Foment i su ofrenda floral en la Diada de Catalunya - Foment Molins Cultural","isPartOf":{"@id":"https:\/\/fomentmolins.cat\/es\/#website"},"primaryImageOfPage":{"@id":"https:\/\/fomentmolins.cat\/es\/el-teatro-foment-i-su-ofrenda-floral-en-la-diada-de-catalunya\/#primaryimage"},"image":{"@id":"https:\/\/fomentmolins.cat\/es\/el-teatro-foment-i-su-ofrenda-floral-en-la-diada-de-catalunya\/#primaryimage"},"thumbnailUrl":"https:\/\/fomentmolins.cat\/wp-content\/uploads\/2023\/09\/WhatsApp-Image-2023-09-11-at-13.07.26.jpeg","datePublished":"2023-09-11T17:21:09+00:00","dateModified":"2023-09-11T18:40:21+00:00","author":{"@id":"https:\/\/fomentmolins.cat\/es\/#\/schema\/person\/366c9ce6887138b6a210c9fea54807bd"},"description":"El Teatro Foment i su ofrenda floral en la Diada de Catalunya","breadcrumb":{"@id":"https:\/\/fomentmolins.cat\/es\/el-teatro-foment-i-su-ofrenda-floral-en-la-diada-de-catalunya\/#breadcrumb"},"inLanguage":"es","potentialAction":[{"@type":"ReadAction","target":["https:\/\/fomentmolins.cat\/es\/el-teatro-foment-i-su-ofrenda-floral-en-la-diada-de-catalunya\/"]}]},{"@type":"ImageObject","inLanguage":"es","@id":"https:\/\/fomentmolins.cat\/es\/el-teatro-foment-i-su-ofrenda-floral-en-la-diada-de-catalunya\/#primaryimage","url":"https:\/\/fomentmolins.cat\/wp-content\/uploads\/2023\/09\/WhatsApp-Image-2023-09-11-at-13.07.26.jpeg","contentUrl":"https:\/\/fomentmolins.cat\/wp-content\/uploads\/2023\/09\/WhatsApp-Image-2023-09-11-at-13.07.26.jpeg","width":2048,"height":1536,"caption":"El Teatre Foment i la seva ofrena floral a la Diada de Catalunya"},{"@type":"BreadcrumbList","@id":"https:\/\/fomentmolins.cat\/es\/el-teatro-foment-i-su-ofrenda-floral-en-la-diada-de-catalunya\/#breadcrumb","itemListElement":[{"@type":"ListItem","position":1,"name":"Portada","item":"https:\/\/fomentmolins.cat\/es\/"},{"@type":"ListItem","position":2,"name":"El Teatro Foment i su ofrenda floral en la Diada de Catalunya"}]},{"@type":"WebSite","@id":"https:\/\/fomentmolins.cat\/es\/#website","url":"https:\/\/fomentmolins.cat\/es\/","name":"Foment Molins Cultural","description":"","potentialAction":[{"@type":"SearchAction","target":{"@type":"EntryPoint","urlTemplate":"https:\/\/fomentmolins.cat\/es\/?s={search_term_string}"},"query-input":{"@type":"PropertyValueSpecification","valueRequired":true,"valueName":"search_term_string"}}],"inLanguage":"es"},{"@type":"Person","@id":"https:\/\/fomentmolins.cat\/es\/#\/schema\/person\/366c9ce6887138b6a210c9fea54807bd","name":"Foment Molins Cultural","image":{"@type":"ImageObject","inLanguage":"es","@id":"https:\/\/secure.gravatar.com\/avatar\/688d89467ed947940f11c807b0e20b64f0ff4f530c1edd96b48232ce24094ac4?s=96&d=mm&r=g","url":"https:\/\/secure.gravatar.com\/avatar\/688d89467ed947940f11c807b0e20b64f0ff4f530c1edd96b48232ce24094ac4?s=96&d=mm&r=g","contentUrl":"https:\/\/secure.gravatar.com\/avatar\/688d89467ed947940f11c807b0e20b64f0ff4f530c1edd96b48232ce24094ac4?s=96&d=mm&r=g","caption":"Foment Molins Cultural"},"url":"https:\/\/fomentmolins.cat\/es\/author\/fomentmolins\/"}]}},"_links":{"self":[{"href":"https:\/\/fomentmolins.cat\/es\/wp-json\/wp\/v2\/posts\/1480","targetHints":{"allow":["GET"]}}],"collection":[{"href":"https:\/\/fomentmolins.cat\/es\/wp-json\/wp\/v2\/posts"}],"about":[{"href":"https:\/\/fomentmolins.cat\/es\/wp-json\/wp\/v2\/types\/post"}],"author":[{"embeddable":true,"href":"https:\/\/fomentmolins.cat\/es\/wp-json\/wp\/v2\/users\/5"}],"replies":[{"embeddable":true,"href":"https:\/\/fomentmolins.cat\/es\/wp-json\/wp\/v2\/comments?post=1480"}],"version-history":[{"count":3,"href":"https:\/\/fomentmolins.cat\/es\/wp-json\/wp\/v2\/posts\/1480\/revisions"}],"predecessor-version":[{"id":1483,"href":"https:\/\/fomentmolins.cat\/es\/wp-json\/wp\/v2\/posts\/1480\/revisions\/1483"}],"wp:featuredmedia":[{"embeddable":true,"href":"https:\/\/fomentmolins.cat\/es\/wp-json\/wp\/v2\/media\/1478"}],"wp:attachment":[{"href":"https:\/\/fomentmolins.cat\/es\/wp-json\/wp\/v2\/media?parent=1480"}],"wp:term":[{"taxonomy":"category","embeddable":true,"href":"https:\/\/fomentmolins.cat\/es\/wp-json\/wp\/v2\/categories?post=1480"},{"taxonomy":"post_tag","embeddable":true,"href":"https:\/\/fomentmolins.cat\/es\/wp-json\/wp\/v2\/tags?post=1480"}],"curies":[{"name":"wp","href":"https:\/\/api.w.org\/{rel}","templated":true}]}}