{"id":1484,"date":"2023-09-03T20:35:14","date_gmt":"2023-09-03T18:35:14","guid":{"rendered":"https:\/\/fomentmolins.cat\/levantamos-el-telon-inauguracion-de-temporada-con-the-gourmets-vocal-quartet\/"},"modified":"2023-09-11T20:44:43","modified_gmt":"2023-09-11T18:44:43","slug":"levantamos-el-telon-inauguracion-de-temporada-con-the-gourmets-vocal-quartet","status":"publish","type":"post","link":"https:\/\/fomentmolins.cat\/es\/levantamos-el-telon-inauguracion-de-temporada-con-the-gourmets-vocal-quartet\/","title":{"rendered":"Levantamos el Tel\u00f3n: \u00a1Inauguraci\u00f3n de temporada con THE GOURMETS VOCAL QUARTET!"},"content":{"rendered":"\n<p><strong>Descubre la nueva temporada del Teatro Foment Molins con un concierto que fusiona Gospel y Soul<\/strong><\/p>\n\n<p>Este mes de septiembre, el Teatro Foment de Molins est\u00e1 m\u00e1s vivo que nunca. Con el comienzo de una nueva temporada, queremos que t\u00fa seas el protagonista. No hay mejor forma de empezar que con una gala de inauguraci\u00f3n donde desplegaremos todo lo que nos hace especiales: teatro, danza, m\u00fasica, y por supuesto, vosotros, nuestro p\u00fablico.<\/p>\n\n<h5 class=\"wp-block-heading\">\u00bfPor qu\u00e9 no perderte ese evento?<\/h5>\n\n<p>Este pr\u00f3ximo domingo 10 de septiembre a las 18:00 horas, tendremos el honor de presentar a THE GOURMETS VOCAL QUARTET, un grupo que nos traer\u00e1 una mezcla electrizante de Gospel y Soul. Inspirados en el cl\u00e1sico &#8216;jubilee quartet&#8217;y arraigados en la m\u00fasica afroamericana, no s\u00f3lo te ofrecer\u00e1n una experiencia musical, sino tambi\u00e9n una lecci\u00f3n de vida y esperanza. Es una oportunidad \u00fanica para conectarte con la historia y la cultura a trav\u00e9s de la m\u00fasica.<\/p>\n\n<p>Es una oportunidad No te pierdas la oportunidad de ser parte de este emocionante comienzo de temporada. \u00fanica para conectarte con la historia y la cultura a trav\u00e9s de la m\u00fasica. <\/p>\n\n<p>\u00a1Nos vemos en el teatro!<\/p>\n\n<div class=\"wp-block-buttons is-layout-flex wp-block-buttons-is-layout-flex\">\n<div class=\"wp-block-button\"><a class=\"wp-block-button__link wp-element-button\" href=\"https:\/\/www.entrapolis.com\/entrades\/the-gourmets-vocal-quartet-el-foment-aixeca-el-telo\">Reserva tu entrada es gratuita<\/a><\/div>\n<\/div>\n","protected":false},"excerpt":{"rendered":"<p>Descubre la nueva temporada del Teatro Foment Molins con un concierto que fusiona Gospel y Soul con The Gourmets Vocal Quartet<\/p>\n","protected":false},"author":5,"featured_media":1456,"comment_status":"open","ping_status":"closed","sticky":false,"template":"","format":"standard","meta":{"inline_featured_image":false,"footnotes":""},"categories":[69],"tags":[],"class_list":["post-1484","post","type-post","status-publish","format-standard","has-post-thumbnail","hentry","category-musica-es"],"yoast_head":"<!-- This site is optimized with the Yoast SEO plugin v27.2 - https:\/\/yoast.com\/product\/yoast-seo-wordpress\/ -->\n<title>Levantamos el Tel\u00f3n: \u00a1Inauguraci\u00f3n de temporada con THE GOURMETS VOCAL QUARTET! - Foment Molins Cultural<\/title>\n<meta name=\"description\" content=\"Levantamos el Tel\u00f3n: \u00a1Inauguraci\u00f3n de temporada con THE GOURMETS VOCAL QUARTET! Descubre la nueva temporada del Teatro Foment Molins con un concierto que fusiona Gospel y Soul\" \/>\n<meta name=\"robots\" content=\"index, follow, max-snippet:-1, max-image-preview:large, max-video-preview:-1\" \/>\n<link rel=\"canonical\" href=\"https:\/\/fomentmolins.cat\/es\/levantamos-el-telon-inauguracion-de-temporada-con-the-gourmets-vocal-quartet\/\" \/>\n<meta property=\"og:locale\" content=\"es_ES\" \/>\n<meta property=\"og:type\" content=\"article\" \/>\n<meta property=\"og:title\" content=\"Levantamos el Tel\u00f3n: \u00a1Inauguraci\u00f3n de temporada con THE GOURMETS VOCAL QUARTET! - Foment Molins Cultural\" \/>\n<meta property=\"og:description\" content=\"Levantamos el Tel\u00f3n: \u00a1Inauguraci\u00f3n de temporada con THE GOURMETS VOCAL QUARTET! Descubre la nueva temporada del Teatro Foment Molins con un concierto que fusiona Gospel y Soul\" \/>\n<meta property=\"og:url\" content=\"https:\/\/fomentmolins.cat\/es\/levantamos-el-telon-inauguracion-de-temporada-con-the-gourmets-vocal-quartet\/\" \/>\n<meta property=\"og:site_name\" content=\"Foment Molins Cultural\" \/>\n<meta property=\"article:published_time\" content=\"2023-09-03T18:35:14+00:00\" \/>\n<meta property=\"article:modified_time\" content=\"2023-09-11T18:44:43+00:00\" \/>\n<meta property=\"og:image\" content=\"https:\/\/fomentmolins.cat\/wp-content\/uploads\/2023\/09\/WhatsApp-Image-2023-09-03-at-20.33.41.jpeg\" \/>\n\t<meta property=\"og:image:width\" content=\"1600\" \/>\n\t<meta property=\"og:image:height\" content=\"900\" \/>\n\t<meta property=\"og:image:type\" content=\"image\/jpeg\" \/>\n<meta name=\"author\" content=\"Foment Molins Cultural\" \/>\n<meta name=\"twitter:card\" content=\"summary_large_image\" \/>\n<meta name=\"twitter:label1\" content=\"Escrito por\" \/>\n\t<meta name=\"twitter:data1\" content=\"Foment Molins Cultural\" \/>\n\t<meta name=\"twitter:label2\" content=\"Tiempo de lectura\" \/>\n\t<meta name=\"twitter:data2\" content=\"1 minuto\" \/>\n<script type=\"application\/ld+json\" class=\"yoast-schema-graph\">{\"@context\":\"https:\/\/schema.org\",\"@graph\":[{\"@type\":\"Article\",\"@id\":\"https:\/\/fomentmolins.cat\/es\/levantamos-el-telon-inauguracion-de-temporada-con-the-gourmets-vocal-quartet\/#article\",\"isPartOf\":{\"@id\":\"https:\/\/fomentmolins.cat\/es\/levantamos-el-telon-inauguracion-de-temporada-con-the-gourmets-vocal-quartet\/\"},\"author\":{\"name\":\"Foment Molins Cultural\",\"@id\":\"https:\/\/fomentmolins.cat\/es\/#\/schema\/person\/366c9ce6887138b6a210c9fea54807bd\"},\"headline\":\"Levantamos el Tel\u00f3n: \u00a1Inauguraci\u00f3n de temporada con THE GOURMETS VOCAL QUARTET!\",\"datePublished\":\"2023-09-03T18:35:14+00:00\",\"dateModified\":\"2023-09-11T18:44:43+00:00\",\"mainEntityOfPage\":{\"@id\":\"https:\/\/fomentmolins.cat\/es\/levantamos-el-telon-inauguracion-de-temporada-con-the-gourmets-vocal-quartet\/\"},\"wordCount\":221,\"commentCount\":0,\"image\":{\"@id\":\"https:\/\/fomentmolins.cat\/es\/levantamos-el-telon-inauguracion-de-temporada-con-the-gourmets-vocal-quartet\/#primaryimage\"},\"thumbnailUrl\":\"https:\/\/fomentmolins.cat\/wp-content\/uploads\/2023\/09\/WhatsApp-Image-2023-09-03-at-20.33.41.jpeg\",\"articleSection\":[\"M\u00fasica\"],\"inLanguage\":\"es\",\"potentialAction\":[{\"@type\":\"CommentAction\",\"name\":\"Comment\",\"target\":[\"https:\/\/fomentmolins.cat\/es\/levantamos-el-telon-inauguracion-de-temporada-con-the-gourmets-vocal-quartet\/#respond\"]}]},{\"@type\":\"WebPage\",\"@id\":\"https:\/\/fomentmolins.cat\/es\/levantamos-el-telon-inauguracion-de-temporada-con-the-gourmets-vocal-quartet\/\",\"url\":\"https:\/\/fomentmolins.cat\/es\/levantamos-el-telon-inauguracion-de-temporada-con-the-gourmets-vocal-quartet\/\",\"name\":\"Levantamos el Tel\u00f3n: \u00a1Inauguraci\u00f3n de temporada con THE GOURMETS VOCAL QUARTET! - Foment Molins Cultural\",\"isPartOf\":{\"@id\":\"https:\/\/fomentmolins.cat\/es\/#website\"},\"primaryImageOfPage\":{\"@id\":\"https:\/\/fomentmolins.cat\/es\/levantamos-el-telon-inauguracion-de-temporada-con-the-gourmets-vocal-quartet\/#primaryimage\"},\"image\":{\"@id\":\"https:\/\/fomentmolins.cat\/es\/levantamos-el-telon-inauguracion-de-temporada-con-the-gourmets-vocal-quartet\/#primaryimage\"},\"thumbnailUrl\":\"https:\/\/fomentmolins.cat\/wp-content\/uploads\/2023\/09\/WhatsApp-Image-2023-09-03-at-20.33.41.jpeg\",\"datePublished\":\"2023-09-03T18:35:14+00:00\",\"dateModified\":\"2023-09-11T18:44:43+00:00\",\"author\":{\"@id\":\"https:\/\/fomentmolins.cat\/es\/#\/schema\/person\/366c9ce6887138b6a210c9fea54807bd\"},\"description\":\"Levantamos el Tel\u00f3n: \u00a1Inauguraci\u00f3n de temporada con THE GOURMETS VOCAL QUARTET! Descubre la nueva temporada del Teatro Foment Molins con un concierto que fusiona Gospel y Soul\",\"breadcrumb\":{\"@id\":\"https:\/\/fomentmolins.cat\/es\/levantamos-el-telon-inauguracion-de-temporada-con-the-gourmets-vocal-quartet\/#breadcrumb\"},\"inLanguage\":\"es\",\"potentialAction\":[{\"@type\":\"ReadAction\",\"target\":[\"https:\/\/fomentmolins.cat\/es\/levantamos-el-telon-inauguracion-de-temporada-con-the-gourmets-vocal-quartet\/\"]}]},{\"@type\":\"ImageObject\",\"inLanguage\":\"es\",\"@id\":\"https:\/\/fomentmolins.cat\/es\/levantamos-el-telon-inauguracion-de-temporada-con-the-gourmets-vocal-quartet\/#primaryimage\",\"url\":\"https:\/\/fomentmolins.cat\/wp-content\/uploads\/2023\/09\/WhatsApp-Image-2023-09-03-at-20.33.41.jpeg\",\"contentUrl\":\"https:\/\/fomentmolins.cat\/wp-content\/uploads\/2023\/09\/WhatsApp-Image-2023-09-03-at-20.33.41.jpeg\",\"width\":1600,\"height\":900,\"caption\":\"Levantamos el Tel\u00f3n: \u00a1Inauguraci\u00f3n de Temporada con THE GOURMETS VOCAL QUARTET!\"},{\"@type\":\"BreadcrumbList\",\"@id\":\"https:\/\/fomentmolins.cat\/es\/levantamos-el-telon-inauguracion-de-temporada-con-the-gourmets-vocal-quartet\/#breadcrumb\",\"itemListElement\":[{\"@type\":\"ListItem\",\"position\":1,\"name\":\"Portada\",\"item\":\"https:\/\/fomentmolins.cat\/es\/\"},{\"@type\":\"ListItem\",\"position\":2,\"name\":\"Levantamos el Tel\u00f3n: \u00a1Inauguraci\u00f3n de temporada con THE GOURMETS VOCAL QUARTET!\"}]},{\"@type\":\"WebSite\",\"@id\":\"https:\/\/fomentmolins.cat\/es\/#website\",\"url\":\"https:\/\/fomentmolins.cat\/es\/\",\"name\":\"Foment Molins Cultural\",\"description\":\"\",\"potentialAction\":[{\"@type\":\"SearchAction\",\"target\":{\"@type\":\"EntryPoint\",\"urlTemplate\":\"https:\/\/fomentmolins.cat\/es\/?s={search_term_string}\"},\"query-input\":{\"@type\":\"PropertyValueSpecification\",\"valueRequired\":true,\"valueName\":\"search_term_string\"}}],\"inLanguage\":\"es\"},{\"@type\":\"Person\",\"@id\":\"https:\/\/fomentmolins.cat\/es\/#\/schema\/person\/366c9ce6887138b6a210c9fea54807bd\",\"name\":\"Foment Molins Cultural\",\"image\":{\"@type\":\"ImageObject\",\"inLanguage\":\"es\",\"@id\":\"https:\/\/secure.gravatar.com\/avatar\/688d89467ed947940f11c807b0e20b64f0ff4f530c1edd96b48232ce24094ac4?s=96&d=mm&r=g\",\"url\":\"https:\/\/secure.gravatar.com\/avatar\/688d89467ed947940f11c807b0e20b64f0ff4f530c1edd96b48232ce24094ac4?s=96&d=mm&r=g\",\"contentUrl\":\"https:\/\/secure.gravatar.com\/avatar\/688d89467ed947940f11c807b0e20b64f0ff4f530c1edd96b48232ce24094ac4?s=96&d=mm&r=g\",\"caption\":\"Foment Molins Cultural\"},\"url\":\"https:\/\/fomentmolins.cat\/es\/author\/fomentmolins\/\"}]}<\/script>\n<!-- \/ Yoast SEO plugin. -->","yoast_head_json":{"title":"Levantamos el Tel\u00f3n: \u00a1Inauguraci\u00f3n de temporada con THE GOURMETS VOCAL QUARTET! - Foment Molins Cultural","description":"Levantamos el Tel\u00f3n: \u00a1Inauguraci\u00f3n de temporada con THE GOURMETS VOCAL QUARTET! Descubre la nueva temporada del Teatro Foment Molins con un concierto que fusiona Gospel y Soul","robots":{"index":"index","follow":"follow","max-snippet":"max-snippet:-1","max-image-preview":"max-image-preview:large","max-video-preview":"max-video-preview:-1"},"canonical":"https:\/\/fomentmolins.cat\/es\/levantamos-el-telon-inauguracion-de-temporada-con-the-gourmets-vocal-quartet\/","og_locale":"es_ES","og_type":"article","og_title":"Levantamos el Tel\u00f3n: \u00a1Inauguraci\u00f3n de temporada con THE GOURMETS VOCAL QUARTET! - Foment Molins Cultural","og_description":"Levantamos el Tel\u00f3n: \u00a1Inauguraci\u00f3n de temporada con THE GOURMETS VOCAL QUARTET! Descubre la nueva temporada del Teatro Foment Molins con un concierto que fusiona Gospel y Soul","og_url":"https:\/\/fomentmolins.cat\/es\/levantamos-el-telon-inauguracion-de-temporada-con-the-gourmets-vocal-quartet\/","og_site_name":"Foment Molins Cultural","article_published_time":"2023-09-03T18:35:14+00:00","article_modified_time":"2023-09-11T18:44:43+00:00","og_image":[{"width":1600,"height":900,"url":"https:\/\/fomentmolins.cat\/wp-content\/uploads\/2023\/09\/WhatsApp-Image-2023-09-03-at-20.33.41.jpeg","type":"image\/jpeg"}],"author":"Foment Molins Cultural","twitter_card":"summary_large_image","twitter_misc":{"Escrito por":"Foment Molins Cultural","Tiempo de lectura":"1 minuto"},"schema":{"@context":"https:\/\/schema.org","@graph":[{"@type":"Article","@id":"https:\/\/fomentmolins.cat\/es\/levantamos-el-telon-inauguracion-de-temporada-con-the-gourmets-vocal-quartet\/#article","isPartOf":{"@id":"https:\/\/fomentmolins.cat\/es\/levantamos-el-telon-inauguracion-de-temporada-con-the-gourmets-vocal-quartet\/"},"author":{"name":"Foment Molins Cultural","@id":"https:\/\/fomentmolins.cat\/es\/#\/schema\/person\/366c9ce6887138b6a210c9fea54807bd"},"headline":"Levantamos el Tel\u00f3n: \u00a1Inauguraci\u00f3n de temporada con THE GOURMETS VOCAL QUARTET!","datePublished":"2023-09-03T18:35:14+00:00","dateModified":"2023-09-11T18:44:43+00:00","mainEntityOfPage":{"@id":"https:\/\/fomentmolins.cat\/es\/levantamos-el-telon-inauguracion-de-temporada-con-the-gourmets-vocal-quartet\/"},"wordCount":221,"commentCount":0,"image":{"@id":"https:\/\/fomentmolins.cat\/es\/levantamos-el-telon-inauguracion-de-temporada-con-the-gourmets-vocal-quartet\/#primaryimage"},"thumbnailUrl":"https:\/\/fomentmolins.cat\/wp-content\/uploads\/2023\/09\/WhatsApp-Image-2023-09-03-at-20.33.41.jpeg","articleSection":["M\u00fasica"],"inLanguage":"es","potentialAction":[{"@type":"CommentAction","name":"Comment","target":["https:\/\/fomentmolins.cat\/es\/levantamos-el-telon-inauguracion-de-temporada-con-the-gourmets-vocal-quartet\/#respond"]}]},{"@type":"WebPage","@id":"https:\/\/fomentmolins.cat\/es\/levantamos-el-telon-inauguracion-de-temporada-con-the-gourmets-vocal-quartet\/","url":"https:\/\/fomentmolins.cat\/es\/levantamos-el-telon-inauguracion-de-temporada-con-the-gourmets-vocal-quartet\/","name":"Levantamos el Tel\u00f3n: \u00a1Inauguraci\u00f3n de temporada con THE GOURMETS VOCAL QUARTET! - Foment Molins Cultural","isPartOf":{"@id":"https:\/\/fomentmolins.cat\/es\/#website"},"primaryImageOfPage":{"@id":"https:\/\/fomentmolins.cat\/es\/levantamos-el-telon-inauguracion-de-temporada-con-the-gourmets-vocal-quartet\/#primaryimage"},"image":{"@id":"https:\/\/fomentmolins.cat\/es\/levantamos-el-telon-inauguracion-de-temporada-con-the-gourmets-vocal-quartet\/#primaryimage"},"thumbnailUrl":"https:\/\/fomentmolins.cat\/wp-content\/uploads\/2023\/09\/WhatsApp-Image-2023-09-03-at-20.33.41.jpeg","datePublished":"2023-09-03T18:35:14+00:00","dateModified":"2023-09-11T18:44:43+00:00","author":{"@id":"https:\/\/fomentmolins.cat\/es\/#\/schema\/person\/366c9ce6887138b6a210c9fea54807bd"},"description":"Levantamos el Tel\u00f3n: \u00a1Inauguraci\u00f3n de temporada con THE GOURMETS VOCAL QUARTET! Descubre la nueva temporada del Teatro Foment Molins con un concierto que fusiona Gospel y Soul","breadcrumb":{"@id":"https:\/\/fomentmolins.cat\/es\/levantamos-el-telon-inauguracion-de-temporada-con-the-gourmets-vocal-quartet\/#breadcrumb"},"inLanguage":"es","potentialAction":[{"@type":"ReadAction","target":["https:\/\/fomentmolins.cat\/es\/levantamos-el-telon-inauguracion-de-temporada-con-the-gourmets-vocal-quartet\/"]}]},{"@type":"ImageObject","inLanguage":"es","@id":"https:\/\/fomentmolins.cat\/es\/levantamos-el-telon-inauguracion-de-temporada-con-the-gourmets-vocal-quartet\/#primaryimage","url":"https:\/\/fomentmolins.cat\/wp-content\/uploads\/2023\/09\/WhatsApp-Image-2023-09-03-at-20.33.41.jpeg","contentUrl":"https:\/\/fomentmolins.cat\/wp-content\/uploads\/2023\/09\/WhatsApp-Image-2023-09-03-at-20.33.41.jpeg","width":1600,"height":900,"caption":"Levantamos el Tel\u00f3n: \u00a1Inauguraci\u00f3n de Temporada con THE GOURMETS VOCAL QUARTET!"},{"@type":"BreadcrumbList","@id":"https:\/\/fomentmolins.cat\/es\/levantamos-el-telon-inauguracion-de-temporada-con-the-gourmets-vocal-quartet\/#breadcrumb","itemListElement":[{"@type":"ListItem","position":1,"name":"Portada","item":"https:\/\/fomentmolins.cat\/es\/"},{"@type":"ListItem","position":2,"name":"Levantamos el Tel\u00f3n: \u00a1Inauguraci\u00f3n de temporada con THE GOURMETS VOCAL QUARTET!"}]},{"@type":"WebSite","@id":"https:\/\/fomentmolins.cat\/es\/#website","url":"https:\/\/fomentmolins.cat\/es\/","name":"Foment Molins Cultural","description":"","potentialAction":[{"@type":"SearchAction","target":{"@type":"EntryPoint","urlTemplate":"https:\/\/fomentmolins.cat\/es\/?s={search_term_string}"},"query-input":{"@type":"PropertyValueSpecification","valueRequired":true,"valueName":"search_term_string"}}],"inLanguage":"es"},{"@type":"Person","@id":"https:\/\/fomentmolins.cat\/es\/#\/schema\/person\/366c9ce6887138b6a210c9fea54807bd","name":"Foment Molins Cultural","image":{"@type":"ImageObject","inLanguage":"es","@id":"https:\/\/secure.gravatar.com\/avatar\/688d89467ed947940f11c807b0e20b64f0ff4f530c1edd96b48232ce24094ac4?s=96&d=mm&r=g","url":"https:\/\/secure.gravatar.com\/avatar\/688d89467ed947940f11c807b0e20b64f0ff4f530c1edd96b48232ce24094ac4?s=96&d=mm&r=g","contentUrl":"https:\/\/secure.gravatar.com\/avatar\/688d89467ed947940f11c807b0e20b64f0ff4f530c1edd96b48232ce24094ac4?s=96&d=mm&r=g","caption":"Foment Molins Cultural"},"url":"https:\/\/fomentmolins.cat\/es\/author\/fomentmolins\/"}]}},"_links":{"self":[{"href":"https:\/\/fomentmolins.cat\/es\/wp-json\/wp\/v2\/posts\/1484","targetHints":{"allow":["GET"]}}],"collection":[{"href":"https:\/\/fomentmolins.cat\/es\/wp-json\/wp\/v2\/posts"}],"about":[{"href":"https:\/\/fomentmolins.cat\/es\/wp-json\/wp\/v2\/types\/post"}],"author":[{"embeddable":true,"href":"https:\/\/fomentmolins.cat\/es\/wp-json\/wp\/v2\/users\/5"}],"replies":[{"embeddable":true,"href":"https:\/\/fomentmolins.cat\/es\/wp-json\/wp\/v2\/comments?post=1484"}],"version-history":[{"count":3,"href":"https:\/\/fomentmolins.cat\/es\/wp-json\/wp\/v2\/posts\/1484\/revisions"}],"predecessor-version":[{"id":1487,"href":"https:\/\/fomentmolins.cat\/es\/wp-json\/wp\/v2\/posts\/1484\/revisions\/1487"}],"wp:featuredmedia":[{"embeddable":true,"href":"https:\/\/fomentmolins.cat\/es\/wp-json\/wp\/v2\/media\/1456"}],"wp:attachment":[{"href":"https:\/\/fomentmolins.cat\/es\/wp-json\/wp\/v2\/media?parent=1484"}],"wp:term":[{"taxonomy":"category","embeddable":true,"href":"https:\/\/fomentmolins.cat\/es\/wp-json\/wp\/v2\/categories?post=1484"},{"taxonomy":"post_tag","embeddable":true,"href":"https:\/\/fomentmolins.cat\/es\/wp-json\/wp\/v2\/tags?post=1484"}],"curies":[{"name":"wp","href":"https:\/\/api.w.org\/{rel}","templated":true}]}}