{"id":1526,"date":"2023-09-13T11:57:33","date_gmt":"2023-09-13T09:57:33","guid":{"rendered":"https:\/\/fomentmolins.cat\/formacion-dea-en-el-teatro-estamos-comprometidos-con-la-vida\/"},"modified":"2023-09-26T10:51:40","modified_gmt":"2023-09-26T08:51:40","slug":"formacion-dea-en-el-teatro-estamos-comprometidos-con-la-vida","status":"publish","type":"post","link":"https:\/\/fomentmolins.cat\/es\/formacion-dea-en-el-teatro-estamos-comprometidos-con-la-vida\/","title":{"rendered":"Formaci\u00f3n DEA en el Teatro, estamos comprometidos con la vida"},"content":{"rendered":"\n<p>En el Teatro Foment de Molins de Rei, no s\u00f3lo nos dedicamos a llevar al escenario espect\u00e1culos de alta calidad, <strong>sino que tambi\u00e9n estamos profundamente comprometidos con la salud y la seguridad de nuestro p\u00fablico<\/strong>. Es por ello que estamos emocionados de anunciar nuestra reciente formaci\u00f3n en DEA (Desfibrilador Externo Autom\u00e1tico) para todo nuestro personal.<\/p>\n\n<p><strong>\u00bfPor qu\u00e9 esta formaci\u00f3n es tan crucial?<\/strong><\/p>\n\n<p>Cada a\u00f1o, muchas personas experimentan paradas card\u00edacas fuera del hospital. El acceso r\u00e1pido a un DEA puede aumentar significativamente las posibilidades de supervivencia. En el Teatro Foment, reconocemos nuestra responsabilidad de estar preparados para cualquier eventualidad.<\/p>\n\n<p><strong>Una formaci\u00f3n completa<\/strong><\/p>\n\n<p>A trav\u00e9s de esta formaci\u00f3n, nuestro personal ha aprendido a reanimar en diversas situaciones de emergencia, desde la reanimaci\u00f3n cardiopulmonar de un ni\u00f1o, pasando por una mujer embarazada, hasta una persona mayor. Con ninos especializados, han practicado las t\u00e9cnicas correctas para asegurar que est\u00e1n perfectamente preparados.<\/p>\n\n<p><strong>Preinscripci\u00f3n del personal<\/strong><\/p>\n\n<p>Adem\u00e1s de asegurarnos de que nuestro personal est\u00e9 formado, tambi\u00e9n queremos concienciar sobre la importancia de esta formaci\u00f3n a las diferentes personas. Estamos considerando sesiones de informaci\u00f3n y talleres para que nuestros espectadores y el p\u00fablico en general tambi\u00e9n puedan aprender sobre el uso del DEA y la reanimaci\u00f3n cardiopulmonar.<\/p>\n\n<p><strong><em>En el Teatro Foment de Molins de Rei, tu seguridad y bienestar son una prioridad. Con la formaci\u00f3n en DEA, estamos dando un paso m\u00e1s hacia la creaci\u00f3n de un entorno m\u00e1s seguro para todos.<\/em><\/strong><\/p>\n\n<p><\/p>\n\n<figure class=\"wp-block-gallery has-nested-images columns-default is-cropped wp-block-gallery-1 is-layout-flex wp-block-gallery-is-layout-flex\">\n<figure class=\"wp-block-image size-large\"><img loading=\"lazy\" decoding=\"async\" width=\"1024\" height=\"768\" data-id=\"1491\" src=\"https:\/\/fomentmolins.cat\/wp-content\/uploads\/2023\/09\/377581950_692042226280571_776391254142857485_n-1024x768.jpg\" alt=\"\" class=\"wp-image-1491\" srcset=\"https:\/\/fomentmolins.cat\/wp-content\/uploads\/2023\/09\/377581950_692042226280571_776391254142857485_n-1024x768.jpg 1024w, https:\/\/fomentmolins.cat\/wp-content\/uploads\/2023\/09\/377581950_692042226280571_776391254142857485_n-300x225.jpg 300w, https:\/\/fomentmolins.cat\/wp-content\/uploads\/2023\/09\/377581950_692042226280571_776391254142857485_n-768x576.jpg 768w, https:\/\/fomentmolins.cat\/wp-content\/uploads\/2023\/09\/377581950_692042226280571_776391254142857485_n-1536x1152.jpg 1536w, https:\/\/fomentmolins.cat\/wp-content\/uploads\/2023\/09\/377581950_692042226280571_776391254142857485_n.jpg 2040w\" sizes=\"auto, (max-width: 1024px) 100vw, 1024px\" \/><\/figure>\n\n\n\n<figure class=\"wp-block-image size-large\"><img loading=\"lazy\" decoding=\"async\" width=\"768\" height=\"1024\" data-id=\"1500\" src=\"https:\/\/fomentmolins.cat\/wp-content\/uploads\/2023\/09\/378981140_692042229613904_987039679581685090_n-768x1024.jpg\" alt=\"\" class=\"wp-image-1500\" srcset=\"https:\/\/fomentmolins.cat\/wp-content\/uploads\/2023\/09\/378981140_692042229613904_987039679581685090_n-768x1024.jpg 768w, https:\/\/fomentmolins.cat\/wp-content\/uploads\/2023\/09\/378981140_692042229613904_987039679581685090_n-225x300.jpg 225w, https:\/\/fomentmolins.cat\/wp-content\/uploads\/2023\/09\/378981140_692042229613904_987039679581685090_n-1152x1536.jpg 1152w, https:\/\/fomentmolins.cat\/wp-content\/uploads\/2023\/09\/378981140_692042229613904_987039679581685090_n.jpg 1530w\" sizes=\"auto, (max-width: 768px) 100vw, 768px\" \/><\/figure>\n\n\n\n<figure class=\"wp-block-image size-large\"><img loading=\"lazy\" decoding=\"async\" width=\"1024\" height=\"768\" data-id=\"1494\" src=\"https:\/\/fomentmolins.cat\/wp-content\/uploads\/2023\/09\/378978465_692042206280573_7106794812404810184_n-1024x768.jpg\" alt=\"\" class=\"wp-image-1494\" srcset=\"https:\/\/fomentmolins.cat\/wp-content\/uploads\/2023\/09\/378978465_692042206280573_7106794812404810184_n-1024x768.jpg 1024w, https:\/\/fomentmolins.cat\/wp-content\/uploads\/2023\/09\/378978465_692042206280573_7106794812404810184_n-300x225.jpg 300w, https:\/\/fomentmolins.cat\/wp-content\/uploads\/2023\/09\/378978465_692042206280573_7106794812404810184_n-768x576.jpg 768w, https:\/\/fomentmolins.cat\/wp-content\/uploads\/2023\/09\/378978465_692042206280573_7106794812404810184_n-1536x1152.jpg 1536w, https:\/\/fomentmolins.cat\/wp-content\/uploads\/2023\/09\/378978465_692042206280573_7106794812404810184_n.jpg 2040w\" sizes=\"auto, (max-width: 1024px) 100vw, 1024px\" \/><\/figure>\n\n\n\n<figure class=\"wp-block-image size-large\"><img loading=\"lazy\" decoding=\"async\" width=\"1024\" height=\"768\" data-id=\"1493\" src=\"https:\/\/fomentmolins.cat\/wp-content\/uploads\/2023\/09\/378985590_692042122947248_7487846143690638547_n-1024x768.jpg\" alt=\"\" class=\"wp-image-1493\" srcset=\"https:\/\/fomentmolins.cat\/wp-content\/uploads\/2023\/09\/378985590_692042122947248_7487846143690638547_n-1024x768.jpg 1024w, https:\/\/fomentmolins.cat\/wp-content\/uploads\/2023\/09\/378985590_692042122947248_7487846143690638547_n-300x225.jpg 300w, https:\/\/fomentmolins.cat\/wp-content\/uploads\/2023\/09\/378985590_692042122947248_7487846143690638547_n-768x576.jpg 768w, https:\/\/fomentmolins.cat\/wp-content\/uploads\/2023\/09\/378985590_692042122947248_7487846143690638547_n-1536x1152.jpg 1536w, https:\/\/fomentmolins.cat\/wp-content\/uploads\/2023\/09\/378985590_692042122947248_7487846143690638547_n.jpg 2040w\" sizes=\"auto, (max-width: 1024px) 100vw, 1024px\" \/><\/figure>\n\n\n\n<figure class=\"wp-block-image size-large\"><img loading=\"lazy\" decoding=\"async\" width=\"1024\" height=\"768\" data-id=\"1503\" src=\"https:\/\/fomentmolins.cat\/wp-content\/uploads\/2023\/09\/377839589_692042109613916_6876123455903401799_n-1024x768.jpg\" alt=\"\" class=\"wp-image-1503\" srcset=\"https:\/\/fomentmolins.cat\/wp-content\/uploads\/2023\/09\/377839589_692042109613916_6876123455903401799_n-1024x768.jpg 1024w, https:\/\/fomentmolins.cat\/wp-content\/uploads\/2023\/09\/377839589_692042109613916_6876123455903401799_n-300x225.jpg 300w, https:\/\/fomentmolins.cat\/wp-content\/uploads\/2023\/09\/377839589_692042109613916_6876123455903401799_n-768x576.jpg 768w, https:\/\/fomentmolins.cat\/wp-content\/uploads\/2023\/09\/377839589_692042109613916_6876123455903401799_n-1536x1152.jpg 1536w, https:\/\/fomentmolins.cat\/wp-content\/uploads\/2023\/09\/377839589_692042109613916_6876123455903401799_n.jpg 2040w\" sizes=\"auto, (max-width: 1024px) 100vw, 1024px\" \/><\/figure>\n\n\n\n<figure class=\"wp-block-image size-large\"><img loading=\"lazy\" decoding=\"async\" width=\"1024\" height=\"768\" data-id=\"1497\" src=\"https:\/\/fomentmolins.cat\/wp-content\/uploads\/2023\/09\/377562537_692042119613915_569212286692503228_n-1024x768.jpg\" alt=\"\" class=\"wp-image-1497\" srcset=\"https:\/\/fomentmolins.cat\/wp-content\/uploads\/2023\/09\/377562537_692042119613915_569212286692503228_n-1024x768.jpg 1024w, https:\/\/fomentmolins.cat\/wp-content\/uploads\/2023\/09\/377562537_692042119613915_569212286692503228_n-300x225.jpg 300w, https:\/\/fomentmolins.cat\/wp-content\/uploads\/2023\/09\/377562537_692042119613915_569212286692503228_n-768x576.jpg 768w, https:\/\/fomentmolins.cat\/wp-content\/uploads\/2023\/09\/377562537_692042119613915_569212286692503228_n-1536x1152.jpg 1536w, https:\/\/fomentmolins.cat\/wp-content\/uploads\/2023\/09\/377562537_692042119613915_569212286692503228_n.jpg 2040w\" sizes=\"auto, (max-width: 1024px) 100vw, 1024px\" \/><\/figure>\n\n\n\n<figure class=\"wp-block-image size-large\"><img loading=\"lazy\" decoding=\"async\" width=\"1024\" height=\"768\" data-id=\"1499\" src=\"https:\/\/fomentmolins.cat\/wp-content\/uploads\/2023\/09\/377873708_692042126280581_8403909832028808550_n-1024x768.jpg\" alt=\"\" class=\"wp-image-1499\" srcset=\"https:\/\/fomentmolins.cat\/wp-content\/uploads\/2023\/09\/377873708_692042126280581_8403909832028808550_n-1024x768.jpg 1024w, https:\/\/fomentmolins.cat\/wp-content\/uploads\/2023\/09\/377873708_692042126280581_8403909832028808550_n-300x225.jpg 300w, https:\/\/fomentmolins.cat\/wp-content\/uploads\/2023\/09\/377873708_692042126280581_8403909832028808550_n-768x576.jpg 768w, https:\/\/fomentmolins.cat\/wp-content\/uploads\/2023\/09\/377873708_692042126280581_8403909832028808550_n-1536x1152.jpg 1536w, https:\/\/fomentmolins.cat\/wp-content\/uploads\/2023\/09\/377873708_692042126280581_8403909832028808550_n.jpg 2040w\" sizes=\"auto, (max-width: 1024px) 100vw, 1024px\" \/><\/figure>\n<\/figure>\n","protected":false},"excerpt":{"rendered":"<p>En el Teatro Foment de Molins de Rei, no s\u00f3lo nos dedicamos a llevar al escenario espect\u00e1culos de alta calidad, sino que tambi\u00e9n estamos profundamente comprometidos con la salud y la seguridad de nuestro p\u00fablico.<\/p>\n","protected":false},"author":5,"featured_media":1495,"comment_status":"open","ping_status":"closed","sticky":false,"template":"","format":"standard","meta":{"inline_featured_image":false,"footnotes":""},"categories":[91],"tags":[],"class_list":["post-1526","post","type-post","status-publish","format-standard","has-post-thumbnail","hentry","category-dia-a-dia-es"],"yoast_head":"<!-- This site is optimized with the Yoast SEO plugin v27.2 - https:\/\/yoast.com\/product\/yoast-seo-wordpress\/ -->\n<title>Formaci\u00f3n DEA en el Teatro, estamos comprometidos con la vida - Foment Molins Cultural<\/title>\n<meta name=\"robots\" content=\"index, follow, max-snippet:-1, max-image-preview:large, max-video-preview:-1\" \/>\n<link rel=\"canonical\" href=\"https:\/\/fomentmolins.cat\/es\/formacion-dea-en-el-teatro-estamos-comprometidos-con-la-vida\/\" \/>\n<meta property=\"og:locale\" content=\"es_ES\" \/>\n<meta property=\"og:type\" content=\"article\" \/>\n<meta property=\"og:title\" content=\"Formaci\u00f3n DEA en el Teatro, estamos comprometidos con la vida - Foment Molins Cultural\" \/>\n<meta property=\"og:description\" content=\"En el Teatro Foment de Molins de Rei, no s\u00f3lo nos dedicamos a llevar al escenario espect\u00e1culos de alta calidad, sino que tambi\u00e9n estamos profundamente comprometidos con la salud y la seguridad de nuestro p\u00fablico.\" \/>\n<meta property=\"og:url\" content=\"https:\/\/fomentmolins.cat\/es\/formacion-dea-en-el-teatro-estamos-comprometidos-con-la-vida\/\" \/>\n<meta property=\"og:site_name\" content=\"Foment Molins Cultural\" \/>\n<meta property=\"article:published_time\" content=\"2023-09-13T09:57:33+00:00\" \/>\n<meta property=\"article:modified_time\" content=\"2023-09-26T08:51:40+00:00\" \/>\n<meta property=\"og:image\" content=\"https:\/\/fomentmolins.cat\/wp-content\/uploads\/2023\/09\/378978465_692042206280573_7106794812404810184_n.jpg\" \/>\n\t<meta property=\"og:image:width\" content=\"2040\" \/>\n\t<meta property=\"og:image:height\" content=\"1530\" \/>\n\t<meta property=\"og:image:type\" content=\"image\/jpeg\" \/>\n<meta name=\"author\" content=\"Foment Molins Cultural\" \/>\n<meta name=\"twitter:card\" content=\"summary_large_image\" \/>\n<meta name=\"twitter:label1\" content=\"Escrito por\" \/>\n\t<meta name=\"twitter:data1\" content=\"Foment Molins Cultural\" \/>\n\t<meta name=\"twitter:label2\" content=\"Tiempo de lectura\" \/>\n\t<meta name=\"twitter:data2\" content=\"1 minuto\" \/>\n<script type=\"application\/ld+json\" class=\"yoast-schema-graph\">{\"@context\":\"https:\/\/schema.org\",\"@graph\":[{\"@type\":\"Article\",\"@id\":\"https:\/\/fomentmolins.cat\/es\/formacion-dea-en-el-teatro-estamos-comprometidos-con-la-vida\/#article\",\"isPartOf\":{\"@id\":\"https:\/\/fomentmolins.cat\/es\/formacion-dea-en-el-teatro-estamos-comprometidos-con-la-vida\/\"},\"author\":{\"name\":\"Foment Molins Cultural\",\"@id\":\"https:\/\/fomentmolins.cat\/es\/#\/schema\/person\/366c9ce6887138b6a210c9fea54807bd\"},\"headline\":\"Formaci\u00f3n DEA en el Teatro, estamos comprometidos con la vida\",\"datePublished\":\"2023-09-13T09:57:33+00:00\",\"dateModified\":\"2023-09-26T08:51:40+00:00\",\"mainEntityOfPage\":{\"@id\":\"https:\/\/fomentmolins.cat\/es\/formacion-dea-en-el-teatro-estamos-comprometidos-con-la-vida\/\"},\"wordCount\":275,\"commentCount\":0,\"image\":{\"@id\":\"https:\/\/fomentmolins.cat\/es\/formacion-dea-en-el-teatro-estamos-comprometidos-con-la-vida\/#primaryimage\"},\"thumbnailUrl\":\"https:\/\/fomentmolins.cat\/wp-content\/uploads\/2023\/09\/378978465_692042206280573_7106794812404810184_n.jpg\",\"articleSection\":[\"D\u00eda a d\u00eda\"],\"inLanguage\":\"es\",\"potentialAction\":[{\"@type\":\"CommentAction\",\"name\":\"Comment\",\"target\":[\"https:\/\/fomentmolins.cat\/es\/formacion-dea-en-el-teatro-estamos-comprometidos-con-la-vida\/#respond\"]}]},{\"@type\":\"WebPage\",\"@id\":\"https:\/\/fomentmolins.cat\/es\/formacion-dea-en-el-teatro-estamos-comprometidos-con-la-vida\/\",\"url\":\"https:\/\/fomentmolins.cat\/es\/formacion-dea-en-el-teatro-estamos-comprometidos-con-la-vida\/\",\"name\":\"Formaci\u00f3n DEA en el Teatro, estamos comprometidos con la vida - Foment Molins Cultural\",\"isPartOf\":{\"@id\":\"https:\/\/fomentmolins.cat\/es\/#website\"},\"primaryImageOfPage\":{\"@id\":\"https:\/\/fomentmolins.cat\/es\/formacion-dea-en-el-teatro-estamos-comprometidos-con-la-vida\/#primaryimage\"},\"image\":{\"@id\":\"https:\/\/fomentmolins.cat\/es\/formacion-dea-en-el-teatro-estamos-comprometidos-con-la-vida\/#primaryimage\"},\"thumbnailUrl\":\"https:\/\/fomentmolins.cat\/wp-content\/uploads\/2023\/09\/378978465_692042206280573_7106794812404810184_n.jpg\",\"datePublished\":\"2023-09-13T09:57:33+00:00\",\"dateModified\":\"2023-09-26T08:51:40+00:00\",\"author\":{\"@id\":\"https:\/\/fomentmolins.cat\/es\/#\/schema\/person\/366c9ce6887138b6a210c9fea54807bd\"},\"breadcrumb\":{\"@id\":\"https:\/\/fomentmolins.cat\/es\/formacion-dea-en-el-teatro-estamos-comprometidos-con-la-vida\/#breadcrumb\"},\"inLanguage\":\"es\",\"potentialAction\":[{\"@type\":\"ReadAction\",\"target\":[\"https:\/\/fomentmolins.cat\/es\/formacion-dea-en-el-teatro-estamos-comprometidos-con-la-vida\/\"]}]},{\"@type\":\"ImageObject\",\"inLanguage\":\"es\",\"@id\":\"https:\/\/fomentmolins.cat\/es\/formacion-dea-en-el-teatro-estamos-comprometidos-con-la-vida\/#primaryimage\",\"url\":\"https:\/\/fomentmolins.cat\/wp-content\/uploads\/2023\/09\/378978465_692042206280573_7106794812404810184_n.jpg\",\"contentUrl\":\"https:\/\/fomentmolins.cat\/wp-content\/uploads\/2023\/09\/378978465_692042206280573_7106794812404810184_n.jpg\",\"width\":2040,\"height\":1530},{\"@type\":\"BreadcrumbList\",\"@id\":\"https:\/\/fomentmolins.cat\/es\/formacion-dea-en-el-teatro-estamos-comprometidos-con-la-vida\/#breadcrumb\",\"itemListElement\":[{\"@type\":\"ListItem\",\"position\":1,\"name\":\"Portada\",\"item\":\"https:\/\/fomentmolins.cat\/es\/\"},{\"@type\":\"ListItem\",\"position\":2,\"name\":\"Formaci\u00f3n DEA en el Teatro, estamos comprometidos con la vida\"}]},{\"@type\":\"WebSite\",\"@id\":\"https:\/\/fomentmolins.cat\/es\/#website\",\"url\":\"https:\/\/fomentmolins.cat\/es\/\",\"name\":\"Foment Molins Cultural\",\"description\":\"\",\"potentialAction\":[{\"@type\":\"SearchAction\",\"target\":{\"@type\":\"EntryPoint\",\"urlTemplate\":\"https:\/\/fomentmolins.cat\/es\/?s={search_term_string}\"},\"query-input\":{\"@type\":\"PropertyValueSpecification\",\"valueRequired\":true,\"valueName\":\"search_term_string\"}}],\"inLanguage\":\"es\"},{\"@type\":\"Person\",\"@id\":\"https:\/\/fomentmolins.cat\/es\/#\/schema\/person\/366c9ce6887138b6a210c9fea54807bd\",\"name\":\"Foment Molins Cultural\",\"image\":{\"@type\":\"ImageObject\",\"inLanguage\":\"es\",\"@id\":\"https:\/\/secure.gravatar.com\/avatar\/688d89467ed947940f11c807b0e20b64f0ff4f530c1edd96b48232ce24094ac4?s=96&d=mm&r=g\",\"url\":\"https:\/\/secure.gravatar.com\/avatar\/688d89467ed947940f11c807b0e20b64f0ff4f530c1edd96b48232ce24094ac4?s=96&d=mm&r=g\",\"contentUrl\":\"https:\/\/secure.gravatar.com\/avatar\/688d89467ed947940f11c807b0e20b64f0ff4f530c1edd96b48232ce24094ac4?s=96&d=mm&r=g\",\"caption\":\"Foment Molins Cultural\"},\"url\":\"https:\/\/fomentmolins.cat\/es\/author\/fomentmolins\/\"}]}<\/script>\n<!-- \/ Yoast SEO plugin. -->","yoast_head_json":{"title":"Formaci\u00f3n DEA en el Teatro, estamos comprometidos con la vida - Foment Molins Cultural","robots":{"index":"index","follow":"follow","max-snippet":"max-snippet:-1","max-image-preview":"max-image-preview:large","max-video-preview":"max-video-preview:-1"},"canonical":"https:\/\/fomentmolins.cat\/es\/formacion-dea-en-el-teatro-estamos-comprometidos-con-la-vida\/","og_locale":"es_ES","og_type":"article","og_title":"Formaci\u00f3n DEA en el Teatro, estamos comprometidos con la vida - Foment Molins Cultural","og_description":"En el Teatro Foment de Molins de Rei, no s\u00f3lo nos dedicamos a llevar al escenario espect\u00e1culos de alta calidad, sino que tambi\u00e9n estamos profundamente comprometidos con la salud y la seguridad de nuestro p\u00fablico.","og_url":"https:\/\/fomentmolins.cat\/es\/formacion-dea-en-el-teatro-estamos-comprometidos-con-la-vida\/","og_site_name":"Foment Molins Cultural","article_published_time":"2023-09-13T09:57:33+00:00","article_modified_time":"2023-09-26T08:51:40+00:00","og_image":[{"width":2040,"height":1530,"url":"https:\/\/fomentmolins.cat\/wp-content\/uploads\/2023\/09\/378978465_692042206280573_7106794812404810184_n.jpg","type":"image\/jpeg"}],"author":"Foment Molins Cultural","twitter_card":"summary_large_image","twitter_misc":{"Escrito por":"Foment Molins Cultural","Tiempo de lectura":"1 minuto"},"schema":{"@context":"https:\/\/schema.org","@graph":[{"@type":"Article","@id":"https:\/\/fomentmolins.cat\/es\/formacion-dea-en-el-teatro-estamos-comprometidos-con-la-vida\/#article","isPartOf":{"@id":"https:\/\/fomentmolins.cat\/es\/formacion-dea-en-el-teatro-estamos-comprometidos-con-la-vida\/"},"author":{"name":"Foment Molins Cultural","@id":"https:\/\/fomentmolins.cat\/es\/#\/schema\/person\/366c9ce6887138b6a210c9fea54807bd"},"headline":"Formaci\u00f3n DEA en el Teatro, estamos comprometidos con la vida","datePublished":"2023-09-13T09:57:33+00:00","dateModified":"2023-09-26T08:51:40+00:00","mainEntityOfPage":{"@id":"https:\/\/fomentmolins.cat\/es\/formacion-dea-en-el-teatro-estamos-comprometidos-con-la-vida\/"},"wordCount":275,"commentCount":0,"image":{"@id":"https:\/\/fomentmolins.cat\/es\/formacion-dea-en-el-teatro-estamos-comprometidos-con-la-vida\/#primaryimage"},"thumbnailUrl":"https:\/\/fomentmolins.cat\/wp-content\/uploads\/2023\/09\/378978465_692042206280573_7106794812404810184_n.jpg","articleSection":["D\u00eda a d\u00eda"],"inLanguage":"es","potentialAction":[{"@type":"CommentAction","name":"Comment","target":["https:\/\/fomentmolins.cat\/es\/formacion-dea-en-el-teatro-estamos-comprometidos-con-la-vida\/#respond"]}]},{"@type":"WebPage","@id":"https:\/\/fomentmolins.cat\/es\/formacion-dea-en-el-teatro-estamos-comprometidos-con-la-vida\/","url":"https:\/\/fomentmolins.cat\/es\/formacion-dea-en-el-teatro-estamos-comprometidos-con-la-vida\/","name":"Formaci\u00f3n DEA en el Teatro, estamos comprometidos con la vida - Foment Molins Cultural","isPartOf":{"@id":"https:\/\/fomentmolins.cat\/es\/#website"},"primaryImageOfPage":{"@id":"https:\/\/fomentmolins.cat\/es\/formacion-dea-en-el-teatro-estamos-comprometidos-con-la-vida\/#primaryimage"},"image":{"@id":"https:\/\/fomentmolins.cat\/es\/formacion-dea-en-el-teatro-estamos-comprometidos-con-la-vida\/#primaryimage"},"thumbnailUrl":"https:\/\/fomentmolins.cat\/wp-content\/uploads\/2023\/09\/378978465_692042206280573_7106794812404810184_n.jpg","datePublished":"2023-09-13T09:57:33+00:00","dateModified":"2023-09-26T08:51:40+00:00","author":{"@id":"https:\/\/fomentmolins.cat\/es\/#\/schema\/person\/366c9ce6887138b6a210c9fea54807bd"},"breadcrumb":{"@id":"https:\/\/fomentmolins.cat\/es\/formacion-dea-en-el-teatro-estamos-comprometidos-con-la-vida\/#breadcrumb"},"inLanguage":"es","potentialAction":[{"@type":"ReadAction","target":["https:\/\/fomentmolins.cat\/es\/formacion-dea-en-el-teatro-estamos-comprometidos-con-la-vida\/"]}]},{"@type":"ImageObject","inLanguage":"es","@id":"https:\/\/fomentmolins.cat\/es\/formacion-dea-en-el-teatro-estamos-comprometidos-con-la-vida\/#primaryimage","url":"https:\/\/fomentmolins.cat\/wp-content\/uploads\/2023\/09\/378978465_692042206280573_7106794812404810184_n.jpg","contentUrl":"https:\/\/fomentmolins.cat\/wp-content\/uploads\/2023\/09\/378978465_692042206280573_7106794812404810184_n.jpg","width":2040,"height":1530},{"@type":"BreadcrumbList","@id":"https:\/\/fomentmolins.cat\/es\/formacion-dea-en-el-teatro-estamos-comprometidos-con-la-vida\/#breadcrumb","itemListElement":[{"@type":"ListItem","position":1,"name":"Portada","item":"https:\/\/fomentmolins.cat\/es\/"},{"@type":"ListItem","position":2,"name":"Formaci\u00f3n DEA en el Teatro, estamos comprometidos con la vida"}]},{"@type":"WebSite","@id":"https:\/\/fomentmolins.cat\/es\/#website","url":"https:\/\/fomentmolins.cat\/es\/","name":"Foment Molins Cultural","description":"","potentialAction":[{"@type":"SearchAction","target":{"@type":"EntryPoint","urlTemplate":"https:\/\/fomentmolins.cat\/es\/?s={search_term_string}"},"query-input":{"@type":"PropertyValueSpecification","valueRequired":true,"valueName":"search_term_string"}}],"inLanguage":"es"},{"@type":"Person","@id":"https:\/\/fomentmolins.cat\/es\/#\/schema\/person\/366c9ce6887138b6a210c9fea54807bd","name":"Foment Molins Cultural","image":{"@type":"ImageObject","inLanguage":"es","@id":"https:\/\/secure.gravatar.com\/avatar\/688d89467ed947940f11c807b0e20b64f0ff4f530c1edd96b48232ce24094ac4?s=96&d=mm&r=g","url":"https:\/\/secure.gravatar.com\/avatar\/688d89467ed947940f11c807b0e20b64f0ff4f530c1edd96b48232ce24094ac4?s=96&d=mm&r=g","contentUrl":"https:\/\/secure.gravatar.com\/avatar\/688d89467ed947940f11c807b0e20b64f0ff4f530c1edd96b48232ce24094ac4?s=96&d=mm&r=g","caption":"Foment Molins Cultural"},"url":"https:\/\/fomentmolins.cat\/es\/author\/fomentmolins\/"}]}},"_links":{"self":[{"href":"https:\/\/fomentmolins.cat\/es\/wp-json\/wp\/v2\/posts\/1526","targetHints":{"allow":["GET"]}}],"collection":[{"href":"https:\/\/fomentmolins.cat\/es\/wp-json\/wp\/v2\/posts"}],"about":[{"href":"https:\/\/fomentmolins.cat\/es\/wp-json\/wp\/v2\/types\/post"}],"author":[{"embeddable":true,"href":"https:\/\/fomentmolins.cat\/es\/wp-json\/wp\/v2\/users\/5"}],"replies":[{"embeddable":true,"href":"https:\/\/fomentmolins.cat\/es\/wp-json\/wp\/v2\/comments?post=1526"}],"version-history":[{"count":2,"href":"https:\/\/fomentmolins.cat\/es\/wp-json\/wp\/v2\/posts\/1526\/revisions"}],"predecessor-version":[{"id":1528,"href":"https:\/\/fomentmolins.cat\/es\/wp-json\/wp\/v2\/posts\/1526\/revisions\/1528"}],"wp:featuredmedia":[{"embeddable":true,"href":"https:\/\/fomentmolins.cat\/es\/wp-json\/wp\/v2\/media\/1495"}],"wp:attachment":[{"href":"https:\/\/fomentmolins.cat\/es\/wp-json\/wp\/v2\/media?parent=1526"}],"wp:term":[{"taxonomy":"category","embeddable":true,"href":"https:\/\/fomentmolins.cat\/es\/wp-json\/wp\/v2\/categories?post=1526"},{"taxonomy":"post_tag","embeddable":true,"href":"https:\/\/fomentmolins.cat\/es\/wp-json\/wp\/v2\/tags?post=1526"}],"curies":[{"name":"wp","href":"https:\/\/api.w.org\/{rel}","templated":true}]}}