{"id":1529,"date":"2023-09-15T12:03:08","date_gmt":"2023-09-15T10:03:08","guid":{"rendered":"https:\/\/fomentmolins.cat\/son-de-la-habana-una-fusion-exquisita-de-habaneras-y-ritmos-internacionales\/"},"modified":"2023-09-26T10:52:42","modified_gmt":"2023-09-26T08:52:42","slug":"son-de-la-habana-una-fusion-exquisita-de-habaneras-y-ritmos-internacionales","status":"publish","type":"post","link":"https:\/\/fomentmolins.cat\/es\/son-de-la-habana-una-fusion-exquisita-de-habaneras-y-ritmos-internacionales\/","title":{"rendered":"SON DE LA HABANA, una fusi\u00f3n exquisita de habaneras y ritmos internacionales"},"content":{"rendered":"\n<p><strong>El pr\u00f3ximo 17 de septiembre, prep\u00e1rense para vivir una noche inolvidable de m\u00fasica, tradici\u00f3n y pasi\u00f3n en el Teatro Foment de Molins de Rei.<\/strong><\/p>\n\n<p>Tendremos el honor de recibir al grupo SON DE LA HABANA, una formaci\u00f3n musical que se ha distinguido por su extraordinaria capacidad de fusionar el g\u00e9nero tradicional de la habanera con una amplia gama de ritmos internacionales.<\/p>\n\n<p>Los miembros de este cuarteto son m\u00e1s que simples m\u00fasicos; son verdaderos amantes del g\u00e9nero de la habanera. Con a\u00f1os de experiencia dentro del mundo de la m\u00fasica en general, han decidido unirse para ofrecernos un repertorio que incluye desde habaneras y rumbas hasta valsets marineros, sue\u00f1o cubano, tango, bolero y mucho m\u00e1s. Su pasi\u00f3n y dedicaci\u00f3n se reflejan en cada nota, creando melod\u00edas que llegan directamente al coraz\u00f3n.<\/p>\n\n<p>SON DE LA HABANA est\u00e1 formado por profesionales reconocidos en el mundo de la m\u00fasica:<\/p>\n\n<ul class=\"wp-block-list\">\n<li>Josep Lluis Bl\u00e1zquez: Con una voz de tenor que nos cautiva desde el primer momento.<\/li>\n\n\n\n<li>Lloren\u00e7 Fern\u00e1ndez: Aporta la esencia con su guitarra, l\u00edder y voz principal, con una trayectoria en orquestas como La Chatta y La Maravella.<\/li>\n\n\n\n<li>Oriol Roca: El contrabajista con una versatilidad que abarca desde el jazz hasta la cobla mediterr\u00e1nea.<\/li>\n\n\n\n<li>Jose M. Olaya: El acorde\u00f3n, con colaboraciones con artistas como Ingrid y Terra Blava.<\/li>\n\n\n\n<li>Con la colaboraci\u00f3n de Santi S\u00e1nchez a la percusi\u00f3n y Miquel Casas a la voz y guitarra, el concierto promete ser una experiencia \u00fanica.<\/li>\n<\/ul>\n\n<p><strong>Lo que realmente hace destacar a SON DE LA HABANA es su capacidad de innovar<\/strong>. Todos sus arreglos son propios, con armon\u00edas renovadas que mantienen la esencia de la m\u00fasica tradicional, pero con un toque fresco y actual.<strong>. Es, sin duda, una representaci\u00f3n de la canci\u00f3n de taberna en su m\u00e1ximo esplendor.<\/strong><\/p>\n\n<p><strong>Un detalle especial<\/strong><\/p>\n\n<p>Y porque una noche tan especial se merece un peque\u00f1o detalle, en la media parte del concierto, los asistentes podr\u00e1n degustar el tradicional ron quemado.<\/p>\n","protected":false},"excerpt":{"rendered":"<p>El pr\u00f3ximo 17 de septiembre, prep\u00e1rense para vivir una noche inolvidable de m\u00fasica, tradici\u00f3n y pasi\u00f3n en el Teatro Foment de Molins de Rei.<\/p>\n","protected":false},"author":5,"featured_media":1510,"comment_status":"open","ping_status":"closed","sticky":false,"template":"","format":"standard","meta":{"inline_featured_image":false,"footnotes":""},"categories":[69],"tags":[],"class_list":["post-1529","post","type-post","status-publish","format-standard","has-post-thumbnail","hentry","category-musica-es"],"yoast_head":"<!-- This site is optimized with the Yoast SEO plugin v27.2 - https:\/\/yoast.com\/product\/yoast-seo-wordpress\/ -->\n<title>SON DE LA HABANA, una fusi\u00f3n exquisita de habaneras y ritmos internacionales - Foment Molins Cultural<\/title>\n<meta name=\"description\" content=\"SON DE LA HABANA, una fusi\u00f3n exquisita de habaneras y ritmos internacionales. El pr\u00f3ximo 17 de septiembre, prep\u00e1rense para vivir una noche inolvidable de m\u00fasica, tradici\u00f3n y pasi\u00f3n en el Teatro Foment de Molins de Rei.\" \/>\n<meta name=\"robots\" content=\"index, follow, max-snippet:-1, max-image-preview:large, max-video-preview:-1\" \/>\n<link rel=\"canonical\" href=\"https:\/\/fomentmolins.cat\/es\/son-de-la-habana-una-fusion-exquisita-de-habaneras-y-ritmos-internacionales\/\" \/>\n<meta property=\"og:locale\" content=\"es_ES\" \/>\n<meta property=\"og:type\" content=\"article\" \/>\n<meta property=\"og:title\" content=\"SON DE LA HABANA, una fusi\u00f3n exquisita de habaneras y ritmos internacionales - Foment Molins Cultural\" \/>\n<meta property=\"og:description\" content=\"SON DE LA HABANA, una fusi\u00f3n exquisita de habaneras y ritmos internacionales. El pr\u00f3ximo 17 de septiembre, prep\u00e1rense para vivir una noche inolvidable de m\u00fasica, tradici\u00f3n y pasi\u00f3n en el Teatro Foment de Molins de Rei.\" \/>\n<meta property=\"og:url\" content=\"https:\/\/fomentmolins.cat\/es\/son-de-la-habana-una-fusion-exquisita-de-habaneras-y-ritmos-internacionales\/\" \/>\n<meta property=\"og:site_name\" content=\"Foment Molins Cultural\" \/>\n<meta property=\"article:published_time\" content=\"2023-09-15T10:03:08+00:00\" \/>\n<meta property=\"article:modified_time\" content=\"2023-09-26T08:52:42+00:00\" \/>\n<meta property=\"og:image\" content=\"https:\/\/fomentmolins.cat\/wp-content\/uploads\/2023\/09\/166f774b-6c99-48c0-8314-560f486f0962.jpeg\" \/>\n\t<meta property=\"og:image:width\" content=\"1600\" \/>\n\t<meta property=\"og:image:height\" content=\"900\" \/>\n\t<meta property=\"og:image:type\" content=\"image\/jpeg\" \/>\n<meta name=\"author\" content=\"Foment Molins Cultural\" \/>\n<meta name=\"twitter:card\" content=\"summary_large_image\" \/>\n<meta name=\"twitter:label1\" content=\"Escrito por\" \/>\n\t<meta name=\"twitter:data1\" content=\"Foment Molins Cultural\" \/>\n\t<meta name=\"twitter:label2\" content=\"Tiempo de lectura\" \/>\n\t<meta name=\"twitter:data2\" content=\"2 minutos\" \/>\n<script type=\"application\/ld+json\" class=\"yoast-schema-graph\">{\"@context\":\"https:\/\/schema.org\",\"@graph\":[{\"@type\":\"Article\",\"@id\":\"https:\/\/fomentmolins.cat\/es\/son-de-la-habana-una-fusion-exquisita-de-habaneras-y-ritmos-internacionales\/#article\",\"isPartOf\":{\"@id\":\"https:\/\/fomentmolins.cat\/es\/son-de-la-habana-una-fusion-exquisita-de-habaneras-y-ritmos-internacionales\/\"},\"author\":{\"name\":\"Foment Molins Cultural\",\"@id\":\"https:\/\/fomentmolins.cat\/es\/#\/schema\/person\/366c9ce6887138b6a210c9fea54807bd\"},\"headline\":\"SON DE LA HABANA, una fusi\u00f3n exquisita de habaneras y ritmos internacionales\",\"datePublished\":\"2023-09-15T10:03:08+00:00\",\"dateModified\":\"2023-09-26T08:52:42+00:00\",\"mainEntityOfPage\":{\"@id\":\"https:\/\/fomentmolins.cat\/es\/son-de-la-habana-una-fusion-exquisita-de-habaneras-y-ritmos-internacionales\/\"},\"wordCount\":363,\"commentCount\":0,\"image\":{\"@id\":\"https:\/\/fomentmolins.cat\/es\/son-de-la-habana-una-fusion-exquisita-de-habaneras-y-ritmos-internacionales\/#primaryimage\"},\"thumbnailUrl\":\"https:\/\/fomentmolins.cat\/wp-content\/uploads\/2023\/09\/166f774b-6c99-48c0-8314-560f486f0962.jpeg\",\"articleSection\":[\"M\u00fasica\"],\"inLanguage\":\"es\",\"potentialAction\":[{\"@type\":\"CommentAction\",\"name\":\"Comment\",\"target\":[\"https:\/\/fomentmolins.cat\/es\/son-de-la-habana-una-fusion-exquisita-de-habaneras-y-ritmos-internacionales\/#respond\"]}]},{\"@type\":\"WebPage\",\"@id\":\"https:\/\/fomentmolins.cat\/es\/son-de-la-habana-una-fusion-exquisita-de-habaneras-y-ritmos-internacionales\/\",\"url\":\"https:\/\/fomentmolins.cat\/es\/son-de-la-habana-una-fusion-exquisita-de-habaneras-y-ritmos-internacionales\/\",\"name\":\"SON DE LA HABANA, una fusi\u00f3n exquisita de habaneras y ritmos internacionales - Foment Molins Cultural\",\"isPartOf\":{\"@id\":\"https:\/\/fomentmolins.cat\/es\/#website\"},\"primaryImageOfPage\":{\"@id\":\"https:\/\/fomentmolins.cat\/es\/son-de-la-habana-una-fusion-exquisita-de-habaneras-y-ritmos-internacionales\/#primaryimage\"},\"image\":{\"@id\":\"https:\/\/fomentmolins.cat\/es\/son-de-la-habana-una-fusion-exquisita-de-habaneras-y-ritmos-internacionales\/#primaryimage\"},\"thumbnailUrl\":\"https:\/\/fomentmolins.cat\/wp-content\/uploads\/2023\/09\/166f774b-6c99-48c0-8314-560f486f0962.jpeg\",\"datePublished\":\"2023-09-15T10:03:08+00:00\",\"dateModified\":\"2023-09-26T08:52:42+00:00\",\"author\":{\"@id\":\"https:\/\/fomentmolins.cat\/es\/#\/schema\/person\/366c9ce6887138b6a210c9fea54807bd\"},\"description\":\"SON DE LA HABANA, una fusi\u00f3n exquisita de habaneras y ritmos internacionales. El pr\u00f3ximo 17 de septiembre, prep\u00e1rense para vivir una noche inolvidable de m\u00fasica, tradici\u00f3n y pasi\u00f3n en el Teatro Foment de Molins de Rei.\",\"breadcrumb\":{\"@id\":\"https:\/\/fomentmolins.cat\/es\/son-de-la-habana-una-fusion-exquisita-de-habaneras-y-ritmos-internacionales\/#breadcrumb\"},\"inLanguage\":\"es\",\"potentialAction\":[{\"@type\":\"ReadAction\",\"target\":[\"https:\/\/fomentmolins.cat\/es\/son-de-la-habana-una-fusion-exquisita-de-habaneras-y-ritmos-internacionales\/\"]}]},{\"@type\":\"ImageObject\",\"inLanguage\":\"es\",\"@id\":\"https:\/\/fomentmolins.cat\/es\/son-de-la-habana-una-fusion-exquisita-de-habaneras-y-ritmos-internacionales\/#primaryimage\",\"url\":\"https:\/\/fomentmolins.cat\/wp-content\/uploads\/2023\/09\/166f774b-6c99-48c0-8314-560f486f0962.jpeg\",\"contentUrl\":\"https:\/\/fomentmolins.cat\/wp-content\/uploads\/2023\/09\/166f774b-6c99-48c0-8314-560f486f0962.jpeg\",\"width\":1600,\"height\":900,\"caption\":\"El proper 17 de setembre, prepareu-vos per viure una nit inoblidable de m\u00fasica, tradici\u00f3 i passi\u00f3 al Teatre Foment de Molins de Rei.\"},{\"@type\":\"BreadcrumbList\",\"@id\":\"https:\/\/fomentmolins.cat\/es\/son-de-la-habana-una-fusion-exquisita-de-habaneras-y-ritmos-internacionales\/#breadcrumb\",\"itemListElement\":[{\"@type\":\"ListItem\",\"position\":1,\"name\":\"Portada\",\"item\":\"https:\/\/fomentmolins.cat\/es\/\"},{\"@type\":\"ListItem\",\"position\":2,\"name\":\"SON DE LA HABANA, una fusi\u00f3n exquisita de habaneras y ritmos internacionales\"}]},{\"@type\":\"WebSite\",\"@id\":\"https:\/\/fomentmolins.cat\/es\/#website\",\"url\":\"https:\/\/fomentmolins.cat\/es\/\",\"name\":\"Foment Molins Cultural\",\"description\":\"\",\"potentialAction\":[{\"@type\":\"SearchAction\",\"target\":{\"@type\":\"EntryPoint\",\"urlTemplate\":\"https:\/\/fomentmolins.cat\/es\/?s={search_term_string}\"},\"query-input\":{\"@type\":\"PropertyValueSpecification\",\"valueRequired\":true,\"valueName\":\"search_term_string\"}}],\"inLanguage\":\"es\"},{\"@type\":\"Person\",\"@id\":\"https:\/\/fomentmolins.cat\/es\/#\/schema\/person\/366c9ce6887138b6a210c9fea54807bd\",\"name\":\"Foment Molins Cultural\",\"image\":{\"@type\":\"ImageObject\",\"inLanguage\":\"es\",\"@id\":\"https:\/\/secure.gravatar.com\/avatar\/688d89467ed947940f11c807b0e20b64f0ff4f530c1edd96b48232ce24094ac4?s=96&d=mm&r=g\",\"url\":\"https:\/\/secure.gravatar.com\/avatar\/688d89467ed947940f11c807b0e20b64f0ff4f530c1edd96b48232ce24094ac4?s=96&d=mm&r=g\",\"contentUrl\":\"https:\/\/secure.gravatar.com\/avatar\/688d89467ed947940f11c807b0e20b64f0ff4f530c1edd96b48232ce24094ac4?s=96&d=mm&r=g\",\"caption\":\"Foment Molins Cultural\"},\"url\":\"https:\/\/fomentmolins.cat\/es\/author\/fomentmolins\/\"}]}<\/script>\n<!-- \/ Yoast SEO plugin. -->","yoast_head_json":{"title":"SON DE LA HABANA, una fusi\u00f3n exquisita de habaneras y ritmos internacionales - Foment Molins Cultural","description":"SON DE LA HABANA, una fusi\u00f3n exquisita de habaneras y ritmos internacionales. El pr\u00f3ximo 17 de septiembre, prep\u00e1rense para vivir una noche inolvidable de m\u00fasica, tradici\u00f3n y pasi\u00f3n en el Teatro Foment de Molins de Rei.","robots":{"index":"index","follow":"follow","max-snippet":"max-snippet:-1","max-image-preview":"max-image-preview:large","max-video-preview":"max-video-preview:-1"},"canonical":"https:\/\/fomentmolins.cat\/es\/son-de-la-habana-una-fusion-exquisita-de-habaneras-y-ritmos-internacionales\/","og_locale":"es_ES","og_type":"article","og_title":"SON DE LA HABANA, una fusi\u00f3n exquisita de habaneras y ritmos internacionales - Foment Molins Cultural","og_description":"SON DE LA HABANA, una fusi\u00f3n exquisita de habaneras y ritmos internacionales. El pr\u00f3ximo 17 de septiembre, prep\u00e1rense para vivir una noche inolvidable de m\u00fasica, tradici\u00f3n y pasi\u00f3n en el Teatro Foment de Molins de Rei.","og_url":"https:\/\/fomentmolins.cat\/es\/son-de-la-habana-una-fusion-exquisita-de-habaneras-y-ritmos-internacionales\/","og_site_name":"Foment Molins Cultural","article_published_time":"2023-09-15T10:03:08+00:00","article_modified_time":"2023-09-26T08:52:42+00:00","og_image":[{"width":1600,"height":900,"url":"https:\/\/fomentmolins.cat\/wp-content\/uploads\/2023\/09\/166f774b-6c99-48c0-8314-560f486f0962.jpeg","type":"image\/jpeg"}],"author":"Foment Molins Cultural","twitter_card":"summary_large_image","twitter_misc":{"Escrito por":"Foment Molins Cultural","Tiempo de lectura":"2 minutos"},"schema":{"@context":"https:\/\/schema.org","@graph":[{"@type":"Article","@id":"https:\/\/fomentmolins.cat\/es\/son-de-la-habana-una-fusion-exquisita-de-habaneras-y-ritmos-internacionales\/#article","isPartOf":{"@id":"https:\/\/fomentmolins.cat\/es\/son-de-la-habana-una-fusion-exquisita-de-habaneras-y-ritmos-internacionales\/"},"author":{"name":"Foment Molins Cultural","@id":"https:\/\/fomentmolins.cat\/es\/#\/schema\/person\/366c9ce6887138b6a210c9fea54807bd"},"headline":"SON DE LA HABANA, una fusi\u00f3n exquisita de habaneras y ritmos internacionales","datePublished":"2023-09-15T10:03:08+00:00","dateModified":"2023-09-26T08:52:42+00:00","mainEntityOfPage":{"@id":"https:\/\/fomentmolins.cat\/es\/son-de-la-habana-una-fusion-exquisita-de-habaneras-y-ritmos-internacionales\/"},"wordCount":363,"commentCount":0,"image":{"@id":"https:\/\/fomentmolins.cat\/es\/son-de-la-habana-una-fusion-exquisita-de-habaneras-y-ritmos-internacionales\/#primaryimage"},"thumbnailUrl":"https:\/\/fomentmolins.cat\/wp-content\/uploads\/2023\/09\/166f774b-6c99-48c0-8314-560f486f0962.jpeg","articleSection":["M\u00fasica"],"inLanguage":"es","potentialAction":[{"@type":"CommentAction","name":"Comment","target":["https:\/\/fomentmolins.cat\/es\/son-de-la-habana-una-fusion-exquisita-de-habaneras-y-ritmos-internacionales\/#respond"]}]},{"@type":"WebPage","@id":"https:\/\/fomentmolins.cat\/es\/son-de-la-habana-una-fusion-exquisita-de-habaneras-y-ritmos-internacionales\/","url":"https:\/\/fomentmolins.cat\/es\/son-de-la-habana-una-fusion-exquisita-de-habaneras-y-ritmos-internacionales\/","name":"SON DE LA HABANA, una fusi\u00f3n exquisita de habaneras y ritmos internacionales - Foment Molins Cultural","isPartOf":{"@id":"https:\/\/fomentmolins.cat\/es\/#website"},"primaryImageOfPage":{"@id":"https:\/\/fomentmolins.cat\/es\/son-de-la-habana-una-fusion-exquisita-de-habaneras-y-ritmos-internacionales\/#primaryimage"},"image":{"@id":"https:\/\/fomentmolins.cat\/es\/son-de-la-habana-una-fusion-exquisita-de-habaneras-y-ritmos-internacionales\/#primaryimage"},"thumbnailUrl":"https:\/\/fomentmolins.cat\/wp-content\/uploads\/2023\/09\/166f774b-6c99-48c0-8314-560f486f0962.jpeg","datePublished":"2023-09-15T10:03:08+00:00","dateModified":"2023-09-26T08:52:42+00:00","author":{"@id":"https:\/\/fomentmolins.cat\/es\/#\/schema\/person\/366c9ce6887138b6a210c9fea54807bd"},"description":"SON DE LA HABANA, una fusi\u00f3n exquisita de habaneras y ritmos internacionales. El pr\u00f3ximo 17 de septiembre, prep\u00e1rense para vivir una noche inolvidable de m\u00fasica, tradici\u00f3n y pasi\u00f3n en el Teatro Foment de Molins de Rei.","breadcrumb":{"@id":"https:\/\/fomentmolins.cat\/es\/son-de-la-habana-una-fusion-exquisita-de-habaneras-y-ritmos-internacionales\/#breadcrumb"},"inLanguage":"es","potentialAction":[{"@type":"ReadAction","target":["https:\/\/fomentmolins.cat\/es\/son-de-la-habana-una-fusion-exquisita-de-habaneras-y-ritmos-internacionales\/"]}]},{"@type":"ImageObject","inLanguage":"es","@id":"https:\/\/fomentmolins.cat\/es\/son-de-la-habana-una-fusion-exquisita-de-habaneras-y-ritmos-internacionales\/#primaryimage","url":"https:\/\/fomentmolins.cat\/wp-content\/uploads\/2023\/09\/166f774b-6c99-48c0-8314-560f486f0962.jpeg","contentUrl":"https:\/\/fomentmolins.cat\/wp-content\/uploads\/2023\/09\/166f774b-6c99-48c0-8314-560f486f0962.jpeg","width":1600,"height":900,"caption":"El proper 17 de setembre, prepareu-vos per viure una nit inoblidable de m\u00fasica, tradici\u00f3 i passi\u00f3 al Teatre Foment de Molins de Rei."},{"@type":"BreadcrumbList","@id":"https:\/\/fomentmolins.cat\/es\/son-de-la-habana-una-fusion-exquisita-de-habaneras-y-ritmos-internacionales\/#breadcrumb","itemListElement":[{"@type":"ListItem","position":1,"name":"Portada","item":"https:\/\/fomentmolins.cat\/es\/"},{"@type":"ListItem","position":2,"name":"SON DE LA HABANA, una fusi\u00f3n exquisita de habaneras y ritmos internacionales"}]},{"@type":"WebSite","@id":"https:\/\/fomentmolins.cat\/es\/#website","url":"https:\/\/fomentmolins.cat\/es\/","name":"Foment Molins Cultural","description":"","potentialAction":[{"@type":"SearchAction","target":{"@type":"EntryPoint","urlTemplate":"https:\/\/fomentmolins.cat\/es\/?s={search_term_string}"},"query-input":{"@type":"PropertyValueSpecification","valueRequired":true,"valueName":"search_term_string"}}],"inLanguage":"es"},{"@type":"Person","@id":"https:\/\/fomentmolins.cat\/es\/#\/schema\/person\/366c9ce6887138b6a210c9fea54807bd","name":"Foment Molins Cultural","image":{"@type":"ImageObject","inLanguage":"es","@id":"https:\/\/secure.gravatar.com\/avatar\/688d89467ed947940f11c807b0e20b64f0ff4f530c1edd96b48232ce24094ac4?s=96&d=mm&r=g","url":"https:\/\/secure.gravatar.com\/avatar\/688d89467ed947940f11c807b0e20b64f0ff4f530c1edd96b48232ce24094ac4?s=96&d=mm&r=g","contentUrl":"https:\/\/secure.gravatar.com\/avatar\/688d89467ed947940f11c807b0e20b64f0ff4f530c1edd96b48232ce24094ac4?s=96&d=mm&r=g","caption":"Foment Molins Cultural"},"url":"https:\/\/fomentmolins.cat\/es\/author\/fomentmolins\/"}]}},"_links":{"self":[{"href":"https:\/\/fomentmolins.cat\/es\/wp-json\/wp\/v2\/posts\/1529","targetHints":{"allow":["GET"]}}],"collection":[{"href":"https:\/\/fomentmolins.cat\/es\/wp-json\/wp\/v2\/posts"}],"about":[{"href":"https:\/\/fomentmolins.cat\/es\/wp-json\/wp\/v2\/types\/post"}],"author":[{"embeddable":true,"href":"https:\/\/fomentmolins.cat\/es\/wp-json\/wp\/v2\/users\/5"}],"replies":[{"embeddable":true,"href":"https:\/\/fomentmolins.cat\/es\/wp-json\/wp\/v2\/comments?post=1529"}],"version-history":[{"count":3,"href":"https:\/\/fomentmolins.cat\/es\/wp-json\/wp\/v2\/posts\/1529\/revisions"}],"predecessor-version":[{"id":1532,"href":"https:\/\/fomentmolins.cat\/es\/wp-json\/wp\/v2\/posts\/1529\/revisions\/1532"}],"wp:featuredmedia":[{"embeddable":true,"href":"https:\/\/fomentmolins.cat\/es\/wp-json\/wp\/v2\/media\/1510"}],"wp:attachment":[{"href":"https:\/\/fomentmolins.cat\/es\/wp-json\/wp\/v2\/media?parent=1529"}],"wp:term":[{"taxonomy":"category","embeddable":true,"href":"https:\/\/fomentmolins.cat\/es\/wp-json\/wp\/v2\/categories?post=1529"},{"taxonomy":"post_tag","embeddable":true,"href":"https:\/\/fomentmolins.cat\/es\/wp-json\/wp\/v2\/tags?post=1529"}],"curies":[{"name":"wp","href":"https:\/\/api.w.org\/{rel}","templated":true}]}}