{"id":1537,"date":"2023-09-26T09:06:19","date_gmt":"2023-09-26T07:06:19","guid":{"rendered":"https:\/\/fomentmolins.cat\/chus-y-nuria-la-revolucion-del-baile-en-la-fiesta-mayor\/"},"modified":"2023-09-26T10:54:29","modified_gmt":"2023-09-26T08:54:29","slug":"chus-y-nuria-la-revolucion-del-baile-en-la-fiesta-mayor","status":"publish","type":"post","link":"https:\/\/fomentmolins.cat\/es\/chus-y-nuria-la-revolucion-del-baile-en-la-fiesta-mayor\/","title":{"rendered":"Chus y N\u00faria, la revoluci\u00f3n del baile en la Fiesta Mayor"},"content":{"rendered":"\n<p>El panorama musical siempre est\u00e1 en constante evoluci\u00f3n. Con la llegada de formaciones nuevas e innovadoras, la m\u00fasica nunca deja de ensuciarnos. Este a\u00f1o, en la Fiesta Mayor de Molins, tenemos la oportunidad \u00fanica de descubrir una de estas novedades: Chus y N\u00faria Teclats i Veus.<\/p>\n\n<p>La combinaci\u00f3n de teclados y voces puede parecer tradicional, pero en las manos y las cuerdas vocales de estos dos artistas se transforma en una explosi\u00f3n de ritmos y melod\u00edas que cautivan al oyente desde el primer acorde. Bajo el nombre \u00abMign\u00edfico Tour 23\u00bb, prometen una fusi\u00f3n de cl\u00e1sicos bailables con adaptaciones modernas que har\u00e1n que no puedas parar de bailar.<\/p>\n\n<p>Su repertorio est\u00e1 pensado para satisfacer a todos los p\u00fablicos. Desde los ritmos m\u00e1s tradicionales como el vals o el pasodoble, hasta los m\u00e1s modernos como la bachata o el swing. Y, como no pod\u00eda ser de otra manera, tambi\u00e9n incorporar\u00e1n los maravillosos bailes en l\u00ednea que est\u00e1n causando furor.<\/p>\n\n<p>No es s\u00f3lo m\u00fasica, es una experiencia. Chus y N\u00faria no s\u00f3lo se limitan a interpretar canciones; ellos crean una atm\u00f3sfera \u00fanica que invita a la audiencia a formar parte del espect\u00e1culo. Su energ\u00eda es contagiosa, y se hace evidente en la conexi\u00f3n que establecen con el p\u00fablico.<\/p>\n\n<p>El 30 de septiembre, de 18:00 a 19:30, no te puedes perder esta cita con la m\u00fasica y el baile en el coraz\u00f3n de la Fiesta Mayor. Chus y N\u00faria llegan para revolucionar y poner banda sonora a una noche que, sin duda, ser\u00e1 inolvidable.<\/p>\n","protected":false},"excerpt":{"rendered":"<p>El 30 de septiembre, de 18:00 a 19:30, no te puedes perder esta cita con la m\u00fasica y el baile en el coraz\u00f3n de la Fiesta Mayor.<\/p>\n","protected":false},"author":5,"featured_media":1519,"comment_status":"open","ping_status":"closed","sticky":false,"template":"","format":"standard","meta":{"inline_featured_image":false,"footnotes":""},"categories":[96],"tags":[],"class_list":["post-1537","post","type-post","status-publish","format-standard","has-post-thumbnail","hentry","category-baile"],"yoast_head":"<!-- This site is optimized with the Yoast SEO plugin v27.2 - https:\/\/yoast.com\/product\/yoast-seo-wordpress\/ -->\n<title>Chus y N\u00faria, la revoluci\u00f3n del baile en la Fiesta Mayor - Foment Molins Cultural<\/title>\n<meta name=\"description\" content=\"Chus y N\u00faria, la revoluci\u00f3n del baile en la Fiesta Mayor\" \/>\n<meta name=\"robots\" content=\"index, follow, max-snippet:-1, max-image-preview:large, max-video-preview:-1\" \/>\n<link rel=\"canonical\" href=\"https:\/\/fomentmolins.cat\/es\/chus-y-nuria-la-revolucion-del-baile-en-la-fiesta-mayor\/\" \/>\n<meta property=\"og:locale\" content=\"es_ES\" \/>\n<meta property=\"og:type\" content=\"article\" \/>\n<meta property=\"og:title\" content=\"Chus y N\u00faria, la revoluci\u00f3n del baile en la Fiesta Mayor - Foment Molins Cultural\" \/>\n<meta property=\"og:description\" content=\"Chus y N\u00faria, la revoluci\u00f3n del baile en la Fiesta Mayor\" \/>\n<meta property=\"og:url\" content=\"https:\/\/fomentmolins.cat\/es\/chus-y-nuria-la-revolucion-del-baile-en-la-fiesta-mayor\/\" \/>\n<meta property=\"og:site_name\" content=\"Foment Molins Cultural\" \/>\n<meta property=\"article:published_time\" content=\"2023-09-26T07:06:19+00:00\" \/>\n<meta property=\"article:modified_time\" content=\"2023-09-26T08:54:29+00:00\" \/>\n<meta property=\"og:image\" content=\"https:\/\/fomentmolins.cat\/wp-content\/uploads\/2023\/09\/CHUS-I-NURIA-INSTAGRAM-1.png\" \/>\n\t<meta property=\"og:image:width\" content=\"1080\" \/>\n\t<meta property=\"og:image:height\" content=\"1080\" \/>\n\t<meta property=\"og:image:type\" content=\"image\/png\" \/>\n<meta name=\"author\" content=\"Foment Molins Cultural\" \/>\n<meta name=\"twitter:card\" content=\"summary_large_image\" \/>\n<meta name=\"twitter:label1\" content=\"Escrito por\" \/>\n\t<meta name=\"twitter:data1\" content=\"Foment Molins Cultural\" \/>\n\t<meta name=\"twitter:label2\" content=\"Tiempo de lectura\" \/>\n\t<meta name=\"twitter:data2\" content=\"1 minuto\" \/>\n<script type=\"application\/ld+json\" class=\"yoast-schema-graph\">{\"@context\":\"https:\/\/schema.org\",\"@graph\":[{\"@type\":\"Article\",\"@id\":\"https:\/\/fomentmolins.cat\/es\/chus-y-nuria-la-revolucion-del-baile-en-la-fiesta-mayor\/#article\",\"isPartOf\":{\"@id\":\"https:\/\/fomentmolins.cat\/es\/chus-y-nuria-la-revolucion-del-baile-en-la-fiesta-mayor\/\"},\"author\":{\"name\":\"Foment Molins Cultural\",\"@id\":\"https:\/\/fomentmolins.cat\/es\/#\/schema\/person\/366c9ce6887138b6a210c9fea54807bd\"},\"headline\":\"Chus y N\u00faria, la revoluci\u00f3n del baile en la Fiesta Mayor\",\"datePublished\":\"2023-09-26T07:06:19+00:00\",\"dateModified\":\"2023-09-26T08:54:29+00:00\",\"mainEntityOfPage\":{\"@id\":\"https:\/\/fomentmolins.cat\/es\/chus-y-nuria-la-revolucion-del-baile-en-la-fiesta-mayor\/\"},\"wordCount\":290,\"commentCount\":0,\"image\":{\"@id\":\"https:\/\/fomentmolins.cat\/es\/chus-y-nuria-la-revolucion-del-baile-en-la-fiesta-mayor\/#primaryimage\"},\"thumbnailUrl\":\"https:\/\/fomentmolins.cat\/wp-content\/uploads\/2023\/09\/CHUS-I-NURIA-INSTAGRAM-1.png\",\"articleSection\":[\"Baile\"],\"inLanguage\":\"es\",\"potentialAction\":[{\"@type\":\"CommentAction\",\"name\":\"Comment\",\"target\":[\"https:\/\/fomentmolins.cat\/es\/chus-y-nuria-la-revolucion-del-baile-en-la-fiesta-mayor\/#respond\"]}]},{\"@type\":\"WebPage\",\"@id\":\"https:\/\/fomentmolins.cat\/es\/chus-y-nuria-la-revolucion-del-baile-en-la-fiesta-mayor\/\",\"url\":\"https:\/\/fomentmolins.cat\/es\/chus-y-nuria-la-revolucion-del-baile-en-la-fiesta-mayor\/\",\"name\":\"Chus y N\u00faria, la revoluci\u00f3n del baile en la Fiesta Mayor - Foment Molins Cultural\",\"isPartOf\":{\"@id\":\"https:\/\/fomentmolins.cat\/es\/#website\"},\"primaryImageOfPage\":{\"@id\":\"https:\/\/fomentmolins.cat\/es\/chus-y-nuria-la-revolucion-del-baile-en-la-fiesta-mayor\/#primaryimage\"},\"image\":{\"@id\":\"https:\/\/fomentmolins.cat\/es\/chus-y-nuria-la-revolucion-del-baile-en-la-fiesta-mayor\/#primaryimage\"},\"thumbnailUrl\":\"https:\/\/fomentmolins.cat\/wp-content\/uploads\/2023\/09\/CHUS-I-NURIA-INSTAGRAM-1.png\",\"datePublished\":\"2023-09-26T07:06:19+00:00\",\"dateModified\":\"2023-09-26T08:54:29+00:00\",\"author\":{\"@id\":\"https:\/\/fomentmolins.cat\/es\/#\/schema\/person\/366c9ce6887138b6a210c9fea54807bd\"},\"description\":\"Chus y N\u00faria, la revoluci\u00f3n del baile en la Fiesta Mayor\",\"breadcrumb\":{\"@id\":\"https:\/\/fomentmolins.cat\/es\/chus-y-nuria-la-revolucion-del-baile-en-la-fiesta-mayor\/#breadcrumb\"},\"inLanguage\":\"es\",\"potentialAction\":[{\"@type\":\"ReadAction\",\"target\":[\"https:\/\/fomentmolins.cat\/es\/chus-y-nuria-la-revolucion-del-baile-en-la-fiesta-mayor\/\"]}]},{\"@type\":\"ImageObject\",\"inLanguage\":\"es\",\"@id\":\"https:\/\/fomentmolins.cat\/es\/chus-y-nuria-la-revolucion-del-baile-en-la-fiesta-mayor\/#primaryimage\",\"url\":\"https:\/\/fomentmolins.cat\/wp-content\/uploads\/2023\/09\/CHUS-I-NURIA-INSTAGRAM-1.png\",\"contentUrl\":\"https:\/\/fomentmolins.cat\/wp-content\/uploads\/2023\/09\/CHUS-I-NURIA-INSTAGRAM-1.png\",\"width\":1080,\"height\":1080,\"caption\":\"Chus i N\u00faria, la revoluci\u00f3 del ball a la Festa Major\"},{\"@type\":\"BreadcrumbList\",\"@id\":\"https:\/\/fomentmolins.cat\/es\/chus-y-nuria-la-revolucion-del-baile-en-la-fiesta-mayor\/#breadcrumb\",\"itemListElement\":[{\"@type\":\"ListItem\",\"position\":1,\"name\":\"Portada\",\"item\":\"https:\/\/fomentmolins.cat\/es\/\"},{\"@type\":\"ListItem\",\"position\":2,\"name\":\"Chus y N\u00faria, la revoluci\u00f3n del baile en la Fiesta Mayor\"}]},{\"@type\":\"WebSite\",\"@id\":\"https:\/\/fomentmolins.cat\/es\/#website\",\"url\":\"https:\/\/fomentmolins.cat\/es\/\",\"name\":\"Foment Molins Cultural\",\"description\":\"\",\"potentialAction\":[{\"@type\":\"SearchAction\",\"target\":{\"@type\":\"EntryPoint\",\"urlTemplate\":\"https:\/\/fomentmolins.cat\/es\/?s={search_term_string}\"},\"query-input\":{\"@type\":\"PropertyValueSpecification\",\"valueRequired\":true,\"valueName\":\"search_term_string\"}}],\"inLanguage\":\"es\"},{\"@type\":\"Person\",\"@id\":\"https:\/\/fomentmolins.cat\/es\/#\/schema\/person\/366c9ce6887138b6a210c9fea54807bd\",\"name\":\"Foment Molins Cultural\",\"image\":{\"@type\":\"ImageObject\",\"inLanguage\":\"es\",\"@id\":\"https:\/\/secure.gravatar.com\/avatar\/688d89467ed947940f11c807b0e20b64f0ff4f530c1edd96b48232ce24094ac4?s=96&d=mm&r=g\",\"url\":\"https:\/\/secure.gravatar.com\/avatar\/688d89467ed947940f11c807b0e20b64f0ff4f530c1edd96b48232ce24094ac4?s=96&d=mm&r=g\",\"contentUrl\":\"https:\/\/secure.gravatar.com\/avatar\/688d89467ed947940f11c807b0e20b64f0ff4f530c1edd96b48232ce24094ac4?s=96&d=mm&r=g\",\"caption\":\"Foment Molins Cultural\"},\"url\":\"https:\/\/fomentmolins.cat\/es\/author\/fomentmolins\/\"}]}<\/script>\n<!-- \/ Yoast SEO plugin. -->","yoast_head_json":{"title":"Chus y N\u00faria, la revoluci\u00f3n del baile en la Fiesta Mayor - Foment Molins Cultural","description":"Chus y N\u00faria, la revoluci\u00f3n del baile en la Fiesta Mayor","robots":{"index":"index","follow":"follow","max-snippet":"max-snippet:-1","max-image-preview":"max-image-preview:large","max-video-preview":"max-video-preview:-1"},"canonical":"https:\/\/fomentmolins.cat\/es\/chus-y-nuria-la-revolucion-del-baile-en-la-fiesta-mayor\/","og_locale":"es_ES","og_type":"article","og_title":"Chus y N\u00faria, la revoluci\u00f3n del baile en la Fiesta Mayor - Foment Molins Cultural","og_description":"Chus y N\u00faria, la revoluci\u00f3n del baile en la Fiesta Mayor","og_url":"https:\/\/fomentmolins.cat\/es\/chus-y-nuria-la-revolucion-del-baile-en-la-fiesta-mayor\/","og_site_name":"Foment Molins Cultural","article_published_time":"2023-09-26T07:06:19+00:00","article_modified_time":"2023-09-26T08:54:29+00:00","og_image":[{"width":1080,"height":1080,"url":"https:\/\/fomentmolins.cat\/wp-content\/uploads\/2023\/09\/CHUS-I-NURIA-INSTAGRAM-1.png","type":"image\/png"}],"author":"Foment Molins Cultural","twitter_card":"summary_large_image","twitter_misc":{"Escrito por":"Foment Molins Cultural","Tiempo de lectura":"1 minuto"},"schema":{"@context":"https:\/\/schema.org","@graph":[{"@type":"Article","@id":"https:\/\/fomentmolins.cat\/es\/chus-y-nuria-la-revolucion-del-baile-en-la-fiesta-mayor\/#article","isPartOf":{"@id":"https:\/\/fomentmolins.cat\/es\/chus-y-nuria-la-revolucion-del-baile-en-la-fiesta-mayor\/"},"author":{"name":"Foment Molins Cultural","@id":"https:\/\/fomentmolins.cat\/es\/#\/schema\/person\/366c9ce6887138b6a210c9fea54807bd"},"headline":"Chus y N\u00faria, la revoluci\u00f3n del baile en la Fiesta Mayor","datePublished":"2023-09-26T07:06:19+00:00","dateModified":"2023-09-26T08:54:29+00:00","mainEntityOfPage":{"@id":"https:\/\/fomentmolins.cat\/es\/chus-y-nuria-la-revolucion-del-baile-en-la-fiesta-mayor\/"},"wordCount":290,"commentCount":0,"image":{"@id":"https:\/\/fomentmolins.cat\/es\/chus-y-nuria-la-revolucion-del-baile-en-la-fiesta-mayor\/#primaryimage"},"thumbnailUrl":"https:\/\/fomentmolins.cat\/wp-content\/uploads\/2023\/09\/CHUS-I-NURIA-INSTAGRAM-1.png","articleSection":["Baile"],"inLanguage":"es","potentialAction":[{"@type":"CommentAction","name":"Comment","target":["https:\/\/fomentmolins.cat\/es\/chus-y-nuria-la-revolucion-del-baile-en-la-fiesta-mayor\/#respond"]}]},{"@type":"WebPage","@id":"https:\/\/fomentmolins.cat\/es\/chus-y-nuria-la-revolucion-del-baile-en-la-fiesta-mayor\/","url":"https:\/\/fomentmolins.cat\/es\/chus-y-nuria-la-revolucion-del-baile-en-la-fiesta-mayor\/","name":"Chus y N\u00faria, la revoluci\u00f3n del baile en la Fiesta Mayor - Foment Molins Cultural","isPartOf":{"@id":"https:\/\/fomentmolins.cat\/es\/#website"},"primaryImageOfPage":{"@id":"https:\/\/fomentmolins.cat\/es\/chus-y-nuria-la-revolucion-del-baile-en-la-fiesta-mayor\/#primaryimage"},"image":{"@id":"https:\/\/fomentmolins.cat\/es\/chus-y-nuria-la-revolucion-del-baile-en-la-fiesta-mayor\/#primaryimage"},"thumbnailUrl":"https:\/\/fomentmolins.cat\/wp-content\/uploads\/2023\/09\/CHUS-I-NURIA-INSTAGRAM-1.png","datePublished":"2023-09-26T07:06:19+00:00","dateModified":"2023-09-26T08:54:29+00:00","author":{"@id":"https:\/\/fomentmolins.cat\/es\/#\/schema\/person\/366c9ce6887138b6a210c9fea54807bd"},"description":"Chus y N\u00faria, la revoluci\u00f3n del baile en la Fiesta Mayor","breadcrumb":{"@id":"https:\/\/fomentmolins.cat\/es\/chus-y-nuria-la-revolucion-del-baile-en-la-fiesta-mayor\/#breadcrumb"},"inLanguage":"es","potentialAction":[{"@type":"ReadAction","target":["https:\/\/fomentmolins.cat\/es\/chus-y-nuria-la-revolucion-del-baile-en-la-fiesta-mayor\/"]}]},{"@type":"ImageObject","inLanguage":"es","@id":"https:\/\/fomentmolins.cat\/es\/chus-y-nuria-la-revolucion-del-baile-en-la-fiesta-mayor\/#primaryimage","url":"https:\/\/fomentmolins.cat\/wp-content\/uploads\/2023\/09\/CHUS-I-NURIA-INSTAGRAM-1.png","contentUrl":"https:\/\/fomentmolins.cat\/wp-content\/uploads\/2023\/09\/CHUS-I-NURIA-INSTAGRAM-1.png","width":1080,"height":1080,"caption":"Chus i N\u00faria, la revoluci\u00f3 del ball a la Festa Major"},{"@type":"BreadcrumbList","@id":"https:\/\/fomentmolins.cat\/es\/chus-y-nuria-la-revolucion-del-baile-en-la-fiesta-mayor\/#breadcrumb","itemListElement":[{"@type":"ListItem","position":1,"name":"Portada","item":"https:\/\/fomentmolins.cat\/es\/"},{"@type":"ListItem","position":2,"name":"Chus y N\u00faria, la revoluci\u00f3n del baile en la Fiesta Mayor"}]},{"@type":"WebSite","@id":"https:\/\/fomentmolins.cat\/es\/#website","url":"https:\/\/fomentmolins.cat\/es\/","name":"Foment Molins Cultural","description":"","potentialAction":[{"@type":"SearchAction","target":{"@type":"EntryPoint","urlTemplate":"https:\/\/fomentmolins.cat\/es\/?s={search_term_string}"},"query-input":{"@type":"PropertyValueSpecification","valueRequired":true,"valueName":"search_term_string"}}],"inLanguage":"es"},{"@type":"Person","@id":"https:\/\/fomentmolins.cat\/es\/#\/schema\/person\/366c9ce6887138b6a210c9fea54807bd","name":"Foment Molins Cultural","image":{"@type":"ImageObject","inLanguage":"es","@id":"https:\/\/secure.gravatar.com\/avatar\/688d89467ed947940f11c807b0e20b64f0ff4f530c1edd96b48232ce24094ac4?s=96&d=mm&r=g","url":"https:\/\/secure.gravatar.com\/avatar\/688d89467ed947940f11c807b0e20b64f0ff4f530c1edd96b48232ce24094ac4?s=96&d=mm&r=g","contentUrl":"https:\/\/secure.gravatar.com\/avatar\/688d89467ed947940f11c807b0e20b64f0ff4f530c1edd96b48232ce24094ac4?s=96&d=mm&r=g","caption":"Foment Molins Cultural"},"url":"https:\/\/fomentmolins.cat\/es\/author\/fomentmolins\/"}]}},"_links":{"self":[{"href":"https:\/\/fomentmolins.cat\/es\/wp-json\/wp\/v2\/posts\/1537","targetHints":{"allow":["GET"]}}],"collection":[{"href":"https:\/\/fomentmolins.cat\/es\/wp-json\/wp\/v2\/posts"}],"about":[{"href":"https:\/\/fomentmolins.cat\/es\/wp-json\/wp\/v2\/types\/post"}],"author":[{"embeddable":true,"href":"https:\/\/fomentmolins.cat\/es\/wp-json\/wp\/v2\/users\/5"}],"replies":[{"embeddable":true,"href":"https:\/\/fomentmolins.cat\/es\/wp-json\/wp\/v2\/comments?post=1537"}],"version-history":[{"count":3,"href":"https:\/\/fomentmolins.cat\/es\/wp-json\/wp\/v2\/posts\/1537\/revisions"}],"predecessor-version":[{"id":1540,"href":"https:\/\/fomentmolins.cat\/es\/wp-json\/wp\/v2\/posts\/1537\/revisions\/1540"}],"wp:featuredmedia":[{"embeddable":true,"href":"https:\/\/fomentmolins.cat\/es\/wp-json\/wp\/v2\/media\/1519"}],"wp:attachment":[{"href":"https:\/\/fomentmolins.cat\/es\/wp-json\/wp\/v2\/media?parent=1537"}],"wp:term":[{"taxonomy":"category","embeddable":true,"href":"https:\/\/fomentmolins.cat\/es\/wp-json\/wp\/v2\/categories?post=1537"},{"taxonomy":"post_tag","embeddable":true,"href":"https:\/\/fomentmolins.cat\/es\/wp-json\/wp\/v2\/tags?post=1537"}],"curies":[{"name":"wp","href":"https:\/\/api.w.org\/{rel}","templated":true}]}}