{"id":1600,"date":"2023-10-03T09:38:07","date_gmt":"2023-10-03T07:38:07","guid":{"rendered":"https:\/\/fomentmolins.cat\/erase-una-vez-los-80-un-viaje-nostalgico-con-jorge-santini\/"},"modified":"2023-10-04T12:09:27","modified_gmt":"2023-10-04T10:09:27","slug":"erase-una-vez-los-80-un-viaje-nostalgico-con-jorge-santini","status":"publish","type":"post","link":"https:\/\/fomentmolins.cat\/es\/erase-una-vez-los-80-un-viaje-nostalgico-con-jorge-santini\/","title":{"rendered":"\u00ab\u00c9rase una vez los 80\u00bb: Un viaje nost\u00e1lgico con Jorge Santini"},"content":{"rendered":"\n<p>Con la promesa de adentrarse en una de las d\u00e9cadas m\u00e1s estimadas, Jorge Santini nos presenta \u00ab<a>\u00c9rase una vez los 80<\/a>\u00ab, un mon\u00f3logo que no es s\u00f3lo sobre risas, sino tambi\u00e9n sobre la dulzura de la memoria. Se trata de un espect\u00e1culo donde la comedia y la nostalgia se dan la mano para ofrecer una experiencia \u00fanica.<\/p>\n\n<p>Desde la emoci\u00f3n del primer gui\u00f1o hasta las din\u00e1micas familiares de aquellos a\u00f1os, pasamos por una serie de recuerdos que muchos llevamos en el coraz\u00f3n. Jorge aborda con agudeza temas como la tecnolog\u00eda incipiente, los juegos tradicionales, la moda (\u00bfqui\u00e9n no recuerda las mejillas?) y aquellos programas de televisi\u00f3n que se convert\u00edan en parte de nuestra rutina diaria.<\/p>\n\n<p>Uno de los puntos m\u00e1s fuertes del espect\u00e1culo es la capacidad de Santini de adentrarse en detalles cotidianos que nos transportan inmediatamente al pasado. \u00bfRecuerdas decir \u00abEfestiviwonder\u00bb? \u00bfO forrar tus carpetas con fotos del Superpop? Son estas peque\u00f1as cosas que, aunque parezcan insignificantes, construyen la nostalgia de una \u00e9poca.<\/p>\n\n<p>Adem\u00e1s, a trav\u00e9s de su perspectiva \u00fanica, Jorge tambi\u00e9n aborda momentos hist\u00f3ricos de los 80, permitiendo a los espectadores no s\u00f3lo revivir sus recuerdos personales, sino tambi\u00e9n comprender mejor el contexto global de esta d\u00e9cada m\u00e1gica.<\/p>\n\n<p>La propuesta de Santini no es simplemente hacer re\u00edr, sino tambi\u00e9n hacer pensar, recordar y, en cierta medida, volver a ser ni\u00f1os. Invitamos a todos aquellos que deseen revivir los a\u00f1os 80 o simplemente comprender m\u00e1s a unirse a este viaje con \u00c9rase una vez los 80&#8243; en el #MolinsNightComedy. Ser\u00e1, sin duda, una noche para recordar.<\/p>\n","protected":false},"excerpt":{"rendered":"<p>\u00ab\u00c9rase una vez los 80\u00bb, un mon\u00f3logo que no es s\u00f3lo sobre risas, sino tambi\u00e9n sobre la dulzura de la memoria.<\/p>\n","protected":false},"author":5,"featured_media":1579,"comment_status":"open","ping_status":"closed","sticky":false,"template":"","format":"standard","meta":{"inline_featured_image":false,"footnotes":""},"categories":[101],"tags":[],"class_list":["post-1600","post","type-post","status-publish","format-standard","has-post-thumbnail","hentry","category-monologos"],"yoast_head":"<!-- This site is optimized with the Yoast SEO plugin v27.2 - https:\/\/yoast.com\/product\/yoast-seo-wordpress\/ -->\n<title>&quot;\u00c9rase una vez los 80&quot;: Un viaje nost\u00e1lgico con Jorge Santini - Foment Molins Cultural<\/title>\n<meta name=\"description\" content=\"&quot;\u00c9rase una vez los 80&quot;: Un viaje nost\u00e1lgico con Jorge Santini. Fomento Molins en Molins de Rei, Barcelona\" \/>\n<meta name=\"robots\" content=\"index, follow, max-snippet:-1, max-image-preview:large, max-video-preview:-1\" \/>\n<link rel=\"canonical\" href=\"https:\/\/fomentmolins.cat\/es\/erase-una-vez-los-80-un-viaje-nostalgico-con-jorge-santini\/\" \/>\n<meta property=\"og:locale\" content=\"es_ES\" \/>\n<meta property=\"og:type\" content=\"article\" \/>\n<meta property=\"og:title\" content=\"&quot;\u00c9rase una vez los 80&quot;: Un viaje nost\u00e1lgico con Jorge Santini - Foment Molins Cultural\" \/>\n<meta property=\"og:description\" content=\"&quot;\u00c9rase una vez los 80&quot;: Un viaje nost\u00e1lgico con Jorge Santini. Fomento Molins en Molins de Rei, Barcelona\" \/>\n<meta property=\"og:url\" content=\"https:\/\/fomentmolins.cat\/es\/erase-una-vez-los-80-un-viaje-nostalgico-con-jorge-santini\/\" \/>\n<meta property=\"og:site_name\" content=\"Foment Molins Cultural\" \/>\n<meta property=\"article:published_time\" content=\"2023-10-03T07:38:07+00:00\" \/>\n<meta property=\"article:modified_time\" content=\"2023-10-04T10:09:27+00:00\" \/>\n<meta property=\"og:image\" content=\"https:\/\/fomentmolins.cat\/wp-content\/uploads\/2023\/10\/385728515_703265028491624_8336614345621495501_n.jpg\" \/>\n\t<meta property=\"og:image:width\" content=\"1920\" \/>\n\t<meta property=\"og:image:height\" content=\"1080\" \/>\n\t<meta property=\"og:image:type\" content=\"image\/jpeg\" \/>\n<meta name=\"author\" content=\"Foment Molins Cultural\" \/>\n<meta name=\"twitter:card\" content=\"summary_large_image\" \/>\n<meta name=\"twitter:label1\" content=\"Escrito por\" \/>\n\t<meta name=\"twitter:data1\" content=\"Foment Molins Cultural\" \/>\n\t<meta name=\"twitter:label2\" content=\"Tiempo de lectura\" \/>\n\t<meta name=\"twitter:data2\" content=\"1 minuto\" \/>\n<script type=\"application\/ld+json\" class=\"yoast-schema-graph\">{\"@context\":\"https:\/\/schema.org\",\"@graph\":[{\"@type\":\"Article\",\"@id\":\"https:\/\/fomentmolins.cat\/es\/erase-una-vez-los-80-un-viaje-nostalgico-con-jorge-santini\/#article\",\"isPartOf\":{\"@id\":\"https:\/\/fomentmolins.cat\/es\/erase-una-vez-los-80-un-viaje-nostalgico-con-jorge-santini\/\"},\"author\":{\"name\":\"Foment Molins Cultural\",\"@id\":\"https:\/\/fomentmolins.cat\/es\/#\/schema\/person\/366c9ce6887138b6a210c9fea54807bd\"},\"headline\":\"\u00ab\u00c9rase una vez los 80\u00bb: Un viaje nost\u00e1lgico con Jorge Santini\",\"datePublished\":\"2023-10-03T07:38:07+00:00\",\"dateModified\":\"2023-10-04T10:09:27+00:00\",\"mainEntityOfPage\":{\"@id\":\"https:\/\/fomentmolins.cat\/es\/erase-una-vez-los-80-un-viaje-nostalgico-con-jorge-santini\/\"},\"wordCount\":295,\"commentCount\":0,\"image\":{\"@id\":\"https:\/\/fomentmolins.cat\/es\/erase-una-vez-los-80-un-viaje-nostalgico-con-jorge-santini\/#primaryimage\"},\"thumbnailUrl\":\"https:\/\/fomentmolins.cat\/wp-content\/uploads\/2023\/10\/385728515_703265028491624_8336614345621495501_n.jpg\",\"articleSection\":[\"Mon\u00f3logos\"],\"inLanguage\":\"es\",\"potentialAction\":[{\"@type\":\"CommentAction\",\"name\":\"Comment\",\"target\":[\"https:\/\/fomentmolins.cat\/es\/erase-una-vez-los-80-un-viaje-nostalgico-con-jorge-santini\/#respond\"]}]},{\"@type\":\"WebPage\",\"@id\":\"https:\/\/fomentmolins.cat\/es\/erase-una-vez-los-80-un-viaje-nostalgico-con-jorge-santini\/\",\"url\":\"https:\/\/fomentmolins.cat\/es\/erase-una-vez-los-80-un-viaje-nostalgico-con-jorge-santini\/\",\"name\":\"\\\"\u00c9rase una vez los 80\\\": Un viaje nost\u00e1lgico con Jorge Santini - Foment Molins Cultural\",\"isPartOf\":{\"@id\":\"https:\/\/fomentmolins.cat\/es\/#website\"},\"primaryImageOfPage\":{\"@id\":\"https:\/\/fomentmolins.cat\/es\/erase-una-vez-los-80-un-viaje-nostalgico-con-jorge-santini\/#primaryimage\"},\"image\":{\"@id\":\"https:\/\/fomentmolins.cat\/es\/erase-una-vez-los-80-un-viaje-nostalgico-con-jorge-santini\/#primaryimage\"},\"thumbnailUrl\":\"https:\/\/fomentmolins.cat\/wp-content\/uploads\/2023\/10\/385728515_703265028491624_8336614345621495501_n.jpg\",\"datePublished\":\"2023-10-03T07:38:07+00:00\",\"dateModified\":\"2023-10-04T10:09:27+00:00\",\"author\":{\"@id\":\"https:\/\/fomentmolins.cat\/es\/#\/schema\/person\/366c9ce6887138b6a210c9fea54807bd\"},\"description\":\"\\\"\u00c9rase una vez los 80\\\": Un viaje nost\u00e1lgico con Jorge Santini. Fomento Molins en Molins de Rei, Barcelona\",\"breadcrumb\":{\"@id\":\"https:\/\/fomentmolins.cat\/es\/erase-una-vez-los-80-un-viaje-nostalgico-con-jorge-santini\/#breadcrumb\"},\"inLanguage\":\"es\",\"potentialAction\":[{\"@type\":\"ReadAction\",\"target\":[\"https:\/\/fomentmolins.cat\/es\/erase-una-vez-los-80-un-viaje-nostalgico-con-jorge-santini\/\"]}]},{\"@type\":\"ImageObject\",\"inLanguage\":\"es\",\"@id\":\"https:\/\/fomentmolins.cat\/es\/erase-una-vez-los-80-un-viaje-nostalgico-con-jorge-santini\/#primaryimage\",\"url\":\"https:\/\/fomentmolins.cat\/wp-content\/uploads\/2023\/10\/385728515_703265028491624_8336614345621495501_n.jpg\",\"contentUrl\":\"https:\/\/fomentmolins.cat\/wp-content\/uploads\/2023\/10\/385728515_703265028491624_8336614345621495501_n.jpg\",\"width\":1920,\"height\":1080,\"caption\":\"\\\"\u00c9rase una vez los 80\\\": Un viatge nost\u00e0lgic amb Jorge Santini\"},{\"@type\":\"BreadcrumbList\",\"@id\":\"https:\/\/fomentmolins.cat\/es\/erase-una-vez-los-80-un-viaje-nostalgico-con-jorge-santini\/#breadcrumb\",\"itemListElement\":[{\"@type\":\"ListItem\",\"position\":1,\"name\":\"Portada\",\"item\":\"https:\/\/fomentmolins.cat\/es\/\"},{\"@type\":\"ListItem\",\"position\":2,\"name\":\"\u00ab\u00c9rase una vez los 80\u00bb: Un viaje nost\u00e1lgico con Jorge Santini\"}]},{\"@type\":\"WebSite\",\"@id\":\"https:\/\/fomentmolins.cat\/es\/#website\",\"url\":\"https:\/\/fomentmolins.cat\/es\/\",\"name\":\"Foment Molins Cultural\",\"description\":\"\",\"potentialAction\":[{\"@type\":\"SearchAction\",\"target\":{\"@type\":\"EntryPoint\",\"urlTemplate\":\"https:\/\/fomentmolins.cat\/es\/?s={search_term_string}\"},\"query-input\":{\"@type\":\"PropertyValueSpecification\",\"valueRequired\":true,\"valueName\":\"search_term_string\"}}],\"inLanguage\":\"es\"},{\"@type\":\"Person\",\"@id\":\"https:\/\/fomentmolins.cat\/es\/#\/schema\/person\/366c9ce6887138b6a210c9fea54807bd\",\"name\":\"Foment Molins Cultural\",\"image\":{\"@type\":\"ImageObject\",\"inLanguage\":\"es\",\"@id\":\"https:\/\/secure.gravatar.com\/avatar\/688d89467ed947940f11c807b0e20b64f0ff4f530c1edd96b48232ce24094ac4?s=96&d=mm&r=g\",\"url\":\"https:\/\/secure.gravatar.com\/avatar\/688d89467ed947940f11c807b0e20b64f0ff4f530c1edd96b48232ce24094ac4?s=96&d=mm&r=g\",\"contentUrl\":\"https:\/\/secure.gravatar.com\/avatar\/688d89467ed947940f11c807b0e20b64f0ff4f530c1edd96b48232ce24094ac4?s=96&d=mm&r=g\",\"caption\":\"Foment Molins Cultural\"},\"url\":\"https:\/\/fomentmolins.cat\/es\/author\/fomentmolins\/\"}]}<\/script>\n<!-- \/ Yoast SEO plugin. -->","yoast_head_json":{"title":"\"\u00c9rase una vez los 80\": Un viaje nost\u00e1lgico con Jorge Santini - Foment Molins Cultural","description":"\"\u00c9rase una vez los 80\": Un viaje nost\u00e1lgico con Jorge Santini. Fomento Molins en Molins de Rei, Barcelona","robots":{"index":"index","follow":"follow","max-snippet":"max-snippet:-1","max-image-preview":"max-image-preview:large","max-video-preview":"max-video-preview:-1"},"canonical":"https:\/\/fomentmolins.cat\/es\/erase-una-vez-los-80-un-viaje-nostalgico-con-jorge-santini\/","og_locale":"es_ES","og_type":"article","og_title":"\"\u00c9rase una vez los 80\": Un viaje nost\u00e1lgico con Jorge Santini - Foment Molins Cultural","og_description":"\"\u00c9rase una vez los 80\": Un viaje nost\u00e1lgico con Jorge Santini. Fomento Molins en Molins de Rei, Barcelona","og_url":"https:\/\/fomentmolins.cat\/es\/erase-una-vez-los-80-un-viaje-nostalgico-con-jorge-santini\/","og_site_name":"Foment Molins Cultural","article_published_time":"2023-10-03T07:38:07+00:00","article_modified_time":"2023-10-04T10:09:27+00:00","og_image":[{"width":1920,"height":1080,"url":"https:\/\/fomentmolins.cat\/wp-content\/uploads\/2023\/10\/385728515_703265028491624_8336614345621495501_n.jpg","type":"image\/jpeg"}],"author":"Foment Molins Cultural","twitter_card":"summary_large_image","twitter_misc":{"Escrito por":"Foment Molins Cultural","Tiempo de lectura":"1 minuto"},"schema":{"@context":"https:\/\/schema.org","@graph":[{"@type":"Article","@id":"https:\/\/fomentmolins.cat\/es\/erase-una-vez-los-80-un-viaje-nostalgico-con-jorge-santini\/#article","isPartOf":{"@id":"https:\/\/fomentmolins.cat\/es\/erase-una-vez-los-80-un-viaje-nostalgico-con-jorge-santini\/"},"author":{"name":"Foment Molins Cultural","@id":"https:\/\/fomentmolins.cat\/es\/#\/schema\/person\/366c9ce6887138b6a210c9fea54807bd"},"headline":"\u00ab\u00c9rase una vez los 80\u00bb: Un viaje nost\u00e1lgico con Jorge Santini","datePublished":"2023-10-03T07:38:07+00:00","dateModified":"2023-10-04T10:09:27+00:00","mainEntityOfPage":{"@id":"https:\/\/fomentmolins.cat\/es\/erase-una-vez-los-80-un-viaje-nostalgico-con-jorge-santini\/"},"wordCount":295,"commentCount":0,"image":{"@id":"https:\/\/fomentmolins.cat\/es\/erase-una-vez-los-80-un-viaje-nostalgico-con-jorge-santini\/#primaryimage"},"thumbnailUrl":"https:\/\/fomentmolins.cat\/wp-content\/uploads\/2023\/10\/385728515_703265028491624_8336614345621495501_n.jpg","articleSection":["Mon\u00f3logos"],"inLanguage":"es","potentialAction":[{"@type":"CommentAction","name":"Comment","target":["https:\/\/fomentmolins.cat\/es\/erase-una-vez-los-80-un-viaje-nostalgico-con-jorge-santini\/#respond"]}]},{"@type":"WebPage","@id":"https:\/\/fomentmolins.cat\/es\/erase-una-vez-los-80-un-viaje-nostalgico-con-jorge-santini\/","url":"https:\/\/fomentmolins.cat\/es\/erase-una-vez-los-80-un-viaje-nostalgico-con-jorge-santini\/","name":"\"\u00c9rase una vez los 80\": Un viaje nost\u00e1lgico con Jorge Santini - Foment Molins Cultural","isPartOf":{"@id":"https:\/\/fomentmolins.cat\/es\/#website"},"primaryImageOfPage":{"@id":"https:\/\/fomentmolins.cat\/es\/erase-una-vez-los-80-un-viaje-nostalgico-con-jorge-santini\/#primaryimage"},"image":{"@id":"https:\/\/fomentmolins.cat\/es\/erase-una-vez-los-80-un-viaje-nostalgico-con-jorge-santini\/#primaryimage"},"thumbnailUrl":"https:\/\/fomentmolins.cat\/wp-content\/uploads\/2023\/10\/385728515_703265028491624_8336614345621495501_n.jpg","datePublished":"2023-10-03T07:38:07+00:00","dateModified":"2023-10-04T10:09:27+00:00","author":{"@id":"https:\/\/fomentmolins.cat\/es\/#\/schema\/person\/366c9ce6887138b6a210c9fea54807bd"},"description":"\"\u00c9rase una vez los 80\": Un viaje nost\u00e1lgico con Jorge Santini. Fomento Molins en Molins de Rei, Barcelona","breadcrumb":{"@id":"https:\/\/fomentmolins.cat\/es\/erase-una-vez-los-80-un-viaje-nostalgico-con-jorge-santini\/#breadcrumb"},"inLanguage":"es","potentialAction":[{"@type":"ReadAction","target":["https:\/\/fomentmolins.cat\/es\/erase-una-vez-los-80-un-viaje-nostalgico-con-jorge-santini\/"]}]},{"@type":"ImageObject","inLanguage":"es","@id":"https:\/\/fomentmolins.cat\/es\/erase-una-vez-los-80-un-viaje-nostalgico-con-jorge-santini\/#primaryimage","url":"https:\/\/fomentmolins.cat\/wp-content\/uploads\/2023\/10\/385728515_703265028491624_8336614345621495501_n.jpg","contentUrl":"https:\/\/fomentmolins.cat\/wp-content\/uploads\/2023\/10\/385728515_703265028491624_8336614345621495501_n.jpg","width":1920,"height":1080,"caption":"\"\u00c9rase una vez los 80\": Un viatge nost\u00e0lgic amb Jorge Santini"},{"@type":"BreadcrumbList","@id":"https:\/\/fomentmolins.cat\/es\/erase-una-vez-los-80-un-viaje-nostalgico-con-jorge-santini\/#breadcrumb","itemListElement":[{"@type":"ListItem","position":1,"name":"Portada","item":"https:\/\/fomentmolins.cat\/es\/"},{"@type":"ListItem","position":2,"name":"\u00ab\u00c9rase una vez los 80\u00bb: Un viaje nost\u00e1lgico con Jorge Santini"}]},{"@type":"WebSite","@id":"https:\/\/fomentmolins.cat\/es\/#website","url":"https:\/\/fomentmolins.cat\/es\/","name":"Foment Molins Cultural","description":"","potentialAction":[{"@type":"SearchAction","target":{"@type":"EntryPoint","urlTemplate":"https:\/\/fomentmolins.cat\/es\/?s={search_term_string}"},"query-input":{"@type":"PropertyValueSpecification","valueRequired":true,"valueName":"search_term_string"}}],"inLanguage":"es"},{"@type":"Person","@id":"https:\/\/fomentmolins.cat\/es\/#\/schema\/person\/366c9ce6887138b6a210c9fea54807bd","name":"Foment Molins Cultural","image":{"@type":"ImageObject","inLanguage":"es","@id":"https:\/\/secure.gravatar.com\/avatar\/688d89467ed947940f11c807b0e20b64f0ff4f530c1edd96b48232ce24094ac4?s=96&d=mm&r=g","url":"https:\/\/secure.gravatar.com\/avatar\/688d89467ed947940f11c807b0e20b64f0ff4f530c1edd96b48232ce24094ac4?s=96&d=mm&r=g","contentUrl":"https:\/\/secure.gravatar.com\/avatar\/688d89467ed947940f11c807b0e20b64f0ff4f530c1edd96b48232ce24094ac4?s=96&d=mm&r=g","caption":"Foment Molins Cultural"},"url":"https:\/\/fomentmolins.cat\/es\/author\/fomentmolins\/"}]}},"_links":{"self":[{"href":"https:\/\/fomentmolins.cat\/es\/wp-json\/wp\/v2\/posts\/1600","targetHints":{"allow":["GET"]}}],"collection":[{"href":"https:\/\/fomentmolins.cat\/es\/wp-json\/wp\/v2\/posts"}],"about":[{"href":"https:\/\/fomentmolins.cat\/es\/wp-json\/wp\/v2\/types\/post"}],"author":[{"embeddable":true,"href":"https:\/\/fomentmolins.cat\/es\/wp-json\/wp\/v2\/users\/5"}],"replies":[{"embeddable":true,"href":"https:\/\/fomentmolins.cat\/es\/wp-json\/wp\/v2\/comments?post=1600"}],"version-history":[{"count":3,"href":"https:\/\/fomentmolins.cat\/es\/wp-json\/wp\/v2\/posts\/1600\/revisions"}],"predecessor-version":[{"id":1603,"href":"https:\/\/fomentmolins.cat\/es\/wp-json\/wp\/v2\/posts\/1600\/revisions\/1603"}],"wp:featuredmedia":[{"embeddable":true,"href":"https:\/\/fomentmolins.cat\/es\/wp-json\/wp\/v2\/media\/1579"}],"wp:attachment":[{"href":"https:\/\/fomentmolins.cat\/es\/wp-json\/wp\/v2\/media?parent=1600"}],"wp:term":[{"taxonomy":"category","embeddable":true,"href":"https:\/\/fomentmolins.cat\/es\/wp-json\/wp\/v2\/categories?post=1600"},{"taxonomy":"post_tag","embeddable":true,"href":"https:\/\/fomentmolins.cat\/es\/wp-json\/wp\/v2\/tags?post=1600"}],"curies":[{"name":"wp","href":"https:\/\/api.w.org\/{rel}","templated":true}]}}