{"id":1604,"date":"2023-10-04T09:50:49","date_gmt":"2023-10-04T07:50:49","guid":{"rendered":"https:\/\/fomentmolins.cat\/los-secundarios-el-trasfondo-oculto-del-mundo-teatral\/"},"modified":"2023-10-04T12:10:11","modified_gmt":"2023-10-04T10:10:11","slug":"los-secundarios-el-trasfondo-oculto-del-mundo-teatral","status":"publish","type":"post","link":"https:\/\/fomentmolins.cat\/es\/los-secundarios-el-trasfondo-oculto-del-mundo-teatral\/","title":{"rendered":"\u00abLos Secundarios\u00bb, el trasfondo oculto del mundo teatral"},"content":{"rendered":"\n<p><strong>Un viaje por el Paralelo del siglo XX y los h\u00e9roes olvidados del escenario.<\/strong><\/p>\n\n<p>El teatro es un mundo fascinante, lleno de magia, pasi\u00f3n y emoci\u00f3n. Sin embargo, a menudo solo vemos la punta del iceberg, las luces del escenario y las estrellas que brillan con fuerza. Pero, \u00bfqu\u00e9 pasa con aquellos que act\u00faan desde la sombra, los que dan vida a los personajes secundarios o los que trabajan entre bambalinas? \u00abLos Secundarios\u00bb nos abre la puerta a este mundo oculto, rindiendo homenaje a los verdaderos h\u00e9roes olvidados del escenario.<\/p>\n\n<p>Del Paralelo al presente, una tradici\u00f3n viva<\/p>\n\n<p>El Paralelo, conocido como la avenida del teatro de Barcelona, ha sido testigo de numerosas actuaciones y espect\u00e1culos desde principios del siglo XX. Fue el lugar de encuentro de artistas, m\u00fasicos y actores, y jug\u00f3 un papel fundamental en la definici\u00f3n de la cultura popular catalana. Inspir\u00e1ndose en esta rica historia, \u00abLos Secundarios\u00bb nos transporta a una \u00e9poca dorada de la escena teatral, donde el vodevil y la comedia eran los reyes indiscutibles.<\/p>\n\n<p>Historias que hablan en el coraz\u00f3n<\/p>\n\n<p>La pieza se centra en la historia de una actriz y un actor secundarios que, en la intimidad de las camillas de un teatro, comparten sus shows, esperanzas y sue\u00f1os antes de un gran estreno. A trav\u00e9s de sus di\u00e1logos, somos testigos de los desaf\u00edos, alegr\u00edas e incertidumbres que afrontan los artistas cada d\u00eda.<\/p>\n\n<p>Un homenaje a los olvidados<\/p>\n\n<p>M\u00e1s all\u00e1 de ser una simple obra de teatro, \u00abLos Secundarios\u00bb es un tributo a los actores y actrices que han sido relegados al olvido a lo largo de los a\u00f1os. Aquellos que, a pesar de no tener un papel protagonista, han aportado con su pasi\u00f3n y talento al mundo del teatro. Es un llamamiento a reconocer su contribuci\u00f3n y a celebrar la riqueza y diversidad de nuestra historia teatral.<\/p>\n\n<p><strong>\u00abLos Secundarios\u00bb nos invita a mirar m\u00e1s all\u00e1 de las luces del escenario y a descubrir las historias ocultas que se esconden detr\u00e1s de cada producci\u00f3n<\/strong>. Es una oportunidad \u00fanica para conectar con nuestro pasado y valorar a los verdaderos protagonistas que dan vida al arte del teatro. No os perd\u00e1is esta experiencia inolvidable y sumid\u00e9is en un mundo donde el arte y la pasi\u00f3n se dan la mano.<\/p>\n","protected":false},"excerpt":{"rendered":"<p>Un viaje por el Paralelo del siglo XX y los h\u00e9roes olvidados del escenario.<\/p>\n","protected":false},"author":5,"featured_media":1585,"comment_status":"open","ping_status":"closed","sticky":false,"template":"","format":"standard","meta":{"inline_featured_image":false,"footnotes":""},"categories":[102],"tags":[],"class_list":["post-1604","post","type-post","status-publish","format-standard","has-post-thumbnail","hentry","category-teatro"],"yoast_head":"<!-- This site is optimized with the Yoast SEO plugin v27.2 - https:\/\/yoast.com\/product\/yoast-seo-wordpress\/ -->\n<title>&quot;Los Secundarios&quot;, el trasfondo oculto del mundo teatral - Foment Molins Cultural<\/title>\n<meta name=\"description\" content=\"&quot;Los Secundarios&quot;, el trasfondo oculto del mundo teatral. Un viaje por el Paralelo del siglo XX y los h\u00e9roes olvidados del escenario.\" \/>\n<meta name=\"robots\" content=\"index, follow, max-snippet:-1, max-image-preview:large, max-video-preview:-1\" \/>\n<link rel=\"canonical\" href=\"https:\/\/fomentmolins.cat\/es\/los-secundarios-el-trasfondo-oculto-del-mundo-teatral\/\" \/>\n<meta property=\"og:locale\" content=\"es_ES\" \/>\n<meta property=\"og:type\" content=\"article\" \/>\n<meta property=\"og:title\" content=\"&quot;Los Secundarios&quot;, el trasfondo oculto del mundo teatral - Foment Molins Cultural\" \/>\n<meta property=\"og:description\" content=\"&quot;Los Secundarios&quot;, el trasfondo oculto del mundo teatral. Un viaje por el Paralelo del siglo XX y los h\u00e9roes olvidados del escenario.\" \/>\n<meta property=\"og:url\" content=\"https:\/\/fomentmolins.cat\/es\/los-secundarios-el-trasfondo-oculto-del-mundo-teatral\/\" \/>\n<meta property=\"og:site_name\" content=\"Foment Molins Cultural\" \/>\n<meta property=\"article:published_time\" content=\"2023-10-04T07:50:49+00:00\" \/>\n<meta property=\"article:modified_time\" content=\"2023-10-04T10:10:11+00:00\" \/>\n<meta property=\"og:image\" content=\"https:\/\/fomentmolins.cat\/wp-content\/uploads\/2023\/10\/WhatsApp-Image-2023-10-04-at-09.49.50.jpeg\" \/>\n\t<meta property=\"og:image:width\" content=\"1600\" \/>\n\t<meta property=\"og:image:height\" content=\"900\" \/>\n\t<meta property=\"og:image:type\" content=\"image\/jpeg\" \/>\n<meta name=\"author\" content=\"Foment Molins Cultural\" \/>\n<meta name=\"twitter:card\" content=\"summary_large_image\" \/>\n<meta name=\"twitter:label1\" content=\"Escrito por\" \/>\n\t<meta name=\"twitter:data1\" content=\"Foment Molins Cultural\" \/>\n\t<meta name=\"twitter:label2\" content=\"Tiempo de lectura\" \/>\n\t<meta name=\"twitter:data2\" content=\"2 minutos\" \/>\n<script type=\"application\/ld+json\" class=\"yoast-schema-graph\">{\"@context\":\"https:\/\/schema.org\",\"@graph\":[{\"@type\":\"Article\",\"@id\":\"https:\/\/fomentmolins.cat\/es\/los-secundarios-el-trasfondo-oculto-del-mundo-teatral\/#article\",\"isPartOf\":{\"@id\":\"https:\/\/fomentmolins.cat\/es\/los-secundarios-el-trasfondo-oculto-del-mundo-teatral\/\"},\"author\":{\"name\":\"Foment Molins Cultural\",\"@id\":\"https:\/\/fomentmolins.cat\/es\/#\/schema\/person\/366c9ce6887138b6a210c9fea54807bd\"},\"headline\":\"\u00abLos Secundarios\u00bb, el trasfondo oculto del mundo teatral\",\"datePublished\":\"2023-10-04T07:50:49+00:00\",\"dateModified\":\"2023-10-04T10:10:11+00:00\",\"mainEntityOfPage\":{\"@id\":\"https:\/\/fomentmolins.cat\/es\/los-secundarios-el-trasfondo-oculto-del-mundo-teatral\/\"},\"wordCount\":409,\"commentCount\":0,\"image\":{\"@id\":\"https:\/\/fomentmolins.cat\/es\/los-secundarios-el-trasfondo-oculto-del-mundo-teatral\/#primaryimage\"},\"thumbnailUrl\":\"https:\/\/fomentmolins.cat\/wp-content\/uploads\/2023\/10\/WhatsApp-Image-2023-10-04-at-09.49.50.jpeg\",\"articleSection\":[\"Teatro\"],\"inLanguage\":\"es\",\"potentialAction\":[{\"@type\":\"CommentAction\",\"name\":\"Comment\",\"target\":[\"https:\/\/fomentmolins.cat\/es\/los-secundarios-el-trasfondo-oculto-del-mundo-teatral\/#respond\"]}]},{\"@type\":\"WebPage\",\"@id\":\"https:\/\/fomentmolins.cat\/es\/los-secundarios-el-trasfondo-oculto-del-mundo-teatral\/\",\"url\":\"https:\/\/fomentmolins.cat\/es\/los-secundarios-el-trasfondo-oculto-del-mundo-teatral\/\",\"name\":\"\\\"Los Secundarios\\\", el trasfondo oculto del mundo teatral - Foment Molins Cultural\",\"isPartOf\":{\"@id\":\"https:\/\/fomentmolins.cat\/es\/#website\"},\"primaryImageOfPage\":{\"@id\":\"https:\/\/fomentmolins.cat\/es\/los-secundarios-el-trasfondo-oculto-del-mundo-teatral\/#primaryimage\"},\"image\":{\"@id\":\"https:\/\/fomentmolins.cat\/es\/los-secundarios-el-trasfondo-oculto-del-mundo-teatral\/#primaryimage\"},\"thumbnailUrl\":\"https:\/\/fomentmolins.cat\/wp-content\/uploads\/2023\/10\/WhatsApp-Image-2023-10-04-at-09.49.50.jpeg\",\"datePublished\":\"2023-10-04T07:50:49+00:00\",\"dateModified\":\"2023-10-04T10:10:11+00:00\",\"author\":{\"@id\":\"https:\/\/fomentmolins.cat\/es\/#\/schema\/person\/366c9ce6887138b6a210c9fea54807bd\"},\"description\":\"\\\"Los Secundarios\\\", el trasfondo oculto del mundo teatral. Un viaje por el Paralelo del siglo XX y los h\u00e9roes olvidados del escenario.\",\"breadcrumb\":{\"@id\":\"https:\/\/fomentmolins.cat\/es\/los-secundarios-el-trasfondo-oculto-del-mundo-teatral\/#breadcrumb\"},\"inLanguage\":\"es\",\"potentialAction\":[{\"@type\":\"ReadAction\",\"target\":[\"https:\/\/fomentmolins.cat\/es\/los-secundarios-el-trasfondo-oculto-del-mundo-teatral\/\"]}]},{\"@type\":\"ImageObject\",\"inLanguage\":\"es\",\"@id\":\"https:\/\/fomentmolins.cat\/es\/los-secundarios-el-trasfondo-oculto-del-mundo-teatral\/#primaryimage\",\"url\":\"https:\/\/fomentmolins.cat\/wp-content\/uploads\/2023\/10\/WhatsApp-Image-2023-10-04-at-09.49.50.jpeg\",\"contentUrl\":\"https:\/\/fomentmolins.cat\/wp-content\/uploads\/2023\/10\/WhatsApp-Image-2023-10-04-at-09.49.50.jpeg\",\"width\":1600,\"height\":900,\"caption\":\"Un viatge pel Paral\u00b7lel del segle XX i els herois oblidats de l'escenari. El teatre \u00e9s un m\u00f3n fascinant, ple de m\u00e0gia, passi\u00f3 i emoci\u00f3. No obstant aix\u00f2, sovint nom\u00e9s veiem la punta de l'iceberg, les llums de l'escenari i les estrelles que brillen amb for\u00e7a. Per\u00f2, qu\u00e8 passa amb aquells que actuen des de l'ombra, els que donen vida als personatges secundaris o els que treballen entre bambolines? \\\"Els Secundaris\\\" ens obre la porta a aquest m\u00f3n ocult, rendint homenatge als veritables herois oblidats de l'escenari. Del Paral\u00b7lel al present, una tradici\u00f3 viva El Paral\u00b7lel, conegut com l'avinguda del teatre de Barcelona, ha estat testimoni de nombroses actuacions i espectacles des de principis del segle XX. Va ser el lloc de trobada d'artistes, m\u00fasics i actors, i va jugar un paper fonamental en la definici\u00f3 de la cultura popular catalana. Inspirant-se en aquesta rica hist\u00f2ria, \\\"Els Secundaris\\\" ens transporta a una \u00e8poca daurada de l'escena teatral, on el vodevil i la com\u00e8dia eren els reis indiscutibles. Hist\u00f2ries que parlen al cor La pe\u00e7a es centra en la hist\u00f2ria d'una actriu i un actor secundaris que, en la intimitat de les cametes d\u2019un teatre, comparteixen els seus neguits, esperances i somnis abans d'un gran estrena. A trav\u00e9s dels seus di\u00e0legs, som testimonis dels desafiaments, alegries i incerteses que afronten els artistes cada dia. Un homenatge als oblidats M\u00e9s enll\u00e0 de ser una simple obra de teatre, \\\"Els Secundaris\\\" \u00e9s un tribut als actors i actrius que han estat relegats a l'oblit al llarg dels anys. Aquells que, malgrat no tenir un paper protagonista, han aportat amb la seva passi\u00f3 i talent al m\u00f3n del teatre. \u00c9s una crida a recon\u00e8ixer la seva contribuci\u00f3 i a celebrar la riquesa i diversitat de la nostra hist\u00f2ria teatral. \\\"Els Secundaris\\\" ens convida a mirar m\u00e9s enll\u00e0 de les llums de l'escenari i a descobrir les hist\u00f2ries ocultes que s'amaguen darrere de cada producci\u00f3. \u00c9s una oportunitat \u00fanica per connectar amb el nostre passat i valorar els veritables protagonistes que donen vida a l'art del teatre. No us perdeu aquesta experi\u00e8ncia inoblidable i sumiu-vos en un m\u00f3n on l'art i la passi\u00f3 es donen la m\u00e0.\"},{\"@type\":\"BreadcrumbList\",\"@id\":\"https:\/\/fomentmolins.cat\/es\/los-secundarios-el-trasfondo-oculto-del-mundo-teatral\/#breadcrumb\",\"itemListElement\":[{\"@type\":\"ListItem\",\"position\":1,\"name\":\"Portada\",\"item\":\"https:\/\/fomentmolins.cat\/es\/\"},{\"@type\":\"ListItem\",\"position\":2,\"name\":\"\u00abLos Secundarios\u00bb, el trasfondo oculto del mundo teatral\"}]},{\"@type\":\"WebSite\",\"@id\":\"https:\/\/fomentmolins.cat\/es\/#website\",\"url\":\"https:\/\/fomentmolins.cat\/es\/\",\"name\":\"Foment Molins Cultural\",\"description\":\"\",\"potentialAction\":[{\"@type\":\"SearchAction\",\"target\":{\"@type\":\"EntryPoint\",\"urlTemplate\":\"https:\/\/fomentmolins.cat\/es\/?s={search_term_string}\"},\"query-input\":{\"@type\":\"PropertyValueSpecification\",\"valueRequired\":true,\"valueName\":\"search_term_string\"}}],\"inLanguage\":\"es\"},{\"@type\":\"Person\",\"@id\":\"https:\/\/fomentmolins.cat\/es\/#\/schema\/person\/366c9ce6887138b6a210c9fea54807bd\",\"name\":\"Foment Molins Cultural\",\"image\":{\"@type\":\"ImageObject\",\"inLanguage\":\"es\",\"@id\":\"https:\/\/secure.gravatar.com\/avatar\/688d89467ed947940f11c807b0e20b64f0ff4f530c1edd96b48232ce24094ac4?s=96&d=mm&r=g\",\"url\":\"https:\/\/secure.gravatar.com\/avatar\/688d89467ed947940f11c807b0e20b64f0ff4f530c1edd96b48232ce24094ac4?s=96&d=mm&r=g\",\"contentUrl\":\"https:\/\/secure.gravatar.com\/avatar\/688d89467ed947940f11c807b0e20b64f0ff4f530c1edd96b48232ce24094ac4?s=96&d=mm&r=g\",\"caption\":\"Foment Molins Cultural\"},\"url\":\"https:\/\/fomentmolins.cat\/es\/author\/fomentmolins\/\"}]}<\/script>\n<!-- \/ Yoast SEO plugin. -->","yoast_head_json":{"title":"\"Los Secundarios\", el trasfondo oculto del mundo teatral - Foment Molins Cultural","description":"\"Los Secundarios\", el trasfondo oculto del mundo teatral. Un viaje por el Paralelo del siglo XX y los h\u00e9roes olvidados del escenario.","robots":{"index":"index","follow":"follow","max-snippet":"max-snippet:-1","max-image-preview":"max-image-preview:large","max-video-preview":"max-video-preview:-1"},"canonical":"https:\/\/fomentmolins.cat\/es\/los-secundarios-el-trasfondo-oculto-del-mundo-teatral\/","og_locale":"es_ES","og_type":"article","og_title":"\"Los Secundarios\", el trasfondo oculto del mundo teatral - Foment Molins Cultural","og_description":"\"Los Secundarios\", el trasfondo oculto del mundo teatral. Un viaje por el Paralelo del siglo XX y los h\u00e9roes olvidados del escenario.","og_url":"https:\/\/fomentmolins.cat\/es\/los-secundarios-el-trasfondo-oculto-del-mundo-teatral\/","og_site_name":"Foment Molins Cultural","article_published_time":"2023-10-04T07:50:49+00:00","article_modified_time":"2023-10-04T10:10:11+00:00","og_image":[{"width":1600,"height":900,"url":"https:\/\/fomentmolins.cat\/wp-content\/uploads\/2023\/10\/WhatsApp-Image-2023-10-04-at-09.49.50.jpeg","type":"image\/jpeg"}],"author":"Foment Molins Cultural","twitter_card":"summary_large_image","twitter_misc":{"Escrito por":"Foment Molins Cultural","Tiempo de lectura":"2 minutos"},"schema":{"@context":"https:\/\/schema.org","@graph":[{"@type":"Article","@id":"https:\/\/fomentmolins.cat\/es\/los-secundarios-el-trasfondo-oculto-del-mundo-teatral\/#article","isPartOf":{"@id":"https:\/\/fomentmolins.cat\/es\/los-secundarios-el-trasfondo-oculto-del-mundo-teatral\/"},"author":{"name":"Foment Molins Cultural","@id":"https:\/\/fomentmolins.cat\/es\/#\/schema\/person\/366c9ce6887138b6a210c9fea54807bd"},"headline":"\u00abLos Secundarios\u00bb, el trasfondo oculto del mundo teatral","datePublished":"2023-10-04T07:50:49+00:00","dateModified":"2023-10-04T10:10:11+00:00","mainEntityOfPage":{"@id":"https:\/\/fomentmolins.cat\/es\/los-secundarios-el-trasfondo-oculto-del-mundo-teatral\/"},"wordCount":409,"commentCount":0,"image":{"@id":"https:\/\/fomentmolins.cat\/es\/los-secundarios-el-trasfondo-oculto-del-mundo-teatral\/#primaryimage"},"thumbnailUrl":"https:\/\/fomentmolins.cat\/wp-content\/uploads\/2023\/10\/WhatsApp-Image-2023-10-04-at-09.49.50.jpeg","articleSection":["Teatro"],"inLanguage":"es","potentialAction":[{"@type":"CommentAction","name":"Comment","target":["https:\/\/fomentmolins.cat\/es\/los-secundarios-el-trasfondo-oculto-del-mundo-teatral\/#respond"]}]},{"@type":"WebPage","@id":"https:\/\/fomentmolins.cat\/es\/los-secundarios-el-trasfondo-oculto-del-mundo-teatral\/","url":"https:\/\/fomentmolins.cat\/es\/los-secundarios-el-trasfondo-oculto-del-mundo-teatral\/","name":"\"Los Secundarios\", el trasfondo oculto del mundo teatral - Foment Molins Cultural","isPartOf":{"@id":"https:\/\/fomentmolins.cat\/es\/#website"},"primaryImageOfPage":{"@id":"https:\/\/fomentmolins.cat\/es\/los-secundarios-el-trasfondo-oculto-del-mundo-teatral\/#primaryimage"},"image":{"@id":"https:\/\/fomentmolins.cat\/es\/los-secundarios-el-trasfondo-oculto-del-mundo-teatral\/#primaryimage"},"thumbnailUrl":"https:\/\/fomentmolins.cat\/wp-content\/uploads\/2023\/10\/WhatsApp-Image-2023-10-04-at-09.49.50.jpeg","datePublished":"2023-10-04T07:50:49+00:00","dateModified":"2023-10-04T10:10:11+00:00","author":{"@id":"https:\/\/fomentmolins.cat\/es\/#\/schema\/person\/366c9ce6887138b6a210c9fea54807bd"},"description":"\"Los Secundarios\", el trasfondo oculto del mundo teatral. Un viaje por el Paralelo del siglo XX y los h\u00e9roes olvidados del escenario.","breadcrumb":{"@id":"https:\/\/fomentmolins.cat\/es\/los-secundarios-el-trasfondo-oculto-del-mundo-teatral\/#breadcrumb"},"inLanguage":"es","potentialAction":[{"@type":"ReadAction","target":["https:\/\/fomentmolins.cat\/es\/los-secundarios-el-trasfondo-oculto-del-mundo-teatral\/"]}]},{"@type":"ImageObject","inLanguage":"es","@id":"https:\/\/fomentmolins.cat\/es\/los-secundarios-el-trasfondo-oculto-del-mundo-teatral\/#primaryimage","url":"https:\/\/fomentmolins.cat\/wp-content\/uploads\/2023\/10\/WhatsApp-Image-2023-10-04-at-09.49.50.jpeg","contentUrl":"https:\/\/fomentmolins.cat\/wp-content\/uploads\/2023\/10\/WhatsApp-Image-2023-10-04-at-09.49.50.jpeg","width":1600,"height":900,"caption":"Un viatge pel Paral\u00b7lel del segle XX i els herois oblidats de l'escenari. El teatre \u00e9s un m\u00f3n fascinant, ple de m\u00e0gia, passi\u00f3 i emoci\u00f3. No obstant aix\u00f2, sovint nom\u00e9s veiem la punta de l'iceberg, les llums de l'escenari i les estrelles que brillen amb for\u00e7a. Per\u00f2, qu\u00e8 passa amb aquells que actuen des de l'ombra, els que donen vida als personatges secundaris o els que treballen entre bambolines? \"Els Secundaris\" ens obre la porta a aquest m\u00f3n ocult, rendint homenatge als veritables herois oblidats de l'escenari. Del Paral\u00b7lel al present, una tradici\u00f3 viva El Paral\u00b7lel, conegut com l'avinguda del teatre de Barcelona, ha estat testimoni de nombroses actuacions i espectacles des de principis del segle XX. Va ser el lloc de trobada d'artistes, m\u00fasics i actors, i va jugar un paper fonamental en la definici\u00f3 de la cultura popular catalana. Inspirant-se en aquesta rica hist\u00f2ria, \"Els Secundaris\" ens transporta a una \u00e8poca daurada de l'escena teatral, on el vodevil i la com\u00e8dia eren els reis indiscutibles. Hist\u00f2ries que parlen al cor La pe\u00e7a es centra en la hist\u00f2ria d'una actriu i un actor secundaris que, en la intimitat de les cametes d\u2019un teatre, comparteixen els seus neguits, esperances i somnis abans d'un gran estrena. A trav\u00e9s dels seus di\u00e0legs, som testimonis dels desafiaments, alegries i incerteses que afronten els artistes cada dia. Un homenatge als oblidats M\u00e9s enll\u00e0 de ser una simple obra de teatre, \"Els Secundaris\" \u00e9s un tribut als actors i actrius que han estat relegats a l'oblit al llarg dels anys. Aquells que, malgrat no tenir un paper protagonista, han aportat amb la seva passi\u00f3 i talent al m\u00f3n del teatre. \u00c9s una crida a recon\u00e8ixer la seva contribuci\u00f3 i a celebrar la riquesa i diversitat de la nostra hist\u00f2ria teatral. \"Els Secundaris\" ens convida a mirar m\u00e9s enll\u00e0 de les llums de l'escenari i a descobrir les hist\u00f2ries ocultes que s'amaguen darrere de cada producci\u00f3. \u00c9s una oportunitat \u00fanica per connectar amb el nostre passat i valorar els veritables protagonistes que donen vida a l'art del teatre. No us perdeu aquesta experi\u00e8ncia inoblidable i sumiu-vos en un m\u00f3n on l'art i la passi\u00f3 es donen la m\u00e0."},{"@type":"BreadcrumbList","@id":"https:\/\/fomentmolins.cat\/es\/los-secundarios-el-trasfondo-oculto-del-mundo-teatral\/#breadcrumb","itemListElement":[{"@type":"ListItem","position":1,"name":"Portada","item":"https:\/\/fomentmolins.cat\/es\/"},{"@type":"ListItem","position":2,"name":"\u00abLos Secundarios\u00bb, el trasfondo oculto del mundo teatral"}]},{"@type":"WebSite","@id":"https:\/\/fomentmolins.cat\/es\/#website","url":"https:\/\/fomentmolins.cat\/es\/","name":"Foment Molins Cultural","description":"","potentialAction":[{"@type":"SearchAction","target":{"@type":"EntryPoint","urlTemplate":"https:\/\/fomentmolins.cat\/es\/?s={search_term_string}"},"query-input":{"@type":"PropertyValueSpecification","valueRequired":true,"valueName":"search_term_string"}}],"inLanguage":"es"},{"@type":"Person","@id":"https:\/\/fomentmolins.cat\/es\/#\/schema\/person\/366c9ce6887138b6a210c9fea54807bd","name":"Foment Molins Cultural","image":{"@type":"ImageObject","inLanguage":"es","@id":"https:\/\/secure.gravatar.com\/avatar\/688d89467ed947940f11c807b0e20b64f0ff4f530c1edd96b48232ce24094ac4?s=96&d=mm&r=g","url":"https:\/\/secure.gravatar.com\/avatar\/688d89467ed947940f11c807b0e20b64f0ff4f530c1edd96b48232ce24094ac4?s=96&d=mm&r=g","contentUrl":"https:\/\/secure.gravatar.com\/avatar\/688d89467ed947940f11c807b0e20b64f0ff4f530c1edd96b48232ce24094ac4?s=96&d=mm&r=g","caption":"Foment Molins Cultural"},"url":"https:\/\/fomentmolins.cat\/es\/author\/fomentmolins\/"}]}},"_links":{"self":[{"href":"https:\/\/fomentmolins.cat\/es\/wp-json\/wp\/v2\/posts\/1604","targetHints":{"allow":["GET"]}}],"collection":[{"href":"https:\/\/fomentmolins.cat\/es\/wp-json\/wp\/v2\/posts"}],"about":[{"href":"https:\/\/fomentmolins.cat\/es\/wp-json\/wp\/v2\/types\/post"}],"author":[{"embeddable":true,"href":"https:\/\/fomentmolins.cat\/es\/wp-json\/wp\/v2\/users\/5"}],"replies":[{"embeddable":true,"href":"https:\/\/fomentmolins.cat\/es\/wp-json\/wp\/v2\/comments?post=1604"}],"version-history":[{"count":3,"href":"https:\/\/fomentmolins.cat\/es\/wp-json\/wp\/v2\/posts\/1604\/revisions"}],"predecessor-version":[{"id":1607,"href":"https:\/\/fomentmolins.cat\/es\/wp-json\/wp\/v2\/posts\/1604\/revisions\/1607"}],"wp:featuredmedia":[{"embeddable":true,"href":"https:\/\/fomentmolins.cat\/es\/wp-json\/wp\/v2\/media\/1585"}],"wp:attachment":[{"href":"https:\/\/fomentmolins.cat\/es\/wp-json\/wp\/v2\/media?parent=1604"}],"wp:term":[{"taxonomy":"category","embeddable":true,"href":"https:\/\/fomentmolins.cat\/es\/wp-json\/wp\/v2\/categories?post=1604"},{"taxonomy":"post_tag","embeddable":true,"href":"https:\/\/fomentmolins.cat\/es\/wp-json\/wp\/v2\/tags?post=1604"}],"curies":[{"name":"wp","href":"https:\/\/api.w.org\/{rel}","templated":true}]}}