{"id":1768,"date":"2023-10-26T19:53:49","date_gmt":"2023-10-26T17:53:49","guid":{"rendered":"https:\/\/fomentmolins.cat\/?p=1768"},"modified":"2023-12-02T19:59:22","modified_gmt":"2023-12-02T18:59:22","slug":"descobreix-el-que-succeeix-darrere-del-telo-la-magia-oculta-del-teatre","status":"publish","type":"post","link":"https:\/\/fomentmolins.cat\/es\/descobreix-el-que-succeeix-darrere-del-telo-la-magia-oculta-del-teatre\/","title":{"rendered":"Descobreix el que succeeix darrere del tel\u00f3, la m\u00e0gia oculta del teatre"},"content":{"rendered":"\n<p><em><strong>El m\u00f3n desconegut darrere de l&#8217;escenari: cordes, telons i tecnologia que donen vida a cada espectacle<\/strong><\/em><\/p>\n\n\n\n<p>El teatre, amb la seva rica hist\u00f2ria i tradici\u00f3, ha estat sempre un lloc de m\u00e0gia i meravella. Per\u00f2 mentre la majoria dels espectadors es queden captivats per les actuacions i la hist\u00f2ria que es desplega davant dels seus ulls, hi ha tot un m\u00f3n que es desenvolupa darrere del tel\u00f3 que sovint queda fora de la vista.<\/p>\n\n\n\n<p><strong>Els secrets darrere de l&#8217;escenari<\/strong><\/p>\n\n\n\n<p>Quan els llums s&#8217;apaguen i l&#8217;escenari s&#8217;il\u00b7lumina, tot sembla funcionar com per art de m\u00e0gia. Per\u00f2 darrere d&#8217;aquesta m\u00e0gia hi ha un treball meticul\u00f3s i una coordinaci\u00f3 perfecta. Des de les intricades cordes que mouen els telons fins als sofisticats sistemes d&#8217;il\u00b7luminaci\u00f3 i so, cada detall est\u00e0 optimitzat per oferir al p\u00fablic una experi\u00e8ncia inoblidable.<\/p>\n\n\n\n<p>Les galeries s\u00f3n passadissos estrets que connecten diferents parts del teatre. Aquestes rutes secretes permeten als actors i al personal moure&#8217;s r\u00e0pidament d&#8217;un lloc a un altre sense ser vistos pel p\u00fablic. A m\u00e9s, contenen tota la infraestructura necess\u00e0ria, com ara cables, llums i altres equips, per assegurar-se que l&#8217;espectacle continu\u00ef sense interrupcions.<\/p>\n\n\n\n<p>Amb l&#8217;avan\u00e7 de la tecnologia, els teatres han adoptat innovacions que han revolucionat la forma com es presenten les obres. Sistemes d&#8217;il\u00b7luminaci\u00f3 avan\u00e7ats, equips de so de \u00faltima generaci\u00f3 i efectes especials s\u00f3n nom\u00e9s algunes de les coses que contribueixen a crear una atmosfera m\u00e0gica.<\/p>\n\n\n\n<p><strong>La pr\u00f2xima vegada que assisteixis a una obra de teatre, recorda tot el treball i la dedicaci\u00f3 que hi ha darrere de cada escena.<\/strong> <strong>El m\u00f3n darrere del tel\u00f3 \u00e9s tan fascinant com l&#8217;espectacle en si mateix, i \u00e9s el que fa que l&#8217;experi\u00e8ncia del teatre sigui veritablement \u00fanica.<\/strong><\/p>\n\n\n\n<figure class=\"wp-block-gallery has-nested-images columns-default is-cropped wp-block-gallery-1 is-layout-flex wp-block-gallery-is-layout-flex\">\n<figure class=\"wp-block-image size-large\"><img loading=\"lazy\" decoding=\"async\" width=\"768\" height=\"1024\" data-id=\"1770\" src=\"https:\/\/fomentmolins.cat\/wp-content\/uploads\/2023\/12\/02-768x1024.jpg\" alt=\"\" class=\"wp-image-1770\" srcset=\"https:\/\/fomentmolins.cat\/wp-content\/uploads\/2023\/12\/02-768x1024.jpg 768w, https:\/\/fomentmolins.cat\/wp-content\/uploads\/2023\/12\/02-225x300.jpg 225w, https:\/\/fomentmolins.cat\/wp-content\/uploads\/2023\/12\/02-1152x1536.jpg 1152w, https:\/\/fomentmolins.cat\/wp-content\/uploads\/2023\/12\/02.jpg 1530w\" sizes=\"auto, (max-width: 768px) 100vw, 768px\" \/><\/figure>\n\n\n\n<figure class=\"wp-block-image size-large\"><img loading=\"lazy\" decoding=\"async\" width=\"1024\" height=\"768\" data-id=\"1775\" src=\"https:\/\/fomentmolins.cat\/wp-content\/uploads\/2023\/12\/03-1024x768.jpg\" alt=\"\" class=\"wp-image-1775\" srcset=\"https:\/\/fomentmolins.cat\/wp-content\/uploads\/2023\/12\/03-1024x768.jpg 1024w, https:\/\/fomentmolins.cat\/wp-content\/uploads\/2023\/12\/03-300x225.jpg 300w, https:\/\/fomentmolins.cat\/wp-content\/uploads\/2023\/12\/03-768x576.jpg 768w, https:\/\/fomentmolins.cat\/wp-content\/uploads\/2023\/12\/03-1536x1152.jpg 1536w, https:\/\/fomentmolins.cat\/wp-content\/uploads\/2023\/12\/03.jpg 2040w\" sizes=\"auto, (max-width: 1024px) 100vw, 1024px\" \/><\/figure>\n\n\n\n<figure class=\"wp-block-image size-large\"><img loading=\"lazy\" decoding=\"async\" width=\"1024\" height=\"768\" data-id=\"1772\" src=\"https:\/\/fomentmolins.cat\/wp-content\/uploads\/2023\/12\/04-1024x768.jpg\" alt=\"\" class=\"wp-image-1772\" srcset=\"https:\/\/fomentmolins.cat\/wp-content\/uploads\/2023\/12\/04-1024x768.jpg 1024w, https:\/\/fomentmolins.cat\/wp-content\/uploads\/2023\/12\/04-300x225.jpg 300w, https:\/\/fomentmolins.cat\/wp-content\/uploads\/2023\/12\/04-768x576.jpg 768w, https:\/\/fomentmolins.cat\/wp-content\/uploads\/2023\/12\/04-1536x1152.jpg 1536w, https:\/\/fomentmolins.cat\/wp-content\/uploads\/2023\/12\/04.jpg 2040w\" sizes=\"auto, (max-width: 1024px) 100vw, 1024px\" \/><\/figure>\n\n\n\n<figure class=\"wp-block-image size-large\"><img loading=\"lazy\" decoding=\"async\" width=\"1024\" height=\"768\" data-id=\"1769\" src=\"https:\/\/fomentmolins.cat\/wp-content\/uploads\/2023\/12\/01-1024x768.jpg\" alt=\"\" class=\"wp-image-1769\" srcset=\"https:\/\/fomentmolins.cat\/wp-content\/uploads\/2023\/12\/01-1024x768.jpg 1024w, https:\/\/fomentmolins.cat\/wp-content\/uploads\/2023\/12\/01-300x225.jpg 300w, https:\/\/fomentmolins.cat\/wp-content\/uploads\/2023\/12\/01-768x576.jpg 768w, https:\/\/fomentmolins.cat\/wp-content\/uploads\/2023\/12\/01-1536x1152.jpg 1536w, https:\/\/fomentmolins.cat\/wp-content\/uploads\/2023\/12\/01.jpg 2040w\" sizes=\"auto, (max-width: 1024px) 100vw, 1024px\" \/><\/figure>\n\n\n\n<figure class=\"wp-block-image size-large\"><img loading=\"lazy\" decoding=\"async\" width=\"768\" height=\"1024\" data-id=\"1771\" src=\"https:\/\/fomentmolins.cat\/wp-content\/uploads\/2023\/12\/05-768x1024.jpg\" alt=\"\" class=\"wp-image-1771\" srcset=\"https:\/\/fomentmolins.cat\/wp-content\/uploads\/2023\/12\/05-768x1024.jpg 768w, https:\/\/fomentmolins.cat\/wp-content\/uploads\/2023\/12\/05-225x300.jpg 225w, https:\/\/fomentmolins.cat\/wp-content\/uploads\/2023\/12\/05-1152x1536.jpg 1152w, https:\/\/fomentmolins.cat\/wp-content\/uploads\/2023\/12\/05.jpg 1530w\" sizes=\"auto, (max-width: 768px) 100vw, 768px\" \/><\/figure>\n<\/figure>\n","protected":false},"excerpt":{"rendered":"<p>El m\u00f3n desconegut darrere de l&#8217;escenari: cordes, telons i tecnologia que donen vida a cada espectacle<\/p>\n","protected":false},"author":5,"featured_media":1769,"comment_status":"open","ping_status":"closed","sticky":false,"template":"","format":"standard","meta":{"inline_featured_image":false,"footnotes":""},"categories":[1],"tags":[],"class_list":["post-1768","post","type-post","status-publish","format-standard","has-post-thumbnail","hentry","category-sin-categorizar"],"yoast_head":"<!-- This site is optimized with the Yoast SEO plugin v27.2 - https:\/\/yoast.com\/product\/yoast-seo-wordpress\/ -->\n<title>Descobreix el que succeeix darrere del tel\u00f3, la m\u00e0gia oculta del teatre - Foment Molins Cultural<\/title>\n<meta name=\"robots\" content=\"index, follow, max-snippet:-1, max-image-preview:large, max-video-preview:-1\" \/>\n<link rel=\"canonical\" href=\"https:\/\/fomentmolins.cat\/es\/descobreix-el-que-succeeix-darrere-del-telo-la-magia-oculta-del-teatre\/\" \/>\n<meta property=\"og:locale\" content=\"es_ES\" \/>\n<meta property=\"og:type\" content=\"article\" \/>\n<meta property=\"og:title\" content=\"Descobreix el que succeeix darrere del tel\u00f3, la m\u00e0gia oculta del teatre - Foment Molins Cultural\" \/>\n<meta property=\"og:description\" content=\"El m\u00f3n desconegut darrere de l&#039;escenari: cordes, telons i tecnologia que donen vida a cada espectacle\" \/>\n<meta property=\"og:url\" content=\"https:\/\/fomentmolins.cat\/es\/descobreix-el-que-succeeix-darrere-del-telo-la-magia-oculta-del-teatre\/\" \/>\n<meta property=\"og:site_name\" content=\"Foment Molins Cultural\" \/>\n<meta property=\"article:published_time\" content=\"2023-10-26T17:53:49+00:00\" \/>\n<meta property=\"article:modified_time\" content=\"2023-12-02T18:59:22+00:00\" \/>\n<meta property=\"og:image\" content=\"https:\/\/fomentmolins.cat\/wp-content\/uploads\/2023\/12\/01.jpg\" \/>\n\t<meta property=\"og:image:width\" content=\"2040\" \/>\n\t<meta property=\"og:image:height\" content=\"1530\" \/>\n\t<meta property=\"og:image:type\" content=\"image\/jpeg\" \/>\n<meta name=\"author\" content=\"Foment Molins Cultural\" \/>\n<meta name=\"twitter:card\" content=\"summary_large_image\" \/>\n<meta name=\"twitter:label1\" content=\"Escrito por\" \/>\n\t<meta name=\"twitter:data1\" content=\"Foment Molins Cultural\" \/>\n\t<meta name=\"twitter:label2\" content=\"Tiempo de lectura\" \/>\n\t<meta name=\"twitter:data2\" content=\"3 minutos\" \/>\n<script type=\"application\/ld+json\" class=\"yoast-schema-graph\">{\"@context\":\"https:\/\/schema.org\",\"@graph\":[{\"@type\":\"Article\",\"@id\":\"https:\/\/fomentmolins.cat\/es\/descobreix-el-que-succeeix-darrere-del-telo-la-magia-oculta-del-teatre\/#article\",\"isPartOf\":{\"@id\":\"https:\/\/fomentmolins.cat\/es\/descobreix-el-que-succeeix-darrere-del-telo-la-magia-oculta-del-teatre\/\"},\"author\":{\"name\":\"Foment Molins Cultural\",\"@id\":\"https:\/\/fomentmolins.cat\/es\/#\/schema\/person\/366c9ce6887138b6a210c9fea54807bd\"},\"headline\":\"Descobreix el que succeeix darrere del tel\u00f3, la m\u00e0gia oculta del teatre\",\"datePublished\":\"2023-10-26T17:53:49+00:00\",\"dateModified\":\"2023-12-02T18:59:22+00:00\",\"mainEntityOfPage\":{\"@id\":\"https:\/\/fomentmolins.cat\/es\/descobreix-el-que-succeeix-darrere-del-telo-la-magia-oculta-del-teatre\/\"},\"wordCount\":333,\"commentCount\":0,\"image\":{\"@id\":\"https:\/\/fomentmolins.cat\/es\/descobreix-el-que-succeeix-darrere-del-telo-la-magia-oculta-del-teatre\/#primaryimage\"},\"thumbnailUrl\":\"https:\/\/fomentmolins.cat\/wp-content\/uploads\/2023\/12\/01.jpg\",\"articleSection\":[\"Sin categorizar\"],\"inLanguage\":\"es\",\"potentialAction\":[{\"@type\":\"CommentAction\",\"name\":\"Comment\",\"target\":[\"https:\/\/fomentmolins.cat\/es\/descobreix-el-que-succeeix-darrere-del-telo-la-magia-oculta-del-teatre\/#respond\"]}]},{\"@type\":\"WebPage\",\"@id\":\"https:\/\/fomentmolins.cat\/es\/descobreix-el-que-succeeix-darrere-del-telo-la-magia-oculta-del-teatre\/\",\"url\":\"https:\/\/fomentmolins.cat\/es\/descobreix-el-que-succeeix-darrere-del-telo-la-magia-oculta-del-teatre\/\",\"name\":\"Descobreix el que succeeix darrere del tel\u00f3, la m\u00e0gia oculta del teatre - Foment Molins Cultural\",\"isPartOf\":{\"@id\":\"https:\/\/fomentmolins.cat\/es\/#website\"},\"primaryImageOfPage\":{\"@id\":\"https:\/\/fomentmolins.cat\/es\/descobreix-el-que-succeeix-darrere-del-telo-la-magia-oculta-del-teatre\/#primaryimage\"},\"image\":{\"@id\":\"https:\/\/fomentmolins.cat\/es\/descobreix-el-que-succeeix-darrere-del-telo-la-magia-oculta-del-teatre\/#primaryimage\"},\"thumbnailUrl\":\"https:\/\/fomentmolins.cat\/wp-content\/uploads\/2023\/12\/01.jpg\",\"datePublished\":\"2023-10-26T17:53:49+00:00\",\"dateModified\":\"2023-12-02T18:59:22+00:00\",\"author\":{\"@id\":\"https:\/\/fomentmolins.cat\/es\/#\/schema\/person\/366c9ce6887138b6a210c9fea54807bd\"},\"breadcrumb\":{\"@id\":\"https:\/\/fomentmolins.cat\/es\/descobreix-el-que-succeeix-darrere-del-telo-la-magia-oculta-del-teatre\/#breadcrumb\"},\"inLanguage\":\"es\",\"potentialAction\":[{\"@type\":\"ReadAction\",\"target\":[\"https:\/\/fomentmolins.cat\/es\/descobreix-el-que-succeeix-darrere-del-telo-la-magia-oculta-del-teatre\/\"]}]},{\"@type\":\"ImageObject\",\"inLanguage\":\"es\",\"@id\":\"https:\/\/fomentmolins.cat\/es\/descobreix-el-que-succeeix-darrere-del-telo-la-magia-oculta-del-teatre\/#primaryimage\",\"url\":\"https:\/\/fomentmolins.cat\/wp-content\/uploads\/2023\/12\/01.jpg\",\"contentUrl\":\"https:\/\/fomentmolins.cat\/wp-content\/uploads\/2023\/12\/01.jpg\",\"width\":2040,\"height\":1530},{\"@type\":\"BreadcrumbList\",\"@id\":\"https:\/\/fomentmolins.cat\/es\/descobreix-el-que-succeeix-darrere-del-telo-la-magia-oculta-del-teatre\/#breadcrumb\",\"itemListElement\":[{\"@type\":\"ListItem\",\"position\":1,\"name\":\"Portada\",\"item\":\"https:\/\/fomentmolins.cat\/es\/\"},{\"@type\":\"ListItem\",\"position\":2,\"name\":\"Descobreix el que succeeix darrere del tel\u00f3, la m\u00e0gia oculta del teatre\"}]},{\"@type\":\"WebSite\",\"@id\":\"https:\/\/fomentmolins.cat\/es\/#website\",\"url\":\"https:\/\/fomentmolins.cat\/es\/\",\"name\":\"Foment Molins Cultural\",\"description\":\"\",\"potentialAction\":[{\"@type\":\"SearchAction\",\"target\":{\"@type\":\"EntryPoint\",\"urlTemplate\":\"https:\/\/fomentmolins.cat\/es\/?s={search_term_string}\"},\"query-input\":{\"@type\":\"PropertyValueSpecification\",\"valueRequired\":true,\"valueName\":\"search_term_string\"}}],\"inLanguage\":\"es\"},{\"@type\":\"Person\",\"@id\":\"https:\/\/fomentmolins.cat\/es\/#\/schema\/person\/366c9ce6887138b6a210c9fea54807bd\",\"name\":\"Foment Molins Cultural\",\"image\":{\"@type\":\"ImageObject\",\"inLanguage\":\"es\",\"@id\":\"https:\/\/secure.gravatar.com\/avatar\/688d89467ed947940f11c807b0e20b64f0ff4f530c1edd96b48232ce24094ac4?s=96&d=mm&r=g\",\"url\":\"https:\/\/secure.gravatar.com\/avatar\/688d89467ed947940f11c807b0e20b64f0ff4f530c1edd96b48232ce24094ac4?s=96&d=mm&r=g\",\"contentUrl\":\"https:\/\/secure.gravatar.com\/avatar\/688d89467ed947940f11c807b0e20b64f0ff4f530c1edd96b48232ce24094ac4?s=96&d=mm&r=g\",\"caption\":\"Foment Molins Cultural\"},\"url\":\"https:\/\/fomentmolins.cat\/es\/author\/fomentmolins\/\"}]}<\/script>\n<!-- \/ Yoast SEO plugin. -->","yoast_head_json":{"title":"Descobreix el que succeeix darrere del tel\u00f3, la m\u00e0gia oculta del teatre - Foment Molins Cultural","robots":{"index":"index","follow":"follow","max-snippet":"max-snippet:-1","max-image-preview":"max-image-preview:large","max-video-preview":"max-video-preview:-1"},"canonical":"https:\/\/fomentmolins.cat\/es\/descobreix-el-que-succeeix-darrere-del-telo-la-magia-oculta-del-teatre\/","og_locale":"es_ES","og_type":"article","og_title":"Descobreix el que succeeix darrere del tel\u00f3, la m\u00e0gia oculta del teatre - Foment Molins Cultural","og_description":"El m\u00f3n desconegut darrere de l'escenari: cordes, telons i tecnologia que donen vida a cada espectacle","og_url":"https:\/\/fomentmolins.cat\/es\/descobreix-el-que-succeeix-darrere-del-telo-la-magia-oculta-del-teatre\/","og_site_name":"Foment Molins Cultural","article_published_time":"2023-10-26T17:53:49+00:00","article_modified_time":"2023-12-02T18:59:22+00:00","og_image":[{"width":2040,"height":1530,"url":"https:\/\/fomentmolins.cat\/wp-content\/uploads\/2023\/12\/01.jpg","type":"image\/jpeg"}],"author":"Foment Molins Cultural","twitter_card":"summary_large_image","twitter_misc":{"Escrito por":"Foment Molins Cultural","Tiempo de lectura":"3 minutos"},"schema":{"@context":"https:\/\/schema.org","@graph":[{"@type":"Article","@id":"https:\/\/fomentmolins.cat\/es\/descobreix-el-que-succeeix-darrere-del-telo-la-magia-oculta-del-teatre\/#article","isPartOf":{"@id":"https:\/\/fomentmolins.cat\/es\/descobreix-el-que-succeeix-darrere-del-telo-la-magia-oculta-del-teatre\/"},"author":{"name":"Foment Molins Cultural","@id":"https:\/\/fomentmolins.cat\/es\/#\/schema\/person\/366c9ce6887138b6a210c9fea54807bd"},"headline":"Descobreix el que succeeix darrere del tel\u00f3, la m\u00e0gia oculta del teatre","datePublished":"2023-10-26T17:53:49+00:00","dateModified":"2023-12-02T18:59:22+00:00","mainEntityOfPage":{"@id":"https:\/\/fomentmolins.cat\/es\/descobreix-el-que-succeeix-darrere-del-telo-la-magia-oculta-del-teatre\/"},"wordCount":333,"commentCount":0,"image":{"@id":"https:\/\/fomentmolins.cat\/es\/descobreix-el-que-succeeix-darrere-del-telo-la-magia-oculta-del-teatre\/#primaryimage"},"thumbnailUrl":"https:\/\/fomentmolins.cat\/wp-content\/uploads\/2023\/12\/01.jpg","articleSection":["Sin categorizar"],"inLanguage":"es","potentialAction":[{"@type":"CommentAction","name":"Comment","target":["https:\/\/fomentmolins.cat\/es\/descobreix-el-que-succeeix-darrere-del-telo-la-magia-oculta-del-teatre\/#respond"]}]},{"@type":"WebPage","@id":"https:\/\/fomentmolins.cat\/es\/descobreix-el-que-succeeix-darrere-del-telo-la-magia-oculta-del-teatre\/","url":"https:\/\/fomentmolins.cat\/es\/descobreix-el-que-succeeix-darrere-del-telo-la-magia-oculta-del-teatre\/","name":"Descobreix el que succeeix darrere del tel\u00f3, la m\u00e0gia oculta del teatre - Foment Molins Cultural","isPartOf":{"@id":"https:\/\/fomentmolins.cat\/es\/#website"},"primaryImageOfPage":{"@id":"https:\/\/fomentmolins.cat\/es\/descobreix-el-que-succeeix-darrere-del-telo-la-magia-oculta-del-teatre\/#primaryimage"},"image":{"@id":"https:\/\/fomentmolins.cat\/es\/descobreix-el-que-succeeix-darrere-del-telo-la-magia-oculta-del-teatre\/#primaryimage"},"thumbnailUrl":"https:\/\/fomentmolins.cat\/wp-content\/uploads\/2023\/12\/01.jpg","datePublished":"2023-10-26T17:53:49+00:00","dateModified":"2023-12-02T18:59:22+00:00","author":{"@id":"https:\/\/fomentmolins.cat\/es\/#\/schema\/person\/366c9ce6887138b6a210c9fea54807bd"},"breadcrumb":{"@id":"https:\/\/fomentmolins.cat\/es\/descobreix-el-que-succeeix-darrere-del-telo-la-magia-oculta-del-teatre\/#breadcrumb"},"inLanguage":"es","potentialAction":[{"@type":"ReadAction","target":["https:\/\/fomentmolins.cat\/es\/descobreix-el-que-succeeix-darrere-del-telo-la-magia-oculta-del-teatre\/"]}]},{"@type":"ImageObject","inLanguage":"es","@id":"https:\/\/fomentmolins.cat\/es\/descobreix-el-que-succeeix-darrere-del-telo-la-magia-oculta-del-teatre\/#primaryimage","url":"https:\/\/fomentmolins.cat\/wp-content\/uploads\/2023\/12\/01.jpg","contentUrl":"https:\/\/fomentmolins.cat\/wp-content\/uploads\/2023\/12\/01.jpg","width":2040,"height":1530},{"@type":"BreadcrumbList","@id":"https:\/\/fomentmolins.cat\/es\/descobreix-el-que-succeeix-darrere-del-telo-la-magia-oculta-del-teatre\/#breadcrumb","itemListElement":[{"@type":"ListItem","position":1,"name":"Portada","item":"https:\/\/fomentmolins.cat\/es\/"},{"@type":"ListItem","position":2,"name":"Descobreix el que succeeix darrere del tel\u00f3, la m\u00e0gia oculta del teatre"}]},{"@type":"WebSite","@id":"https:\/\/fomentmolins.cat\/es\/#website","url":"https:\/\/fomentmolins.cat\/es\/","name":"Foment Molins Cultural","description":"","potentialAction":[{"@type":"SearchAction","target":{"@type":"EntryPoint","urlTemplate":"https:\/\/fomentmolins.cat\/es\/?s={search_term_string}"},"query-input":{"@type":"PropertyValueSpecification","valueRequired":true,"valueName":"search_term_string"}}],"inLanguage":"es"},{"@type":"Person","@id":"https:\/\/fomentmolins.cat\/es\/#\/schema\/person\/366c9ce6887138b6a210c9fea54807bd","name":"Foment Molins Cultural","image":{"@type":"ImageObject","inLanguage":"es","@id":"https:\/\/secure.gravatar.com\/avatar\/688d89467ed947940f11c807b0e20b64f0ff4f530c1edd96b48232ce24094ac4?s=96&d=mm&r=g","url":"https:\/\/secure.gravatar.com\/avatar\/688d89467ed947940f11c807b0e20b64f0ff4f530c1edd96b48232ce24094ac4?s=96&d=mm&r=g","contentUrl":"https:\/\/secure.gravatar.com\/avatar\/688d89467ed947940f11c807b0e20b64f0ff4f530c1edd96b48232ce24094ac4?s=96&d=mm&r=g","caption":"Foment Molins Cultural"},"url":"https:\/\/fomentmolins.cat\/es\/author\/fomentmolins\/"}]}},"_links":{"self":[{"href":"https:\/\/fomentmolins.cat\/es\/wp-json\/wp\/v2\/posts\/1768","targetHints":{"allow":["GET"]}}],"collection":[{"href":"https:\/\/fomentmolins.cat\/es\/wp-json\/wp\/v2\/posts"}],"about":[{"href":"https:\/\/fomentmolins.cat\/es\/wp-json\/wp\/v2\/types\/post"}],"author":[{"embeddable":true,"href":"https:\/\/fomentmolins.cat\/es\/wp-json\/wp\/v2\/users\/5"}],"replies":[{"embeddable":true,"href":"https:\/\/fomentmolins.cat\/es\/wp-json\/wp\/v2\/comments?post=1768"}],"version-history":[{"count":1,"href":"https:\/\/fomentmolins.cat\/es\/wp-json\/wp\/v2\/posts\/1768\/revisions"}],"predecessor-version":[{"id":1777,"href":"https:\/\/fomentmolins.cat\/es\/wp-json\/wp\/v2\/posts\/1768\/revisions\/1777"}],"wp:featuredmedia":[{"embeddable":true,"href":"https:\/\/fomentmolins.cat\/es\/wp-json\/wp\/v2\/media\/1769"}],"wp:attachment":[{"href":"https:\/\/fomentmolins.cat\/es\/wp-json\/wp\/v2\/media?parent=1768"}],"wp:term":[{"taxonomy":"category","embeddable":true,"href":"https:\/\/fomentmolins.cat\/es\/wp-json\/wp\/v2\/categories?post=1768"},{"taxonomy":"post_tag","embeddable":true,"href":"https:\/\/fomentmolins.cat\/es\/wp-json\/wp\/v2\/tags?post=1768"}],"curies":[{"name":"wp","href":"https:\/\/api.w.org\/{rel}","templated":true}]}}