{"id":1791,"date":"2023-11-16T20:03:24","date_gmt":"2023-11-16T19:03:24","guid":{"rendered":"https:\/\/fomentmolins.cat\/seccion-de-ajedrez-escuela-de-ajedrez-del-foment-molins\/"},"modified":"2023-12-02T20:20:42","modified_gmt":"2023-12-02T19:20:42","slug":"seccion-de-ajedrez-escuela-de-ajedrez-del-foment-molins","status":"publish","type":"post","link":"https:\/\/fomentmolins.cat\/es\/seccion-de-ajedrez-escuela-de-ajedrez-del-foment-molins\/","title":{"rendered":"Secci\u00f3n de Ajedrez &amp; Escuela de Ajedrez del Foment Molins"},"content":{"rendered":"\n<p>\u00a1Este a\u00f1o, nuestros equipos A y B han brillado en el campeonato de Catalu\u00f1a por equipos! El equipo A, compitiendo en la segunda divisi\u00f3n catalana, ha mantenido su categor\u00eda con orgullo y destreza. <\/p>\n\n<p>Destacamos los logros individuales: la primera posici\u00f3n de \u00c0lex Bogerd en el Gurp B del Internacional de Puebla del Illet y el cuarto puesto del Joan Bosco en el Open Vila de Gr\u00e0cia. \u00a1Aplausos tambi\u00e9n para Marc Garcia por su participaci\u00f3n en los Campeonatos de Espa\u00f1a! <\/p>\n\n<p>Nuestra escuela, con m\u00e1s de 20 a\u00f1os de experiencia, sigue formando a j\u00f3venes talentos. Dirigida a chicas y chicos de 5 a 14 a\u00f1os, las clases de los viernes por la tarde est\u00e1n llenas de aprendizaje y diversi\u00f3n. Dirigida a chicas y chicos de 5 a 14 a\u00f1os, las clases de los viernes por la tarde est\u00e1n llenas de aprendizaje y diversi\u00f3n.<\/p>\n","protected":false},"excerpt":{"rendered":"<p>Nuestra escuela, con m\u00e1s de 20 a\u00f1os de experiencia, sigue formando a j\u00f3venes talentos. Dirigida a chicas y chicos de 5 a 14 a\u00f1os, las clases de los viernes por la tarde est\u00e1n llenas de aprendizaje y diversi\u00f3n<\/p>\n","protected":false},"author":5,"featured_media":1784,"comment_status":"open","ping_status":"closed","sticky":false,"template":"","format":"standard","meta":{"inline_featured_image":false,"footnotes":""},"categories":[109],"tags":[],"class_list":["post-1791","post","type-post","status-publish","format-standard","has-post-thumbnail","hentry","category-ajedrez"],"yoast_head":"<!-- This site is optimized with the Yoast SEO plugin v27.2 - https:\/\/yoast.com\/product\/yoast-seo-wordpress\/ -->\n<title>Secci\u00f3n de Ajedrez &amp; Escuela de Ajedrez del Foment Molins - Foment Molins Cultural<\/title>\n<meta name=\"robots\" content=\"index, follow, max-snippet:-1, max-image-preview:large, max-video-preview:-1\" \/>\n<link rel=\"canonical\" href=\"https:\/\/fomentmolins.cat\/es\/seccion-de-ajedrez-escuela-de-ajedrez-del-foment-molins\/\" \/>\n<meta property=\"og:locale\" content=\"es_ES\" \/>\n<meta property=\"og:type\" content=\"article\" \/>\n<meta property=\"og:title\" content=\"Secci\u00f3n de Ajedrez &amp; Escuela de Ajedrez del Foment Molins - Foment Molins Cultural\" \/>\n<meta property=\"og:description\" content=\"Nuestra escuela, con m\u00e1s de 20 a\u00f1os de experiencia, sigue formando a j\u00f3venes talentos. Dirigida a chicas y chicos de 5 a 14 a\u00f1os, las clases de los viernes por la tarde est\u00e1n llenas de aprendizaje y diversi\u00f3n\" \/>\n<meta property=\"og:url\" content=\"https:\/\/fomentmolins.cat\/es\/seccion-de-ajedrez-escuela-de-ajedrez-del-foment-molins\/\" \/>\n<meta property=\"og:site_name\" content=\"Foment Molins Cultural\" \/>\n<meta property=\"article:published_time\" content=\"2023-11-16T19:03:24+00:00\" \/>\n<meta property=\"article:modified_time\" content=\"2023-12-02T19:20:42+00:00\" \/>\n<meta property=\"og:image\" content=\"https:\/\/fomentmolins.cat\/wp-content\/uploads\/2023\/12\/402331792_729247345893392_8251181350599218366_n.jpg\" \/>\n\t<meta property=\"og:image:width\" content=\"326\" \/>\n\t<meta property=\"og:image:height\" content=\"345\" \/>\n\t<meta property=\"og:image:type\" content=\"image\/jpeg\" \/>\n<meta name=\"author\" content=\"Foment Molins Cultural\" \/>\n<meta name=\"twitter:card\" content=\"summary_large_image\" \/>\n<meta name=\"twitter:label1\" content=\"Escrito por\" \/>\n\t<meta name=\"twitter:data1\" content=\"Foment Molins Cultural\" \/>\n\t<meta name=\"twitter:label2\" content=\"Tiempo de lectura\" \/>\n\t<meta name=\"twitter:data2\" content=\"1 minuto\" \/>\n<script type=\"application\/ld+json\" class=\"yoast-schema-graph\">{\"@context\":\"https:\/\/schema.org\",\"@graph\":[{\"@type\":\"Article\",\"@id\":\"https:\/\/fomentmolins.cat\/es\/seccion-de-ajedrez-escuela-de-ajedrez-del-foment-molins\/#article\",\"isPartOf\":{\"@id\":\"https:\/\/fomentmolins.cat\/es\/seccion-de-ajedrez-escuela-de-ajedrez-del-foment-molins\/\"},\"author\":{\"name\":\"Foment Molins Cultural\",\"@id\":\"https:\/\/fomentmolins.cat\/es\/#\/schema\/person\/366c9ce6887138b6a210c9fea54807bd\"},\"headline\":\"Secci\u00f3n de Ajedrez &amp; Escuela de Ajedrez del Foment Molins\",\"datePublished\":\"2023-11-16T19:03:24+00:00\",\"dateModified\":\"2023-12-02T19:20:42+00:00\",\"mainEntityOfPage\":{\"@id\":\"https:\/\/fomentmolins.cat\/es\/seccion-de-ajedrez-escuela-de-ajedrez-del-foment-molins\/\"},\"wordCount\":165,\"commentCount\":0,\"image\":{\"@id\":\"https:\/\/fomentmolins.cat\/es\/seccion-de-ajedrez-escuela-de-ajedrez-del-foment-molins\/#primaryimage\"},\"thumbnailUrl\":\"https:\/\/fomentmolins.cat\/wp-content\/uploads\/2023\/12\/402331792_729247345893392_8251181350599218366_n.jpg\",\"articleSection\":[\"Ajedrez\"],\"inLanguage\":\"es\",\"potentialAction\":[{\"@type\":\"CommentAction\",\"name\":\"Comment\",\"target\":[\"https:\/\/fomentmolins.cat\/es\/seccion-de-ajedrez-escuela-de-ajedrez-del-foment-molins\/#respond\"]}]},{\"@type\":\"WebPage\",\"@id\":\"https:\/\/fomentmolins.cat\/es\/seccion-de-ajedrez-escuela-de-ajedrez-del-foment-molins\/\",\"url\":\"https:\/\/fomentmolins.cat\/es\/seccion-de-ajedrez-escuela-de-ajedrez-del-foment-molins\/\",\"name\":\"Secci\u00f3n de Ajedrez &amp; Escuela de Ajedrez del Foment Molins - Foment Molins Cultural\",\"isPartOf\":{\"@id\":\"https:\/\/fomentmolins.cat\/es\/#website\"},\"primaryImageOfPage\":{\"@id\":\"https:\/\/fomentmolins.cat\/es\/seccion-de-ajedrez-escuela-de-ajedrez-del-foment-molins\/#primaryimage\"},\"image\":{\"@id\":\"https:\/\/fomentmolins.cat\/es\/seccion-de-ajedrez-escuela-de-ajedrez-del-foment-molins\/#primaryimage\"},\"thumbnailUrl\":\"https:\/\/fomentmolins.cat\/wp-content\/uploads\/2023\/12\/402331792_729247345893392_8251181350599218366_n.jpg\",\"datePublished\":\"2023-11-16T19:03:24+00:00\",\"dateModified\":\"2023-12-02T19:20:42+00:00\",\"author\":{\"@id\":\"https:\/\/fomentmolins.cat\/es\/#\/schema\/person\/366c9ce6887138b6a210c9fea54807bd\"},\"breadcrumb\":{\"@id\":\"https:\/\/fomentmolins.cat\/es\/seccion-de-ajedrez-escuela-de-ajedrez-del-foment-molins\/#breadcrumb\"},\"inLanguage\":\"es\",\"potentialAction\":[{\"@type\":\"ReadAction\",\"target\":[\"https:\/\/fomentmolins.cat\/es\/seccion-de-ajedrez-escuela-de-ajedrez-del-foment-molins\/\"]}]},{\"@type\":\"ImageObject\",\"inLanguage\":\"es\",\"@id\":\"https:\/\/fomentmolins.cat\/es\/seccion-de-ajedrez-escuela-de-ajedrez-del-foment-molins\/#primaryimage\",\"url\":\"https:\/\/fomentmolins.cat\/wp-content\/uploads\/2023\/12\/402331792_729247345893392_8251181350599218366_n.jpg\",\"contentUrl\":\"https:\/\/fomentmolins.cat\/wp-content\/uploads\/2023\/12\/402331792_729247345893392_8251181350599218366_n.jpg\",\"width\":326,\"height\":345,\"caption\":\"\u00a1Este a\u00f1o, nuestros equipos A y B han brillado en el campeonato de Catalu\u00f1a por equipos! El equipo A, compitiendo en la segunda divisi\u00f3n catalana, ha mantenido su categor\u00eda con orgullo y destreza.\"},{\"@type\":\"BreadcrumbList\",\"@id\":\"https:\/\/fomentmolins.cat\/es\/seccion-de-ajedrez-escuela-de-ajedrez-del-foment-molins\/#breadcrumb\",\"itemListElement\":[{\"@type\":\"ListItem\",\"position\":1,\"name\":\"Portada\",\"item\":\"https:\/\/fomentmolins.cat\/es\/\"},{\"@type\":\"ListItem\",\"position\":2,\"name\":\"Secci\u00f3n de Ajedrez &amp; Escuela de Ajedrez del Foment Molins\"}]},{\"@type\":\"WebSite\",\"@id\":\"https:\/\/fomentmolins.cat\/es\/#website\",\"url\":\"https:\/\/fomentmolins.cat\/es\/\",\"name\":\"Foment Molins Cultural\",\"description\":\"\",\"potentialAction\":[{\"@type\":\"SearchAction\",\"target\":{\"@type\":\"EntryPoint\",\"urlTemplate\":\"https:\/\/fomentmolins.cat\/es\/?s={search_term_string}\"},\"query-input\":{\"@type\":\"PropertyValueSpecification\",\"valueRequired\":true,\"valueName\":\"search_term_string\"}}],\"inLanguage\":\"es\"},{\"@type\":\"Person\",\"@id\":\"https:\/\/fomentmolins.cat\/es\/#\/schema\/person\/366c9ce6887138b6a210c9fea54807bd\",\"name\":\"Foment Molins Cultural\",\"image\":{\"@type\":\"ImageObject\",\"inLanguage\":\"es\",\"@id\":\"https:\/\/secure.gravatar.com\/avatar\/688d89467ed947940f11c807b0e20b64f0ff4f530c1edd96b48232ce24094ac4?s=96&d=mm&r=g\",\"url\":\"https:\/\/secure.gravatar.com\/avatar\/688d89467ed947940f11c807b0e20b64f0ff4f530c1edd96b48232ce24094ac4?s=96&d=mm&r=g\",\"contentUrl\":\"https:\/\/secure.gravatar.com\/avatar\/688d89467ed947940f11c807b0e20b64f0ff4f530c1edd96b48232ce24094ac4?s=96&d=mm&r=g\",\"caption\":\"Foment Molins Cultural\"},\"url\":\"https:\/\/fomentmolins.cat\/es\/author\/fomentmolins\/\"}]}<\/script>\n<!-- \/ Yoast SEO plugin. -->","yoast_head_json":{"title":"Secci\u00f3n de Ajedrez &amp; Escuela de Ajedrez del Foment Molins - Foment Molins Cultural","robots":{"index":"index","follow":"follow","max-snippet":"max-snippet:-1","max-image-preview":"max-image-preview:large","max-video-preview":"max-video-preview:-1"},"canonical":"https:\/\/fomentmolins.cat\/es\/seccion-de-ajedrez-escuela-de-ajedrez-del-foment-molins\/","og_locale":"es_ES","og_type":"article","og_title":"Secci\u00f3n de Ajedrez &amp; Escuela de Ajedrez del Foment Molins - Foment Molins Cultural","og_description":"Nuestra escuela, con m\u00e1s de 20 a\u00f1os de experiencia, sigue formando a j\u00f3venes talentos. Dirigida a chicas y chicos de 5 a 14 a\u00f1os, las clases de los viernes por la tarde est\u00e1n llenas de aprendizaje y diversi\u00f3n","og_url":"https:\/\/fomentmolins.cat\/es\/seccion-de-ajedrez-escuela-de-ajedrez-del-foment-molins\/","og_site_name":"Foment Molins Cultural","article_published_time":"2023-11-16T19:03:24+00:00","article_modified_time":"2023-12-02T19:20:42+00:00","og_image":[{"width":326,"height":345,"url":"https:\/\/fomentmolins.cat\/wp-content\/uploads\/2023\/12\/402331792_729247345893392_8251181350599218366_n.jpg","type":"image\/jpeg"}],"author":"Foment Molins Cultural","twitter_card":"summary_large_image","twitter_misc":{"Escrito por":"Foment Molins Cultural","Tiempo de lectura":"1 minuto"},"schema":{"@context":"https:\/\/schema.org","@graph":[{"@type":"Article","@id":"https:\/\/fomentmolins.cat\/es\/seccion-de-ajedrez-escuela-de-ajedrez-del-foment-molins\/#article","isPartOf":{"@id":"https:\/\/fomentmolins.cat\/es\/seccion-de-ajedrez-escuela-de-ajedrez-del-foment-molins\/"},"author":{"name":"Foment Molins Cultural","@id":"https:\/\/fomentmolins.cat\/es\/#\/schema\/person\/366c9ce6887138b6a210c9fea54807bd"},"headline":"Secci\u00f3n de Ajedrez &amp; Escuela de Ajedrez del Foment Molins","datePublished":"2023-11-16T19:03:24+00:00","dateModified":"2023-12-02T19:20:42+00:00","mainEntityOfPage":{"@id":"https:\/\/fomentmolins.cat\/es\/seccion-de-ajedrez-escuela-de-ajedrez-del-foment-molins\/"},"wordCount":165,"commentCount":0,"image":{"@id":"https:\/\/fomentmolins.cat\/es\/seccion-de-ajedrez-escuela-de-ajedrez-del-foment-molins\/#primaryimage"},"thumbnailUrl":"https:\/\/fomentmolins.cat\/wp-content\/uploads\/2023\/12\/402331792_729247345893392_8251181350599218366_n.jpg","articleSection":["Ajedrez"],"inLanguage":"es","potentialAction":[{"@type":"CommentAction","name":"Comment","target":["https:\/\/fomentmolins.cat\/es\/seccion-de-ajedrez-escuela-de-ajedrez-del-foment-molins\/#respond"]}]},{"@type":"WebPage","@id":"https:\/\/fomentmolins.cat\/es\/seccion-de-ajedrez-escuela-de-ajedrez-del-foment-molins\/","url":"https:\/\/fomentmolins.cat\/es\/seccion-de-ajedrez-escuela-de-ajedrez-del-foment-molins\/","name":"Secci\u00f3n de Ajedrez &amp; Escuela de Ajedrez del Foment Molins - Foment Molins Cultural","isPartOf":{"@id":"https:\/\/fomentmolins.cat\/es\/#website"},"primaryImageOfPage":{"@id":"https:\/\/fomentmolins.cat\/es\/seccion-de-ajedrez-escuela-de-ajedrez-del-foment-molins\/#primaryimage"},"image":{"@id":"https:\/\/fomentmolins.cat\/es\/seccion-de-ajedrez-escuela-de-ajedrez-del-foment-molins\/#primaryimage"},"thumbnailUrl":"https:\/\/fomentmolins.cat\/wp-content\/uploads\/2023\/12\/402331792_729247345893392_8251181350599218366_n.jpg","datePublished":"2023-11-16T19:03:24+00:00","dateModified":"2023-12-02T19:20:42+00:00","author":{"@id":"https:\/\/fomentmolins.cat\/es\/#\/schema\/person\/366c9ce6887138b6a210c9fea54807bd"},"breadcrumb":{"@id":"https:\/\/fomentmolins.cat\/es\/seccion-de-ajedrez-escuela-de-ajedrez-del-foment-molins\/#breadcrumb"},"inLanguage":"es","potentialAction":[{"@type":"ReadAction","target":["https:\/\/fomentmolins.cat\/es\/seccion-de-ajedrez-escuela-de-ajedrez-del-foment-molins\/"]}]},{"@type":"ImageObject","inLanguage":"es","@id":"https:\/\/fomentmolins.cat\/es\/seccion-de-ajedrez-escuela-de-ajedrez-del-foment-molins\/#primaryimage","url":"https:\/\/fomentmolins.cat\/wp-content\/uploads\/2023\/12\/402331792_729247345893392_8251181350599218366_n.jpg","contentUrl":"https:\/\/fomentmolins.cat\/wp-content\/uploads\/2023\/12\/402331792_729247345893392_8251181350599218366_n.jpg","width":326,"height":345,"caption":"\u00a1Este a\u00f1o, nuestros equipos A y B han brillado en el campeonato de Catalu\u00f1a por equipos! El equipo A, compitiendo en la segunda divisi\u00f3n catalana, ha mantenido su categor\u00eda con orgullo y destreza."},{"@type":"BreadcrumbList","@id":"https:\/\/fomentmolins.cat\/es\/seccion-de-ajedrez-escuela-de-ajedrez-del-foment-molins\/#breadcrumb","itemListElement":[{"@type":"ListItem","position":1,"name":"Portada","item":"https:\/\/fomentmolins.cat\/es\/"},{"@type":"ListItem","position":2,"name":"Secci\u00f3n de Ajedrez &amp; Escuela de Ajedrez del Foment Molins"}]},{"@type":"WebSite","@id":"https:\/\/fomentmolins.cat\/es\/#website","url":"https:\/\/fomentmolins.cat\/es\/","name":"Foment Molins Cultural","description":"","potentialAction":[{"@type":"SearchAction","target":{"@type":"EntryPoint","urlTemplate":"https:\/\/fomentmolins.cat\/es\/?s={search_term_string}"},"query-input":{"@type":"PropertyValueSpecification","valueRequired":true,"valueName":"search_term_string"}}],"inLanguage":"es"},{"@type":"Person","@id":"https:\/\/fomentmolins.cat\/es\/#\/schema\/person\/366c9ce6887138b6a210c9fea54807bd","name":"Foment Molins Cultural","image":{"@type":"ImageObject","inLanguage":"es","@id":"https:\/\/secure.gravatar.com\/avatar\/688d89467ed947940f11c807b0e20b64f0ff4f530c1edd96b48232ce24094ac4?s=96&d=mm&r=g","url":"https:\/\/secure.gravatar.com\/avatar\/688d89467ed947940f11c807b0e20b64f0ff4f530c1edd96b48232ce24094ac4?s=96&d=mm&r=g","contentUrl":"https:\/\/secure.gravatar.com\/avatar\/688d89467ed947940f11c807b0e20b64f0ff4f530c1edd96b48232ce24094ac4?s=96&d=mm&r=g","caption":"Foment Molins Cultural"},"url":"https:\/\/fomentmolins.cat\/es\/author\/fomentmolins\/"}]}},"_links":{"self":[{"href":"https:\/\/fomentmolins.cat\/es\/wp-json\/wp\/v2\/posts\/1791","targetHints":{"allow":["GET"]}}],"collection":[{"href":"https:\/\/fomentmolins.cat\/es\/wp-json\/wp\/v2\/posts"}],"about":[{"href":"https:\/\/fomentmolins.cat\/es\/wp-json\/wp\/v2\/types\/post"}],"author":[{"embeddable":true,"href":"https:\/\/fomentmolins.cat\/es\/wp-json\/wp\/v2\/users\/5"}],"replies":[{"embeddable":true,"href":"https:\/\/fomentmolins.cat\/es\/wp-json\/wp\/v2\/comments?post=1791"}],"version-history":[{"count":3,"href":"https:\/\/fomentmolins.cat\/es\/wp-json\/wp\/v2\/posts\/1791\/revisions"}],"predecessor-version":[{"id":1794,"href":"https:\/\/fomentmolins.cat\/es\/wp-json\/wp\/v2\/posts\/1791\/revisions\/1794"}],"wp:featuredmedia":[{"embeddable":true,"href":"https:\/\/fomentmolins.cat\/es\/wp-json\/wp\/v2\/media\/1784"}],"wp:attachment":[{"href":"https:\/\/fomentmolins.cat\/es\/wp-json\/wp\/v2\/media?parent=1791"}],"wp:term":[{"taxonomy":"category","embeddable":true,"href":"https:\/\/fomentmolins.cat\/es\/wp-json\/wp\/v2\/categories?post=1791"},{"taxonomy":"post_tag","embeddable":true,"href":"https:\/\/fomentmolins.cat\/es\/wp-json\/wp\/v2\/tags?post=1791"}],"curies":[{"name":"wp","href":"https:\/\/api.w.org\/{rel}","templated":true}]}}