{"id":1795,"date":"2023-12-02T20:15:52","date_gmt":"2023-12-02T19:15:52","guid":{"rendered":"https:\/\/fomentmolins.cat\/esta-navidad-regala-cultura\/"},"modified":"2023-12-02T20:28:57","modified_gmt":"2023-12-02T19:28:57","slug":"esta-navidad-regala-cultura","status":"publish","type":"post","link":"https:\/\/fomentmolins.cat\/es\/esta-navidad-regala-cultura\/","title":{"rendered":"\u00a1Esta Navidad, regala cultura!"},"content":{"rendered":"\n<p><strong>\u00a1Esta Navidad, regala cultura! \u00a1Aprovecha nuestra promoci\u00f3n especial: 3 espect\u00e1culos por s\u00f3lo 50\u20ac! Una oportunidad \u00fanica para gozar del mejor teatro.<\/strong> <\/p>\n\n<div class=\"wp-block-buttons is-layout-flex wp-block-buttons-is-layout-flex\">\n<div class=\"wp-block-button\"><a class=\"wp-block-button__link wp-element-button\" href=\"https:\/\/www.entrapolis.com\/ca\/widgets\/pass\/list\/612\/\" target=\"_blank\" rel=\"noreferrer noopener\">COMPRAR LOS 3 ESPECT\u00c1CULOS POR 50\u20ac<\/a><\/div>\n<\/div>\n\n<div style=\"height:17px\" aria-hidden=\"true\" class=\"wp-block-spacer\"><\/div>\n\n<p><strong>Descubre \u00abLa Pell Fina\u00bb de Carmen Marf\u00e0 y Yago Alonso <\/strong>Una obra que te har\u00e1 re\u00edr y reflexionar. Con un reparto estelar: Angela Cervantes, Biel Duran, Francesc Ferrer y Laura Pau, esta obra lleva a escena las verdades que a menudo evitamos decir. <\/p>\n\n<p>\u00abNacho y Miranda\u00bb, una pareja barcelonesa, visitan unos amigos y su nuevo nacer Jan. Todo toma un giro inesperado cuando se comenta sobre la apariencia del peque\u00f1o&#8230; ya partir de ah\u00ed todo cambia. \u00abLa Pell Fina\u00bb explora los l\u00edmites de la sinceridad y las relaciones personales, rodeado de un toque de humor y realismo. <\/p>\n\n<p>\u00a1M\u00e1rcate el d\u00eda! 21 de enero, 18:00 horas. No te pierdas esa joya teatral que te har\u00e1 pensar y sentir. <\/p>\n\n<p><strong>Descubre \u00abEls Rapinyaires\u00bb <\/strong>Una obra intensa y cautivadora, este domingo 18 de febrero a las 18 horas. Con las actuaciones magistrales de Roser Batalla, Ramon Godino, \u00d3scar Jarque y Rafaela Rivas. <\/p>\n\n<p>Ambientada en los a\u00f1os 80, \u00abEls Rapinyaires\u00bb nos lleva a un peque\u00f1o pueblo rural donde Clara y Bernat buscan una nueva vida lejos del caos de Barcelona. Pero lo que parec\u00eda ser un sue\u00f1o r\u00e1pidamente se convierte en un l\u00edo de dudas, ambiciones y conflictos. Entre la lucha por la propiedad de una casa y los intereses ocultos de los vecinos, esta obra explora las tensiones y deseos humanos con fondos de naturaleza y misterio. <\/p>\n\n<p>Entre la lucha por la propiedad de una casa y los intereses ocultos de los vecinos, esta obra explora las tensiones y deseos humanos con fondos de naturaleza y misterio. <\/p>\n\n<p><strong>No te pierdas \u00abLali Symon\u00bb <\/strong>el 2 de marzo a las 18 horas! Una obra fascinante que combina humor y profundidad emocional, con las brillantes actuaciones de Emma Vilarasau, Mont Plans y J\u00falia Bonjoch. <\/p>\n\n<p>Lali Symon, una estrella del mon\u00f3logo, cautiva a su p\u00fablico con su humor ir\u00f3nico. Pero, \u00bfqui\u00e9n est\u00e1 realmente fuera del escenario? Esta obra te adentra en la vida privada de una comedianta, revelando las fac\u00e9tas ocultas de una persona que brilla bajo los focos. <\/p>\n\n<p>La relaci\u00f3n de Lali con dos mujeres claves en su vida &#8211; su madre y su hija &#8211; surge como un elemento central, mostrando c\u00f3mo la comedia y la tragedia se mezclan en el \u00e1mbito p\u00fablico y privado. Esta obra te ofrece una mirada \u00fanica en la complejidad de las relaciones familiares y la identidad. <\/p>\n","protected":false},"excerpt":{"rendered":"<p>\u00a1Esta Navidad, regala cultura! \u00a1Aprovecha nuestra promoci\u00f3n especial: 3 espect\u00e1culos por s\u00f3lo 50\u20ac! Una oportunidad \u00fanica para gozar del mejor teatro. <\/p>\n","protected":false},"author":5,"featured_media":1788,"comment_status":"open","ping_status":"closed","sticky":false,"template":"","format":"standard","meta":{"inline_featured_image":false,"footnotes":""},"categories":[91],"tags":[110],"class_list":["post-1795","post","type-post","status-publish","format-standard","has-post-thumbnail","hentry","category-dia-a-dia-es","tag-navidad"],"yoast_head":"<!-- This site is optimized with the Yoast SEO plugin v27.2 - https:\/\/yoast.com\/product\/yoast-seo-wordpress\/ -->\n<title>\u00a1Esta Navidad, regala cultura! - Foment Molins Cultural<\/title>\n<meta name=\"description\" content=\"\u00a1Esta Navidad, regala cultura! \u00a1Esta Navidad, regala cultura! \u00a1Aprovecha nuestra promoci\u00f3n especial: 3 espect\u00e1culos por s\u00f3lo 50\u20ac! Una oportunidad \u00fanica para gozar del mejor teatro.\" \/>\n<meta name=\"robots\" content=\"index, follow, max-snippet:-1, max-image-preview:large, max-video-preview:-1\" \/>\n<link rel=\"canonical\" href=\"https:\/\/fomentmolins.cat\/es\/esta-navidad-regala-cultura\/\" \/>\n<meta property=\"og:locale\" content=\"es_ES\" \/>\n<meta property=\"og:type\" content=\"article\" \/>\n<meta property=\"og:title\" content=\"\u00a1Esta Navidad, regala cultura! - Foment Molins Cultural\" \/>\n<meta property=\"og:description\" content=\"\u00a1Esta Navidad, regala cultura! \u00a1Esta Navidad, regala cultura! \u00a1Aprovecha nuestra promoci\u00f3n especial: 3 espect\u00e1culos por s\u00f3lo 50\u20ac! Una oportunidad \u00fanica para gozar del mejor teatro.\" \/>\n<meta property=\"og:url\" content=\"https:\/\/fomentmolins.cat\/es\/esta-navidad-regala-cultura\/\" \/>\n<meta property=\"og:site_name\" content=\"Foment Molins Cultural\" \/>\n<meta property=\"article:published_time\" content=\"2023-12-02T19:15:52+00:00\" \/>\n<meta property=\"article:modified_time\" content=\"2023-12-02T19:28:57+00:00\" \/>\n<meta property=\"og:image\" content=\"https:\/\/fomentmolins.cat\/wp-content\/uploads\/2023\/12\/406556125_736679295150197_7646133543172518039_n.jpg\" \/>\n\t<meta property=\"og:image:width\" content=\"1080\" \/>\n\t<meta property=\"og:image:height\" content=\"790\" \/>\n\t<meta property=\"og:image:type\" content=\"image\/jpeg\" \/>\n<meta name=\"author\" content=\"Foment Molins Cultural\" \/>\n<meta name=\"twitter:card\" content=\"summary_large_image\" \/>\n<meta name=\"twitter:label1\" content=\"Escrito por\" \/>\n\t<meta name=\"twitter:data1\" content=\"Foment Molins Cultural\" \/>\n\t<meta name=\"twitter:label2\" content=\"Tiempo de lectura\" \/>\n\t<meta name=\"twitter:data2\" content=\"3 minutos\" \/>\n<script type=\"application\/ld+json\" class=\"yoast-schema-graph\">{\"@context\":\"https:\/\/schema.org\",\"@graph\":[{\"@type\":\"Article\",\"@id\":\"https:\/\/fomentmolins.cat\/es\/esta-navidad-regala-cultura\/#article\",\"isPartOf\":{\"@id\":\"https:\/\/fomentmolins.cat\/es\/esta-navidad-regala-cultura\/\"},\"author\":{\"name\":\"Foment Molins Cultural\",\"@id\":\"https:\/\/fomentmolins.cat\/es\/#\/schema\/person\/366c9ce6887138b6a210c9fea54807bd\"},\"headline\":\"\u00a1Esta Navidad, regala cultura!\",\"datePublished\":\"2023-12-02T19:15:52+00:00\",\"dateModified\":\"2023-12-02T19:28:57+00:00\",\"mainEntityOfPage\":{\"@id\":\"https:\/\/fomentmolins.cat\/es\/esta-navidad-regala-cultura\/\"},\"wordCount\":430,\"commentCount\":0,\"image\":{\"@id\":\"https:\/\/fomentmolins.cat\/es\/esta-navidad-regala-cultura\/#primaryimage\"},\"thumbnailUrl\":\"https:\/\/fomentmolins.cat\/wp-content\/uploads\/2023\/12\/406556125_736679295150197_7646133543172518039_n.jpg\",\"keywords\":[\"Navidad\"],\"articleSection\":[\"D\u00eda a d\u00eda\"],\"inLanguage\":\"es\",\"potentialAction\":[{\"@type\":\"CommentAction\",\"name\":\"Comment\",\"target\":[\"https:\/\/fomentmolins.cat\/es\/esta-navidad-regala-cultura\/#respond\"]}]},{\"@type\":\"WebPage\",\"@id\":\"https:\/\/fomentmolins.cat\/es\/esta-navidad-regala-cultura\/\",\"url\":\"https:\/\/fomentmolins.cat\/es\/esta-navidad-regala-cultura\/\",\"name\":\"\u00a1Esta Navidad, regala cultura! - Foment Molins Cultural\",\"isPartOf\":{\"@id\":\"https:\/\/fomentmolins.cat\/es\/#website\"},\"primaryImageOfPage\":{\"@id\":\"https:\/\/fomentmolins.cat\/es\/esta-navidad-regala-cultura\/#primaryimage\"},\"image\":{\"@id\":\"https:\/\/fomentmolins.cat\/es\/esta-navidad-regala-cultura\/#primaryimage\"},\"thumbnailUrl\":\"https:\/\/fomentmolins.cat\/wp-content\/uploads\/2023\/12\/406556125_736679295150197_7646133543172518039_n.jpg\",\"datePublished\":\"2023-12-02T19:15:52+00:00\",\"dateModified\":\"2023-12-02T19:28:57+00:00\",\"author\":{\"@id\":\"https:\/\/fomentmolins.cat\/es\/#\/schema\/person\/366c9ce6887138b6a210c9fea54807bd\"},\"description\":\"\u00a1Esta Navidad, regala cultura! \u00a1Esta Navidad, regala cultura! \u00a1Aprovecha nuestra promoci\u00f3n especial: 3 espect\u00e1culos por s\u00f3lo 50\u20ac! Una oportunidad \u00fanica para gozar del mejor teatro.\",\"breadcrumb\":{\"@id\":\"https:\/\/fomentmolins.cat\/es\/esta-navidad-regala-cultura\/#breadcrumb\"},\"inLanguage\":\"es\",\"potentialAction\":[{\"@type\":\"ReadAction\",\"target\":[\"https:\/\/fomentmolins.cat\/es\/esta-navidad-regala-cultura\/\"]}]},{\"@type\":\"ImageObject\",\"inLanguage\":\"es\",\"@id\":\"https:\/\/fomentmolins.cat\/es\/esta-navidad-regala-cultura\/#primaryimage\",\"url\":\"https:\/\/fomentmolins.cat\/wp-content\/uploads\/2023\/12\/406556125_736679295150197_7646133543172518039_n.jpg\",\"contentUrl\":\"https:\/\/fomentmolins.cat\/wp-content\/uploads\/2023\/12\/406556125_736679295150197_7646133543172518039_n.jpg\",\"width\":1080,\"height\":790,\"caption\":\"\u00a1Esta Navidad, regala cultura! \u00a1Aprovecha nuestra promoci\u00f3n especial: 3 espect\u00e1culos por s\u00f3lo 50\u20ac! Una oportunidad \u00fanica para gozar del mejor teatro.\"},{\"@type\":\"BreadcrumbList\",\"@id\":\"https:\/\/fomentmolins.cat\/es\/esta-navidad-regala-cultura\/#breadcrumb\",\"itemListElement\":[{\"@type\":\"ListItem\",\"position\":1,\"name\":\"Portada\",\"item\":\"https:\/\/fomentmolins.cat\/es\/\"},{\"@type\":\"ListItem\",\"position\":2,\"name\":\"\u00a1Esta Navidad, regala cultura!\"}]},{\"@type\":\"WebSite\",\"@id\":\"https:\/\/fomentmolins.cat\/es\/#website\",\"url\":\"https:\/\/fomentmolins.cat\/es\/\",\"name\":\"Foment Molins Cultural\",\"description\":\"\",\"potentialAction\":[{\"@type\":\"SearchAction\",\"target\":{\"@type\":\"EntryPoint\",\"urlTemplate\":\"https:\/\/fomentmolins.cat\/es\/?s={search_term_string}\"},\"query-input\":{\"@type\":\"PropertyValueSpecification\",\"valueRequired\":true,\"valueName\":\"search_term_string\"}}],\"inLanguage\":\"es\"},{\"@type\":\"Person\",\"@id\":\"https:\/\/fomentmolins.cat\/es\/#\/schema\/person\/366c9ce6887138b6a210c9fea54807bd\",\"name\":\"Foment Molins Cultural\",\"image\":{\"@type\":\"ImageObject\",\"inLanguage\":\"es\",\"@id\":\"https:\/\/secure.gravatar.com\/avatar\/688d89467ed947940f11c807b0e20b64f0ff4f530c1edd96b48232ce24094ac4?s=96&d=mm&r=g\",\"url\":\"https:\/\/secure.gravatar.com\/avatar\/688d89467ed947940f11c807b0e20b64f0ff4f530c1edd96b48232ce24094ac4?s=96&d=mm&r=g\",\"contentUrl\":\"https:\/\/secure.gravatar.com\/avatar\/688d89467ed947940f11c807b0e20b64f0ff4f530c1edd96b48232ce24094ac4?s=96&d=mm&r=g\",\"caption\":\"Foment Molins Cultural\"},\"url\":\"https:\/\/fomentmolins.cat\/es\/author\/fomentmolins\/\"}]}<\/script>\n<!-- \/ Yoast SEO plugin. -->","yoast_head_json":{"title":"\u00a1Esta Navidad, regala cultura! - Foment Molins Cultural","description":"\u00a1Esta Navidad, regala cultura! \u00a1Esta Navidad, regala cultura! \u00a1Aprovecha nuestra promoci\u00f3n especial: 3 espect\u00e1culos por s\u00f3lo 50\u20ac! Una oportunidad \u00fanica para gozar del mejor teatro.","robots":{"index":"index","follow":"follow","max-snippet":"max-snippet:-1","max-image-preview":"max-image-preview:large","max-video-preview":"max-video-preview:-1"},"canonical":"https:\/\/fomentmolins.cat\/es\/esta-navidad-regala-cultura\/","og_locale":"es_ES","og_type":"article","og_title":"\u00a1Esta Navidad, regala cultura! - Foment Molins Cultural","og_description":"\u00a1Esta Navidad, regala cultura! \u00a1Esta Navidad, regala cultura! \u00a1Aprovecha nuestra promoci\u00f3n especial: 3 espect\u00e1culos por s\u00f3lo 50\u20ac! Una oportunidad \u00fanica para gozar del mejor teatro.","og_url":"https:\/\/fomentmolins.cat\/es\/esta-navidad-regala-cultura\/","og_site_name":"Foment Molins Cultural","article_published_time":"2023-12-02T19:15:52+00:00","article_modified_time":"2023-12-02T19:28:57+00:00","og_image":[{"width":1080,"height":790,"url":"https:\/\/fomentmolins.cat\/wp-content\/uploads\/2023\/12\/406556125_736679295150197_7646133543172518039_n.jpg","type":"image\/jpeg"}],"author":"Foment Molins Cultural","twitter_card":"summary_large_image","twitter_misc":{"Escrito por":"Foment Molins Cultural","Tiempo de lectura":"3 minutos"},"schema":{"@context":"https:\/\/schema.org","@graph":[{"@type":"Article","@id":"https:\/\/fomentmolins.cat\/es\/esta-navidad-regala-cultura\/#article","isPartOf":{"@id":"https:\/\/fomentmolins.cat\/es\/esta-navidad-regala-cultura\/"},"author":{"name":"Foment Molins Cultural","@id":"https:\/\/fomentmolins.cat\/es\/#\/schema\/person\/366c9ce6887138b6a210c9fea54807bd"},"headline":"\u00a1Esta Navidad, regala cultura!","datePublished":"2023-12-02T19:15:52+00:00","dateModified":"2023-12-02T19:28:57+00:00","mainEntityOfPage":{"@id":"https:\/\/fomentmolins.cat\/es\/esta-navidad-regala-cultura\/"},"wordCount":430,"commentCount":0,"image":{"@id":"https:\/\/fomentmolins.cat\/es\/esta-navidad-regala-cultura\/#primaryimage"},"thumbnailUrl":"https:\/\/fomentmolins.cat\/wp-content\/uploads\/2023\/12\/406556125_736679295150197_7646133543172518039_n.jpg","keywords":["Navidad"],"articleSection":["D\u00eda a d\u00eda"],"inLanguage":"es","potentialAction":[{"@type":"CommentAction","name":"Comment","target":["https:\/\/fomentmolins.cat\/es\/esta-navidad-regala-cultura\/#respond"]}]},{"@type":"WebPage","@id":"https:\/\/fomentmolins.cat\/es\/esta-navidad-regala-cultura\/","url":"https:\/\/fomentmolins.cat\/es\/esta-navidad-regala-cultura\/","name":"\u00a1Esta Navidad, regala cultura! - Foment Molins Cultural","isPartOf":{"@id":"https:\/\/fomentmolins.cat\/es\/#website"},"primaryImageOfPage":{"@id":"https:\/\/fomentmolins.cat\/es\/esta-navidad-regala-cultura\/#primaryimage"},"image":{"@id":"https:\/\/fomentmolins.cat\/es\/esta-navidad-regala-cultura\/#primaryimage"},"thumbnailUrl":"https:\/\/fomentmolins.cat\/wp-content\/uploads\/2023\/12\/406556125_736679295150197_7646133543172518039_n.jpg","datePublished":"2023-12-02T19:15:52+00:00","dateModified":"2023-12-02T19:28:57+00:00","author":{"@id":"https:\/\/fomentmolins.cat\/es\/#\/schema\/person\/366c9ce6887138b6a210c9fea54807bd"},"description":"\u00a1Esta Navidad, regala cultura! \u00a1Esta Navidad, regala cultura! \u00a1Aprovecha nuestra promoci\u00f3n especial: 3 espect\u00e1culos por s\u00f3lo 50\u20ac! Una oportunidad \u00fanica para gozar del mejor teatro.","breadcrumb":{"@id":"https:\/\/fomentmolins.cat\/es\/esta-navidad-regala-cultura\/#breadcrumb"},"inLanguage":"es","potentialAction":[{"@type":"ReadAction","target":["https:\/\/fomentmolins.cat\/es\/esta-navidad-regala-cultura\/"]}]},{"@type":"ImageObject","inLanguage":"es","@id":"https:\/\/fomentmolins.cat\/es\/esta-navidad-regala-cultura\/#primaryimage","url":"https:\/\/fomentmolins.cat\/wp-content\/uploads\/2023\/12\/406556125_736679295150197_7646133543172518039_n.jpg","contentUrl":"https:\/\/fomentmolins.cat\/wp-content\/uploads\/2023\/12\/406556125_736679295150197_7646133543172518039_n.jpg","width":1080,"height":790,"caption":"\u00a1Esta Navidad, regala cultura! \u00a1Aprovecha nuestra promoci\u00f3n especial: 3 espect\u00e1culos por s\u00f3lo 50\u20ac! Una oportunidad \u00fanica para gozar del mejor teatro."},{"@type":"BreadcrumbList","@id":"https:\/\/fomentmolins.cat\/es\/esta-navidad-regala-cultura\/#breadcrumb","itemListElement":[{"@type":"ListItem","position":1,"name":"Portada","item":"https:\/\/fomentmolins.cat\/es\/"},{"@type":"ListItem","position":2,"name":"\u00a1Esta Navidad, regala cultura!"}]},{"@type":"WebSite","@id":"https:\/\/fomentmolins.cat\/es\/#website","url":"https:\/\/fomentmolins.cat\/es\/","name":"Foment Molins Cultural","description":"","potentialAction":[{"@type":"SearchAction","target":{"@type":"EntryPoint","urlTemplate":"https:\/\/fomentmolins.cat\/es\/?s={search_term_string}"},"query-input":{"@type":"PropertyValueSpecification","valueRequired":true,"valueName":"search_term_string"}}],"inLanguage":"es"},{"@type":"Person","@id":"https:\/\/fomentmolins.cat\/es\/#\/schema\/person\/366c9ce6887138b6a210c9fea54807bd","name":"Foment Molins Cultural","image":{"@type":"ImageObject","inLanguage":"es","@id":"https:\/\/secure.gravatar.com\/avatar\/688d89467ed947940f11c807b0e20b64f0ff4f530c1edd96b48232ce24094ac4?s=96&d=mm&r=g","url":"https:\/\/secure.gravatar.com\/avatar\/688d89467ed947940f11c807b0e20b64f0ff4f530c1edd96b48232ce24094ac4?s=96&d=mm&r=g","contentUrl":"https:\/\/secure.gravatar.com\/avatar\/688d89467ed947940f11c807b0e20b64f0ff4f530c1edd96b48232ce24094ac4?s=96&d=mm&r=g","caption":"Foment Molins Cultural"},"url":"https:\/\/fomentmolins.cat\/es\/author\/fomentmolins\/"}]}},"_links":{"self":[{"href":"https:\/\/fomentmolins.cat\/es\/wp-json\/wp\/v2\/posts\/1795","targetHints":{"allow":["GET"]}}],"collection":[{"href":"https:\/\/fomentmolins.cat\/es\/wp-json\/wp\/v2\/posts"}],"about":[{"href":"https:\/\/fomentmolins.cat\/es\/wp-json\/wp\/v2\/types\/post"}],"author":[{"embeddable":true,"href":"https:\/\/fomentmolins.cat\/es\/wp-json\/wp\/v2\/users\/5"}],"replies":[{"embeddable":true,"href":"https:\/\/fomentmolins.cat\/es\/wp-json\/wp\/v2\/comments?post=1795"}],"version-history":[{"count":1,"href":"https:\/\/fomentmolins.cat\/es\/wp-json\/wp\/v2\/posts\/1795\/revisions"}],"predecessor-version":[{"id":1796,"href":"https:\/\/fomentmolins.cat\/es\/wp-json\/wp\/v2\/posts\/1795\/revisions\/1796"}],"wp:featuredmedia":[{"embeddable":true,"href":"https:\/\/fomentmolins.cat\/es\/wp-json\/wp\/v2\/media\/1788"}],"wp:attachment":[{"href":"https:\/\/fomentmolins.cat\/es\/wp-json\/wp\/v2\/media?parent=1795"}],"wp:term":[{"taxonomy":"category","embeddable":true,"href":"https:\/\/fomentmolins.cat\/es\/wp-json\/wp\/v2\/categories?post=1795"},{"taxonomy":"post_tag","embeddable":true,"href":"https:\/\/fomentmolins.cat\/es\/wp-json\/wp\/v2\/tags?post=1795"}],"curies":[{"name":"wp","href":"https:\/\/api.w.org\/{rel}","templated":true}]}}