{"id":1825,"date":"2024-01-02T18:35:49","date_gmt":"2024-01-02T17:35:49","guid":{"rendered":"https:\/\/fomentmolins.cat\/?p=1825"},"modified":"2024-02-04T12:43:15","modified_gmt":"2024-02-04T11:43:15","slug":"unes-festes-plenes-damor-i-cultura-el-foment-us-desitja-bon-nadal-i-bon-any-2024","status":"publish","type":"post","link":"https:\/\/fomentmolins.cat\/es\/unes-festes-plenes-damor-i-cultura-el-foment-us-desitja-bon-nadal-i-bon-any-2024\/","title":{"rendered":"Unes festes plenes d&#8217;amor i cultura, el Foment us desitja Bon Nadal i Bon Any 2024"},"content":{"rendered":"\n<p>Amb la temporada de festes que ja est\u00e0 aqu\u00ed, volem prendre un moment per expressar la nostra gratitud i estendre els nostres millors desitjos a tots vosaltres. Totes les persones que fem possible que el Foment bategui cada dia de l&#8217;any estem plenes de gratitud pel vostre suport i comprom\u00eds amb la cultura i les arts.<\/p>\n\n\n\n<p>L&#8217;any que s&#8217;acaba ha estat un altre any de desafiaments i oportunitats per al nostre estimat teatre. Hem vist la nostra comunitat tornar a omplir les nostres butaques amb entusiasme i passi\u00f3 per les actuacions que tenim l&#8217;honor de presentar. El suport inquebrant que rebem de tots vosaltres \u00e9s el que ens permet seguir endavant i continuar oferint experi\u00e8ncies \u00faniques i inoblidables als nostres espectadors.<\/p>\n\n\n\n<p>Aquestes festes de Nadal, us animem a prendre un descans merescut i a gaudir-les en companyia de la vostra fam\u00edlia i \u00e9ssers estimats. \u00c9s un moment perfecte per compartir l&#8217;amor i la cultura, valors que ens uneixen i que ens inspiren a fer el millor per al Teatro El Foment.<\/p>\n\n\n\n<p>A m\u00e9s, ens complau anunciar que, com a mostra de la nostra gratitud, hem organitzant una cena de gala per a tots els nostres col\u00b7laboradors. Aquest esdeveniment ser\u00e0 una oportunitat per celebrar junts tots els \u00e8xits i els moments especials que hem compartit durant aquest any, i tamb\u00e9 per anticipar els emocionants projectes que tenim planejats pel 2024.<\/p>\n\n\n\n<p>El Teatre El Foment us desitja un Bon Nadal i un Bon Any Nou 2024. Que aquestes festes us portin felicitat, pau i moltes oportunitats per seguir creixent i gaudint de la cultura. Estem emocionats per all\u00f2 que el futur ens depara i estem segurs que ho aconseguirem junts, com una gran fam\u00edlia que estima i aprecia l&#8217;art en totes les seves formes.<\/p>\n\n\n\n<p>Gr\u00e0cies per ser part de la nostra hist\u00f2ria i per fer que el Foment continu\u00ef bategant amb for\u00e7a i passi\u00f3.<\/p>\n\n\n\n<figure class=\"wp-block-gallery has-nested-images columns-default is-cropped wp-block-gallery-1 is-layout-flex wp-block-gallery-is-layout-flex\">\n<figure class=\"wp-block-image size-large\"><img loading=\"lazy\" decoding=\"async\" width=\"1024\" height=\"768\" data-id=\"1826\" src=\"https:\/\/fomentmolins.cat\/wp-content\/uploads\/2024\/01\/Foment-Cultural-i-Artistic-de-Molins-de-Rei-1.jpeg\" alt=\"\" class=\"wp-image-1826\" srcset=\"https:\/\/fomentmolins.cat\/wp-content\/uploads\/2024\/01\/Foment-Cultural-i-Artistic-de-Molins-de-Rei-1.jpeg 1024w, https:\/\/fomentmolins.cat\/wp-content\/uploads\/2024\/01\/Foment-Cultural-i-Artistic-de-Molins-de-Rei-1-300x225.jpeg 300w, https:\/\/fomentmolins.cat\/wp-content\/uploads\/2024\/01\/Foment-Cultural-i-Artistic-de-Molins-de-Rei-1-768x576.jpeg 768w\" sizes=\"auto, (max-width: 1024px) 100vw, 1024px\" \/><\/figure>\n\n\n\n<figure class=\"wp-block-image size-large\"><img loading=\"lazy\" decoding=\"async\" width=\"1024\" height=\"768\" data-id=\"1828\" src=\"https:\/\/fomentmolins.cat\/wp-content\/uploads\/2024\/01\/Foment-Cultural-i-Artistic-de-Molins-de-Rei-2.jpeg\" alt=\"\" class=\"wp-image-1828\" srcset=\"https:\/\/fomentmolins.cat\/wp-content\/uploads\/2024\/01\/Foment-Cultural-i-Artistic-de-Molins-de-Rei-2.jpeg 1024w, https:\/\/fomentmolins.cat\/wp-content\/uploads\/2024\/01\/Foment-Cultural-i-Artistic-de-Molins-de-Rei-2-300x225.jpeg 300w, https:\/\/fomentmolins.cat\/wp-content\/uploads\/2024\/01\/Foment-Cultural-i-Artistic-de-Molins-de-Rei-2-768x576.jpeg 768w\" sizes=\"auto, (max-width: 1024px) 100vw, 1024px\" \/><\/figure>\n\n\n\n<figure class=\"wp-block-image size-large\"><img loading=\"lazy\" decoding=\"async\" width=\"1024\" height=\"768\" data-id=\"1832\" src=\"https:\/\/fomentmolins.cat\/wp-content\/uploads\/2024\/01\/Foment-Cultural-i-Artistic-de-Molins-de-Rei-3.jpeg\" alt=\"\" class=\"wp-image-1832\" srcset=\"https:\/\/fomentmolins.cat\/wp-content\/uploads\/2024\/01\/Foment-Cultural-i-Artistic-de-Molins-de-Rei-3.jpeg 1024w, https:\/\/fomentmolins.cat\/wp-content\/uploads\/2024\/01\/Foment-Cultural-i-Artistic-de-Molins-de-Rei-3-300x225.jpeg 300w, https:\/\/fomentmolins.cat\/wp-content\/uploads\/2024\/01\/Foment-Cultural-i-Artistic-de-Molins-de-Rei-3-768x576.jpeg 768w\" sizes=\"auto, (max-width: 1024px) 100vw, 1024px\" \/><\/figure>\n\n\n\n<figure class=\"wp-block-image size-large\"><img loading=\"lazy\" decoding=\"async\" width=\"768\" height=\"1024\" data-id=\"1837\" src=\"https:\/\/fomentmolins.cat\/wp-content\/uploads\/2024\/01\/Foment-Cultural-i-Artistic-de-Molins-de-Rei-6.jpeg\" alt=\"\" class=\"wp-image-1837\" srcset=\"https:\/\/fomentmolins.cat\/wp-content\/uploads\/2024\/01\/Foment-Cultural-i-Artistic-de-Molins-de-Rei-6.jpeg 768w, https:\/\/fomentmolins.cat\/wp-content\/uploads\/2024\/01\/Foment-Cultural-i-Artistic-de-Molins-de-Rei-6-225x300.jpeg 225w\" sizes=\"auto, (max-width: 768px) 100vw, 768px\" \/><\/figure>\n\n\n\n<figure class=\"wp-block-image size-large\"><img loading=\"lazy\" decoding=\"async\" width=\"768\" height=\"1024\" data-id=\"1830\" src=\"https:\/\/fomentmolins.cat\/wp-content\/uploads\/2024\/01\/Foment-Cultural-i-Artistic-de-Molins-de-Rei-7.jpeg\" alt=\"\" class=\"wp-image-1830\" srcset=\"https:\/\/fomentmolins.cat\/wp-content\/uploads\/2024\/01\/Foment-Cultural-i-Artistic-de-Molins-de-Rei-7.jpeg 768w, https:\/\/fomentmolins.cat\/wp-content\/uploads\/2024\/01\/Foment-Cultural-i-Artistic-de-Molins-de-Rei-7-225x300.jpeg 225w\" sizes=\"auto, (max-width: 768px) 100vw, 768px\" \/><\/figure>\n\n\n\n<figure class=\"wp-block-image size-large\"><img loading=\"lazy\" decoding=\"async\" width=\"768\" height=\"1024\" data-id=\"1834\" src=\"https:\/\/fomentmolins.cat\/wp-content\/uploads\/2024\/01\/Foment-Cultural-i-Artistic-de-Molins-de-Rei-8.jpeg\" alt=\"\" class=\"wp-image-1834\" srcset=\"https:\/\/fomentmolins.cat\/wp-content\/uploads\/2024\/01\/Foment-Cultural-i-Artistic-de-Molins-de-Rei-8.jpeg 768w, https:\/\/fomentmolins.cat\/wp-content\/uploads\/2024\/01\/Foment-Cultural-i-Artistic-de-Molins-de-Rei-8-225x300.jpeg 225w\" sizes=\"auto, (max-width: 768px) 100vw, 768px\" \/><\/figure>\n\n\n\n<figure class=\"wp-block-image size-large\"><img loading=\"lazy\" decoding=\"async\" width=\"768\" height=\"1024\" data-id=\"1841\" src=\"https:\/\/fomentmolins.cat\/wp-content\/uploads\/2024\/01\/Foment-Cultural-i-Artistic-de-Molins-de-Rei-9.jpeg\" alt=\"\" class=\"wp-image-1841\" srcset=\"https:\/\/fomentmolins.cat\/wp-content\/uploads\/2024\/01\/Foment-Cultural-i-Artistic-de-Molins-de-Rei-9.jpeg 768w, https:\/\/fomentmolins.cat\/wp-content\/uploads\/2024\/01\/Foment-Cultural-i-Artistic-de-Molins-de-Rei-9-225x300.jpeg 225w\" sizes=\"auto, (max-width: 768px) 100vw, 768px\" \/><\/figure>\n\n\n\n<figure class=\"wp-block-image size-large\"><img loading=\"lazy\" decoding=\"async\" width=\"768\" height=\"1024\" data-id=\"1840\" src=\"https:\/\/fomentmolins.cat\/wp-content\/uploads\/2024\/01\/Foment-Cultural-i-Artistic-de-Molins-de-Rei-10.jpeg\" alt=\"\" class=\"wp-image-1840\" srcset=\"https:\/\/fomentmolins.cat\/wp-content\/uploads\/2024\/01\/Foment-Cultural-i-Artistic-de-Molins-de-Rei-10.jpeg 768w, https:\/\/fomentmolins.cat\/wp-content\/uploads\/2024\/01\/Foment-Cultural-i-Artistic-de-Molins-de-Rei-10-225x300.jpeg 225w\" sizes=\"auto, (max-width: 768px) 100vw, 768px\" \/><\/figure>\n\n\n\n<figure class=\"wp-block-image size-large\"><img loading=\"lazy\" decoding=\"async\" width=\"1024\" height=\"768\" data-id=\"1844\" src=\"https:\/\/fomentmolins.cat\/wp-content\/uploads\/2024\/01\/Foment-Cultural-i-Artistic-de-Molins-de-Rei-11.jpeg\" alt=\"\" class=\"wp-image-1844\" srcset=\"https:\/\/fomentmolins.cat\/wp-content\/uploads\/2024\/01\/Foment-Cultural-i-Artistic-de-Molins-de-Rei-11.jpeg 1024w, https:\/\/fomentmolins.cat\/wp-content\/uploads\/2024\/01\/Foment-Cultural-i-Artistic-de-Molins-de-Rei-11-300x225.jpeg 300w, https:\/\/fomentmolins.cat\/wp-content\/uploads\/2024\/01\/Foment-Cultural-i-Artistic-de-Molins-de-Rei-11-768x576.jpeg 768w\" sizes=\"auto, (max-width: 1024px) 100vw, 1024px\" \/><\/figure>\n\n\n\n<figure class=\"wp-block-image size-large\"><img loading=\"lazy\" decoding=\"async\" width=\"1024\" height=\"768\" data-id=\"1846\" src=\"https:\/\/fomentmolins.cat\/wp-content\/uploads\/2024\/01\/Foment-Cultural-i-Artistic-de-Molins-de-Rei-15.jpeg\" alt=\"\" class=\"wp-image-1846\" srcset=\"https:\/\/fomentmolins.cat\/wp-content\/uploads\/2024\/01\/Foment-Cultural-i-Artistic-de-Molins-de-Rei-15.jpeg 1024w, https:\/\/fomentmolins.cat\/wp-content\/uploads\/2024\/01\/Foment-Cultural-i-Artistic-de-Molins-de-Rei-15-300x225.jpeg 300w, https:\/\/fomentmolins.cat\/wp-content\/uploads\/2024\/01\/Foment-Cultural-i-Artistic-de-Molins-de-Rei-15-768x576.jpeg 768w\" sizes=\"auto, (max-width: 1024px) 100vw, 1024px\" \/><\/figure>\n\n\n\n<figure class=\"wp-block-image size-large\"><img loading=\"lazy\" decoding=\"async\" width=\"1024\" height=\"768\" data-id=\"1836\" src=\"https:\/\/fomentmolins.cat\/wp-content\/uploads\/2024\/01\/Foment-Cultural-i-Artistic-de-Molins-de-Rei-16.jpeg\" alt=\"\" class=\"wp-image-1836\" srcset=\"https:\/\/fomentmolins.cat\/wp-content\/uploads\/2024\/01\/Foment-Cultural-i-Artistic-de-Molins-de-Rei-16.jpeg 1024w, https:\/\/fomentmolins.cat\/wp-content\/uploads\/2024\/01\/Foment-Cultural-i-Artistic-de-Molins-de-Rei-16-300x225.jpeg 300w, https:\/\/fomentmolins.cat\/wp-content\/uploads\/2024\/01\/Foment-Cultural-i-Artistic-de-Molins-de-Rei-16-768x576.jpeg 768w\" sizes=\"auto, (max-width: 1024px) 100vw, 1024px\" \/><\/figure>\n<\/figure>\n","protected":false},"excerpt":{"rendered":"<p>El Teatre El Foment us desitja un Bon Nadal i un Bon Any Nou 2024. Que aquestes festes us portin felicitat, pau i moltes oportunitats per seguir creixent i gaudint de la cultura.<\/p>\n","protected":false},"author":5,"featured_media":1846,"comment_status":"open","ping_status":"closed","sticky":false,"template":"","format":"standard","meta":{"inline_featured_image":false,"footnotes":""},"categories":[91],"tags":[],"class_list":["post-1825","post","type-post","status-publish","format-standard","has-post-thumbnail","hentry","category-dia-a-dia-es"],"yoast_head":"<!-- This site is optimized with the Yoast SEO plugin v27.2 - https:\/\/yoast.com\/product\/yoast-seo-wordpress\/ -->\n<title>Unes festes plenes d&#039;amor i cultura, el Foment us desitja Bon Nadal i Bon Any 2024 - Foment Molins Cultural<\/title>\n<meta name=\"robots\" content=\"index, follow, max-snippet:-1, max-image-preview:large, max-video-preview:-1\" \/>\n<link rel=\"canonical\" href=\"https:\/\/fomentmolins.cat\/es\/unes-festes-plenes-damor-i-cultura-el-foment-us-desitja-bon-nadal-i-bon-any-2024\/\" \/>\n<meta property=\"og:locale\" content=\"es_ES\" \/>\n<meta property=\"og:type\" content=\"article\" \/>\n<meta property=\"og:title\" content=\"Unes festes plenes d&#039;amor i cultura, el Foment us desitja Bon Nadal i Bon Any 2024 - Foment Molins Cultural\" \/>\n<meta property=\"og:description\" content=\"El Teatre El Foment us desitja un Bon Nadal i un Bon Any Nou 2024. Que aquestes festes us portin felicitat, pau i moltes oportunitats per seguir creixent i gaudint de la cultura.\" \/>\n<meta property=\"og:url\" content=\"https:\/\/fomentmolins.cat\/es\/unes-festes-plenes-damor-i-cultura-el-foment-us-desitja-bon-nadal-i-bon-any-2024\/\" \/>\n<meta property=\"og:site_name\" content=\"Foment Molins Cultural\" \/>\n<meta property=\"article:published_time\" content=\"2024-01-02T17:35:49+00:00\" \/>\n<meta property=\"article:modified_time\" content=\"2024-02-04T11:43:15+00:00\" \/>\n<meta property=\"og:image\" content=\"https:\/\/fomentmolins.cat\/wp-content\/uploads\/2024\/01\/Foment-Cultural-i-Artistic-de-Molins-de-Rei-15.jpeg\" \/>\n\t<meta property=\"og:image:width\" content=\"1024\" \/>\n\t<meta property=\"og:image:height\" content=\"768\" \/>\n\t<meta property=\"og:image:type\" content=\"image\/jpeg\" \/>\n<meta name=\"author\" content=\"Foment Molins Cultural\" \/>\n<meta name=\"twitter:card\" content=\"summary_large_image\" \/>\n<meta name=\"twitter:label1\" content=\"Escrito por\" \/>\n\t<meta name=\"twitter:data1\" content=\"Foment Molins Cultural\" \/>\n\t<meta name=\"twitter:label2\" content=\"Tiempo de lectura\" \/>\n\t<meta name=\"twitter:data2\" content=\"5 minutos\" \/>\n<script type=\"application\/ld+json\" class=\"yoast-schema-graph\">{\"@context\":\"https:\/\/schema.org\",\"@graph\":[{\"@type\":\"Article\",\"@id\":\"https:\/\/fomentmolins.cat\/es\/unes-festes-plenes-damor-i-cultura-el-foment-us-desitja-bon-nadal-i-bon-any-2024\/#article\",\"isPartOf\":{\"@id\":\"https:\/\/fomentmolins.cat\/es\/unes-festes-plenes-damor-i-cultura-el-foment-us-desitja-bon-nadal-i-bon-any-2024\/\"},\"author\":{\"name\":\"Foment Molins Cultural\",\"@id\":\"https:\/\/fomentmolins.cat\/es\/#\/schema\/person\/366c9ce6887138b6a210c9fea54807bd\"},\"headline\":\"Unes festes plenes d&#8217;amor i cultura, el Foment us desitja Bon Nadal i Bon Any 2024\",\"datePublished\":\"2024-01-02T17:35:49+00:00\",\"dateModified\":\"2024-02-04T11:43:15+00:00\",\"mainEntityOfPage\":{\"@id\":\"https:\/\/fomentmolins.cat\/es\/unes-festes-plenes-damor-i-cultura-el-foment-us-desitja-bon-nadal-i-bon-any-2024\/\"},\"wordCount\":341,\"commentCount\":0,\"image\":{\"@id\":\"https:\/\/fomentmolins.cat\/es\/unes-festes-plenes-damor-i-cultura-el-foment-us-desitja-bon-nadal-i-bon-any-2024\/#primaryimage\"},\"thumbnailUrl\":\"https:\/\/fomentmolins.cat\/wp-content\/uploads\/2024\/01\/Foment-Cultural-i-Artistic-de-Molins-de-Rei-15.jpeg\",\"articleSection\":[\"D\u00eda a d\u00eda\"],\"inLanguage\":\"es\",\"potentialAction\":[{\"@type\":\"CommentAction\",\"name\":\"Comment\",\"target\":[\"https:\/\/fomentmolins.cat\/es\/unes-festes-plenes-damor-i-cultura-el-foment-us-desitja-bon-nadal-i-bon-any-2024\/#respond\"]}]},{\"@type\":\"WebPage\",\"@id\":\"https:\/\/fomentmolins.cat\/es\/unes-festes-plenes-damor-i-cultura-el-foment-us-desitja-bon-nadal-i-bon-any-2024\/\",\"url\":\"https:\/\/fomentmolins.cat\/es\/unes-festes-plenes-damor-i-cultura-el-foment-us-desitja-bon-nadal-i-bon-any-2024\/\",\"name\":\"Unes festes plenes d'amor i cultura, el Foment us desitja Bon Nadal i Bon Any 2024 - Foment Molins Cultural\",\"isPartOf\":{\"@id\":\"https:\/\/fomentmolins.cat\/es\/#website\"},\"primaryImageOfPage\":{\"@id\":\"https:\/\/fomentmolins.cat\/es\/unes-festes-plenes-damor-i-cultura-el-foment-us-desitja-bon-nadal-i-bon-any-2024\/#primaryimage\"},\"image\":{\"@id\":\"https:\/\/fomentmolins.cat\/es\/unes-festes-plenes-damor-i-cultura-el-foment-us-desitja-bon-nadal-i-bon-any-2024\/#primaryimage\"},\"thumbnailUrl\":\"https:\/\/fomentmolins.cat\/wp-content\/uploads\/2024\/01\/Foment-Cultural-i-Artistic-de-Molins-de-Rei-15.jpeg\",\"datePublished\":\"2024-01-02T17:35:49+00:00\",\"dateModified\":\"2024-02-04T11:43:15+00:00\",\"author\":{\"@id\":\"https:\/\/fomentmolins.cat\/es\/#\/schema\/person\/366c9ce6887138b6a210c9fea54807bd\"},\"breadcrumb\":{\"@id\":\"https:\/\/fomentmolins.cat\/es\/unes-festes-plenes-damor-i-cultura-el-foment-us-desitja-bon-nadal-i-bon-any-2024\/#breadcrumb\"},\"inLanguage\":\"es\",\"potentialAction\":[{\"@type\":\"ReadAction\",\"target\":[\"https:\/\/fomentmolins.cat\/es\/unes-festes-plenes-damor-i-cultura-el-foment-us-desitja-bon-nadal-i-bon-any-2024\/\"]}]},{\"@type\":\"ImageObject\",\"inLanguage\":\"es\",\"@id\":\"https:\/\/fomentmolins.cat\/es\/unes-festes-plenes-damor-i-cultura-el-foment-us-desitja-bon-nadal-i-bon-any-2024\/#primaryimage\",\"url\":\"https:\/\/fomentmolins.cat\/wp-content\/uploads\/2024\/01\/Foment-Cultural-i-Artistic-de-Molins-de-Rei-15.jpeg\",\"contentUrl\":\"https:\/\/fomentmolins.cat\/wp-content\/uploads\/2024\/01\/Foment-Cultural-i-Artistic-de-Molins-de-Rei-15.jpeg\",\"width\":1024,\"height\":768},{\"@type\":\"BreadcrumbList\",\"@id\":\"https:\/\/fomentmolins.cat\/es\/unes-festes-plenes-damor-i-cultura-el-foment-us-desitja-bon-nadal-i-bon-any-2024\/#breadcrumb\",\"itemListElement\":[{\"@type\":\"ListItem\",\"position\":1,\"name\":\"Portada\",\"item\":\"https:\/\/fomentmolins.cat\/es\/\"},{\"@type\":\"ListItem\",\"position\":2,\"name\":\"Unes festes plenes d&#8217;amor i cultura, el Foment us desitja Bon Nadal i Bon Any 2024\"}]},{\"@type\":\"WebSite\",\"@id\":\"https:\/\/fomentmolins.cat\/es\/#website\",\"url\":\"https:\/\/fomentmolins.cat\/es\/\",\"name\":\"Foment Molins Cultural\",\"description\":\"\",\"potentialAction\":[{\"@type\":\"SearchAction\",\"target\":{\"@type\":\"EntryPoint\",\"urlTemplate\":\"https:\/\/fomentmolins.cat\/es\/?s={search_term_string}\"},\"query-input\":{\"@type\":\"PropertyValueSpecification\",\"valueRequired\":true,\"valueName\":\"search_term_string\"}}],\"inLanguage\":\"es\"},{\"@type\":\"Person\",\"@id\":\"https:\/\/fomentmolins.cat\/es\/#\/schema\/person\/366c9ce6887138b6a210c9fea54807bd\",\"name\":\"Foment Molins Cultural\",\"image\":{\"@type\":\"ImageObject\",\"inLanguage\":\"es\",\"@id\":\"https:\/\/secure.gravatar.com\/avatar\/688d89467ed947940f11c807b0e20b64f0ff4f530c1edd96b48232ce24094ac4?s=96&d=mm&r=g\",\"url\":\"https:\/\/secure.gravatar.com\/avatar\/688d89467ed947940f11c807b0e20b64f0ff4f530c1edd96b48232ce24094ac4?s=96&d=mm&r=g\",\"contentUrl\":\"https:\/\/secure.gravatar.com\/avatar\/688d89467ed947940f11c807b0e20b64f0ff4f530c1edd96b48232ce24094ac4?s=96&d=mm&r=g\",\"caption\":\"Foment Molins Cultural\"},\"url\":\"https:\/\/fomentmolins.cat\/es\/author\/fomentmolins\/\"}]}<\/script>\n<!-- \/ Yoast SEO plugin. -->","yoast_head_json":{"title":"Unes festes plenes d'amor i cultura, el Foment us desitja Bon Nadal i Bon Any 2024 - Foment Molins Cultural","robots":{"index":"index","follow":"follow","max-snippet":"max-snippet:-1","max-image-preview":"max-image-preview:large","max-video-preview":"max-video-preview:-1"},"canonical":"https:\/\/fomentmolins.cat\/es\/unes-festes-plenes-damor-i-cultura-el-foment-us-desitja-bon-nadal-i-bon-any-2024\/","og_locale":"es_ES","og_type":"article","og_title":"Unes festes plenes d'amor i cultura, el Foment us desitja Bon Nadal i Bon Any 2024 - Foment Molins Cultural","og_description":"El Teatre El Foment us desitja un Bon Nadal i un Bon Any Nou 2024. Que aquestes festes us portin felicitat, pau i moltes oportunitats per seguir creixent i gaudint de la cultura.","og_url":"https:\/\/fomentmolins.cat\/es\/unes-festes-plenes-damor-i-cultura-el-foment-us-desitja-bon-nadal-i-bon-any-2024\/","og_site_name":"Foment Molins Cultural","article_published_time":"2024-01-02T17:35:49+00:00","article_modified_time":"2024-02-04T11:43:15+00:00","og_image":[{"width":1024,"height":768,"url":"https:\/\/fomentmolins.cat\/wp-content\/uploads\/2024\/01\/Foment-Cultural-i-Artistic-de-Molins-de-Rei-15.jpeg","type":"image\/jpeg"}],"author":"Foment Molins Cultural","twitter_card":"summary_large_image","twitter_misc":{"Escrito por":"Foment Molins Cultural","Tiempo de lectura":"5 minutos"},"schema":{"@context":"https:\/\/schema.org","@graph":[{"@type":"Article","@id":"https:\/\/fomentmolins.cat\/es\/unes-festes-plenes-damor-i-cultura-el-foment-us-desitja-bon-nadal-i-bon-any-2024\/#article","isPartOf":{"@id":"https:\/\/fomentmolins.cat\/es\/unes-festes-plenes-damor-i-cultura-el-foment-us-desitja-bon-nadal-i-bon-any-2024\/"},"author":{"name":"Foment Molins Cultural","@id":"https:\/\/fomentmolins.cat\/es\/#\/schema\/person\/366c9ce6887138b6a210c9fea54807bd"},"headline":"Unes festes plenes d&#8217;amor i cultura, el Foment us desitja Bon Nadal i Bon Any 2024","datePublished":"2024-01-02T17:35:49+00:00","dateModified":"2024-02-04T11:43:15+00:00","mainEntityOfPage":{"@id":"https:\/\/fomentmolins.cat\/es\/unes-festes-plenes-damor-i-cultura-el-foment-us-desitja-bon-nadal-i-bon-any-2024\/"},"wordCount":341,"commentCount":0,"image":{"@id":"https:\/\/fomentmolins.cat\/es\/unes-festes-plenes-damor-i-cultura-el-foment-us-desitja-bon-nadal-i-bon-any-2024\/#primaryimage"},"thumbnailUrl":"https:\/\/fomentmolins.cat\/wp-content\/uploads\/2024\/01\/Foment-Cultural-i-Artistic-de-Molins-de-Rei-15.jpeg","articleSection":["D\u00eda a d\u00eda"],"inLanguage":"es","potentialAction":[{"@type":"CommentAction","name":"Comment","target":["https:\/\/fomentmolins.cat\/es\/unes-festes-plenes-damor-i-cultura-el-foment-us-desitja-bon-nadal-i-bon-any-2024\/#respond"]}]},{"@type":"WebPage","@id":"https:\/\/fomentmolins.cat\/es\/unes-festes-plenes-damor-i-cultura-el-foment-us-desitja-bon-nadal-i-bon-any-2024\/","url":"https:\/\/fomentmolins.cat\/es\/unes-festes-plenes-damor-i-cultura-el-foment-us-desitja-bon-nadal-i-bon-any-2024\/","name":"Unes festes plenes d'amor i cultura, el Foment us desitja Bon Nadal i Bon Any 2024 - Foment Molins Cultural","isPartOf":{"@id":"https:\/\/fomentmolins.cat\/es\/#website"},"primaryImageOfPage":{"@id":"https:\/\/fomentmolins.cat\/es\/unes-festes-plenes-damor-i-cultura-el-foment-us-desitja-bon-nadal-i-bon-any-2024\/#primaryimage"},"image":{"@id":"https:\/\/fomentmolins.cat\/es\/unes-festes-plenes-damor-i-cultura-el-foment-us-desitja-bon-nadal-i-bon-any-2024\/#primaryimage"},"thumbnailUrl":"https:\/\/fomentmolins.cat\/wp-content\/uploads\/2024\/01\/Foment-Cultural-i-Artistic-de-Molins-de-Rei-15.jpeg","datePublished":"2024-01-02T17:35:49+00:00","dateModified":"2024-02-04T11:43:15+00:00","author":{"@id":"https:\/\/fomentmolins.cat\/es\/#\/schema\/person\/366c9ce6887138b6a210c9fea54807bd"},"breadcrumb":{"@id":"https:\/\/fomentmolins.cat\/es\/unes-festes-plenes-damor-i-cultura-el-foment-us-desitja-bon-nadal-i-bon-any-2024\/#breadcrumb"},"inLanguage":"es","potentialAction":[{"@type":"ReadAction","target":["https:\/\/fomentmolins.cat\/es\/unes-festes-plenes-damor-i-cultura-el-foment-us-desitja-bon-nadal-i-bon-any-2024\/"]}]},{"@type":"ImageObject","inLanguage":"es","@id":"https:\/\/fomentmolins.cat\/es\/unes-festes-plenes-damor-i-cultura-el-foment-us-desitja-bon-nadal-i-bon-any-2024\/#primaryimage","url":"https:\/\/fomentmolins.cat\/wp-content\/uploads\/2024\/01\/Foment-Cultural-i-Artistic-de-Molins-de-Rei-15.jpeg","contentUrl":"https:\/\/fomentmolins.cat\/wp-content\/uploads\/2024\/01\/Foment-Cultural-i-Artistic-de-Molins-de-Rei-15.jpeg","width":1024,"height":768},{"@type":"BreadcrumbList","@id":"https:\/\/fomentmolins.cat\/es\/unes-festes-plenes-damor-i-cultura-el-foment-us-desitja-bon-nadal-i-bon-any-2024\/#breadcrumb","itemListElement":[{"@type":"ListItem","position":1,"name":"Portada","item":"https:\/\/fomentmolins.cat\/es\/"},{"@type":"ListItem","position":2,"name":"Unes festes plenes d&#8217;amor i cultura, el Foment us desitja Bon Nadal i Bon Any 2024"}]},{"@type":"WebSite","@id":"https:\/\/fomentmolins.cat\/es\/#website","url":"https:\/\/fomentmolins.cat\/es\/","name":"Foment Molins Cultural","description":"","potentialAction":[{"@type":"SearchAction","target":{"@type":"EntryPoint","urlTemplate":"https:\/\/fomentmolins.cat\/es\/?s={search_term_string}"},"query-input":{"@type":"PropertyValueSpecification","valueRequired":true,"valueName":"search_term_string"}}],"inLanguage":"es"},{"@type":"Person","@id":"https:\/\/fomentmolins.cat\/es\/#\/schema\/person\/366c9ce6887138b6a210c9fea54807bd","name":"Foment Molins Cultural","image":{"@type":"ImageObject","inLanguage":"es","@id":"https:\/\/secure.gravatar.com\/avatar\/688d89467ed947940f11c807b0e20b64f0ff4f530c1edd96b48232ce24094ac4?s=96&d=mm&r=g","url":"https:\/\/secure.gravatar.com\/avatar\/688d89467ed947940f11c807b0e20b64f0ff4f530c1edd96b48232ce24094ac4?s=96&d=mm&r=g","contentUrl":"https:\/\/secure.gravatar.com\/avatar\/688d89467ed947940f11c807b0e20b64f0ff4f530c1edd96b48232ce24094ac4?s=96&d=mm&r=g","caption":"Foment Molins Cultural"},"url":"https:\/\/fomentmolins.cat\/es\/author\/fomentmolins\/"}]}},"_links":{"self":[{"href":"https:\/\/fomentmolins.cat\/es\/wp-json\/wp\/v2\/posts\/1825","targetHints":{"allow":["GET"]}}],"collection":[{"href":"https:\/\/fomentmolins.cat\/es\/wp-json\/wp\/v2\/posts"}],"about":[{"href":"https:\/\/fomentmolins.cat\/es\/wp-json\/wp\/v2\/types\/post"}],"author":[{"embeddable":true,"href":"https:\/\/fomentmolins.cat\/es\/wp-json\/wp\/v2\/users\/5"}],"replies":[{"embeddable":true,"href":"https:\/\/fomentmolins.cat\/es\/wp-json\/wp\/v2\/comments?post=1825"}],"version-history":[{"count":1,"href":"https:\/\/fomentmolins.cat\/es\/wp-json\/wp\/v2\/posts\/1825\/revisions"}],"predecessor-version":[{"id":1848,"href":"https:\/\/fomentmolins.cat\/es\/wp-json\/wp\/v2\/posts\/1825\/revisions\/1848"}],"wp:featuredmedia":[{"embeddable":true,"href":"https:\/\/fomentmolins.cat\/es\/wp-json\/wp\/v2\/media\/1846"}],"wp:attachment":[{"href":"https:\/\/fomentmolins.cat\/es\/wp-json\/wp\/v2\/media?parent=1825"}],"wp:term":[{"taxonomy":"category","embeddable":true,"href":"https:\/\/fomentmolins.cat\/es\/wp-json\/wp\/v2\/categories?post=1825"},{"taxonomy":"post_tag","embeddable":true,"href":"https:\/\/fomentmolins.cat\/es\/wp-json\/wp\/v2\/tags?post=1825"}],"curies":[{"name":"wp","href":"https:\/\/api.w.org\/{rel}","templated":true}]}}