{"id":1860,"date":"2024-01-11T13:30:24","date_gmt":"2024-01-11T12:30:24","guid":{"rendered":"https:\/\/fomentmolins.cat\/?p=1860"},"modified":"2024-01-11T13:34:34","modified_gmt":"2024-01-11T12:34:34","slug":"el-foment-us-recomana-la-pell-fina","status":"publish","type":"post","link":"https:\/\/fomentmolins.cat\/es\/el-foment-us-recomana-la-pell-fina\/","title":{"rendered":"El Foment os recomienda \u00abLa PELL FINA\u00bb"},"content":{"rendered":"\n<p><strong>La PELL FINA de Carmen Marf\u00e0 i Yago Alonso con Angela Cervantes, Biel Duran, Francesc Ferrer i Laura Pau<\/strong><\/p>\n\n\n\n<p>Nacho y Miranda, una joven pareja de Barcelona, \u200b\u200bvisitan unos amigos que acaban de ser padres para conocer al peque\u00f1o Jan. Todo parece ir bien hasta que Nacho suelta, sin darle mucha importancia, que el beb\u00e9 de Eloi y Sonia\u2026 es muy feo. A partir de ah\u00ed, y aunque los reci\u00e9n estrenados padres intentan quitarle hierro al asunto, el ambiente se enrarece y empiezan a salir a la luz algunas verdades que hasta ahora cada uno guardaba.<\/p>\n\n\n\n<p>La PELL FINA habla de todo aquello que no estamos preparados para decir ni recibir. Decir la verdad est\u00e1 muy bien, pero\u2026 \u00bfQu\u00e9 ocurre cuando esa verdad ofende? \u00bfHay que decirla? Esta obra reflexiona, en clave de humor, sobre la forma que tenemos de tratarnos. \u00bfNos cuidamos lo suficiente unos a otros? Temas como la maternidad, el talento o las relaciones de pareja ponen de manifiesto que el cuidado de los dem\u00e1s sigue siendo una asignatura pendiente.<\/p>\n","protected":false},"excerpt":{"rendered":"<p>La PELL FINA de Carmen Marf\u00e0 i Yago Alonso amb Angela Cervantes, Biel Duran, Francesc Ferrer i Laura pau<\/p>\n","protected":false},"author":5,"featured_media":1727,"comment_status":"open","ping_status":"closed","sticky":false,"template":"","format":"standard","meta":{"inline_featured_image":false,"footnotes":""},"categories":[102],"tags":[],"class_list":["post-1860","post","type-post","status-publish","format-standard","has-post-thumbnail","hentry","category-teatro"],"yoast_head":"<!-- This site is optimized with the Yoast SEO plugin v27.2 - https:\/\/yoast.com\/product\/yoast-seo-wordpress\/ -->\n<title>El Foment os recomienda &quot;La PELL FINA&quot; - Foment Molins Cultural<\/title>\n<meta name=\"robots\" content=\"index, follow, max-snippet:-1, max-image-preview:large, max-video-preview:-1\" \/>\n<link rel=\"canonical\" href=\"https:\/\/fomentmolins.cat\/es\/el-foment-us-recomana-la-pell-fina\/\" \/>\n<meta property=\"og:locale\" content=\"es_ES\" \/>\n<meta property=\"og:type\" content=\"article\" \/>\n<meta property=\"og:title\" content=\"El Foment os recomienda &quot;La PELL FINA&quot; - Foment Molins Cultural\" \/>\n<meta property=\"og:description\" content=\"La PELL FINA de Carmen Marf\u00e0 i Yago Alonso amb Angela Cervantes, Biel Duran, Francesc Ferrer i Laura pau\" \/>\n<meta property=\"og:url\" content=\"https:\/\/fomentmolins.cat\/es\/el-foment-us-recomana-la-pell-fina\/\" \/>\n<meta property=\"og:site_name\" content=\"Foment Molins Cultural\" \/>\n<meta property=\"article:published_time\" content=\"2024-01-11T12:30:24+00:00\" \/>\n<meta property=\"article:modified_time\" content=\"2024-01-11T12:34:34+00:00\" \/>\n<meta property=\"og:image\" content=\"https:\/\/fomentmolins.cat\/wp-content\/uploads\/2023\/11\/LA-PELL-FINA_CartelleraDigital.jpg\" \/>\n\t<meta property=\"og:image:width\" content=\"1920\" \/>\n\t<meta property=\"og:image:height\" content=\"1080\" \/>\n\t<meta property=\"og:image:type\" content=\"image\/jpeg\" \/>\n<meta name=\"author\" content=\"Foment Molins Cultural\" \/>\n<meta name=\"twitter:card\" content=\"summary_large_image\" \/>\n<meta name=\"twitter:label1\" content=\"Escrito por\" \/>\n\t<meta name=\"twitter:data1\" content=\"Foment Molins Cultural\" \/>\n\t<meta name=\"twitter:label2\" content=\"Tiempo de lectura\" \/>\n\t<meta name=\"twitter:data2\" content=\"2 minutos\" \/>\n<script type=\"application\/ld+json\" class=\"yoast-schema-graph\">{\"@context\":\"https:\/\/schema.org\",\"@graph\":[{\"@type\":\"Article\",\"@id\":\"https:\/\/fomentmolins.cat\/es\/el-foment-us-recomana-la-pell-fina\/#article\",\"isPartOf\":{\"@id\":\"https:\/\/fomentmolins.cat\/es\/el-foment-us-recomana-la-pell-fina\/\"},\"author\":{\"name\":\"Foment Molins Cultural\",\"@id\":\"https:\/\/fomentmolins.cat\/es\/#\/schema\/person\/366c9ce6887138b6a210c9fea54807bd\"},\"headline\":\"El Foment os recomienda \u00abLa PELL FINA\u00bb\",\"datePublished\":\"2024-01-11T12:30:24+00:00\",\"dateModified\":\"2024-01-11T12:34:34+00:00\",\"mainEntityOfPage\":{\"@id\":\"https:\/\/fomentmolins.cat\/es\/el-foment-us-recomana-la-pell-fina\/\"},\"wordCount\":183,\"commentCount\":0,\"image\":{\"@id\":\"https:\/\/fomentmolins.cat\/es\/el-foment-us-recomana-la-pell-fina\/#primaryimage\"},\"thumbnailUrl\":\"https:\/\/fomentmolins.cat\/wp-content\/uploads\/2023\/11\/LA-PELL-FINA_CartelleraDigital.jpg\",\"articleSection\":[\"Teatro\"],\"inLanguage\":\"es\",\"potentialAction\":[{\"@type\":\"CommentAction\",\"name\":\"Comment\",\"target\":[\"https:\/\/fomentmolins.cat\/es\/el-foment-us-recomana-la-pell-fina\/#respond\"]}]},{\"@type\":\"WebPage\",\"@id\":\"https:\/\/fomentmolins.cat\/es\/el-foment-us-recomana-la-pell-fina\/\",\"url\":\"https:\/\/fomentmolins.cat\/es\/el-foment-us-recomana-la-pell-fina\/\",\"name\":\"El Foment os recomienda \\\"La PELL FINA\\\" - Foment Molins Cultural\",\"isPartOf\":{\"@id\":\"https:\/\/fomentmolins.cat\/es\/#website\"},\"primaryImageOfPage\":{\"@id\":\"https:\/\/fomentmolins.cat\/es\/el-foment-us-recomana-la-pell-fina\/#primaryimage\"},\"image\":{\"@id\":\"https:\/\/fomentmolins.cat\/es\/el-foment-us-recomana-la-pell-fina\/#primaryimage\"},\"thumbnailUrl\":\"https:\/\/fomentmolins.cat\/wp-content\/uploads\/2023\/11\/LA-PELL-FINA_CartelleraDigital.jpg\",\"datePublished\":\"2024-01-11T12:30:24+00:00\",\"dateModified\":\"2024-01-11T12:34:34+00:00\",\"author\":{\"@id\":\"https:\/\/fomentmolins.cat\/es\/#\/schema\/person\/366c9ce6887138b6a210c9fea54807bd\"},\"breadcrumb\":{\"@id\":\"https:\/\/fomentmolins.cat\/es\/el-foment-us-recomana-la-pell-fina\/#breadcrumb\"},\"inLanguage\":\"es\",\"potentialAction\":[{\"@type\":\"ReadAction\",\"target\":[\"https:\/\/fomentmolins.cat\/es\/el-foment-us-recomana-la-pell-fina\/\"]}]},{\"@type\":\"ImageObject\",\"inLanguage\":\"es\",\"@id\":\"https:\/\/fomentmolins.cat\/es\/el-foment-us-recomana-la-pell-fina\/#primaryimage\",\"url\":\"https:\/\/fomentmolins.cat\/wp-content\/uploads\/2023\/11\/LA-PELL-FINA_CartelleraDigital.jpg\",\"contentUrl\":\"https:\/\/fomentmolins.cat\/wp-content\/uploads\/2023\/11\/LA-PELL-FINA_CartelleraDigital.jpg\",\"width\":1920,\"height\":1080,\"caption\":\"\u200b 988 \/ 5.000 Resultados de traducci\u00f3n Resultado de traducci\u00f3n La PIEL FINA de Carmen Marf\u00e0 y Yago Alonso con Angela Cervantes, Biel Duran, Francesc Ferrer y Laura paz\"},{\"@type\":\"BreadcrumbList\",\"@id\":\"https:\/\/fomentmolins.cat\/es\/el-foment-us-recomana-la-pell-fina\/#breadcrumb\",\"itemListElement\":[{\"@type\":\"ListItem\",\"position\":1,\"name\":\"Portada\",\"item\":\"https:\/\/fomentmolins.cat\/es\/\"},{\"@type\":\"ListItem\",\"position\":2,\"name\":\"El Foment os recomienda &#8220;La PELL FINA&#8221;\"}]},{\"@type\":\"WebSite\",\"@id\":\"https:\/\/fomentmolins.cat\/es\/#website\",\"url\":\"https:\/\/fomentmolins.cat\/es\/\",\"name\":\"Foment Molins Cultural\",\"description\":\"\",\"potentialAction\":[{\"@type\":\"SearchAction\",\"target\":{\"@type\":\"EntryPoint\",\"urlTemplate\":\"https:\/\/fomentmolins.cat\/es\/?s={search_term_string}\"},\"query-input\":{\"@type\":\"PropertyValueSpecification\",\"valueRequired\":true,\"valueName\":\"search_term_string\"}}],\"inLanguage\":\"es\"},{\"@type\":\"Person\",\"@id\":\"https:\/\/fomentmolins.cat\/es\/#\/schema\/person\/366c9ce6887138b6a210c9fea54807bd\",\"name\":\"Foment Molins Cultural\",\"image\":{\"@type\":\"ImageObject\",\"inLanguage\":\"es\",\"@id\":\"https:\/\/secure.gravatar.com\/avatar\/688d89467ed947940f11c807b0e20b64f0ff4f530c1edd96b48232ce24094ac4?s=96&d=mm&r=g\",\"url\":\"https:\/\/secure.gravatar.com\/avatar\/688d89467ed947940f11c807b0e20b64f0ff4f530c1edd96b48232ce24094ac4?s=96&d=mm&r=g\",\"contentUrl\":\"https:\/\/secure.gravatar.com\/avatar\/688d89467ed947940f11c807b0e20b64f0ff4f530c1edd96b48232ce24094ac4?s=96&d=mm&r=g\",\"caption\":\"Foment Molins Cultural\"},\"url\":\"https:\/\/fomentmolins.cat\/es\/author\/fomentmolins\/\"}]}<\/script>\n<!-- \/ Yoast SEO plugin. -->","yoast_head_json":{"title":"El Foment os recomienda \"La PELL FINA\" - Foment Molins Cultural","robots":{"index":"index","follow":"follow","max-snippet":"max-snippet:-1","max-image-preview":"max-image-preview:large","max-video-preview":"max-video-preview:-1"},"canonical":"https:\/\/fomentmolins.cat\/es\/el-foment-us-recomana-la-pell-fina\/","og_locale":"es_ES","og_type":"article","og_title":"El Foment os recomienda \"La PELL FINA\" - Foment Molins Cultural","og_description":"La PELL FINA de Carmen Marf\u00e0 i Yago Alonso amb Angela Cervantes, Biel Duran, Francesc Ferrer i Laura pau","og_url":"https:\/\/fomentmolins.cat\/es\/el-foment-us-recomana-la-pell-fina\/","og_site_name":"Foment Molins Cultural","article_published_time":"2024-01-11T12:30:24+00:00","article_modified_time":"2024-01-11T12:34:34+00:00","og_image":[{"width":1920,"height":1080,"url":"https:\/\/fomentmolins.cat\/wp-content\/uploads\/2023\/11\/LA-PELL-FINA_CartelleraDigital.jpg","type":"image\/jpeg"}],"author":"Foment Molins Cultural","twitter_card":"summary_large_image","twitter_misc":{"Escrito por":"Foment Molins Cultural","Tiempo de lectura":"2 minutos"},"schema":{"@context":"https:\/\/schema.org","@graph":[{"@type":"Article","@id":"https:\/\/fomentmolins.cat\/es\/el-foment-us-recomana-la-pell-fina\/#article","isPartOf":{"@id":"https:\/\/fomentmolins.cat\/es\/el-foment-us-recomana-la-pell-fina\/"},"author":{"name":"Foment Molins Cultural","@id":"https:\/\/fomentmolins.cat\/es\/#\/schema\/person\/366c9ce6887138b6a210c9fea54807bd"},"headline":"El Foment os recomienda \u00abLa PELL FINA\u00bb","datePublished":"2024-01-11T12:30:24+00:00","dateModified":"2024-01-11T12:34:34+00:00","mainEntityOfPage":{"@id":"https:\/\/fomentmolins.cat\/es\/el-foment-us-recomana-la-pell-fina\/"},"wordCount":183,"commentCount":0,"image":{"@id":"https:\/\/fomentmolins.cat\/es\/el-foment-us-recomana-la-pell-fina\/#primaryimage"},"thumbnailUrl":"https:\/\/fomentmolins.cat\/wp-content\/uploads\/2023\/11\/LA-PELL-FINA_CartelleraDigital.jpg","articleSection":["Teatro"],"inLanguage":"es","potentialAction":[{"@type":"CommentAction","name":"Comment","target":["https:\/\/fomentmolins.cat\/es\/el-foment-us-recomana-la-pell-fina\/#respond"]}]},{"@type":"WebPage","@id":"https:\/\/fomentmolins.cat\/es\/el-foment-us-recomana-la-pell-fina\/","url":"https:\/\/fomentmolins.cat\/es\/el-foment-us-recomana-la-pell-fina\/","name":"El Foment os recomienda \"La PELL FINA\" - Foment Molins Cultural","isPartOf":{"@id":"https:\/\/fomentmolins.cat\/es\/#website"},"primaryImageOfPage":{"@id":"https:\/\/fomentmolins.cat\/es\/el-foment-us-recomana-la-pell-fina\/#primaryimage"},"image":{"@id":"https:\/\/fomentmolins.cat\/es\/el-foment-us-recomana-la-pell-fina\/#primaryimage"},"thumbnailUrl":"https:\/\/fomentmolins.cat\/wp-content\/uploads\/2023\/11\/LA-PELL-FINA_CartelleraDigital.jpg","datePublished":"2024-01-11T12:30:24+00:00","dateModified":"2024-01-11T12:34:34+00:00","author":{"@id":"https:\/\/fomentmolins.cat\/es\/#\/schema\/person\/366c9ce6887138b6a210c9fea54807bd"},"breadcrumb":{"@id":"https:\/\/fomentmolins.cat\/es\/el-foment-us-recomana-la-pell-fina\/#breadcrumb"},"inLanguage":"es","potentialAction":[{"@type":"ReadAction","target":["https:\/\/fomentmolins.cat\/es\/el-foment-us-recomana-la-pell-fina\/"]}]},{"@type":"ImageObject","inLanguage":"es","@id":"https:\/\/fomentmolins.cat\/es\/el-foment-us-recomana-la-pell-fina\/#primaryimage","url":"https:\/\/fomentmolins.cat\/wp-content\/uploads\/2023\/11\/LA-PELL-FINA_CartelleraDigital.jpg","contentUrl":"https:\/\/fomentmolins.cat\/wp-content\/uploads\/2023\/11\/LA-PELL-FINA_CartelleraDigital.jpg","width":1920,"height":1080,"caption":"\u200b 988 \/ 5.000 Resultados de traducci\u00f3n Resultado de traducci\u00f3n La PIEL FINA de Carmen Marf\u00e0 y Yago Alonso con Angela Cervantes, Biel Duran, Francesc Ferrer y Laura paz"},{"@type":"BreadcrumbList","@id":"https:\/\/fomentmolins.cat\/es\/el-foment-us-recomana-la-pell-fina\/#breadcrumb","itemListElement":[{"@type":"ListItem","position":1,"name":"Portada","item":"https:\/\/fomentmolins.cat\/es\/"},{"@type":"ListItem","position":2,"name":"El Foment os recomienda &#8220;La PELL FINA&#8221;"}]},{"@type":"WebSite","@id":"https:\/\/fomentmolins.cat\/es\/#website","url":"https:\/\/fomentmolins.cat\/es\/","name":"Foment Molins Cultural","description":"","potentialAction":[{"@type":"SearchAction","target":{"@type":"EntryPoint","urlTemplate":"https:\/\/fomentmolins.cat\/es\/?s={search_term_string}"},"query-input":{"@type":"PropertyValueSpecification","valueRequired":true,"valueName":"search_term_string"}}],"inLanguage":"es"},{"@type":"Person","@id":"https:\/\/fomentmolins.cat\/es\/#\/schema\/person\/366c9ce6887138b6a210c9fea54807bd","name":"Foment Molins Cultural","image":{"@type":"ImageObject","inLanguage":"es","@id":"https:\/\/secure.gravatar.com\/avatar\/688d89467ed947940f11c807b0e20b64f0ff4f530c1edd96b48232ce24094ac4?s=96&d=mm&r=g","url":"https:\/\/secure.gravatar.com\/avatar\/688d89467ed947940f11c807b0e20b64f0ff4f530c1edd96b48232ce24094ac4?s=96&d=mm&r=g","contentUrl":"https:\/\/secure.gravatar.com\/avatar\/688d89467ed947940f11c807b0e20b64f0ff4f530c1edd96b48232ce24094ac4?s=96&d=mm&r=g","caption":"Foment Molins Cultural"},"url":"https:\/\/fomentmolins.cat\/es\/author\/fomentmolins\/"}]}},"_links":{"self":[{"href":"https:\/\/fomentmolins.cat\/es\/wp-json\/wp\/v2\/posts\/1860","targetHints":{"allow":["GET"]}}],"collection":[{"href":"https:\/\/fomentmolins.cat\/es\/wp-json\/wp\/v2\/posts"}],"about":[{"href":"https:\/\/fomentmolins.cat\/es\/wp-json\/wp\/v2\/types\/post"}],"author":[{"embeddable":true,"href":"https:\/\/fomentmolins.cat\/es\/wp-json\/wp\/v2\/users\/5"}],"replies":[{"embeddable":true,"href":"https:\/\/fomentmolins.cat\/es\/wp-json\/wp\/v2\/comments?post=1860"}],"version-history":[{"count":2,"href":"https:\/\/fomentmolins.cat\/es\/wp-json\/wp\/v2\/posts\/1860\/revisions"}],"predecessor-version":[{"id":1867,"href":"https:\/\/fomentmolins.cat\/es\/wp-json\/wp\/v2\/posts\/1860\/revisions\/1867"}],"wp:featuredmedia":[{"embeddable":true,"href":"https:\/\/fomentmolins.cat\/es\/wp-json\/wp\/v2\/media\/1727"}],"wp:attachment":[{"href":"https:\/\/fomentmolins.cat\/es\/wp-json\/wp\/v2\/media?parent=1860"}],"wp:term":[{"taxonomy":"category","embeddable":true,"href":"https:\/\/fomentmolins.cat\/es\/wp-json\/wp\/v2\/categories?post=1860"},{"taxonomy":"post_tag","embeddable":true,"href":"https:\/\/fomentmolins.cat\/es\/wp-json\/wp\/v2\/tags?post=1860"}],"curies":[{"name":"wp","href":"https:\/\/api.w.org\/{rel}","templated":true}]}}