{"id":1963,"date":"2024-01-26T12:44:48","date_gmt":"2024-01-26T11:44:48","guid":{"rendered":"https:\/\/fomentmolins.cat\/el-foment-molins-en-el-parlament-de-catalunya\/"},"modified":"2024-02-04T12:59:09","modified_gmt":"2024-02-04T11:59:09","slug":"el-foment-molins-en-el-parlament-de-catalunya","status":"publish","type":"post","link":"https:\/\/fomentmolins.cat\/es\/el-foment-molins-en-el-parlament-de-catalunya\/","title":{"rendered":"El Foment Molins en el Parlament de Catalunya"},"content":{"rendered":"\n<p>Hoy estamos de enhorabuena El Foment Cultural y Art\u00edstic de Molins de Rei ha tenido el honor de participar en la Recepci\u00f3n de la Presidenta del Parlament, junto con una representaci\u00f3n destacada de los Ateneus de Catalunya. <\/p>\n\n\n\n<p>Este evento marca la celebraci\u00f3n de los 40 a\u00f1os de la Federaci\u00f3 d&#8217;Ateneus de Catalunya, un momento hist\u00f3rico para la cultura y el arte en nuestra regi\u00f3n. <img loading=\"lazy\" decoding=\"async\" height=\"16\" width=\"16\" alt=\"\ud83d\udcda\" src=\"https:\/\/static.xx.fbcdn.net\/images\/emoji.php\/v9\/ta2\/1.5\/16\/1f4da.png\"><img loading=\"lazy\" decoding=\"async\" height=\"16\" width=\"16\" alt=\"\ud83c\udfad\" src=\"https:\/\/static.xx.fbcdn.net\/images\/emoji.php\/v9\/t7\/1.5\/16\/1f3ad.png\"><\/p>\n\n\n\n<p>Estamos orgullosos de formar parte de esa gran familia que promueve los valores culturales y art\u00edsticos, y seguimos comprometidos con nuestra misi\u00f3n de enriquecer la vida comunitaria.<\/p>\n\n\n\n<p>Gracias a todos los que han hecho posible esta celebraci\u00f3n. \u00a1Adelante con muchos m\u00e1s a\u00f1os de cultura, arte y comunidad!<\/p>\n\n\n\n<figure class=\"wp-block-gallery has-nested-images columns-default is-cropped wp-block-gallery-1 is-layout-flex wp-block-gallery-is-layout-flex\">\n<figure class=\"wp-block-image size-large\"><img loading=\"lazy\" decoding=\"async\" width=\"1024\" height=\"1024\" data-id=\"1950\" src=\"https:\/\/fomentmolins.cat\/wp-content\/uploads\/2024\/02\/3afe3a42-1b5c-4232-a924-50853482e99b-1024x1024.jpeg\" alt=\"\" class=\"wp-image-1950\" srcset=\"https:\/\/fomentmolins.cat\/wp-content\/uploads\/2024\/02\/3afe3a42-1b5c-4232-a924-50853482e99b-1024x1024.jpeg 1024w, https:\/\/fomentmolins.cat\/wp-content\/uploads\/2024\/02\/3afe3a42-1b5c-4232-a924-50853482e99b-300x300.jpeg 300w, https:\/\/fomentmolins.cat\/wp-content\/uploads\/2024\/02\/3afe3a42-1b5c-4232-a924-50853482e99b-150x150.jpeg 150w, https:\/\/fomentmolins.cat\/wp-content\/uploads\/2024\/02\/3afe3a42-1b5c-4232-a924-50853482e99b-768x768.jpeg 768w, https:\/\/fomentmolins.cat\/wp-content\/uploads\/2024\/02\/3afe3a42-1b5c-4232-a924-50853482e99b.jpeg 1200w\" sizes=\"auto, (max-width: 1024px) 100vw, 1024px\" \/><\/figure>\n\n\n\n<figure class=\"wp-block-image size-large\"><img loading=\"lazy\" decoding=\"async\" width=\"1024\" height=\"577\" data-id=\"1948\" src=\"https:\/\/fomentmolins.cat\/wp-content\/uploads\/2024\/02\/8bd77e67-a4d5-4671-8dd3-51962410204a-1024x577.jpeg\" alt=\"\" class=\"wp-image-1948\" srcset=\"https:\/\/fomentmolins.cat\/wp-content\/uploads\/2024\/02\/8bd77e67-a4d5-4671-8dd3-51962410204a-1024x577.jpeg 1024w, https:\/\/fomentmolins.cat\/wp-content\/uploads\/2024\/02\/8bd77e67-a4d5-4671-8dd3-51962410204a-300x169.jpeg 300w, https:\/\/fomentmolins.cat\/wp-content\/uploads\/2024\/02\/8bd77e67-a4d5-4671-8dd3-51962410204a-768x433.jpeg 768w, https:\/\/fomentmolins.cat\/wp-content\/uploads\/2024\/02\/8bd77e67-a4d5-4671-8dd3-51962410204a-1536x866.jpeg 1536w, https:\/\/fomentmolins.cat\/wp-content\/uploads\/2024\/02\/8bd77e67-a4d5-4671-8dd3-51962410204a.jpeg 1600w\" sizes=\"auto, (max-width: 1024px) 100vw, 1024px\" \/><\/figure>\n\n\n\n<figure class=\"wp-block-image size-large\"><img loading=\"lazy\" decoding=\"async\" width=\"576\" height=\"1024\" data-id=\"1944\" src=\"https:\/\/fomentmolins.cat\/wp-content\/uploads\/2024\/02\/423479925_772026468282146_1767167733179103441_n-576x1024.jpg\" alt=\"\" class=\"wp-image-1944\" srcset=\"https:\/\/fomentmolins.cat\/wp-content\/uploads\/2024\/02\/423479925_772026468282146_1767167733179103441_n-576x1024.jpg 576w, https:\/\/fomentmolins.cat\/wp-content\/uploads\/2024\/02\/423479925_772026468282146_1767167733179103441_n-169x300.jpg 169w, https:\/\/fomentmolins.cat\/wp-content\/uploads\/2024\/02\/423479925_772026468282146_1767167733179103441_n-768x1365.jpg 768w, https:\/\/fomentmolins.cat\/wp-content\/uploads\/2024\/02\/423479925_772026468282146_1767167733179103441_n-864x1536.jpg 864w, https:\/\/fomentmolins.cat\/wp-content\/uploads\/2024\/02\/423479925_772026468282146_1767167733179103441_n.jpg 1080w\" sizes=\"auto, (max-width: 576px) 100vw, 576px\" \/><\/figure>\n\n\n\n<figure class=\"wp-block-image size-large\"><img loading=\"lazy\" decoding=\"async\" width=\"1024\" height=\"768\" data-id=\"1952\" src=\"https:\/\/fomentmolins.cat\/wp-content\/uploads\/2024\/02\/423538430_772026491615477_9146098849907487489_n-1024x768.jpg\" alt=\"\" class=\"wp-image-1952\" srcset=\"https:\/\/fomentmolins.cat\/wp-content\/uploads\/2024\/02\/423538430_772026491615477_9146098849907487489_n-1024x768.jpg 1024w, https:\/\/fomentmolins.cat\/wp-content\/uploads\/2024\/02\/423538430_772026491615477_9146098849907487489_n-300x225.jpg 300w, https:\/\/fomentmolins.cat\/wp-content\/uploads\/2024\/02\/423538430_772026491615477_9146098849907487489_n-768x576.jpg 768w, https:\/\/fomentmolins.cat\/wp-content\/uploads\/2024\/02\/423538430_772026491615477_9146098849907487489_n-1536x1152.jpg 1536w, https:\/\/fomentmolins.cat\/wp-content\/uploads\/2024\/02\/423538430_772026491615477_9146098849907487489_n.jpg 2048w\" sizes=\"auto, (max-width: 1024px) 100vw, 1024px\" \/><\/figure>\n\n\n\n<figure class=\"wp-block-image size-large\"><img loading=\"lazy\" decoding=\"async\" width=\"1024\" height=\"680\" data-id=\"1946\" src=\"https:\/\/fomentmolins.cat\/wp-content\/uploads\/2024\/02\/423692534_772026454948814_4717582407624850554_n-1024x680.jpg\" alt=\"\" class=\"wp-image-1946\" srcset=\"https:\/\/fomentmolins.cat\/wp-content\/uploads\/2024\/02\/423692534_772026454948814_4717582407624850554_n-1024x680.jpg 1024w, https:\/\/fomentmolins.cat\/wp-content\/uploads\/2024\/02\/423692534_772026454948814_4717582407624850554_n-300x199.jpg 300w, https:\/\/fomentmolins.cat\/wp-content\/uploads\/2024\/02\/423692534_772026454948814_4717582407624850554_n-768x510.jpg 768w, https:\/\/fomentmolins.cat\/wp-content\/uploads\/2024\/02\/423692534_772026454948814_4717582407624850554_n.jpg 1080w\" sizes=\"auto, (max-width: 1024px) 100vw, 1024px\" \/><\/figure>\n<\/figure>\n","protected":false},"excerpt":{"rendered":"<p>Hoy estamos de enhorabuena El Foment Cultural y Art\u00edstic de Molins de Rei ha tenido el honor de participar en la Recepci\u00f3n de la Presidenta del Parlament, junto con una representaci\u00f3n destacada de los Ateneus de Catalunya. <\/p>\n","protected":false},"author":5,"featured_media":1949,"comment_status":"open","ping_status":"closed","sticky":false,"template":"","format":"standard","meta":{"inline_featured_image":false,"footnotes":""},"categories":[91],"tags":[],"class_list":["post-1963","post","type-post","status-publish","format-standard","has-post-thumbnail","hentry","category-dia-a-dia-es"],"yoast_head":"<!-- This site is optimized with the Yoast SEO plugin v27.2 - https:\/\/yoast.com\/product\/yoast-seo-wordpress\/ -->\n<title>El Foment Molins en el Parlament de Catalunya - Foment Molins Cultural<\/title>\n<meta name=\"description\" content=\"El Foment Molins en el Parlament de Catalunya\" \/>\n<meta name=\"robots\" content=\"index, follow, max-snippet:-1, max-image-preview:large, max-video-preview:-1\" \/>\n<link rel=\"canonical\" href=\"https:\/\/fomentmolins.cat\/es\/el-foment-molins-en-el-parlament-de-catalunya\/\" \/>\n<meta property=\"og:locale\" content=\"es_ES\" \/>\n<meta property=\"og:type\" content=\"article\" \/>\n<meta property=\"og:title\" content=\"El Foment Molins en el Parlament de Catalunya - Foment Molins Cultural\" \/>\n<meta property=\"og:description\" content=\"El Foment Molins en el Parlament de Catalunya\" \/>\n<meta property=\"og:url\" content=\"https:\/\/fomentmolins.cat\/es\/el-foment-molins-en-el-parlament-de-catalunya\/\" \/>\n<meta property=\"og:site_name\" content=\"Foment Molins Cultural\" \/>\n<meta property=\"article:published_time\" content=\"2024-01-26T11:44:48+00:00\" \/>\n<meta property=\"article:modified_time\" content=\"2024-02-04T11:59:09+00:00\" \/>\n<meta property=\"og:image\" content=\"https:\/\/fomentmolins.cat\/wp-content\/uploads\/2024\/02\/8bd77e67-a4d5-4671-8dd3-51962410204a.jpeg\" \/>\n\t<meta property=\"og:image:width\" content=\"1600\" \/>\n\t<meta property=\"og:image:height\" content=\"902\" \/>\n\t<meta property=\"og:image:type\" content=\"image\/jpeg\" \/>\n<meta name=\"author\" content=\"Foment Molins Cultural\" \/>\n<meta name=\"twitter:card\" content=\"summary_large_image\" \/>\n<meta name=\"twitter:label1\" content=\"Escrito por\" \/>\n\t<meta name=\"twitter:data1\" content=\"Foment Molins Cultural\" \/>\n\t<meta name=\"twitter:label2\" content=\"Tiempo de lectura\" \/>\n\t<meta name=\"twitter:data2\" content=\"3 minutos\" \/>\n<script type=\"application\/ld+json\" class=\"yoast-schema-graph\">{\"@context\":\"https:\/\/schema.org\",\"@graph\":[{\"@type\":\"Article\",\"@id\":\"https:\/\/fomentmolins.cat\/es\/el-foment-molins-en-el-parlament-de-catalunya\/#article\",\"isPartOf\":{\"@id\":\"https:\/\/fomentmolins.cat\/es\/el-foment-molins-en-el-parlament-de-catalunya\/\"},\"author\":{\"name\":\"Foment Molins Cultural\",\"@id\":\"https:\/\/fomentmolins.cat\/es\/#\/schema\/person\/366c9ce6887138b6a210c9fea54807bd\"},\"headline\":\"El Foment Molins en el Parlament de Catalunya\",\"datePublished\":\"2024-01-26T11:44:48+00:00\",\"dateModified\":\"2024-02-04T11:59:09+00:00\",\"mainEntityOfPage\":{\"@id\":\"https:\/\/fomentmolins.cat\/es\/el-foment-molins-en-el-parlament-de-catalunya\/\"},\"wordCount\":131,\"commentCount\":0,\"image\":{\"@id\":\"https:\/\/fomentmolins.cat\/es\/el-foment-molins-en-el-parlament-de-catalunya\/#primaryimage\"},\"thumbnailUrl\":\"https:\/\/fomentmolins.cat\/wp-content\/uploads\/2024\/02\/8bd77e67-a4d5-4671-8dd3-51962410204a.jpeg\",\"articleSection\":[\"D\u00eda a d\u00eda\"],\"inLanguage\":\"es\",\"potentialAction\":[{\"@type\":\"CommentAction\",\"name\":\"Comment\",\"target\":[\"https:\/\/fomentmolins.cat\/es\/el-foment-molins-en-el-parlament-de-catalunya\/#respond\"]}]},{\"@type\":\"WebPage\",\"@id\":\"https:\/\/fomentmolins.cat\/es\/el-foment-molins-en-el-parlament-de-catalunya\/\",\"url\":\"https:\/\/fomentmolins.cat\/es\/el-foment-molins-en-el-parlament-de-catalunya\/\",\"name\":\"El Foment Molins en el Parlament de Catalunya - Foment Molins Cultural\",\"isPartOf\":{\"@id\":\"https:\/\/fomentmolins.cat\/es\/#website\"},\"primaryImageOfPage\":{\"@id\":\"https:\/\/fomentmolins.cat\/es\/el-foment-molins-en-el-parlament-de-catalunya\/#primaryimage\"},\"image\":{\"@id\":\"https:\/\/fomentmolins.cat\/es\/el-foment-molins-en-el-parlament-de-catalunya\/#primaryimage\"},\"thumbnailUrl\":\"https:\/\/fomentmolins.cat\/wp-content\/uploads\/2024\/02\/8bd77e67-a4d5-4671-8dd3-51962410204a.jpeg\",\"datePublished\":\"2024-01-26T11:44:48+00:00\",\"dateModified\":\"2024-02-04T11:59:09+00:00\",\"author\":{\"@id\":\"https:\/\/fomentmolins.cat\/es\/#\/schema\/person\/366c9ce6887138b6a210c9fea54807bd\"},\"description\":\"El Foment Molins en el Parlament de Catalunya\",\"breadcrumb\":{\"@id\":\"https:\/\/fomentmolins.cat\/es\/el-foment-molins-en-el-parlament-de-catalunya\/#breadcrumb\"},\"inLanguage\":\"es\",\"potentialAction\":[{\"@type\":\"ReadAction\",\"target\":[\"https:\/\/fomentmolins.cat\/es\/el-foment-molins-en-el-parlament-de-catalunya\/\"]}]},{\"@type\":\"ImageObject\",\"inLanguage\":\"es\",\"@id\":\"https:\/\/fomentmolins.cat\/es\/el-foment-molins-en-el-parlament-de-catalunya\/#primaryimage\",\"url\":\"https:\/\/fomentmolins.cat\/wp-content\/uploads\/2024\/02\/8bd77e67-a4d5-4671-8dd3-51962410204a.jpeg\",\"contentUrl\":\"https:\/\/fomentmolins.cat\/wp-content\/uploads\/2024\/02\/8bd77e67-a4d5-4671-8dd3-51962410204a.jpeg\",\"width\":1600,\"height\":902,\"caption\":\"El Foment Molins en el Parlament de Catalunya Hoy estamos de enhorabuena El Foment Cultural y Art\u00edstic de Molins de Rei ha tenido el honor de participar en la Recepci\u00f3n de la Presidenta del Parlament, junto con una representaci\u00f3n destacada de los Ateneus de Catalunya.\"},{\"@type\":\"BreadcrumbList\",\"@id\":\"https:\/\/fomentmolins.cat\/es\/el-foment-molins-en-el-parlament-de-catalunya\/#breadcrumb\",\"itemListElement\":[{\"@type\":\"ListItem\",\"position\":1,\"name\":\"Portada\",\"item\":\"https:\/\/fomentmolins.cat\/es\/\"},{\"@type\":\"ListItem\",\"position\":2,\"name\":\"El Foment Molins en el Parlament de Catalunya\"}]},{\"@type\":\"WebSite\",\"@id\":\"https:\/\/fomentmolins.cat\/es\/#website\",\"url\":\"https:\/\/fomentmolins.cat\/es\/\",\"name\":\"Foment Molins Cultural\",\"description\":\"\",\"potentialAction\":[{\"@type\":\"SearchAction\",\"target\":{\"@type\":\"EntryPoint\",\"urlTemplate\":\"https:\/\/fomentmolins.cat\/es\/?s={search_term_string}\"},\"query-input\":{\"@type\":\"PropertyValueSpecification\",\"valueRequired\":true,\"valueName\":\"search_term_string\"}}],\"inLanguage\":\"es\"},{\"@type\":\"Person\",\"@id\":\"https:\/\/fomentmolins.cat\/es\/#\/schema\/person\/366c9ce6887138b6a210c9fea54807bd\",\"name\":\"Foment Molins Cultural\",\"image\":{\"@type\":\"ImageObject\",\"inLanguage\":\"es\",\"@id\":\"https:\/\/secure.gravatar.com\/avatar\/688d89467ed947940f11c807b0e20b64f0ff4f530c1edd96b48232ce24094ac4?s=96&d=mm&r=g\",\"url\":\"https:\/\/secure.gravatar.com\/avatar\/688d89467ed947940f11c807b0e20b64f0ff4f530c1edd96b48232ce24094ac4?s=96&d=mm&r=g\",\"contentUrl\":\"https:\/\/secure.gravatar.com\/avatar\/688d89467ed947940f11c807b0e20b64f0ff4f530c1edd96b48232ce24094ac4?s=96&d=mm&r=g\",\"caption\":\"Foment Molins Cultural\"},\"url\":\"https:\/\/fomentmolins.cat\/es\/author\/fomentmolins\/\"}]}<\/script>\n<!-- \/ Yoast SEO plugin. -->","yoast_head_json":{"title":"El Foment Molins en el Parlament de Catalunya - Foment Molins Cultural","description":"El Foment Molins en el Parlament de Catalunya","robots":{"index":"index","follow":"follow","max-snippet":"max-snippet:-1","max-image-preview":"max-image-preview:large","max-video-preview":"max-video-preview:-1"},"canonical":"https:\/\/fomentmolins.cat\/es\/el-foment-molins-en-el-parlament-de-catalunya\/","og_locale":"es_ES","og_type":"article","og_title":"El Foment Molins en el Parlament de Catalunya - Foment Molins Cultural","og_description":"El Foment Molins en el Parlament de Catalunya","og_url":"https:\/\/fomentmolins.cat\/es\/el-foment-molins-en-el-parlament-de-catalunya\/","og_site_name":"Foment Molins Cultural","article_published_time":"2024-01-26T11:44:48+00:00","article_modified_time":"2024-02-04T11:59:09+00:00","og_image":[{"width":1600,"height":902,"url":"https:\/\/fomentmolins.cat\/wp-content\/uploads\/2024\/02\/8bd77e67-a4d5-4671-8dd3-51962410204a.jpeg","type":"image\/jpeg"}],"author":"Foment Molins Cultural","twitter_card":"summary_large_image","twitter_misc":{"Escrito por":"Foment Molins Cultural","Tiempo de lectura":"3 minutos"},"schema":{"@context":"https:\/\/schema.org","@graph":[{"@type":"Article","@id":"https:\/\/fomentmolins.cat\/es\/el-foment-molins-en-el-parlament-de-catalunya\/#article","isPartOf":{"@id":"https:\/\/fomentmolins.cat\/es\/el-foment-molins-en-el-parlament-de-catalunya\/"},"author":{"name":"Foment Molins Cultural","@id":"https:\/\/fomentmolins.cat\/es\/#\/schema\/person\/366c9ce6887138b6a210c9fea54807bd"},"headline":"El Foment Molins en el Parlament de Catalunya","datePublished":"2024-01-26T11:44:48+00:00","dateModified":"2024-02-04T11:59:09+00:00","mainEntityOfPage":{"@id":"https:\/\/fomentmolins.cat\/es\/el-foment-molins-en-el-parlament-de-catalunya\/"},"wordCount":131,"commentCount":0,"image":{"@id":"https:\/\/fomentmolins.cat\/es\/el-foment-molins-en-el-parlament-de-catalunya\/#primaryimage"},"thumbnailUrl":"https:\/\/fomentmolins.cat\/wp-content\/uploads\/2024\/02\/8bd77e67-a4d5-4671-8dd3-51962410204a.jpeg","articleSection":["D\u00eda a d\u00eda"],"inLanguage":"es","potentialAction":[{"@type":"CommentAction","name":"Comment","target":["https:\/\/fomentmolins.cat\/es\/el-foment-molins-en-el-parlament-de-catalunya\/#respond"]}]},{"@type":"WebPage","@id":"https:\/\/fomentmolins.cat\/es\/el-foment-molins-en-el-parlament-de-catalunya\/","url":"https:\/\/fomentmolins.cat\/es\/el-foment-molins-en-el-parlament-de-catalunya\/","name":"El Foment Molins en el Parlament de Catalunya - Foment Molins Cultural","isPartOf":{"@id":"https:\/\/fomentmolins.cat\/es\/#website"},"primaryImageOfPage":{"@id":"https:\/\/fomentmolins.cat\/es\/el-foment-molins-en-el-parlament-de-catalunya\/#primaryimage"},"image":{"@id":"https:\/\/fomentmolins.cat\/es\/el-foment-molins-en-el-parlament-de-catalunya\/#primaryimage"},"thumbnailUrl":"https:\/\/fomentmolins.cat\/wp-content\/uploads\/2024\/02\/8bd77e67-a4d5-4671-8dd3-51962410204a.jpeg","datePublished":"2024-01-26T11:44:48+00:00","dateModified":"2024-02-04T11:59:09+00:00","author":{"@id":"https:\/\/fomentmolins.cat\/es\/#\/schema\/person\/366c9ce6887138b6a210c9fea54807bd"},"description":"El Foment Molins en el Parlament de Catalunya","breadcrumb":{"@id":"https:\/\/fomentmolins.cat\/es\/el-foment-molins-en-el-parlament-de-catalunya\/#breadcrumb"},"inLanguage":"es","potentialAction":[{"@type":"ReadAction","target":["https:\/\/fomentmolins.cat\/es\/el-foment-molins-en-el-parlament-de-catalunya\/"]}]},{"@type":"ImageObject","inLanguage":"es","@id":"https:\/\/fomentmolins.cat\/es\/el-foment-molins-en-el-parlament-de-catalunya\/#primaryimage","url":"https:\/\/fomentmolins.cat\/wp-content\/uploads\/2024\/02\/8bd77e67-a4d5-4671-8dd3-51962410204a.jpeg","contentUrl":"https:\/\/fomentmolins.cat\/wp-content\/uploads\/2024\/02\/8bd77e67-a4d5-4671-8dd3-51962410204a.jpeg","width":1600,"height":902,"caption":"El Foment Molins en el Parlament de Catalunya Hoy estamos de enhorabuena El Foment Cultural y Art\u00edstic de Molins de Rei ha tenido el honor de participar en la Recepci\u00f3n de la Presidenta del Parlament, junto con una representaci\u00f3n destacada de los Ateneus de Catalunya."},{"@type":"BreadcrumbList","@id":"https:\/\/fomentmolins.cat\/es\/el-foment-molins-en-el-parlament-de-catalunya\/#breadcrumb","itemListElement":[{"@type":"ListItem","position":1,"name":"Portada","item":"https:\/\/fomentmolins.cat\/es\/"},{"@type":"ListItem","position":2,"name":"El Foment Molins en el Parlament de Catalunya"}]},{"@type":"WebSite","@id":"https:\/\/fomentmolins.cat\/es\/#website","url":"https:\/\/fomentmolins.cat\/es\/","name":"Foment Molins Cultural","description":"","potentialAction":[{"@type":"SearchAction","target":{"@type":"EntryPoint","urlTemplate":"https:\/\/fomentmolins.cat\/es\/?s={search_term_string}"},"query-input":{"@type":"PropertyValueSpecification","valueRequired":true,"valueName":"search_term_string"}}],"inLanguage":"es"},{"@type":"Person","@id":"https:\/\/fomentmolins.cat\/es\/#\/schema\/person\/366c9ce6887138b6a210c9fea54807bd","name":"Foment Molins Cultural","image":{"@type":"ImageObject","inLanguage":"es","@id":"https:\/\/secure.gravatar.com\/avatar\/688d89467ed947940f11c807b0e20b64f0ff4f530c1edd96b48232ce24094ac4?s=96&d=mm&r=g","url":"https:\/\/secure.gravatar.com\/avatar\/688d89467ed947940f11c807b0e20b64f0ff4f530c1edd96b48232ce24094ac4?s=96&d=mm&r=g","contentUrl":"https:\/\/secure.gravatar.com\/avatar\/688d89467ed947940f11c807b0e20b64f0ff4f530c1edd96b48232ce24094ac4?s=96&d=mm&r=g","caption":"Foment Molins Cultural"},"url":"https:\/\/fomentmolins.cat\/es\/author\/fomentmolins\/"}]}},"_links":{"self":[{"href":"https:\/\/fomentmolins.cat\/es\/wp-json\/wp\/v2\/posts\/1963","targetHints":{"allow":["GET"]}}],"collection":[{"href":"https:\/\/fomentmolins.cat\/es\/wp-json\/wp\/v2\/posts"}],"about":[{"href":"https:\/\/fomentmolins.cat\/es\/wp-json\/wp\/v2\/types\/post"}],"author":[{"embeddable":true,"href":"https:\/\/fomentmolins.cat\/es\/wp-json\/wp\/v2\/users\/5"}],"replies":[{"embeddable":true,"href":"https:\/\/fomentmolins.cat\/es\/wp-json\/wp\/v2\/comments?post=1963"}],"version-history":[{"count":4,"href":"https:\/\/fomentmolins.cat\/es\/wp-json\/wp\/v2\/posts\/1963\/revisions"}],"predecessor-version":[{"id":1967,"href":"https:\/\/fomentmolins.cat\/es\/wp-json\/wp\/v2\/posts\/1963\/revisions\/1967"}],"wp:featuredmedia":[{"embeddable":true,"href":"https:\/\/fomentmolins.cat\/es\/wp-json\/wp\/v2\/media\/1949"}],"wp:attachment":[{"href":"https:\/\/fomentmolins.cat\/es\/wp-json\/wp\/v2\/media?parent=1963"}],"wp:term":[{"taxonomy":"category","embeddable":true,"href":"https:\/\/fomentmolins.cat\/es\/wp-json\/wp\/v2\/categories?post=1963"},{"taxonomy":"post_tag","embeddable":true,"href":"https:\/\/fomentmolins.cat\/es\/wp-json\/wp\/v2\/tags?post=1963"}],"curies":[{"name":"wp","href":"https:\/\/api.w.org\/{rel}","templated":true}]}}