{"id":1968,"date":"2024-01-17T12:51:26","date_gmt":"2024-01-17T11:51:26","guid":{"rendered":"https:\/\/fomentmolins.cat\/la-seccion-de-billar-del-foment-es-un-verdadero-referente-en-toda-cataluna-y-espana\/"},"modified":"2024-02-04T13:01:32","modified_gmt":"2024-02-04T12:01:32","slug":"la-seccion-de-billar-del-foment-es-un-verdadero-referente-en-toda-cataluna-y-espana","status":"publish","type":"post","link":"https:\/\/fomentmolins.cat\/es\/la-seccion-de-billar-del-foment-es-un-verdadero-referente-en-toda-cataluna-y-espana\/","title":{"rendered":"La secci\u00f3n de Billar del Foment es un verdadero referente en toda Catalu\u00f1a y Espa\u00f1a"},"content":{"rendered":"\n<p>\u00a1La secci\u00f3n de Billar del Foment es un verdadero referente en toda Catalu\u00f1a y Espa\u00f1a, con un palmar\u00e9s deportivo impresionante y jugadores de \u00e9lite! <\/p>\n\n<p>Con cinco mesas de billar en nuestra sala, tenemos el espacio perfecto para los amantes de este apasionante deporte. Y tenemos una gran noticia&#8230; \u00a1Acabamos de estrenar una nueva mesa que seguramente se convertir\u00e1 en el escenario de muchas partidas \u00e9picas! <\/p>\n\n<p>Muchas gracias a todos los que han hecho posible esta incorporaci\u00f3n y siguen haciendo crecer nuestra secci\u00f3n de billar. \u00a1No dejeis de seguirnos para estar al d\u00eda de las novedades y las proezas de nuestros jugadores!<\/p>\n\n<figure class=\"wp-block-gallery has-nested-images columns-2 is-cropped wp-block-gallery-1 is-layout-flex wp-block-gallery-is-layout-flex\">\n<figure class=\"wp-block-image size-large\"><img loading=\"lazy\" decoding=\"async\" width=\"768\" height=\"1024\" data-id=\"1960\" src=\"https:\/\/fomentmolins.cat\/wp-content\/uploads\/2024\/02\/billar-Foment-Molins-1-768x1024.jpg\" alt=\"\" class=\"wp-image-1960\" srcset=\"https:\/\/fomentmolins.cat\/wp-content\/uploads\/2024\/02\/billar-Foment-Molins-1-768x1024.jpg 768w, https:\/\/fomentmolins.cat\/wp-content\/uploads\/2024\/02\/billar-Foment-Molins-1-225x300.jpg 225w, https:\/\/fomentmolins.cat\/wp-content\/uploads\/2024\/02\/billar-Foment-Molins-1-1152x1536.jpg 1152w, https:\/\/fomentmolins.cat\/wp-content\/uploads\/2024\/02\/billar-Foment-Molins-1.jpg 1536w\" sizes=\"auto, (max-width: 768px) 100vw, 768px\" \/><\/figure>\n\n\n\n<figure class=\"wp-block-image size-large\"><img loading=\"lazy\" decoding=\"async\" width=\"1024\" height=\"768\" data-id=\"1956\" src=\"https:\/\/fomentmolins.cat\/wp-content\/uploads\/2024\/02\/Billar-Foment-Molins-2.jpg\" alt=\"\" class=\"wp-image-1956\" srcset=\"https:\/\/fomentmolins.cat\/wp-content\/uploads\/2024\/02\/Billar-Foment-Molins-2.jpg 1024w, https:\/\/fomentmolins.cat\/wp-content\/uploads\/2024\/02\/Billar-Foment-Molins-2-300x225.jpg 300w, https:\/\/fomentmolins.cat\/wp-content\/uploads\/2024\/02\/Billar-Foment-Molins-2-768x576.jpg 768w\" sizes=\"auto, (max-width: 1024px) 100vw, 1024px\" \/><\/figure>\n\n\n\n<figure class=\"wp-block-image size-large\"><img loading=\"lazy\" decoding=\"async\" width=\"768\" height=\"1024\" data-id=\"1958\" src=\"https:\/\/fomentmolins.cat\/wp-content\/uploads\/2024\/02\/billar-Foment-Molins-3.jpg\" alt=\"\" class=\"wp-image-1958\" srcset=\"https:\/\/fomentmolins.cat\/wp-content\/uploads\/2024\/02\/billar-Foment-Molins-3.jpg 768w, https:\/\/fomentmolins.cat\/wp-content\/uploads\/2024\/02\/billar-Foment-Molins-3-225x300.jpg 225w\" sizes=\"auto, (max-width: 768px) 100vw, 768px\" \/><\/figure>\n<\/figure>\n","protected":false},"excerpt":{"rendered":"<p>\u00a1La secci\u00f3n de Billar del Fomento es un verdadero referente en toda Catalu\u00f1a y Espa\u00f1a, con un palmar\u00e9s deportivo impresionante y jugadores de \u00e9lite! <\/p>\n","protected":false},"author":5,"featured_media":1957,"comment_status":"open","ping_status":"closed","sticky":false,"template":"","format":"standard","meta":{"inline_featured_image":false,"footnotes":""},"categories":[114],"tags":[],"class_list":["post-1968","post","type-post","status-publish","format-standard","has-post-thumbnail","hentry","category-billar-es"],"yoast_head":"<!-- This site is optimized with the Yoast SEO plugin v27.2 - https:\/\/yoast.com\/product\/yoast-seo-wordpress\/ -->\n<title>La secci\u00f3n de Billar del Foment es un verdadero referente en toda Catalu\u00f1a y Espa\u00f1a - Foment Molins Cultural<\/title>\n<meta name=\"description\" content=\"La secci\u00f3n de Billar del Foment es un verdadero referente en toda Catalu\u00f1a y Espa\u00f1a\" \/>\n<meta name=\"robots\" content=\"index, follow, max-snippet:-1, max-image-preview:large, max-video-preview:-1\" \/>\n<link rel=\"canonical\" href=\"https:\/\/fomentmolins.cat\/es\/la-seccion-de-billar-del-foment-es-un-verdadero-referente-en-toda-cataluna-y-espana\/\" \/>\n<meta property=\"og:locale\" content=\"es_ES\" \/>\n<meta property=\"og:type\" content=\"article\" \/>\n<meta property=\"og:title\" content=\"La secci\u00f3n de Billar del Foment es un verdadero referente en toda Catalu\u00f1a y Espa\u00f1a - Foment Molins Cultural\" \/>\n<meta property=\"og:description\" content=\"La secci\u00f3n de Billar del Foment es un verdadero referente en toda Catalu\u00f1a y Espa\u00f1a\" \/>\n<meta property=\"og:url\" content=\"https:\/\/fomentmolins.cat\/es\/la-seccion-de-billar-del-foment-es-un-verdadero-referente-en-toda-cataluna-y-espana\/\" \/>\n<meta property=\"og:site_name\" content=\"Foment Molins Cultural\" \/>\n<meta property=\"article:published_time\" content=\"2024-01-17T11:51:26+00:00\" \/>\n<meta property=\"article:modified_time\" content=\"2024-02-04T12:01:32+00:00\" \/>\n<meta property=\"og:image\" content=\"https:\/\/fomentmolins.cat\/wp-content\/uploads\/2024\/02\/Billar-Foment-Molins-2.jpg\" \/>\n\t<meta property=\"og:image:width\" content=\"1024\" \/>\n\t<meta property=\"og:image:height\" content=\"768\" \/>\n\t<meta property=\"og:image:type\" content=\"image\/jpeg\" \/>\n<meta name=\"author\" content=\"Foment Molins Cultural\" \/>\n<meta name=\"twitter:card\" content=\"summary_large_image\" \/>\n<meta name=\"twitter:label1\" content=\"Escrito por\" \/>\n\t<meta name=\"twitter:data1\" content=\"Foment Molins Cultural\" \/>\n\t<meta name=\"twitter:label2\" content=\"Tiempo de lectura\" \/>\n\t<meta name=\"twitter:data2\" content=\"1 minuto\" \/>\n<script type=\"application\/ld+json\" class=\"yoast-schema-graph\">{\"@context\":\"https:\/\/schema.org\",\"@graph\":[{\"@type\":\"Article\",\"@id\":\"https:\/\/fomentmolins.cat\/es\/la-seccion-de-billar-del-foment-es-un-verdadero-referente-en-toda-cataluna-y-espana\/#article\",\"isPartOf\":{\"@id\":\"https:\/\/fomentmolins.cat\/es\/la-seccion-de-billar-del-foment-es-un-verdadero-referente-en-toda-cataluna-y-espana\/\"},\"author\":{\"name\":\"Foment Molins Cultural\",\"@id\":\"https:\/\/fomentmolins.cat\/es\/#\/schema\/person\/366c9ce6887138b6a210c9fea54807bd\"},\"headline\":\"La secci\u00f3n de Billar del Foment es un verdadero referente en toda Catalu\u00f1a y Espa\u00f1a\",\"datePublished\":\"2024-01-17T11:51:26+00:00\",\"dateModified\":\"2024-02-04T12:01:32+00:00\",\"mainEntityOfPage\":{\"@id\":\"https:\/\/fomentmolins.cat\/es\/la-seccion-de-billar-del-foment-es-un-verdadero-referente-en-toda-cataluna-y-espana\/\"},\"wordCount\":126,\"commentCount\":0,\"image\":{\"@id\":\"https:\/\/fomentmolins.cat\/es\/la-seccion-de-billar-del-foment-es-un-verdadero-referente-en-toda-cataluna-y-espana\/#primaryimage\"},\"thumbnailUrl\":\"https:\/\/fomentmolins.cat\/wp-content\/uploads\/2024\/02\/Billar-Foment-Molins-2.jpg\",\"articleSection\":[\"Billar\"],\"inLanguage\":\"es\",\"potentialAction\":[{\"@type\":\"CommentAction\",\"name\":\"Comment\",\"target\":[\"https:\/\/fomentmolins.cat\/es\/la-seccion-de-billar-del-foment-es-un-verdadero-referente-en-toda-cataluna-y-espana\/#respond\"]}]},{\"@type\":\"WebPage\",\"@id\":\"https:\/\/fomentmolins.cat\/es\/la-seccion-de-billar-del-foment-es-un-verdadero-referente-en-toda-cataluna-y-espana\/\",\"url\":\"https:\/\/fomentmolins.cat\/es\/la-seccion-de-billar-del-foment-es-un-verdadero-referente-en-toda-cataluna-y-espana\/\",\"name\":\"La secci\u00f3n de Billar del Foment es un verdadero referente en toda Catalu\u00f1a y Espa\u00f1a - Foment Molins Cultural\",\"isPartOf\":{\"@id\":\"https:\/\/fomentmolins.cat\/es\/#website\"},\"primaryImageOfPage\":{\"@id\":\"https:\/\/fomentmolins.cat\/es\/la-seccion-de-billar-del-foment-es-un-verdadero-referente-en-toda-cataluna-y-espana\/#primaryimage\"},\"image\":{\"@id\":\"https:\/\/fomentmolins.cat\/es\/la-seccion-de-billar-del-foment-es-un-verdadero-referente-en-toda-cataluna-y-espana\/#primaryimage\"},\"thumbnailUrl\":\"https:\/\/fomentmolins.cat\/wp-content\/uploads\/2024\/02\/Billar-Foment-Molins-2.jpg\",\"datePublished\":\"2024-01-17T11:51:26+00:00\",\"dateModified\":\"2024-02-04T12:01:32+00:00\",\"author\":{\"@id\":\"https:\/\/fomentmolins.cat\/es\/#\/schema\/person\/366c9ce6887138b6a210c9fea54807bd\"},\"description\":\"La secci\u00f3n de Billar del Foment es un verdadero referente en toda Catalu\u00f1a y Espa\u00f1a\",\"breadcrumb\":{\"@id\":\"https:\/\/fomentmolins.cat\/es\/la-seccion-de-billar-del-foment-es-un-verdadero-referente-en-toda-cataluna-y-espana\/#breadcrumb\"},\"inLanguage\":\"es\",\"potentialAction\":[{\"@type\":\"ReadAction\",\"target\":[\"https:\/\/fomentmolins.cat\/es\/la-seccion-de-billar-del-foment-es-un-verdadero-referente-en-toda-cataluna-y-espana\/\"]}]},{\"@type\":\"ImageObject\",\"inLanguage\":\"es\",\"@id\":\"https:\/\/fomentmolins.cat\/es\/la-seccion-de-billar-del-foment-es-un-verdadero-referente-en-toda-cataluna-y-espana\/#primaryimage\",\"url\":\"https:\/\/fomentmolins.cat\/wp-content\/uploads\/2024\/02\/Billar-Foment-Molins-2.jpg\",\"contentUrl\":\"https:\/\/fomentmolins.cat\/wp-content\/uploads\/2024\/02\/Billar-Foment-Molins-2.jpg\",\"width\":1024,\"height\":768,\"caption\":\"\u00a1La secci\u00f3n de Billar del Fomento es un verdadero referente en toda Catalu\u00f1a y Espa\u00f1a, con un palmar\u00e9s deportivo impresionante y jugadores de \u00e9lite!\"},{\"@type\":\"BreadcrumbList\",\"@id\":\"https:\/\/fomentmolins.cat\/es\/la-seccion-de-billar-del-foment-es-un-verdadero-referente-en-toda-cataluna-y-espana\/#breadcrumb\",\"itemListElement\":[{\"@type\":\"ListItem\",\"position\":1,\"name\":\"Portada\",\"item\":\"https:\/\/fomentmolins.cat\/es\/\"},{\"@type\":\"ListItem\",\"position\":2,\"name\":\"La secci\u00f3n de Billar del Foment es un verdadero referente en toda Catalu\u00f1a y Espa\u00f1a\"}]},{\"@type\":\"WebSite\",\"@id\":\"https:\/\/fomentmolins.cat\/es\/#website\",\"url\":\"https:\/\/fomentmolins.cat\/es\/\",\"name\":\"Foment Molins Cultural\",\"description\":\"\",\"potentialAction\":[{\"@type\":\"SearchAction\",\"target\":{\"@type\":\"EntryPoint\",\"urlTemplate\":\"https:\/\/fomentmolins.cat\/es\/?s={search_term_string}\"},\"query-input\":{\"@type\":\"PropertyValueSpecification\",\"valueRequired\":true,\"valueName\":\"search_term_string\"}}],\"inLanguage\":\"es\"},{\"@type\":\"Person\",\"@id\":\"https:\/\/fomentmolins.cat\/es\/#\/schema\/person\/366c9ce6887138b6a210c9fea54807bd\",\"name\":\"Foment Molins Cultural\",\"image\":{\"@type\":\"ImageObject\",\"inLanguage\":\"es\",\"@id\":\"https:\/\/secure.gravatar.com\/avatar\/688d89467ed947940f11c807b0e20b64f0ff4f530c1edd96b48232ce24094ac4?s=96&d=mm&r=g\",\"url\":\"https:\/\/secure.gravatar.com\/avatar\/688d89467ed947940f11c807b0e20b64f0ff4f530c1edd96b48232ce24094ac4?s=96&d=mm&r=g\",\"contentUrl\":\"https:\/\/secure.gravatar.com\/avatar\/688d89467ed947940f11c807b0e20b64f0ff4f530c1edd96b48232ce24094ac4?s=96&d=mm&r=g\",\"caption\":\"Foment Molins Cultural\"},\"url\":\"https:\/\/fomentmolins.cat\/es\/author\/fomentmolins\/\"}]}<\/script>\n<!-- \/ Yoast SEO plugin. -->","yoast_head_json":{"title":"La secci\u00f3n de Billar del Foment es un verdadero referente en toda Catalu\u00f1a y Espa\u00f1a - Foment Molins Cultural","description":"La secci\u00f3n de Billar del Foment es un verdadero referente en toda Catalu\u00f1a y Espa\u00f1a","robots":{"index":"index","follow":"follow","max-snippet":"max-snippet:-1","max-image-preview":"max-image-preview:large","max-video-preview":"max-video-preview:-1"},"canonical":"https:\/\/fomentmolins.cat\/es\/la-seccion-de-billar-del-foment-es-un-verdadero-referente-en-toda-cataluna-y-espana\/","og_locale":"es_ES","og_type":"article","og_title":"La secci\u00f3n de Billar del Foment es un verdadero referente en toda Catalu\u00f1a y Espa\u00f1a - Foment Molins Cultural","og_description":"La secci\u00f3n de Billar del Foment es un verdadero referente en toda Catalu\u00f1a y Espa\u00f1a","og_url":"https:\/\/fomentmolins.cat\/es\/la-seccion-de-billar-del-foment-es-un-verdadero-referente-en-toda-cataluna-y-espana\/","og_site_name":"Foment Molins Cultural","article_published_time":"2024-01-17T11:51:26+00:00","article_modified_time":"2024-02-04T12:01:32+00:00","og_image":[{"width":1024,"height":768,"url":"https:\/\/fomentmolins.cat\/wp-content\/uploads\/2024\/02\/Billar-Foment-Molins-2.jpg","type":"image\/jpeg"}],"author":"Foment Molins Cultural","twitter_card":"summary_large_image","twitter_misc":{"Escrito por":"Foment Molins Cultural","Tiempo de lectura":"1 minuto"},"schema":{"@context":"https:\/\/schema.org","@graph":[{"@type":"Article","@id":"https:\/\/fomentmolins.cat\/es\/la-seccion-de-billar-del-foment-es-un-verdadero-referente-en-toda-cataluna-y-espana\/#article","isPartOf":{"@id":"https:\/\/fomentmolins.cat\/es\/la-seccion-de-billar-del-foment-es-un-verdadero-referente-en-toda-cataluna-y-espana\/"},"author":{"name":"Foment Molins Cultural","@id":"https:\/\/fomentmolins.cat\/es\/#\/schema\/person\/366c9ce6887138b6a210c9fea54807bd"},"headline":"La secci\u00f3n de Billar del Foment es un verdadero referente en toda Catalu\u00f1a y Espa\u00f1a","datePublished":"2024-01-17T11:51:26+00:00","dateModified":"2024-02-04T12:01:32+00:00","mainEntityOfPage":{"@id":"https:\/\/fomentmolins.cat\/es\/la-seccion-de-billar-del-foment-es-un-verdadero-referente-en-toda-cataluna-y-espana\/"},"wordCount":126,"commentCount":0,"image":{"@id":"https:\/\/fomentmolins.cat\/es\/la-seccion-de-billar-del-foment-es-un-verdadero-referente-en-toda-cataluna-y-espana\/#primaryimage"},"thumbnailUrl":"https:\/\/fomentmolins.cat\/wp-content\/uploads\/2024\/02\/Billar-Foment-Molins-2.jpg","articleSection":["Billar"],"inLanguage":"es","potentialAction":[{"@type":"CommentAction","name":"Comment","target":["https:\/\/fomentmolins.cat\/es\/la-seccion-de-billar-del-foment-es-un-verdadero-referente-en-toda-cataluna-y-espana\/#respond"]}]},{"@type":"WebPage","@id":"https:\/\/fomentmolins.cat\/es\/la-seccion-de-billar-del-foment-es-un-verdadero-referente-en-toda-cataluna-y-espana\/","url":"https:\/\/fomentmolins.cat\/es\/la-seccion-de-billar-del-foment-es-un-verdadero-referente-en-toda-cataluna-y-espana\/","name":"La secci\u00f3n de Billar del Foment es un verdadero referente en toda Catalu\u00f1a y Espa\u00f1a - Foment Molins Cultural","isPartOf":{"@id":"https:\/\/fomentmolins.cat\/es\/#website"},"primaryImageOfPage":{"@id":"https:\/\/fomentmolins.cat\/es\/la-seccion-de-billar-del-foment-es-un-verdadero-referente-en-toda-cataluna-y-espana\/#primaryimage"},"image":{"@id":"https:\/\/fomentmolins.cat\/es\/la-seccion-de-billar-del-foment-es-un-verdadero-referente-en-toda-cataluna-y-espana\/#primaryimage"},"thumbnailUrl":"https:\/\/fomentmolins.cat\/wp-content\/uploads\/2024\/02\/Billar-Foment-Molins-2.jpg","datePublished":"2024-01-17T11:51:26+00:00","dateModified":"2024-02-04T12:01:32+00:00","author":{"@id":"https:\/\/fomentmolins.cat\/es\/#\/schema\/person\/366c9ce6887138b6a210c9fea54807bd"},"description":"La secci\u00f3n de Billar del Foment es un verdadero referente en toda Catalu\u00f1a y Espa\u00f1a","breadcrumb":{"@id":"https:\/\/fomentmolins.cat\/es\/la-seccion-de-billar-del-foment-es-un-verdadero-referente-en-toda-cataluna-y-espana\/#breadcrumb"},"inLanguage":"es","potentialAction":[{"@type":"ReadAction","target":["https:\/\/fomentmolins.cat\/es\/la-seccion-de-billar-del-foment-es-un-verdadero-referente-en-toda-cataluna-y-espana\/"]}]},{"@type":"ImageObject","inLanguage":"es","@id":"https:\/\/fomentmolins.cat\/es\/la-seccion-de-billar-del-foment-es-un-verdadero-referente-en-toda-cataluna-y-espana\/#primaryimage","url":"https:\/\/fomentmolins.cat\/wp-content\/uploads\/2024\/02\/Billar-Foment-Molins-2.jpg","contentUrl":"https:\/\/fomentmolins.cat\/wp-content\/uploads\/2024\/02\/Billar-Foment-Molins-2.jpg","width":1024,"height":768,"caption":"\u00a1La secci\u00f3n de Billar del Fomento es un verdadero referente en toda Catalu\u00f1a y Espa\u00f1a, con un palmar\u00e9s deportivo impresionante y jugadores de \u00e9lite!"},{"@type":"BreadcrumbList","@id":"https:\/\/fomentmolins.cat\/es\/la-seccion-de-billar-del-foment-es-un-verdadero-referente-en-toda-cataluna-y-espana\/#breadcrumb","itemListElement":[{"@type":"ListItem","position":1,"name":"Portada","item":"https:\/\/fomentmolins.cat\/es\/"},{"@type":"ListItem","position":2,"name":"La secci\u00f3n de Billar del Foment es un verdadero referente en toda Catalu\u00f1a y Espa\u00f1a"}]},{"@type":"WebSite","@id":"https:\/\/fomentmolins.cat\/es\/#website","url":"https:\/\/fomentmolins.cat\/es\/","name":"Foment Molins Cultural","description":"","potentialAction":[{"@type":"SearchAction","target":{"@type":"EntryPoint","urlTemplate":"https:\/\/fomentmolins.cat\/es\/?s={search_term_string}"},"query-input":{"@type":"PropertyValueSpecification","valueRequired":true,"valueName":"search_term_string"}}],"inLanguage":"es"},{"@type":"Person","@id":"https:\/\/fomentmolins.cat\/es\/#\/schema\/person\/366c9ce6887138b6a210c9fea54807bd","name":"Foment Molins Cultural","image":{"@type":"ImageObject","inLanguage":"es","@id":"https:\/\/secure.gravatar.com\/avatar\/688d89467ed947940f11c807b0e20b64f0ff4f530c1edd96b48232ce24094ac4?s=96&d=mm&r=g","url":"https:\/\/secure.gravatar.com\/avatar\/688d89467ed947940f11c807b0e20b64f0ff4f530c1edd96b48232ce24094ac4?s=96&d=mm&r=g","contentUrl":"https:\/\/secure.gravatar.com\/avatar\/688d89467ed947940f11c807b0e20b64f0ff4f530c1edd96b48232ce24094ac4?s=96&d=mm&r=g","caption":"Foment Molins Cultural"},"url":"https:\/\/fomentmolins.cat\/es\/author\/fomentmolins\/"}]}},"_links":{"self":[{"href":"https:\/\/fomentmolins.cat\/es\/wp-json\/wp\/v2\/posts\/1968","targetHints":{"allow":["GET"]}}],"collection":[{"href":"https:\/\/fomentmolins.cat\/es\/wp-json\/wp\/v2\/posts"}],"about":[{"href":"https:\/\/fomentmolins.cat\/es\/wp-json\/wp\/v2\/types\/post"}],"author":[{"embeddable":true,"href":"https:\/\/fomentmolins.cat\/es\/wp-json\/wp\/v2\/users\/5"}],"replies":[{"embeddable":true,"href":"https:\/\/fomentmolins.cat\/es\/wp-json\/wp\/v2\/comments?post=1968"}],"version-history":[{"count":3,"href":"https:\/\/fomentmolins.cat\/es\/wp-json\/wp\/v2\/posts\/1968\/revisions"}],"predecessor-version":[{"id":1971,"href":"https:\/\/fomentmolins.cat\/es\/wp-json\/wp\/v2\/posts\/1968\/revisions\/1971"}],"wp:featuredmedia":[{"embeddable":true,"href":"https:\/\/fomentmolins.cat\/es\/wp-json\/wp\/v2\/media\/1957"}],"wp:attachment":[{"href":"https:\/\/fomentmolins.cat\/es\/wp-json\/wp\/v2\/media?parent=1968"}],"wp:term":[{"taxonomy":"category","embeddable":true,"href":"https:\/\/fomentmolins.cat\/es\/wp-json\/wp\/v2\/categories?post=1968"},{"taxonomy":"post_tag","embeddable":true,"href":"https:\/\/fomentmolins.cat\/es\/wp-json\/wp\/v2\/tags?post=1968"}],"curies":[{"name":"wp","href":"https:\/\/api.w.org\/{rel}","templated":true}]}}