{"id":2035,"date":"2024-02-04T17:33:09","date_gmt":"2024-02-04T16:33:09","guid":{"rendered":"https:\/\/fomentmolins.cat\/joel-sanchez-gallego-se-ha-procalamado-campeon-de-cataluna-junior\/"},"modified":"2024-02-04T17:39:17","modified_gmt":"2024-02-04T16:39:17","slug":"joel-sanchez-gallego-se-ha-procalamado-campeon-de-cataluna-junior","status":"publish","type":"post","link":"https:\/\/fomentmolins.cat\/es\/joel-sanchez-gallego-se-ha-procalamado-campeon-de-cataluna-junior\/","title":{"rendered":"Joel S\u00e1nchez Gallego se ha procalamado campe\u00f3n de Catalu\u00f1a Junior"},"content":{"rendered":"\n<p>En una jornada para enmarcar, el pasado 3 de febrero, el talentoso Joel S\u00e1nchez Gallego logr\u00f3 uno de los logros m\u00e1s relevantes para el billar catal\u00e1n y, especialmente, para el Foment Molins. Con determinaci\u00f3n, habilidad y una pasi\u00f3n inquebrantable por el billar, Joel se ha proclamado Campe\u00f3n de Catalu\u00f1a en la categor\u00eda junior, un triunfo que no s\u00f3lo celebramos como victoria individual sino tambi\u00e9n como \u00e9xito colectivo para nuestro club.<\/p>\n\n<p>Desde las primeras horas de la ma\u00f1ana, los mejores talentos juniors de Catalunya reuni\u00e9ndose para demostrar su habilidad y su estrategia en el juego del billar. Entre ellos, Joel, representando los colores del Foment Molins, destac\u00f3 por su concentraci\u00f3n, t\u00e9cnica y precisi\u00f3n, elementos clave que le guiaron hacia la victoria.<\/p>\n\n<p>Queremos aprovechar esta ocasi\u00f3n para felicitar a Joel S\u00e1nchez Gallego por este magn\u00edfico triunfo que sin duda es el resultado de su esfuerzo y dedicaci\u00f3n. <\/p>\n\n<p><\/p>\n","protected":false},"excerpt":{"rendered":"<p>El talentoso Joel S\u00e1nchez Gallego consigu\u00f3 uno de los logros m\u00e1s relevantes para el billar catal\u00e1n y, especialmente, para el Foment Molins.<\/p>\n","protected":false},"author":5,"featured_media":2033,"comment_status":"open","ping_status":"closed","sticky":false,"template":"","format":"standard","meta":{"inline_featured_image":false,"footnotes":""},"categories":[114],"tags":[],"class_list":["post-2035","post","type-post","status-publish","format-standard","has-post-thumbnail","hentry","category-billar-es"],"yoast_head":"<!-- This site is optimized with the Yoast SEO plugin v27.2 - https:\/\/yoast.com\/product\/yoast-seo-wordpress\/ -->\n<title>Joel S\u00e1nchez Gallego se ha procalamado campe\u00f3n de Catalu\u00f1a Junior - Foment Molins Cultural<\/title>\n<meta name=\"description\" content=\"Joel S\u00e1nchez Gallego se ha procalamado campe\u00f3n de Catalu\u00f1a Junior\" \/>\n<meta name=\"robots\" content=\"index, follow, max-snippet:-1, max-image-preview:large, max-video-preview:-1\" \/>\n<link rel=\"canonical\" href=\"https:\/\/fomentmolins.cat\/es\/joel-sanchez-gallego-se-ha-procalamado-campeon-de-cataluna-junior\/\" \/>\n<meta property=\"og:locale\" content=\"es_ES\" \/>\n<meta property=\"og:type\" content=\"article\" \/>\n<meta property=\"og:title\" content=\"Joel S\u00e1nchez Gallego se ha procalamado campe\u00f3n de Catalu\u00f1a Junior - Foment Molins Cultural\" \/>\n<meta property=\"og:description\" content=\"Joel S\u00e1nchez Gallego se ha procalamado campe\u00f3n de Catalu\u00f1a Junior\" \/>\n<meta property=\"og:url\" content=\"https:\/\/fomentmolins.cat\/es\/joel-sanchez-gallego-se-ha-procalamado-campeon-de-cataluna-junior\/\" \/>\n<meta property=\"og:site_name\" content=\"Foment Molins Cultural\" \/>\n<meta property=\"article:published_time\" content=\"2024-02-04T16:33:09+00:00\" \/>\n<meta property=\"article:modified_time\" content=\"2024-02-04T16:39:17+00:00\" \/>\n<meta property=\"og:image\" content=\"https:\/\/fomentmolins.cat\/wp-content\/uploads\/2024\/02\/Avui-en-Joel-Sanchez-Gallego-sha-proclamat-campio-de-Catalunya-junior.png\" \/>\n\t<meta property=\"og:image:width\" content=\"856\" \/>\n\t<meta property=\"og:image:height\" content=\"862\" \/>\n\t<meta property=\"og:image:type\" content=\"image\/png\" \/>\n<meta name=\"author\" content=\"Foment Molins Cultural\" \/>\n<meta name=\"twitter:card\" content=\"summary_large_image\" \/>\n<meta name=\"twitter:label1\" content=\"Escrito por\" \/>\n\t<meta name=\"twitter:data1\" content=\"Foment Molins Cultural\" \/>\n\t<meta name=\"twitter:label2\" content=\"Tiempo de lectura\" \/>\n\t<meta name=\"twitter:data2\" content=\"1 minuto\" \/>\n<script type=\"application\/ld+json\" class=\"yoast-schema-graph\">{\"@context\":\"https:\/\/schema.org\",\"@graph\":[{\"@type\":\"Article\",\"@id\":\"https:\/\/fomentmolins.cat\/es\/joel-sanchez-gallego-se-ha-procalamado-campeon-de-cataluna-junior\/#article\",\"isPartOf\":{\"@id\":\"https:\/\/fomentmolins.cat\/es\/joel-sanchez-gallego-se-ha-procalamado-campeon-de-cataluna-junior\/\"},\"author\":{\"name\":\"Foment Molins Cultural\",\"@id\":\"https:\/\/fomentmolins.cat\/es\/#\/schema\/person\/366c9ce6887138b6a210c9fea54807bd\"},\"headline\":\"Joel S\u00e1nchez Gallego se ha procalamado campe\u00f3n de Catalu\u00f1a Junior\",\"datePublished\":\"2024-02-04T16:33:09+00:00\",\"dateModified\":\"2024-02-04T16:39:17+00:00\",\"mainEntityOfPage\":{\"@id\":\"https:\/\/fomentmolins.cat\/es\/joel-sanchez-gallego-se-ha-procalamado-campeon-de-cataluna-junior\/\"},\"wordCount\":176,\"commentCount\":0,\"image\":{\"@id\":\"https:\/\/fomentmolins.cat\/es\/joel-sanchez-gallego-se-ha-procalamado-campeon-de-cataluna-junior\/#primaryimage\"},\"thumbnailUrl\":\"https:\/\/fomentmolins.cat\/wp-content\/uploads\/2024\/02\/Avui-en-Joel-Sanchez-Gallego-sha-proclamat-campio-de-Catalunya-junior.png\",\"articleSection\":[\"Billar\"],\"inLanguage\":\"es\",\"potentialAction\":[{\"@type\":\"CommentAction\",\"name\":\"Comment\",\"target\":[\"https:\/\/fomentmolins.cat\/es\/joel-sanchez-gallego-se-ha-procalamado-campeon-de-cataluna-junior\/#respond\"]}]},{\"@type\":\"WebPage\",\"@id\":\"https:\/\/fomentmolins.cat\/es\/joel-sanchez-gallego-se-ha-procalamado-campeon-de-cataluna-junior\/\",\"url\":\"https:\/\/fomentmolins.cat\/es\/joel-sanchez-gallego-se-ha-procalamado-campeon-de-cataluna-junior\/\",\"name\":\"Joel S\u00e1nchez Gallego se ha procalamado campe\u00f3n de Catalu\u00f1a Junior - Foment Molins Cultural\",\"isPartOf\":{\"@id\":\"https:\/\/fomentmolins.cat\/es\/#website\"},\"primaryImageOfPage\":{\"@id\":\"https:\/\/fomentmolins.cat\/es\/joel-sanchez-gallego-se-ha-procalamado-campeon-de-cataluna-junior\/#primaryimage\"},\"image\":{\"@id\":\"https:\/\/fomentmolins.cat\/es\/joel-sanchez-gallego-se-ha-procalamado-campeon-de-cataluna-junior\/#primaryimage\"},\"thumbnailUrl\":\"https:\/\/fomentmolins.cat\/wp-content\/uploads\/2024\/02\/Avui-en-Joel-Sanchez-Gallego-sha-proclamat-campio-de-Catalunya-junior.png\",\"datePublished\":\"2024-02-04T16:33:09+00:00\",\"dateModified\":\"2024-02-04T16:39:17+00:00\",\"author\":{\"@id\":\"https:\/\/fomentmolins.cat\/es\/#\/schema\/person\/366c9ce6887138b6a210c9fea54807bd\"},\"description\":\"Joel S\u00e1nchez Gallego se ha procalamado campe\u00f3n de Catalu\u00f1a Junior\",\"breadcrumb\":{\"@id\":\"https:\/\/fomentmolins.cat\/es\/joel-sanchez-gallego-se-ha-procalamado-campeon-de-cataluna-junior\/#breadcrumb\"},\"inLanguage\":\"es\",\"potentialAction\":[{\"@type\":\"ReadAction\",\"target\":[\"https:\/\/fomentmolins.cat\/es\/joel-sanchez-gallego-se-ha-procalamado-campeon-de-cataluna-junior\/\"]}]},{\"@type\":\"ImageObject\",\"inLanguage\":\"es\",\"@id\":\"https:\/\/fomentmolins.cat\/es\/joel-sanchez-gallego-se-ha-procalamado-campeon-de-cataluna-junior\/#primaryimage\",\"url\":\"https:\/\/fomentmolins.cat\/wp-content\/uploads\/2024\/02\/Avui-en-Joel-Sanchez-Gallego-sha-proclamat-campio-de-Catalunya-junior.png\",\"contentUrl\":\"https:\/\/fomentmolins.cat\/wp-content\/uploads\/2024\/02\/Avui-en-Joel-Sanchez-Gallego-sha-proclamat-campio-de-Catalunya-junior.png\",\"width\":856,\"height\":862,\"caption\":\"En una jornada para enmarcar, el pasado 3 de febrero, el talentoso Joel S\u00e1nchez Gallego logr\u00f3 uno de los logros m\u00e1s relevantes para el billar catal\u00e1n y, especialmente, para el Foment Molins. Con determinaci\u00f3n, habilidad y una pasi\u00f3n inquebrantable por el billar, Joel se ha proclamado Campe\u00f3n de Catalu\u00f1a en la categor\u00eda junior, un triunfo que no s\u00f3lo celebramos como victoria individual sino tambi\u00e9n como \u00e9xito colectivo para nuestro club.\"},{\"@type\":\"BreadcrumbList\",\"@id\":\"https:\/\/fomentmolins.cat\/es\/joel-sanchez-gallego-se-ha-procalamado-campeon-de-cataluna-junior\/#breadcrumb\",\"itemListElement\":[{\"@type\":\"ListItem\",\"position\":1,\"name\":\"Portada\",\"item\":\"https:\/\/fomentmolins.cat\/es\/\"},{\"@type\":\"ListItem\",\"position\":2,\"name\":\"Joel S\u00e1nchez Gallego se ha procalamado campe\u00f3n de Catalu\u00f1a Junior\"}]},{\"@type\":\"WebSite\",\"@id\":\"https:\/\/fomentmolins.cat\/es\/#website\",\"url\":\"https:\/\/fomentmolins.cat\/es\/\",\"name\":\"Foment Molins Cultural\",\"description\":\"\",\"potentialAction\":[{\"@type\":\"SearchAction\",\"target\":{\"@type\":\"EntryPoint\",\"urlTemplate\":\"https:\/\/fomentmolins.cat\/es\/?s={search_term_string}\"},\"query-input\":{\"@type\":\"PropertyValueSpecification\",\"valueRequired\":true,\"valueName\":\"search_term_string\"}}],\"inLanguage\":\"es\"},{\"@type\":\"Person\",\"@id\":\"https:\/\/fomentmolins.cat\/es\/#\/schema\/person\/366c9ce6887138b6a210c9fea54807bd\",\"name\":\"Foment Molins Cultural\",\"image\":{\"@type\":\"ImageObject\",\"inLanguage\":\"es\",\"@id\":\"https:\/\/secure.gravatar.com\/avatar\/688d89467ed947940f11c807b0e20b64f0ff4f530c1edd96b48232ce24094ac4?s=96&d=mm&r=g\",\"url\":\"https:\/\/secure.gravatar.com\/avatar\/688d89467ed947940f11c807b0e20b64f0ff4f530c1edd96b48232ce24094ac4?s=96&d=mm&r=g\",\"contentUrl\":\"https:\/\/secure.gravatar.com\/avatar\/688d89467ed947940f11c807b0e20b64f0ff4f530c1edd96b48232ce24094ac4?s=96&d=mm&r=g\",\"caption\":\"Foment Molins Cultural\"},\"url\":\"https:\/\/fomentmolins.cat\/es\/author\/fomentmolins\/\"}]}<\/script>\n<!-- \/ Yoast SEO plugin. -->","yoast_head_json":{"title":"Joel S\u00e1nchez Gallego se ha procalamado campe\u00f3n de Catalu\u00f1a Junior - Foment Molins Cultural","description":"Joel S\u00e1nchez Gallego se ha procalamado campe\u00f3n de Catalu\u00f1a Junior","robots":{"index":"index","follow":"follow","max-snippet":"max-snippet:-1","max-image-preview":"max-image-preview:large","max-video-preview":"max-video-preview:-1"},"canonical":"https:\/\/fomentmolins.cat\/es\/joel-sanchez-gallego-se-ha-procalamado-campeon-de-cataluna-junior\/","og_locale":"es_ES","og_type":"article","og_title":"Joel S\u00e1nchez Gallego se ha procalamado campe\u00f3n de Catalu\u00f1a Junior - Foment Molins Cultural","og_description":"Joel S\u00e1nchez Gallego se ha procalamado campe\u00f3n de Catalu\u00f1a Junior","og_url":"https:\/\/fomentmolins.cat\/es\/joel-sanchez-gallego-se-ha-procalamado-campeon-de-cataluna-junior\/","og_site_name":"Foment Molins Cultural","article_published_time":"2024-02-04T16:33:09+00:00","article_modified_time":"2024-02-04T16:39:17+00:00","og_image":[{"width":856,"height":862,"url":"https:\/\/fomentmolins.cat\/wp-content\/uploads\/2024\/02\/Avui-en-Joel-Sanchez-Gallego-sha-proclamat-campio-de-Catalunya-junior.png","type":"image\/png"}],"author":"Foment Molins Cultural","twitter_card":"summary_large_image","twitter_misc":{"Escrito por":"Foment Molins Cultural","Tiempo de lectura":"1 minuto"},"schema":{"@context":"https:\/\/schema.org","@graph":[{"@type":"Article","@id":"https:\/\/fomentmolins.cat\/es\/joel-sanchez-gallego-se-ha-procalamado-campeon-de-cataluna-junior\/#article","isPartOf":{"@id":"https:\/\/fomentmolins.cat\/es\/joel-sanchez-gallego-se-ha-procalamado-campeon-de-cataluna-junior\/"},"author":{"name":"Foment Molins Cultural","@id":"https:\/\/fomentmolins.cat\/es\/#\/schema\/person\/366c9ce6887138b6a210c9fea54807bd"},"headline":"Joel S\u00e1nchez Gallego se ha procalamado campe\u00f3n de Catalu\u00f1a Junior","datePublished":"2024-02-04T16:33:09+00:00","dateModified":"2024-02-04T16:39:17+00:00","mainEntityOfPage":{"@id":"https:\/\/fomentmolins.cat\/es\/joel-sanchez-gallego-se-ha-procalamado-campeon-de-cataluna-junior\/"},"wordCount":176,"commentCount":0,"image":{"@id":"https:\/\/fomentmolins.cat\/es\/joel-sanchez-gallego-se-ha-procalamado-campeon-de-cataluna-junior\/#primaryimage"},"thumbnailUrl":"https:\/\/fomentmolins.cat\/wp-content\/uploads\/2024\/02\/Avui-en-Joel-Sanchez-Gallego-sha-proclamat-campio-de-Catalunya-junior.png","articleSection":["Billar"],"inLanguage":"es","potentialAction":[{"@type":"CommentAction","name":"Comment","target":["https:\/\/fomentmolins.cat\/es\/joel-sanchez-gallego-se-ha-procalamado-campeon-de-cataluna-junior\/#respond"]}]},{"@type":"WebPage","@id":"https:\/\/fomentmolins.cat\/es\/joel-sanchez-gallego-se-ha-procalamado-campeon-de-cataluna-junior\/","url":"https:\/\/fomentmolins.cat\/es\/joel-sanchez-gallego-se-ha-procalamado-campeon-de-cataluna-junior\/","name":"Joel S\u00e1nchez Gallego se ha procalamado campe\u00f3n de Catalu\u00f1a Junior - Foment Molins Cultural","isPartOf":{"@id":"https:\/\/fomentmolins.cat\/es\/#website"},"primaryImageOfPage":{"@id":"https:\/\/fomentmolins.cat\/es\/joel-sanchez-gallego-se-ha-procalamado-campeon-de-cataluna-junior\/#primaryimage"},"image":{"@id":"https:\/\/fomentmolins.cat\/es\/joel-sanchez-gallego-se-ha-procalamado-campeon-de-cataluna-junior\/#primaryimage"},"thumbnailUrl":"https:\/\/fomentmolins.cat\/wp-content\/uploads\/2024\/02\/Avui-en-Joel-Sanchez-Gallego-sha-proclamat-campio-de-Catalunya-junior.png","datePublished":"2024-02-04T16:33:09+00:00","dateModified":"2024-02-04T16:39:17+00:00","author":{"@id":"https:\/\/fomentmolins.cat\/es\/#\/schema\/person\/366c9ce6887138b6a210c9fea54807bd"},"description":"Joel S\u00e1nchez Gallego se ha procalamado campe\u00f3n de Catalu\u00f1a Junior","breadcrumb":{"@id":"https:\/\/fomentmolins.cat\/es\/joel-sanchez-gallego-se-ha-procalamado-campeon-de-cataluna-junior\/#breadcrumb"},"inLanguage":"es","potentialAction":[{"@type":"ReadAction","target":["https:\/\/fomentmolins.cat\/es\/joel-sanchez-gallego-se-ha-procalamado-campeon-de-cataluna-junior\/"]}]},{"@type":"ImageObject","inLanguage":"es","@id":"https:\/\/fomentmolins.cat\/es\/joel-sanchez-gallego-se-ha-procalamado-campeon-de-cataluna-junior\/#primaryimage","url":"https:\/\/fomentmolins.cat\/wp-content\/uploads\/2024\/02\/Avui-en-Joel-Sanchez-Gallego-sha-proclamat-campio-de-Catalunya-junior.png","contentUrl":"https:\/\/fomentmolins.cat\/wp-content\/uploads\/2024\/02\/Avui-en-Joel-Sanchez-Gallego-sha-proclamat-campio-de-Catalunya-junior.png","width":856,"height":862,"caption":"En una jornada para enmarcar, el pasado 3 de febrero, el talentoso Joel S\u00e1nchez Gallego logr\u00f3 uno de los logros m\u00e1s relevantes para el billar catal\u00e1n y, especialmente, para el Foment Molins. Con determinaci\u00f3n, habilidad y una pasi\u00f3n inquebrantable por el billar, Joel se ha proclamado Campe\u00f3n de Catalu\u00f1a en la categor\u00eda junior, un triunfo que no s\u00f3lo celebramos como victoria individual sino tambi\u00e9n como \u00e9xito colectivo para nuestro club."},{"@type":"BreadcrumbList","@id":"https:\/\/fomentmolins.cat\/es\/joel-sanchez-gallego-se-ha-procalamado-campeon-de-cataluna-junior\/#breadcrumb","itemListElement":[{"@type":"ListItem","position":1,"name":"Portada","item":"https:\/\/fomentmolins.cat\/es\/"},{"@type":"ListItem","position":2,"name":"Joel S\u00e1nchez Gallego se ha procalamado campe\u00f3n de Catalu\u00f1a Junior"}]},{"@type":"WebSite","@id":"https:\/\/fomentmolins.cat\/es\/#website","url":"https:\/\/fomentmolins.cat\/es\/","name":"Foment Molins Cultural","description":"","potentialAction":[{"@type":"SearchAction","target":{"@type":"EntryPoint","urlTemplate":"https:\/\/fomentmolins.cat\/es\/?s={search_term_string}"},"query-input":{"@type":"PropertyValueSpecification","valueRequired":true,"valueName":"search_term_string"}}],"inLanguage":"es"},{"@type":"Person","@id":"https:\/\/fomentmolins.cat\/es\/#\/schema\/person\/366c9ce6887138b6a210c9fea54807bd","name":"Foment Molins Cultural","image":{"@type":"ImageObject","inLanguage":"es","@id":"https:\/\/secure.gravatar.com\/avatar\/688d89467ed947940f11c807b0e20b64f0ff4f530c1edd96b48232ce24094ac4?s=96&d=mm&r=g","url":"https:\/\/secure.gravatar.com\/avatar\/688d89467ed947940f11c807b0e20b64f0ff4f530c1edd96b48232ce24094ac4?s=96&d=mm&r=g","contentUrl":"https:\/\/secure.gravatar.com\/avatar\/688d89467ed947940f11c807b0e20b64f0ff4f530c1edd96b48232ce24094ac4?s=96&d=mm&r=g","caption":"Foment Molins Cultural"},"url":"https:\/\/fomentmolins.cat\/es\/author\/fomentmolins\/"}]}},"_links":{"self":[{"href":"https:\/\/fomentmolins.cat\/es\/wp-json\/wp\/v2\/posts\/2035","targetHints":{"allow":["GET"]}}],"collection":[{"href":"https:\/\/fomentmolins.cat\/es\/wp-json\/wp\/v2\/posts"}],"about":[{"href":"https:\/\/fomentmolins.cat\/es\/wp-json\/wp\/v2\/types\/post"}],"author":[{"embeddable":true,"href":"https:\/\/fomentmolins.cat\/es\/wp-json\/wp\/v2\/users\/5"}],"replies":[{"embeddable":true,"href":"https:\/\/fomentmolins.cat\/es\/wp-json\/wp\/v2\/comments?post=2035"}],"version-history":[{"count":3,"href":"https:\/\/fomentmolins.cat\/es\/wp-json\/wp\/v2\/posts\/2035\/revisions"}],"predecessor-version":[{"id":2038,"href":"https:\/\/fomentmolins.cat\/es\/wp-json\/wp\/v2\/posts\/2035\/revisions\/2038"}],"wp:featuredmedia":[{"embeddable":true,"href":"https:\/\/fomentmolins.cat\/es\/wp-json\/wp\/v2\/media\/2033"}],"wp:attachment":[{"href":"https:\/\/fomentmolins.cat\/es\/wp-json\/wp\/v2\/media?parent=2035"}],"wp:term":[{"taxonomy":"category","embeddable":true,"href":"https:\/\/fomentmolins.cat\/es\/wp-json\/wp\/v2\/categories?post=2035"},{"taxonomy":"post_tag","embeddable":true,"href":"https:\/\/fomentmolins.cat\/es\/wp-json\/wp\/v2\/tags?post=2035"}],"curies":[{"name":"wp","href":"https:\/\/api.w.org\/{rel}","templated":true}]}}