{"id":2140,"date":"2024-03-14T12:42:11","date_gmt":"2024-03-14T11:42:11","guid":{"rendered":"https:\/\/fomentmolins.cat\/un-paso-mas-hacia-la-cultura-accesible-en-el-fomento\/"},"modified":"2024-03-22T12:50:58","modified_gmt":"2024-03-22T11:50:58","slug":"un-paso-mas-hacia-la-cultura-accesible-en-el-fomento","status":"publish","type":"post","link":"https:\/\/fomentmolins.cat\/es\/un-paso-mas-hacia-la-cultura-accesible-en-el-fomento\/","title":{"rendered":"Un paso m\u00e1s hacia la cultura accesible en el Foment"},"content":{"rendered":"\n<p><strong>Innovaci\u00f3n e inclusi\u00f3n, la nueva plataforma para personas con movilidad reducida<\/strong><\/p>\n\n<p>En Foment Molins, tenemos la creencia firme de que la cultura debe ser accesible para todos, sin excepciones. Por eso nos llena de satisfacci\u00f3n compartir con vosotros un paso m\u00e1s hacia la materializaci\u00f3n de esta visi\u00f3n: la instalaci\u00f3n de una nueva plataforma automatizada destinada a hacer nuestra platea completamente accesible para las personas con movilidad reducida.<\/p>\n\n<p>Esta innovaci\u00f3n no s\u00f3lo demuestra nuestro compromiso con la inclusi\u00f3n y accesibilidad, sino que tambi\u00e9n reafirma nuestra determinaci\u00f3n de deshacer las barreras f\u00edsicas que impiden la plena participaci\u00f3n de todos los miembros de nuestra comunidad en la vida cultural.<\/p>\n\n<p>La nueva plataforma ser\u00e1 operativa antes de finalizar el mes, un avance tecnol\u00f3gico que permitir\u00e1 a todo el mundo disfrutar del arte y la cultura en igualdad de condiciones. En Foment Molins, seguimos trabajando incansablemente por la cultura accesible, porque creemos firmemente en el poder unificador y enriquecedor de las artes.<\/p>\n\n<p><\/p>\n","protected":false},"excerpt":{"rendered":"<p>Innovaci\u00f3n e inclusi\u00f3n, la nueva plataforma para personas con movilidad reducida<\/p>\n","protected":false},"author":5,"featured_media":2138,"comment_status":"open","ping_status":"closed","sticky":false,"template":"","format":"standard","meta":{"inline_featured_image":false,"footnotes":""},"categories":[68],"tags":[],"class_list":["post-2140","post","type-post","status-publish","format-standard","has-post-thumbnail","hentry","category-mejoras"],"yoast_head":"<!-- This site is optimized with the Yoast SEO plugin v27.2 - https:\/\/yoast.com\/product\/yoast-seo-wordpress\/ -->\n<title>Un paso m\u00e1s hacia la cultura accesible en el Foment - Foment Molins Cultural<\/title>\n<meta name=\"description\" content=\"Un paso m\u00e1s hacia la cultura accesible en Foment. Innovaci\u00f3n e inclusi\u00f3n, la nueva plataforma para personas con movilidad reducida\" \/>\n<meta name=\"robots\" content=\"index, follow, max-snippet:-1, max-image-preview:large, max-video-preview:-1\" \/>\n<link rel=\"canonical\" href=\"https:\/\/fomentmolins.cat\/es\/un-paso-mas-hacia-la-cultura-accesible-en-el-fomento\/\" \/>\n<meta property=\"og:locale\" content=\"es_ES\" \/>\n<meta property=\"og:type\" content=\"article\" \/>\n<meta property=\"og:title\" content=\"Un paso m\u00e1s hacia la cultura accesible en el Foment - Foment Molins Cultural\" \/>\n<meta property=\"og:description\" content=\"Un paso m\u00e1s hacia la cultura accesible en Foment. Innovaci\u00f3n e inclusi\u00f3n, la nueva plataforma para personas con movilidad reducida\" \/>\n<meta property=\"og:url\" content=\"https:\/\/fomentmolins.cat\/es\/un-paso-mas-hacia-la-cultura-accesible-en-el-fomento\/\" \/>\n<meta property=\"og:site_name\" content=\"Foment Molins Cultural\" \/>\n<meta property=\"article:published_time\" content=\"2024-03-14T11:42:11+00:00\" \/>\n<meta property=\"article:modified_time\" content=\"2024-03-22T11:50:58+00:00\" \/>\n<meta property=\"og:image\" content=\"https:\/\/fomentmolins.cat\/wp-content\/uploads\/2024\/03\/WhatsApp-Image-2024-03-15-at-12.14.36.jpg\" \/>\n\t<meta property=\"og:image:width\" content=\"947\" \/>\n\t<meta property=\"og:image:height\" content=\"1247\" \/>\n\t<meta property=\"og:image:type\" content=\"image\/jpeg\" \/>\n<meta name=\"author\" content=\"Foment Molins Cultural\" \/>\n<meta name=\"twitter:card\" content=\"summary_large_image\" \/>\n<meta name=\"twitter:label1\" content=\"Escrito por\" \/>\n\t<meta name=\"twitter:data1\" content=\"Foment Molins Cultural\" \/>\n\t<meta name=\"twitter:label2\" content=\"Tiempo de lectura\" \/>\n\t<meta name=\"twitter:data2\" content=\"2 minutos\" \/>\n<script type=\"application\/ld+json\" class=\"yoast-schema-graph\">{\"@context\":\"https:\/\/schema.org\",\"@graph\":[{\"@type\":\"Article\",\"@id\":\"https:\/\/fomentmolins.cat\/es\/un-paso-mas-hacia-la-cultura-accesible-en-el-fomento\/#article\",\"isPartOf\":{\"@id\":\"https:\/\/fomentmolins.cat\/es\/un-paso-mas-hacia-la-cultura-accesible-en-el-fomento\/\"},\"author\":{\"name\":\"Foment Molins Cultural\",\"@id\":\"https:\/\/fomentmolins.cat\/es\/#\/schema\/person\/366c9ce6887138b6a210c9fea54807bd\"},\"headline\":\"Un paso m\u00e1s hacia la cultura accesible en el Foment\",\"datePublished\":\"2024-03-14T11:42:11+00:00\",\"dateModified\":\"2024-03-22T11:50:58+00:00\",\"mainEntityOfPage\":{\"@id\":\"https:\/\/fomentmolins.cat\/es\/un-paso-mas-hacia-la-cultura-accesible-en-el-fomento\/\"},\"wordCount\":183,\"commentCount\":0,\"image\":{\"@id\":\"https:\/\/fomentmolins.cat\/es\/un-paso-mas-hacia-la-cultura-accesible-en-el-fomento\/#primaryimage\"},\"thumbnailUrl\":\"https:\/\/fomentmolins.cat\/wp-content\/uploads\/2024\/03\/WhatsApp-Image-2024-03-15-at-12.14.36.jpg\",\"articleSection\":[\"Mejoras\"],\"inLanguage\":\"es\",\"potentialAction\":[{\"@type\":\"CommentAction\",\"name\":\"Comment\",\"target\":[\"https:\/\/fomentmolins.cat\/es\/un-paso-mas-hacia-la-cultura-accesible-en-el-fomento\/#respond\"]}]},{\"@type\":\"WebPage\",\"@id\":\"https:\/\/fomentmolins.cat\/es\/un-paso-mas-hacia-la-cultura-accesible-en-el-fomento\/\",\"url\":\"https:\/\/fomentmolins.cat\/es\/un-paso-mas-hacia-la-cultura-accesible-en-el-fomento\/\",\"name\":\"Un paso m\u00e1s hacia la cultura accesible en el Foment - Foment Molins Cultural\",\"isPartOf\":{\"@id\":\"https:\/\/fomentmolins.cat\/es\/#website\"},\"primaryImageOfPage\":{\"@id\":\"https:\/\/fomentmolins.cat\/es\/un-paso-mas-hacia-la-cultura-accesible-en-el-fomento\/#primaryimage\"},\"image\":{\"@id\":\"https:\/\/fomentmolins.cat\/es\/un-paso-mas-hacia-la-cultura-accesible-en-el-fomento\/#primaryimage\"},\"thumbnailUrl\":\"https:\/\/fomentmolins.cat\/wp-content\/uploads\/2024\/03\/WhatsApp-Image-2024-03-15-at-12.14.36.jpg\",\"datePublished\":\"2024-03-14T11:42:11+00:00\",\"dateModified\":\"2024-03-22T11:50:58+00:00\",\"author\":{\"@id\":\"https:\/\/fomentmolins.cat\/es\/#\/schema\/person\/366c9ce6887138b6a210c9fea54807bd\"},\"description\":\"Un paso m\u00e1s hacia la cultura accesible en Foment. Innovaci\u00f3n e inclusi\u00f3n, la nueva plataforma para personas con movilidad reducida\",\"breadcrumb\":{\"@id\":\"https:\/\/fomentmolins.cat\/es\/un-paso-mas-hacia-la-cultura-accesible-en-el-fomento\/#breadcrumb\"},\"inLanguage\":\"es\",\"potentialAction\":[{\"@type\":\"ReadAction\",\"target\":[\"https:\/\/fomentmolins.cat\/es\/un-paso-mas-hacia-la-cultura-accesible-en-el-fomento\/\"]}]},{\"@type\":\"ImageObject\",\"inLanguage\":\"es\",\"@id\":\"https:\/\/fomentmolins.cat\/es\/un-paso-mas-hacia-la-cultura-accesible-en-el-fomento\/#primaryimage\",\"url\":\"https:\/\/fomentmolins.cat\/wp-content\/uploads\/2024\/03\/WhatsApp-Image-2024-03-15-at-12.14.36.jpg\",\"contentUrl\":\"https:\/\/fomentmolins.cat\/wp-content\/uploads\/2024\/03\/WhatsApp-Image-2024-03-15-at-12.14.36.jpg\",\"width\":947,\"height\":1247,\"caption\":\"En Foment Molins, tenemos la creencia firme de que la cultura debe ser accesible para todos, sin excepciones. Por eso nos llena de satisfacci\u00f3n compartir con vosotros un paso m\u00e1s hacia la materializaci\u00f3n de esta visi\u00f3n: la instalaci\u00f3n de una nueva plataforma automatizada destinada a hacer nuestra platea completamente accesible para las personas con movilidad reducida.\"},{\"@type\":\"BreadcrumbList\",\"@id\":\"https:\/\/fomentmolins.cat\/es\/un-paso-mas-hacia-la-cultura-accesible-en-el-fomento\/#breadcrumb\",\"itemListElement\":[{\"@type\":\"ListItem\",\"position\":1,\"name\":\"Portada\",\"item\":\"https:\/\/fomentmolins.cat\/es\/\"},{\"@type\":\"ListItem\",\"position\":2,\"name\":\"Un paso m\u00e1s hacia la cultura accesible en el Foment\"}]},{\"@type\":\"WebSite\",\"@id\":\"https:\/\/fomentmolins.cat\/es\/#website\",\"url\":\"https:\/\/fomentmolins.cat\/es\/\",\"name\":\"Foment Molins Cultural\",\"description\":\"\",\"potentialAction\":[{\"@type\":\"SearchAction\",\"target\":{\"@type\":\"EntryPoint\",\"urlTemplate\":\"https:\/\/fomentmolins.cat\/es\/?s={search_term_string}\"},\"query-input\":{\"@type\":\"PropertyValueSpecification\",\"valueRequired\":true,\"valueName\":\"search_term_string\"}}],\"inLanguage\":\"es\"},{\"@type\":\"Person\",\"@id\":\"https:\/\/fomentmolins.cat\/es\/#\/schema\/person\/366c9ce6887138b6a210c9fea54807bd\",\"name\":\"Foment Molins Cultural\",\"image\":{\"@type\":\"ImageObject\",\"inLanguage\":\"es\",\"@id\":\"https:\/\/secure.gravatar.com\/avatar\/688d89467ed947940f11c807b0e20b64f0ff4f530c1edd96b48232ce24094ac4?s=96&d=mm&r=g\",\"url\":\"https:\/\/secure.gravatar.com\/avatar\/688d89467ed947940f11c807b0e20b64f0ff4f530c1edd96b48232ce24094ac4?s=96&d=mm&r=g\",\"contentUrl\":\"https:\/\/secure.gravatar.com\/avatar\/688d89467ed947940f11c807b0e20b64f0ff4f530c1edd96b48232ce24094ac4?s=96&d=mm&r=g\",\"caption\":\"Foment Molins Cultural\"},\"url\":\"https:\/\/fomentmolins.cat\/es\/author\/fomentmolins\/\"}]}<\/script>\n<!-- \/ Yoast SEO plugin. -->","yoast_head_json":{"title":"Un paso m\u00e1s hacia la cultura accesible en el Foment - Foment Molins Cultural","description":"Un paso m\u00e1s hacia la cultura accesible en Foment. Innovaci\u00f3n e inclusi\u00f3n, la nueva plataforma para personas con movilidad reducida","robots":{"index":"index","follow":"follow","max-snippet":"max-snippet:-1","max-image-preview":"max-image-preview:large","max-video-preview":"max-video-preview:-1"},"canonical":"https:\/\/fomentmolins.cat\/es\/un-paso-mas-hacia-la-cultura-accesible-en-el-fomento\/","og_locale":"es_ES","og_type":"article","og_title":"Un paso m\u00e1s hacia la cultura accesible en el Foment - Foment Molins Cultural","og_description":"Un paso m\u00e1s hacia la cultura accesible en Foment. Innovaci\u00f3n e inclusi\u00f3n, la nueva plataforma para personas con movilidad reducida","og_url":"https:\/\/fomentmolins.cat\/es\/un-paso-mas-hacia-la-cultura-accesible-en-el-fomento\/","og_site_name":"Foment Molins Cultural","article_published_time":"2024-03-14T11:42:11+00:00","article_modified_time":"2024-03-22T11:50:58+00:00","og_image":[{"width":947,"height":1247,"url":"https:\/\/fomentmolins.cat\/wp-content\/uploads\/2024\/03\/WhatsApp-Image-2024-03-15-at-12.14.36.jpg","type":"image\/jpeg"}],"author":"Foment Molins Cultural","twitter_card":"summary_large_image","twitter_misc":{"Escrito por":"Foment Molins Cultural","Tiempo de lectura":"2 minutos"},"schema":{"@context":"https:\/\/schema.org","@graph":[{"@type":"Article","@id":"https:\/\/fomentmolins.cat\/es\/un-paso-mas-hacia-la-cultura-accesible-en-el-fomento\/#article","isPartOf":{"@id":"https:\/\/fomentmolins.cat\/es\/un-paso-mas-hacia-la-cultura-accesible-en-el-fomento\/"},"author":{"name":"Foment Molins Cultural","@id":"https:\/\/fomentmolins.cat\/es\/#\/schema\/person\/366c9ce6887138b6a210c9fea54807bd"},"headline":"Un paso m\u00e1s hacia la cultura accesible en el Foment","datePublished":"2024-03-14T11:42:11+00:00","dateModified":"2024-03-22T11:50:58+00:00","mainEntityOfPage":{"@id":"https:\/\/fomentmolins.cat\/es\/un-paso-mas-hacia-la-cultura-accesible-en-el-fomento\/"},"wordCount":183,"commentCount":0,"image":{"@id":"https:\/\/fomentmolins.cat\/es\/un-paso-mas-hacia-la-cultura-accesible-en-el-fomento\/#primaryimage"},"thumbnailUrl":"https:\/\/fomentmolins.cat\/wp-content\/uploads\/2024\/03\/WhatsApp-Image-2024-03-15-at-12.14.36.jpg","articleSection":["Mejoras"],"inLanguage":"es","potentialAction":[{"@type":"CommentAction","name":"Comment","target":["https:\/\/fomentmolins.cat\/es\/un-paso-mas-hacia-la-cultura-accesible-en-el-fomento\/#respond"]}]},{"@type":"WebPage","@id":"https:\/\/fomentmolins.cat\/es\/un-paso-mas-hacia-la-cultura-accesible-en-el-fomento\/","url":"https:\/\/fomentmolins.cat\/es\/un-paso-mas-hacia-la-cultura-accesible-en-el-fomento\/","name":"Un paso m\u00e1s hacia la cultura accesible en el Foment - Foment Molins Cultural","isPartOf":{"@id":"https:\/\/fomentmolins.cat\/es\/#website"},"primaryImageOfPage":{"@id":"https:\/\/fomentmolins.cat\/es\/un-paso-mas-hacia-la-cultura-accesible-en-el-fomento\/#primaryimage"},"image":{"@id":"https:\/\/fomentmolins.cat\/es\/un-paso-mas-hacia-la-cultura-accesible-en-el-fomento\/#primaryimage"},"thumbnailUrl":"https:\/\/fomentmolins.cat\/wp-content\/uploads\/2024\/03\/WhatsApp-Image-2024-03-15-at-12.14.36.jpg","datePublished":"2024-03-14T11:42:11+00:00","dateModified":"2024-03-22T11:50:58+00:00","author":{"@id":"https:\/\/fomentmolins.cat\/es\/#\/schema\/person\/366c9ce6887138b6a210c9fea54807bd"},"description":"Un paso m\u00e1s hacia la cultura accesible en Foment. Innovaci\u00f3n e inclusi\u00f3n, la nueva plataforma para personas con movilidad reducida","breadcrumb":{"@id":"https:\/\/fomentmolins.cat\/es\/un-paso-mas-hacia-la-cultura-accesible-en-el-fomento\/#breadcrumb"},"inLanguage":"es","potentialAction":[{"@type":"ReadAction","target":["https:\/\/fomentmolins.cat\/es\/un-paso-mas-hacia-la-cultura-accesible-en-el-fomento\/"]}]},{"@type":"ImageObject","inLanguage":"es","@id":"https:\/\/fomentmolins.cat\/es\/un-paso-mas-hacia-la-cultura-accesible-en-el-fomento\/#primaryimage","url":"https:\/\/fomentmolins.cat\/wp-content\/uploads\/2024\/03\/WhatsApp-Image-2024-03-15-at-12.14.36.jpg","contentUrl":"https:\/\/fomentmolins.cat\/wp-content\/uploads\/2024\/03\/WhatsApp-Image-2024-03-15-at-12.14.36.jpg","width":947,"height":1247,"caption":"En Foment Molins, tenemos la creencia firme de que la cultura debe ser accesible para todos, sin excepciones. Por eso nos llena de satisfacci\u00f3n compartir con vosotros un paso m\u00e1s hacia la materializaci\u00f3n de esta visi\u00f3n: la instalaci\u00f3n de una nueva plataforma automatizada destinada a hacer nuestra platea completamente accesible para las personas con movilidad reducida."},{"@type":"BreadcrumbList","@id":"https:\/\/fomentmolins.cat\/es\/un-paso-mas-hacia-la-cultura-accesible-en-el-fomento\/#breadcrumb","itemListElement":[{"@type":"ListItem","position":1,"name":"Portada","item":"https:\/\/fomentmolins.cat\/es\/"},{"@type":"ListItem","position":2,"name":"Un paso m\u00e1s hacia la cultura accesible en el Foment"}]},{"@type":"WebSite","@id":"https:\/\/fomentmolins.cat\/es\/#website","url":"https:\/\/fomentmolins.cat\/es\/","name":"Foment Molins Cultural","description":"","potentialAction":[{"@type":"SearchAction","target":{"@type":"EntryPoint","urlTemplate":"https:\/\/fomentmolins.cat\/es\/?s={search_term_string}"},"query-input":{"@type":"PropertyValueSpecification","valueRequired":true,"valueName":"search_term_string"}}],"inLanguage":"es"},{"@type":"Person","@id":"https:\/\/fomentmolins.cat\/es\/#\/schema\/person\/366c9ce6887138b6a210c9fea54807bd","name":"Foment Molins Cultural","image":{"@type":"ImageObject","inLanguage":"es","@id":"https:\/\/secure.gravatar.com\/avatar\/688d89467ed947940f11c807b0e20b64f0ff4f530c1edd96b48232ce24094ac4?s=96&d=mm&r=g","url":"https:\/\/secure.gravatar.com\/avatar\/688d89467ed947940f11c807b0e20b64f0ff4f530c1edd96b48232ce24094ac4?s=96&d=mm&r=g","contentUrl":"https:\/\/secure.gravatar.com\/avatar\/688d89467ed947940f11c807b0e20b64f0ff4f530c1edd96b48232ce24094ac4?s=96&d=mm&r=g","caption":"Foment Molins Cultural"},"url":"https:\/\/fomentmolins.cat\/es\/author\/fomentmolins\/"}]}},"_links":{"self":[{"href":"https:\/\/fomentmolins.cat\/es\/wp-json\/wp\/v2\/posts\/2140","targetHints":{"allow":["GET"]}}],"collection":[{"href":"https:\/\/fomentmolins.cat\/es\/wp-json\/wp\/v2\/posts"}],"about":[{"href":"https:\/\/fomentmolins.cat\/es\/wp-json\/wp\/v2\/types\/post"}],"author":[{"embeddable":true,"href":"https:\/\/fomentmolins.cat\/es\/wp-json\/wp\/v2\/users\/5"}],"replies":[{"embeddable":true,"href":"https:\/\/fomentmolins.cat\/es\/wp-json\/wp\/v2\/comments?post=2140"}],"version-history":[{"count":4,"href":"https:\/\/fomentmolins.cat\/es\/wp-json\/wp\/v2\/posts\/2140\/revisions"}],"predecessor-version":[{"id":2144,"href":"https:\/\/fomentmolins.cat\/es\/wp-json\/wp\/v2\/posts\/2140\/revisions\/2144"}],"wp:featuredmedia":[{"embeddable":true,"href":"https:\/\/fomentmolins.cat\/es\/wp-json\/wp\/v2\/media\/2138"}],"wp:attachment":[{"href":"https:\/\/fomentmolins.cat\/es\/wp-json\/wp\/v2\/media?parent=2140"}],"wp:term":[{"taxonomy":"category","embeddable":true,"href":"https:\/\/fomentmolins.cat\/es\/wp-json\/wp\/v2\/categories?post=2140"},{"taxonomy":"post_tag","embeddable":true,"href":"https:\/\/fomentmolins.cat\/es\/wp-json\/wp\/v2\/tags?post=2140"}],"curies":[{"name":"wp","href":"https:\/\/api.w.org\/{rel}","templated":true}]}}