{"id":2165,"date":"2024-04-08T17:51:33","date_gmt":"2024-04-08T15:51:33","guid":{"rendered":"https:\/\/fomentmolins.cat\/molins-de-magia\/"},"modified":"2024-04-08T19:55:19","modified_gmt":"2024-04-08T17:55:19","slug":"molins-de-magia","status":"publish","type":"post","link":"https:\/\/fomentmolins.cat\/es\/molins-de-magia\/","title":{"rendered":"Molins de M\u00e0gia"},"content":{"rendered":"\n<p><strong>\u00abMolins de M\u00e0gia\u00bb Una velada inolvidable en el coraz\u00f3n de Molins de Rei. <\/strong><\/p>\n\n<p>Queridos amigos del ilusionismo, desde Foment Molins, tenemos el placer de presentaros la programaci\u00f3n de la primera edici\u00f3n del festival Molins de Magia, un festival que promete llevar la magia m\u00e1s all\u00e1 de cualquier expectativa. Fruto de la pasi\u00f3n y esfuerzo conjunto de Los 5 putos m\u00e1gicos, un grupo fascinante de magos profesionales y amateurs de Molins de Rei y El Papiol, este festival surge como una ventana hacia el inexplorado, hacia aquel mundo donde lo posible y lo imposible juegan sin fronteras.<\/p>\n\n<p>Durante dos d\u00edas, las calles de Molins de Rei se llenar\u00e1n de un aire diferente, un aire cargado de ilusi\u00f3n, misterio y, sobre todo, mucha magia. Esta iniciativa surge de nuestra incesante admiraci\u00f3n por aquellos magos que, con generosidad, comparten su arte, transformando la realidad en un sue\u00f1o colectivo. As\u00ed, pensamos\u2026 \u00bfQu\u00e9 mejor forma de rendir homenaje a ese esp\u00edritu que comparti\u00e9ndolo con todos vosotros?<\/p>\n\n<p>La programaci\u00f3n de Molins de Magia est\u00e1 meticulosamente dise\u00f1ada para cautivar, emocionar y sorprender. Cada acto, cada n\u00famero, es una puerta abierta a lo extraordinario, una invitaci\u00f3n a redescubrir la capacidad de maravillarnos. Los doce magos invitados, seleccionados entre los mejores tanto a nivel nacional como internacional, nos ofrecer\u00e1n una variedad de espect\u00e1culos que transmiten una inmensa pasi\u00f3n por este arte ancestral.<\/p>\n\n<p>Pero \u00abMolins de Magia\u00bb es mucho m\u00e1s que un simple festival; es un compromiso con la cultura, una apuesta por el arte como herramienta de cohesi\u00f3n social y desarrollo personal. Desde Foment Molins, creemos firmemente en el poder de la cultura para transformar la sociedad, y con este festival, reafirmamos nuestra voluntad de acoger, promocionar y producir todo tipo de eventos culturales.<\/p>\n\n<p>Estamos inmensamente ilusionados de compartir con vosotros estos momentos \u00fanicos, llenos de emoci\u00f3n y asombro. Las entradas anticipadas est\u00e1n ya disponibles en www.fomentmolins.cat. No pierda la oportunidad de ser parte de esta experiencia m\u00e1gica.<\/p>\n\n<p>Prep\u00e1rense para vivir una velada inolvidable, donde el arte de la magia nos recordar\u00e1 la belleza de so\u00f1ar y la posibilidad de convertir estos sue\u00f1os en realidad. Nos vemos en \u00abMolins de M\u00e0gia\u00bb, donde juntos redescubriremos la ilusi\u00f3n de vivir.<\/p>\n\n<p>Con toda la magia que nos une, Foment Molins.<\/p>\n\n<p><\/p>\n\n<figure class=\"wp-block-image size-large is-resized\"><img loading=\"lazy\" decoding=\"async\" width=\"1024\" height=\"791\" src=\"https:\/\/fomentmolins.cat\/wp-content\/uploads\/2024\/04\/WhatsApp-Image-2024-04-05-at-09.05.05-1024x791.jpeg\" alt=\"\" class=\"wp-image-2151\" style=\"width:840px;height:auto\" srcset=\"https:\/\/fomentmolins.cat\/wp-content\/uploads\/2024\/04\/WhatsApp-Image-2024-04-05-at-09.05.05-1024x791.jpeg 1024w, https:\/\/fomentmolins.cat\/wp-content\/uploads\/2024\/04\/WhatsApp-Image-2024-04-05-at-09.05.05-300x232.jpeg 300w, https:\/\/fomentmolins.cat\/wp-content\/uploads\/2024\/04\/WhatsApp-Image-2024-04-05-at-09.05.05-768x593.jpeg 768w, https:\/\/fomentmolins.cat\/wp-content\/uploads\/2024\/04\/WhatsApp-Image-2024-04-05-at-09.05.05-1536x1187.jpeg 1536w, https:\/\/fomentmolins.cat\/wp-content\/uploads\/2024\/04\/WhatsApp-Image-2024-04-05-at-09.05.05.jpeg 1600w\" sizes=\"auto, (max-width: 1024px) 100vw, 1024px\" \/><\/figure>\n","protected":false},"excerpt":{"rendered":"<p>\u00abMolins de M\u00e0gia\u00bb Una velada inolvidable en el coraz\u00f3n de Molins de Rei. <\/p>\n","protected":false},"author":5,"featured_media":2154,"comment_status":"open","ping_status":"closed","sticky":false,"template":"","format":"standard","meta":{"inline_featured_image":false,"footnotes":""},"categories":[119],"tags":[],"class_list":["post-2165","post","type-post","status-publish","format-standard","has-post-thumbnail","hentry","category-magia-es"],"yoast_head":"<!-- This site is optimized with the Yoast SEO plugin v27.2 - https:\/\/yoast.com\/product\/yoast-seo-wordpress\/ -->\n<title>Molins de M\u00e0gia - Foment Molins Cultural<\/title>\n<meta name=\"description\" content=\"Molins de M\u00e0gia. Una velada inolvidable en el coraz\u00f3n de Molins de Rei.\" \/>\n<meta name=\"robots\" content=\"index, follow, max-snippet:-1, max-image-preview:large, max-video-preview:-1\" \/>\n<link rel=\"canonical\" href=\"https:\/\/fomentmolins.cat\/es\/molins-de-magia\/\" \/>\n<meta property=\"og:locale\" content=\"es_ES\" \/>\n<meta property=\"og:type\" content=\"article\" \/>\n<meta property=\"og:title\" content=\"Molins de M\u00e0gia - Foment Molins Cultural\" \/>\n<meta property=\"og:description\" content=\"Molins de M\u00e0gia. Una velada inolvidable en el coraz\u00f3n de Molins de Rei.\" \/>\n<meta property=\"og:url\" content=\"https:\/\/fomentmolins.cat\/es\/molins-de-magia\/\" \/>\n<meta property=\"og:site_name\" content=\"Foment Molins Cultural\" \/>\n<meta property=\"article:published_time\" content=\"2024-04-08T15:51:33+00:00\" \/>\n<meta property=\"article:modified_time\" content=\"2024-04-08T17:55:19+00:00\" \/>\n<meta property=\"og:image\" content=\"https:\/\/fomentmolins.cat\/wp-content\/uploads\/2024\/04\/Foment-Molins.jpg\" \/>\n\t<meta property=\"og:image:width\" content=\"839\" \/>\n\t<meta property=\"og:image:height\" content=\"607\" \/>\n\t<meta property=\"og:image:type\" content=\"image\/jpeg\" \/>\n<meta name=\"author\" content=\"Foment Molins Cultural\" \/>\n<meta name=\"twitter:card\" content=\"summary_large_image\" \/>\n<meta name=\"twitter:label1\" content=\"Escrito por\" \/>\n\t<meta name=\"twitter:data1\" content=\"Foment Molins Cultural\" \/>\n\t<meta name=\"twitter:label2\" content=\"Tiempo de lectura\" \/>\n\t<meta name=\"twitter:data2\" content=\"2 minutos\" \/>\n<script type=\"application\/ld+json\" class=\"yoast-schema-graph\">{\"@context\":\"https:\/\/schema.org\",\"@graph\":[{\"@type\":\"Article\",\"@id\":\"https:\/\/fomentmolins.cat\/es\/molins-de-magia\/#article\",\"isPartOf\":{\"@id\":\"https:\/\/fomentmolins.cat\/es\/molins-de-magia\/\"},\"author\":{\"name\":\"Foment Molins Cultural\",\"@id\":\"https:\/\/fomentmolins.cat\/es\/#\/schema\/person\/366c9ce6887138b6a210c9fea54807bd\"},\"headline\":\"Molins de M\u00e0gia\",\"datePublished\":\"2024-04-08T15:51:33+00:00\",\"dateModified\":\"2024-04-08T17:55:19+00:00\",\"mainEntityOfPage\":{\"@id\":\"https:\/\/fomentmolins.cat\/es\/molins-de-magia\/\"},\"wordCount\":404,\"commentCount\":0,\"image\":{\"@id\":\"https:\/\/fomentmolins.cat\/es\/molins-de-magia\/#primaryimage\"},\"thumbnailUrl\":\"https:\/\/fomentmolins.cat\/wp-content\/uploads\/2024\/04\/Foment-Molins.jpg\",\"articleSection\":[\"M\u00e0gia\"],\"inLanguage\":\"es\",\"potentialAction\":[{\"@type\":\"CommentAction\",\"name\":\"Comment\",\"target\":[\"https:\/\/fomentmolins.cat\/es\/molins-de-magia\/#respond\"]}]},{\"@type\":\"WebPage\",\"@id\":\"https:\/\/fomentmolins.cat\/es\/molins-de-magia\/\",\"url\":\"https:\/\/fomentmolins.cat\/es\/molins-de-magia\/\",\"name\":\"Molins de M\u00e0gia - Foment Molins Cultural\",\"isPartOf\":{\"@id\":\"https:\/\/fomentmolins.cat\/es\/#website\"},\"primaryImageOfPage\":{\"@id\":\"https:\/\/fomentmolins.cat\/es\/molins-de-magia\/#primaryimage\"},\"image\":{\"@id\":\"https:\/\/fomentmolins.cat\/es\/molins-de-magia\/#primaryimage\"},\"thumbnailUrl\":\"https:\/\/fomentmolins.cat\/wp-content\/uploads\/2024\/04\/Foment-Molins.jpg\",\"datePublished\":\"2024-04-08T15:51:33+00:00\",\"dateModified\":\"2024-04-08T17:55:19+00:00\",\"author\":{\"@id\":\"https:\/\/fomentmolins.cat\/es\/#\/schema\/person\/366c9ce6887138b6a210c9fea54807bd\"},\"description\":\"Molins de M\u00e0gia. Una velada inolvidable en el coraz\u00f3n de Molins de Rei.\",\"breadcrumb\":{\"@id\":\"https:\/\/fomentmolins.cat\/es\/molins-de-magia\/#breadcrumb\"},\"inLanguage\":\"es\",\"potentialAction\":[{\"@type\":\"ReadAction\",\"target\":[\"https:\/\/fomentmolins.cat\/es\/molins-de-magia\/\"]}]},{\"@type\":\"ImageObject\",\"inLanguage\":\"es\",\"@id\":\"https:\/\/fomentmolins.cat\/es\/molins-de-magia\/#primaryimage\",\"url\":\"https:\/\/fomentmolins.cat\/wp-content\/uploads\/2024\/04\/Foment-Molins.jpg\",\"contentUrl\":\"https:\/\/fomentmolins.cat\/wp-content\/uploads\/2024\/04\/Foment-Molins.jpg\",\"width\":839,\"height\":607,\"caption\":\"Los d\u00edas 26 y 27 de abril nace MOLINS DE MAGIA. Un festival que quiere acercar el mundo de la magia a todos los p\u00fablicos. En esta primera edici\u00f3n tenemos un cartel de lujo.\"},{\"@type\":\"BreadcrumbList\",\"@id\":\"https:\/\/fomentmolins.cat\/es\/molins-de-magia\/#breadcrumb\",\"itemListElement\":[{\"@type\":\"ListItem\",\"position\":1,\"name\":\"Portada\",\"item\":\"https:\/\/fomentmolins.cat\/es\/\"},{\"@type\":\"ListItem\",\"position\":2,\"name\":\"Molins de M\u00e0gia\"}]},{\"@type\":\"WebSite\",\"@id\":\"https:\/\/fomentmolins.cat\/es\/#website\",\"url\":\"https:\/\/fomentmolins.cat\/es\/\",\"name\":\"Foment Molins Cultural\",\"description\":\"\",\"potentialAction\":[{\"@type\":\"SearchAction\",\"target\":{\"@type\":\"EntryPoint\",\"urlTemplate\":\"https:\/\/fomentmolins.cat\/es\/?s={search_term_string}\"},\"query-input\":{\"@type\":\"PropertyValueSpecification\",\"valueRequired\":true,\"valueName\":\"search_term_string\"}}],\"inLanguage\":\"es\"},{\"@type\":\"Person\",\"@id\":\"https:\/\/fomentmolins.cat\/es\/#\/schema\/person\/366c9ce6887138b6a210c9fea54807bd\",\"name\":\"Foment Molins Cultural\",\"image\":{\"@type\":\"ImageObject\",\"inLanguage\":\"es\",\"@id\":\"https:\/\/secure.gravatar.com\/avatar\/688d89467ed947940f11c807b0e20b64f0ff4f530c1edd96b48232ce24094ac4?s=96&d=mm&r=g\",\"url\":\"https:\/\/secure.gravatar.com\/avatar\/688d89467ed947940f11c807b0e20b64f0ff4f530c1edd96b48232ce24094ac4?s=96&d=mm&r=g\",\"contentUrl\":\"https:\/\/secure.gravatar.com\/avatar\/688d89467ed947940f11c807b0e20b64f0ff4f530c1edd96b48232ce24094ac4?s=96&d=mm&r=g\",\"caption\":\"Foment Molins Cultural\"},\"url\":\"https:\/\/fomentmolins.cat\/es\/author\/fomentmolins\/\"}]}<\/script>\n<!-- \/ Yoast SEO plugin. -->","yoast_head_json":{"title":"Molins de M\u00e0gia - Foment Molins Cultural","description":"Molins de M\u00e0gia. Una velada inolvidable en el coraz\u00f3n de Molins de Rei.","robots":{"index":"index","follow":"follow","max-snippet":"max-snippet:-1","max-image-preview":"max-image-preview:large","max-video-preview":"max-video-preview:-1"},"canonical":"https:\/\/fomentmolins.cat\/es\/molins-de-magia\/","og_locale":"es_ES","og_type":"article","og_title":"Molins de M\u00e0gia - Foment Molins Cultural","og_description":"Molins de M\u00e0gia. Una velada inolvidable en el coraz\u00f3n de Molins de Rei.","og_url":"https:\/\/fomentmolins.cat\/es\/molins-de-magia\/","og_site_name":"Foment Molins Cultural","article_published_time":"2024-04-08T15:51:33+00:00","article_modified_time":"2024-04-08T17:55:19+00:00","og_image":[{"width":839,"height":607,"url":"https:\/\/fomentmolins.cat\/wp-content\/uploads\/2024\/04\/Foment-Molins.jpg","type":"image\/jpeg"}],"author":"Foment Molins Cultural","twitter_card":"summary_large_image","twitter_misc":{"Escrito por":"Foment Molins Cultural","Tiempo de lectura":"2 minutos"},"schema":{"@context":"https:\/\/schema.org","@graph":[{"@type":"Article","@id":"https:\/\/fomentmolins.cat\/es\/molins-de-magia\/#article","isPartOf":{"@id":"https:\/\/fomentmolins.cat\/es\/molins-de-magia\/"},"author":{"name":"Foment Molins Cultural","@id":"https:\/\/fomentmolins.cat\/es\/#\/schema\/person\/366c9ce6887138b6a210c9fea54807bd"},"headline":"Molins de M\u00e0gia","datePublished":"2024-04-08T15:51:33+00:00","dateModified":"2024-04-08T17:55:19+00:00","mainEntityOfPage":{"@id":"https:\/\/fomentmolins.cat\/es\/molins-de-magia\/"},"wordCount":404,"commentCount":0,"image":{"@id":"https:\/\/fomentmolins.cat\/es\/molins-de-magia\/#primaryimage"},"thumbnailUrl":"https:\/\/fomentmolins.cat\/wp-content\/uploads\/2024\/04\/Foment-Molins.jpg","articleSection":["M\u00e0gia"],"inLanguage":"es","potentialAction":[{"@type":"CommentAction","name":"Comment","target":["https:\/\/fomentmolins.cat\/es\/molins-de-magia\/#respond"]}]},{"@type":"WebPage","@id":"https:\/\/fomentmolins.cat\/es\/molins-de-magia\/","url":"https:\/\/fomentmolins.cat\/es\/molins-de-magia\/","name":"Molins de M\u00e0gia - Foment Molins Cultural","isPartOf":{"@id":"https:\/\/fomentmolins.cat\/es\/#website"},"primaryImageOfPage":{"@id":"https:\/\/fomentmolins.cat\/es\/molins-de-magia\/#primaryimage"},"image":{"@id":"https:\/\/fomentmolins.cat\/es\/molins-de-magia\/#primaryimage"},"thumbnailUrl":"https:\/\/fomentmolins.cat\/wp-content\/uploads\/2024\/04\/Foment-Molins.jpg","datePublished":"2024-04-08T15:51:33+00:00","dateModified":"2024-04-08T17:55:19+00:00","author":{"@id":"https:\/\/fomentmolins.cat\/es\/#\/schema\/person\/366c9ce6887138b6a210c9fea54807bd"},"description":"Molins de M\u00e0gia. Una velada inolvidable en el coraz\u00f3n de Molins de Rei.","breadcrumb":{"@id":"https:\/\/fomentmolins.cat\/es\/molins-de-magia\/#breadcrumb"},"inLanguage":"es","potentialAction":[{"@type":"ReadAction","target":["https:\/\/fomentmolins.cat\/es\/molins-de-magia\/"]}]},{"@type":"ImageObject","inLanguage":"es","@id":"https:\/\/fomentmolins.cat\/es\/molins-de-magia\/#primaryimage","url":"https:\/\/fomentmolins.cat\/wp-content\/uploads\/2024\/04\/Foment-Molins.jpg","contentUrl":"https:\/\/fomentmolins.cat\/wp-content\/uploads\/2024\/04\/Foment-Molins.jpg","width":839,"height":607,"caption":"Los d\u00edas 26 y 27 de abril nace MOLINS DE MAGIA. Un festival que quiere acercar el mundo de la magia a todos los p\u00fablicos. En esta primera edici\u00f3n tenemos un cartel de lujo."},{"@type":"BreadcrumbList","@id":"https:\/\/fomentmolins.cat\/es\/molins-de-magia\/#breadcrumb","itemListElement":[{"@type":"ListItem","position":1,"name":"Portada","item":"https:\/\/fomentmolins.cat\/es\/"},{"@type":"ListItem","position":2,"name":"Molins de M\u00e0gia"}]},{"@type":"WebSite","@id":"https:\/\/fomentmolins.cat\/es\/#website","url":"https:\/\/fomentmolins.cat\/es\/","name":"Foment Molins Cultural","description":"","potentialAction":[{"@type":"SearchAction","target":{"@type":"EntryPoint","urlTemplate":"https:\/\/fomentmolins.cat\/es\/?s={search_term_string}"},"query-input":{"@type":"PropertyValueSpecification","valueRequired":true,"valueName":"search_term_string"}}],"inLanguage":"es"},{"@type":"Person","@id":"https:\/\/fomentmolins.cat\/es\/#\/schema\/person\/366c9ce6887138b6a210c9fea54807bd","name":"Foment Molins Cultural","image":{"@type":"ImageObject","inLanguage":"es","@id":"https:\/\/secure.gravatar.com\/avatar\/688d89467ed947940f11c807b0e20b64f0ff4f530c1edd96b48232ce24094ac4?s=96&d=mm&r=g","url":"https:\/\/secure.gravatar.com\/avatar\/688d89467ed947940f11c807b0e20b64f0ff4f530c1edd96b48232ce24094ac4?s=96&d=mm&r=g","contentUrl":"https:\/\/secure.gravatar.com\/avatar\/688d89467ed947940f11c807b0e20b64f0ff4f530c1edd96b48232ce24094ac4?s=96&d=mm&r=g","caption":"Foment Molins Cultural"},"url":"https:\/\/fomentmolins.cat\/es\/author\/fomentmolins\/"}]}},"_links":{"self":[{"href":"https:\/\/fomentmolins.cat\/es\/wp-json\/wp\/v2\/posts\/2165","targetHints":{"allow":["GET"]}}],"collection":[{"href":"https:\/\/fomentmolins.cat\/es\/wp-json\/wp\/v2\/posts"}],"about":[{"href":"https:\/\/fomentmolins.cat\/es\/wp-json\/wp\/v2\/types\/post"}],"author":[{"embeddable":true,"href":"https:\/\/fomentmolins.cat\/es\/wp-json\/wp\/v2\/users\/5"}],"replies":[{"embeddable":true,"href":"https:\/\/fomentmolins.cat\/es\/wp-json\/wp\/v2\/comments?post=2165"}],"version-history":[{"count":3,"href":"https:\/\/fomentmolins.cat\/es\/wp-json\/wp\/v2\/posts\/2165\/revisions"}],"predecessor-version":[{"id":2168,"href":"https:\/\/fomentmolins.cat\/es\/wp-json\/wp\/v2\/posts\/2165\/revisions\/2168"}],"wp:featuredmedia":[{"embeddable":true,"href":"https:\/\/fomentmolins.cat\/es\/wp-json\/wp\/v2\/media\/2154"}],"wp:attachment":[{"href":"https:\/\/fomentmolins.cat\/es\/wp-json\/wp\/v2\/media?parent=2165"}],"wp:term":[{"taxonomy":"category","embeddable":true,"href":"https:\/\/fomentmolins.cat\/es\/wp-json\/wp\/v2\/categories?post=2165"},{"taxonomy":"post_tag","embeddable":true,"href":"https:\/\/fomentmolins.cat\/es\/wp-json\/wp\/v2\/tags?post=2165"}],"curies":[{"name":"wp","href":"https:\/\/api.w.org\/{rel}","templated":true}]}}