{"id":2184,"date":"2024-05-02T13:21:46","date_gmt":"2024-05-02T11:21:46","guid":{"rendered":"https:\/\/fomentmolins.cat\/memorial-pere-camps\/"},"modified":"2024-05-02T13:28:53","modified_gmt":"2024-05-02T11:28:53","slug":"memorial-pere-camps","status":"publish","type":"post","link":"https:\/\/fomentmolins.cat\/es\/memorial-pere-camps\/","title":{"rendered":"Memorial Pere Camps"},"content":{"rendered":"\n<p>El pasado domingo 28 de abril, cerca de 110 entusiastas de ajedrez se reunieron para competir en una jornada memorable. Organizado por la secci\u00f3n de Ajedrez del Fomento, el evento destac\u00f3 por su impecable ejecuci\u00f3n, por lo que queremos felicitar p\u00fablicamente a los organizadores.<\/p>\n\n<p>Fue una bonita jornada en la que el esp\u00edritu de hermandad impregn\u00f3 cada partida, tanto entre los competidores como con el p\u00fablico que llenaba los palcos del teatro. Esta iniciativa, que esperamos se repita anualmente, demuestra la pasi\u00f3n y la dedicaci\u00f3n que nuestra comunidad tiene por el ajedrez. Que esta tradici\u00f3n siga creciendo y nos siga uniendo en los pr\u00f3ximos a\u00f1os.<\/p>\n\n<p>Para todos los interesados, puede descargar todas las fotos del evento en este enlace:<\/p>\n\n<p><\/p>\n\n<div class=\"wp-block-buttons is-layout-flex wp-block-buttons-is-layout-flex\">\n<div class=\"wp-block-button\"><a class=\"wp-block-button__link wp-element-button\" href=\"https:\/\/drive.google.com\/drive\/folders\/1WXK2Z3MbCvy-gKVWTluECosemsH_GcMm\">Descargar las fotos<\/a><\/div>\n<\/div>\n\n<p><\/p>\n","protected":false},"excerpt":{"rendered":"<p>Para los participantes: puedes descargar las fotos del evento en el enlace de este art\u00edculo.<\/p>\n","protected":false},"author":5,"featured_media":2182,"comment_status":"open","ping_status":"closed","sticky":false,"template":"","format":"standard","meta":{"inline_featured_image":false,"footnotes":""},"categories":[109],"tags":[],"class_list":["post-2184","post","type-post","status-publish","format-standard","has-post-thumbnail","hentry","category-ajedrez"],"yoast_head":"<!-- This site is optimized with the Yoast SEO plugin v27.2 - https:\/\/yoast.com\/product\/yoast-seo-wordpress\/ -->\n<title>Memorial Pere Camps - Foment Molins Cultural<\/title>\n<meta name=\"robots\" content=\"index, follow, max-snippet:-1, max-image-preview:large, max-video-preview:-1\" \/>\n<link rel=\"canonical\" href=\"https:\/\/fomentmolins.cat\/es\/memorial-pere-camps\/\" \/>\n<meta property=\"og:locale\" content=\"es_ES\" \/>\n<meta property=\"og:type\" content=\"article\" \/>\n<meta property=\"og:title\" content=\"Memorial Pere Camps - Foment Molins Cultural\" \/>\n<meta property=\"og:description\" content=\"Para los participantes: puedes descargar las fotos del evento en el enlace de este art\u00edculo.\" \/>\n<meta property=\"og:url\" content=\"https:\/\/fomentmolins.cat\/es\/memorial-pere-camps\/\" \/>\n<meta property=\"og:site_name\" content=\"Foment Molins Cultural\" \/>\n<meta property=\"article:published_time\" content=\"2024-05-02T11:21:46+00:00\" \/>\n<meta property=\"article:modified_time\" content=\"2024-05-02T11:28:53+00:00\" \/>\n<meta property=\"og:image\" content=\"https:\/\/fomentmolins.cat\/wp-content\/uploads\/2024\/05\/escacs.jpg\" \/>\n\t<meta property=\"og:image:width\" content=\"1131\" \/>\n\t<meta property=\"og:image:height\" content=\"842\" \/>\n\t<meta property=\"og:image:type\" content=\"image\/jpeg\" \/>\n<meta name=\"author\" content=\"Foment Molins Cultural\" \/>\n<meta name=\"twitter:card\" content=\"summary_large_image\" \/>\n<meta name=\"twitter:label1\" content=\"Escrito por\" \/>\n\t<meta name=\"twitter:data1\" content=\"Foment Molins Cultural\" \/>\n\t<meta name=\"twitter:label2\" content=\"Tiempo de lectura\" \/>\n\t<meta name=\"twitter:data2\" content=\"1 minuto\" \/>\n<script type=\"application\/ld+json\" class=\"yoast-schema-graph\">{\"@context\":\"https:\/\/schema.org\",\"@graph\":[{\"@type\":\"Article\",\"@id\":\"https:\/\/fomentmolins.cat\/es\/memorial-pere-camps\/#article\",\"isPartOf\":{\"@id\":\"https:\/\/fomentmolins.cat\/es\/memorial-pere-camps\/\"},\"author\":{\"name\":\"Foment Molins Cultural\",\"@id\":\"https:\/\/fomentmolins.cat\/es\/#\/schema\/person\/366c9ce6887138b6a210c9fea54807bd\"},\"headline\":\"Memorial Pere Camps\",\"datePublished\":\"2024-05-02T11:21:46+00:00\",\"dateModified\":\"2024-05-02T11:28:53+00:00\",\"mainEntityOfPage\":{\"@id\":\"https:\/\/fomentmolins.cat\/es\/memorial-pere-camps\/\"},\"wordCount\":133,\"commentCount\":0,\"image\":{\"@id\":\"https:\/\/fomentmolins.cat\/es\/memorial-pere-camps\/#primaryimage\"},\"thumbnailUrl\":\"https:\/\/fomentmolins.cat\/wp-content\/uploads\/2024\/05\/escacs.jpg\",\"articleSection\":[\"Ajedrez\"],\"inLanguage\":\"es\",\"potentialAction\":[{\"@type\":\"CommentAction\",\"name\":\"Comment\",\"target\":[\"https:\/\/fomentmolins.cat\/es\/memorial-pere-camps\/#respond\"]}]},{\"@type\":\"WebPage\",\"@id\":\"https:\/\/fomentmolins.cat\/es\/memorial-pere-camps\/\",\"url\":\"https:\/\/fomentmolins.cat\/es\/memorial-pere-camps\/\",\"name\":\"Memorial Pere Camps - Foment Molins Cultural\",\"isPartOf\":{\"@id\":\"https:\/\/fomentmolins.cat\/es\/#website\"},\"primaryImageOfPage\":{\"@id\":\"https:\/\/fomentmolins.cat\/es\/memorial-pere-camps\/#primaryimage\"},\"image\":{\"@id\":\"https:\/\/fomentmolins.cat\/es\/memorial-pere-camps\/#primaryimage\"},\"thumbnailUrl\":\"https:\/\/fomentmolins.cat\/wp-content\/uploads\/2024\/05\/escacs.jpg\",\"datePublished\":\"2024-05-02T11:21:46+00:00\",\"dateModified\":\"2024-05-02T11:28:53+00:00\",\"author\":{\"@id\":\"https:\/\/fomentmolins.cat\/es\/#\/schema\/person\/366c9ce6887138b6a210c9fea54807bd\"},\"breadcrumb\":{\"@id\":\"https:\/\/fomentmolins.cat\/es\/memorial-pere-camps\/#breadcrumb\"},\"inLanguage\":\"es\",\"potentialAction\":[{\"@type\":\"ReadAction\",\"target\":[\"https:\/\/fomentmolins.cat\/es\/memorial-pere-camps\/\"]}]},{\"@type\":\"ImageObject\",\"inLanguage\":\"es\",\"@id\":\"https:\/\/fomentmolins.cat\/es\/memorial-pere-camps\/#primaryimage\",\"url\":\"https:\/\/fomentmolins.cat\/wp-content\/uploads\/2024\/05\/escacs.jpg\",\"contentUrl\":\"https:\/\/fomentmolins.cat\/wp-content\/uploads\/2024\/05\/escacs.jpg\",\"width\":1131,\"height\":842,\"caption\":\"Memorial Pere Camps\"},{\"@type\":\"BreadcrumbList\",\"@id\":\"https:\/\/fomentmolins.cat\/es\/memorial-pere-camps\/#breadcrumb\",\"itemListElement\":[{\"@type\":\"ListItem\",\"position\":1,\"name\":\"Portada\",\"item\":\"https:\/\/fomentmolins.cat\/es\/\"},{\"@type\":\"ListItem\",\"position\":2,\"name\":\"Memorial Pere Camps\"}]},{\"@type\":\"WebSite\",\"@id\":\"https:\/\/fomentmolins.cat\/es\/#website\",\"url\":\"https:\/\/fomentmolins.cat\/es\/\",\"name\":\"Foment Molins Cultural\",\"description\":\"\",\"potentialAction\":[{\"@type\":\"SearchAction\",\"target\":{\"@type\":\"EntryPoint\",\"urlTemplate\":\"https:\/\/fomentmolins.cat\/es\/?s={search_term_string}\"},\"query-input\":{\"@type\":\"PropertyValueSpecification\",\"valueRequired\":true,\"valueName\":\"search_term_string\"}}],\"inLanguage\":\"es\"},{\"@type\":\"Person\",\"@id\":\"https:\/\/fomentmolins.cat\/es\/#\/schema\/person\/366c9ce6887138b6a210c9fea54807bd\",\"name\":\"Foment Molins Cultural\",\"image\":{\"@type\":\"ImageObject\",\"inLanguage\":\"es\",\"@id\":\"https:\/\/secure.gravatar.com\/avatar\/688d89467ed947940f11c807b0e20b64f0ff4f530c1edd96b48232ce24094ac4?s=96&d=mm&r=g\",\"url\":\"https:\/\/secure.gravatar.com\/avatar\/688d89467ed947940f11c807b0e20b64f0ff4f530c1edd96b48232ce24094ac4?s=96&d=mm&r=g\",\"contentUrl\":\"https:\/\/secure.gravatar.com\/avatar\/688d89467ed947940f11c807b0e20b64f0ff4f530c1edd96b48232ce24094ac4?s=96&d=mm&r=g\",\"caption\":\"Foment Molins Cultural\"},\"url\":\"https:\/\/fomentmolins.cat\/es\/author\/fomentmolins\/\"}]}<\/script>\n<!-- \/ Yoast SEO plugin. -->","yoast_head_json":{"title":"Memorial Pere Camps - Foment Molins Cultural","robots":{"index":"index","follow":"follow","max-snippet":"max-snippet:-1","max-image-preview":"max-image-preview:large","max-video-preview":"max-video-preview:-1"},"canonical":"https:\/\/fomentmolins.cat\/es\/memorial-pere-camps\/","og_locale":"es_ES","og_type":"article","og_title":"Memorial Pere Camps - Foment Molins Cultural","og_description":"Para los participantes: puedes descargar las fotos del evento en el enlace de este art\u00edculo.","og_url":"https:\/\/fomentmolins.cat\/es\/memorial-pere-camps\/","og_site_name":"Foment Molins Cultural","article_published_time":"2024-05-02T11:21:46+00:00","article_modified_time":"2024-05-02T11:28:53+00:00","og_image":[{"width":1131,"height":842,"url":"https:\/\/fomentmolins.cat\/wp-content\/uploads\/2024\/05\/escacs.jpg","type":"image\/jpeg"}],"author":"Foment Molins Cultural","twitter_card":"summary_large_image","twitter_misc":{"Escrito por":"Foment Molins Cultural","Tiempo de lectura":"1 minuto"},"schema":{"@context":"https:\/\/schema.org","@graph":[{"@type":"Article","@id":"https:\/\/fomentmolins.cat\/es\/memorial-pere-camps\/#article","isPartOf":{"@id":"https:\/\/fomentmolins.cat\/es\/memorial-pere-camps\/"},"author":{"name":"Foment Molins Cultural","@id":"https:\/\/fomentmolins.cat\/es\/#\/schema\/person\/366c9ce6887138b6a210c9fea54807bd"},"headline":"Memorial Pere Camps","datePublished":"2024-05-02T11:21:46+00:00","dateModified":"2024-05-02T11:28:53+00:00","mainEntityOfPage":{"@id":"https:\/\/fomentmolins.cat\/es\/memorial-pere-camps\/"},"wordCount":133,"commentCount":0,"image":{"@id":"https:\/\/fomentmolins.cat\/es\/memorial-pere-camps\/#primaryimage"},"thumbnailUrl":"https:\/\/fomentmolins.cat\/wp-content\/uploads\/2024\/05\/escacs.jpg","articleSection":["Ajedrez"],"inLanguage":"es","potentialAction":[{"@type":"CommentAction","name":"Comment","target":["https:\/\/fomentmolins.cat\/es\/memorial-pere-camps\/#respond"]}]},{"@type":"WebPage","@id":"https:\/\/fomentmolins.cat\/es\/memorial-pere-camps\/","url":"https:\/\/fomentmolins.cat\/es\/memorial-pere-camps\/","name":"Memorial Pere Camps - Foment Molins Cultural","isPartOf":{"@id":"https:\/\/fomentmolins.cat\/es\/#website"},"primaryImageOfPage":{"@id":"https:\/\/fomentmolins.cat\/es\/memorial-pere-camps\/#primaryimage"},"image":{"@id":"https:\/\/fomentmolins.cat\/es\/memorial-pere-camps\/#primaryimage"},"thumbnailUrl":"https:\/\/fomentmolins.cat\/wp-content\/uploads\/2024\/05\/escacs.jpg","datePublished":"2024-05-02T11:21:46+00:00","dateModified":"2024-05-02T11:28:53+00:00","author":{"@id":"https:\/\/fomentmolins.cat\/es\/#\/schema\/person\/366c9ce6887138b6a210c9fea54807bd"},"breadcrumb":{"@id":"https:\/\/fomentmolins.cat\/es\/memorial-pere-camps\/#breadcrumb"},"inLanguage":"es","potentialAction":[{"@type":"ReadAction","target":["https:\/\/fomentmolins.cat\/es\/memorial-pere-camps\/"]}]},{"@type":"ImageObject","inLanguage":"es","@id":"https:\/\/fomentmolins.cat\/es\/memorial-pere-camps\/#primaryimage","url":"https:\/\/fomentmolins.cat\/wp-content\/uploads\/2024\/05\/escacs.jpg","contentUrl":"https:\/\/fomentmolins.cat\/wp-content\/uploads\/2024\/05\/escacs.jpg","width":1131,"height":842,"caption":"Memorial Pere Camps"},{"@type":"BreadcrumbList","@id":"https:\/\/fomentmolins.cat\/es\/memorial-pere-camps\/#breadcrumb","itemListElement":[{"@type":"ListItem","position":1,"name":"Portada","item":"https:\/\/fomentmolins.cat\/es\/"},{"@type":"ListItem","position":2,"name":"Memorial Pere Camps"}]},{"@type":"WebSite","@id":"https:\/\/fomentmolins.cat\/es\/#website","url":"https:\/\/fomentmolins.cat\/es\/","name":"Foment Molins Cultural","description":"","potentialAction":[{"@type":"SearchAction","target":{"@type":"EntryPoint","urlTemplate":"https:\/\/fomentmolins.cat\/es\/?s={search_term_string}"},"query-input":{"@type":"PropertyValueSpecification","valueRequired":true,"valueName":"search_term_string"}}],"inLanguage":"es"},{"@type":"Person","@id":"https:\/\/fomentmolins.cat\/es\/#\/schema\/person\/366c9ce6887138b6a210c9fea54807bd","name":"Foment Molins Cultural","image":{"@type":"ImageObject","inLanguage":"es","@id":"https:\/\/secure.gravatar.com\/avatar\/688d89467ed947940f11c807b0e20b64f0ff4f530c1edd96b48232ce24094ac4?s=96&d=mm&r=g","url":"https:\/\/secure.gravatar.com\/avatar\/688d89467ed947940f11c807b0e20b64f0ff4f530c1edd96b48232ce24094ac4?s=96&d=mm&r=g","contentUrl":"https:\/\/secure.gravatar.com\/avatar\/688d89467ed947940f11c807b0e20b64f0ff4f530c1edd96b48232ce24094ac4?s=96&d=mm&r=g","caption":"Foment Molins Cultural"},"url":"https:\/\/fomentmolins.cat\/es\/author\/fomentmolins\/"}]}},"_links":{"self":[{"href":"https:\/\/fomentmolins.cat\/es\/wp-json\/wp\/v2\/posts\/2184","targetHints":{"allow":["GET"]}}],"collection":[{"href":"https:\/\/fomentmolins.cat\/es\/wp-json\/wp\/v2\/posts"}],"about":[{"href":"https:\/\/fomentmolins.cat\/es\/wp-json\/wp\/v2\/types\/post"}],"author":[{"embeddable":true,"href":"https:\/\/fomentmolins.cat\/es\/wp-json\/wp\/v2\/users\/5"}],"replies":[{"embeddable":true,"href":"https:\/\/fomentmolins.cat\/es\/wp-json\/wp\/v2\/comments?post=2184"}],"version-history":[{"count":1,"href":"https:\/\/fomentmolins.cat\/es\/wp-json\/wp\/v2\/posts\/2184\/revisions"}],"predecessor-version":[{"id":2185,"href":"https:\/\/fomentmolins.cat\/es\/wp-json\/wp\/v2\/posts\/2184\/revisions\/2185"}],"wp:featuredmedia":[{"embeddable":true,"href":"https:\/\/fomentmolins.cat\/es\/wp-json\/wp\/v2\/media\/2182"}],"wp:attachment":[{"href":"https:\/\/fomentmolins.cat\/es\/wp-json\/wp\/v2\/media?parent=2184"}],"wp:term":[{"taxonomy":"category","embeddable":true,"href":"https:\/\/fomentmolins.cat\/es\/wp-json\/wp\/v2\/categories?post=2184"},{"taxonomy":"post_tag","embeddable":true,"href":"https:\/\/fomentmolins.cat\/es\/wp-json\/wp\/v2\/tags?post=2184"}],"curies":[{"name":"wp","href":"https:\/\/api.w.org\/{rel}","templated":true}]}}