{"id":2258,"date":"2024-05-22T08:58:48","date_gmt":"2024-05-22T06:58:48","guid":{"rendered":"https:\/\/fomentmolins.cat\/restauracion-del-foment-un-nuevo-espacio-para-todos\/"},"modified":"2024-05-22T10:23:06","modified_gmt":"2024-05-22T08:23:06","slug":"restauracion-del-foment-un-nuevo-espacio-para-todos","status":"publish","type":"post","link":"https:\/\/fomentmolins.cat\/es\/restauracion-del-foment-un-nuevo-espacio-para-todos\/","title":{"rendered":"Restauraci\u00f3n del Foment, un nuevo espacio para todos"},"content":{"rendered":"\n<p><strong>Inversiones en renovaci\u00f3n para mejorar la experiencia de los usuarios<\/strong><\/p>\n\n<p>El Foment de Molins se est\u00e1 preparando para una transformaci\u00f3n que promete mejorar significativamente sus instalaciones. Esta semana han comenzado las obras de renovaci\u00f3n en el s\u00f3tano y vestuarios, proyectadas para durar todo el verano. Estas obras forman parte de una inversi\u00f3n estrat\u00e9gica para ofrecer un espacio m\u00e1s moderno, funcional y atractivo para todos nuestros usuarios.<\/p>\n\n<p>Las mejoras en estos espacios no s\u00f3lo suponen una actualizaci\u00f3n est\u00e9tica, sino que tambi\u00e9n aportar\u00e1n m\u00faltiples beneficios pr\u00e1cticos. Los nuevos vestuarios contar\u00e1n con instalaciones m\u00e1s c\u00f3modas y accesibles, pensadas para satisfacer las necesidades de todas las personas que utilizan nuestras instalaciones. Adem\u00e1s, el redise\u00f1o del s\u00f3tano permitir\u00e1 habilitar nuevas \u00e1reas de uso polivalente, ampliando as\u00ed las posibilidades de actividades y eventos que podemos ofrecer.<\/p>\n\n<p>La inversi\u00f3n en esta restauraci\u00f3n es una apuesta por el futuro del Foment. Con espacios m\u00e1s atractivos y funcionales, esperamos atraer a m\u00e1s socios y visitantes, incrementando as\u00ed la vitalidad de nuestra comunidad. Adem\u00e1s, estas mejoras nos permitir\u00e1n organizar m\u00e1s eventos de calidad, desde sesiones de baile hasta representaciones teatrales, ofreciendo una experiencia inigualable a los asistentes.<\/p>\n\n<p>En septiembre, estamos emocionados de estrenar estos nuevos espacios con todos vosotros. La inauguraci\u00f3n ser\u00e1 una celebraci\u00f3n que marcar\u00e1 el comienzo de una nueva era para el Foment de Molins. \u00a1No se lo puede perder! Nos vemos en septiembre para descubrir juntos todas las novedades y gozar de unas instalaciones a la vanguardia.<\/p>\n\n<figure class=\"wp-block-gallery has-nested-images columns-default is-cropped wp-block-gallery-1 is-layout-flex wp-block-gallery-is-layout-flex\">\n<figure class=\"wp-block-image size-large\"><img loading=\"lazy\" decoding=\"async\" width=\"768\" height=\"1024\" data-id=\"2236\" src=\"https:\/\/fomentmolins.cat\/wp-content\/uploads\/2024\/05\/fecee4ec-77e5-4548-bb65-4f7175134e07-768x1024.jpeg\" alt=\"\" class=\"wp-image-2236\" srcset=\"https:\/\/fomentmolins.cat\/wp-content\/uploads\/2024\/05\/fecee4ec-77e5-4548-bb65-4f7175134e07-768x1024.jpeg 768w, https:\/\/fomentmolins.cat\/wp-content\/uploads\/2024\/05\/fecee4ec-77e5-4548-bb65-4f7175134e07-225x300.jpeg 225w, https:\/\/fomentmolins.cat\/wp-content\/uploads\/2024\/05\/fecee4ec-77e5-4548-bb65-4f7175134e07-1152x1536.jpeg 1152w, https:\/\/fomentmolins.cat\/wp-content\/uploads\/2024\/05\/fecee4ec-77e5-4548-bb65-4f7175134e07.jpeg 1200w\" sizes=\"auto, (max-width: 768px) 100vw, 768px\" \/><\/figure>\n\n\n\n<figure class=\"wp-block-image size-large\"><img loading=\"lazy\" decoding=\"async\" width=\"768\" height=\"1024\" data-id=\"2242\" src=\"https:\/\/fomentmolins.cat\/wp-content\/uploads\/2024\/05\/273bce7b-dd61-44ba-b706-c069615cbf4e-768x1024.jpeg\" alt=\"\" class=\"wp-image-2242\" srcset=\"https:\/\/fomentmolins.cat\/wp-content\/uploads\/2024\/05\/273bce7b-dd61-44ba-b706-c069615cbf4e-768x1024.jpeg 768w, https:\/\/fomentmolins.cat\/wp-content\/uploads\/2024\/05\/273bce7b-dd61-44ba-b706-c069615cbf4e-225x300.jpeg 225w, https:\/\/fomentmolins.cat\/wp-content\/uploads\/2024\/05\/273bce7b-dd61-44ba-b706-c069615cbf4e-1152x1536.jpeg 1152w, https:\/\/fomentmolins.cat\/wp-content\/uploads\/2024\/05\/273bce7b-dd61-44ba-b706-c069615cbf4e.jpeg 1200w\" sizes=\"auto, (max-width: 768px) 100vw, 768px\" \/><\/figure>\n\n\n\n<figure class=\"wp-block-image size-large\"><img loading=\"lazy\" decoding=\"async\" width=\"768\" height=\"1024\" data-id=\"2234\" src=\"https:\/\/fomentmolins.cat\/wp-content\/uploads\/2024\/05\/b23ab2ad-4ce0-43dc-b6d8-f5ff32da6b55-768x1024.jpeg\" alt=\"\" class=\"wp-image-2234\" srcset=\"https:\/\/fomentmolins.cat\/wp-content\/uploads\/2024\/05\/b23ab2ad-4ce0-43dc-b6d8-f5ff32da6b55-768x1024.jpeg 768w, https:\/\/fomentmolins.cat\/wp-content\/uploads\/2024\/05\/b23ab2ad-4ce0-43dc-b6d8-f5ff32da6b55-225x300.jpeg 225w, https:\/\/fomentmolins.cat\/wp-content\/uploads\/2024\/05\/b23ab2ad-4ce0-43dc-b6d8-f5ff32da6b55.jpeg 966w\" sizes=\"auto, (max-width: 768px) 100vw, 768px\" \/><\/figure>\n\n\n\n<figure class=\"wp-block-image size-large\"><img loading=\"lazy\" decoding=\"async\" width=\"768\" height=\"1024\" data-id=\"2239\" src=\"https:\/\/fomentmolins.cat\/wp-content\/uploads\/2024\/05\/b5ef5f11-151e-4f29-8d64-90fb846244d1-768x1024.jpeg\" alt=\"\" class=\"wp-image-2239\" srcset=\"https:\/\/fomentmolins.cat\/wp-content\/uploads\/2024\/05\/b5ef5f11-151e-4f29-8d64-90fb846244d1-768x1024.jpeg 768w, https:\/\/fomentmolins.cat\/wp-content\/uploads\/2024\/05\/b5ef5f11-151e-4f29-8d64-90fb846244d1-225x300.jpeg 225w, https:\/\/fomentmolins.cat\/wp-content\/uploads\/2024\/05\/b5ef5f11-151e-4f29-8d64-90fb846244d1-1152x1536.jpeg 1152w, https:\/\/fomentmolins.cat\/wp-content\/uploads\/2024\/05\/b5ef5f11-151e-4f29-8d64-90fb846244d1.jpeg 1200w\" sizes=\"auto, (max-width: 768px) 100vw, 768px\" \/><\/figure>\n\n\n\n<figure class=\"wp-block-image size-large\"><img loading=\"lazy\" decoding=\"async\" width=\"768\" height=\"1024\" data-id=\"2244\" src=\"https:\/\/fomentmolins.cat\/wp-content\/uploads\/2024\/05\/996f657a-45a9-4c53-b7a5-d3edf401f749-768x1024.jpeg\" alt=\"\" class=\"wp-image-2244\" srcset=\"https:\/\/fomentmolins.cat\/wp-content\/uploads\/2024\/05\/996f657a-45a9-4c53-b7a5-d3edf401f749-768x1024.jpeg 768w, https:\/\/fomentmolins.cat\/wp-content\/uploads\/2024\/05\/996f657a-45a9-4c53-b7a5-d3edf401f749-225x300.jpeg 225w, https:\/\/fomentmolins.cat\/wp-content\/uploads\/2024\/05\/996f657a-45a9-4c53-b7a5-d3edf401f749-1152x1536.jpeg 1152w, https:\/\/fomentmolins.cat\/wp-content\/uploads\/2024\/05\/996f657a-45a9-4c53-b7a5-d3edf401f749.jpeg 1200w\" sizes=\"auto, (max-width: 768px) 100vw, 768px\" \/><\/figure>\n\n\n\n<figure class=\"wp-block-image size-large\"><img loading=\"lazy\" decoding=\"async\" width=\"768\" height=\"1024\" data-id=\"2238\" src=\"https:\/\/fomentmolins.cat\/wp-content\/uploads\/2024\/05\/ed8e1fda-4059-4aaf-a05d-e56a56a3cc05-768x1024.jpeg\" alt=\"\" class=\"wp-image-2238\" srcset=\"https:\/\/fomentmolins.cat\/wp-content\/uploads\/2024\/05\/ed8e1fda-4059-4aaf-a05d-e56a56a3cc05-768x1024.jpeg 768w, https:\/\/fomentmolins.cat\/wp-content\/uploads\/2024\/05\/ed8e1fda-4059-4aaf-a05d-e56a56a3cc05-225x300.jpeg 225w, https:\/\/fomentmolins.cat\/wp-content\/uploads\/2024\/05\/ed8e1fda-4059-4aaf-a05d-e56a56a3cc05-1152x1536.jpeg 1152w, https:\/\/fomentmolins.cat\/wp-content\/uploads\/2024\/05\/ed8e1fda-4059-4aaf-a05d-e56a56a3cc05.jpeg 1200w\" sizes=\"auto, (max-width: 768px) 100vw, 768px\" \/><\/figure>\n<\/figure>\n","protected":false},"excerpt":{"rendered":"<p>Inversiones en renovaci\u00f3n para mejorar la experiencia de los usuarios<\/p>\n","protected":false},"author":5,"featured_media":2245,"comment_status":"open","ping_status":"closed","sticky":false,"template":"","format":"standard","meta":{"inline_featured_image":false,"footnotes":""},"categories":[68],"tags":[],"class_list":["post-2258","post","type-post","status-publish","format-standard","has-post-thumbnail","hentry","category-mejoras"],"yoast_head":"<!-- This site is optimized with the Yoast SEO plugin v27.2 - https:\/\/yoast.com\/product\/yoast-seo-wordpress\/ -->\n<title>Restauraci\u00f3n del Foment, un nuevo espacio para todos - Foment Molins Cultural<\/title>\n<meta name=\"description\" content=\"Restauraci\u00f3n del Foment, un nuevo espacio para todos. Inversiones en renovaci\u00f3n para mejorar la experiencia de los usuarios.\" \/>\n<meta name=\"robots\" content=\"index, follow, max-snippet:-1, max-image-preview:large, max-video-preview:-1\" \/>\n<link rel=\"canonical\" href=\"https:\/\/fomentmolins.cat\/es\/restauracion-del-foment-un-nuevo-espacio-para-todos\/\" \/>\n<meta property=\"og:locale\" content=\"es_ES\" \/>\n<meta property=\"og:type\" content=\"article\" \/>\n<meta property=\"og:title\" content=\"Restauraci\u00f3n del Foment, un nuevo espacio para todos - Foment Molins Cultural\" \/>\n<meta property=\"og:description\" content=\"Restauraci\u00f3n del Foment, un nuevo espacio para todos. Inversiones en renovaci\u00f3n para mejorar la experiencia de los usuarios.\" \/>\n<meta property=\"og:url\" content=\"https:\/\/fomentmolins.cat\/es\/restauracion-del-foment-un-nuevo-espacio-para-todos\/\" \/>\n<meta property=\"og:site_name\" content=\"Foment Molins Cultural\" \/>\n<meta property=\"article:published_time\" content=\"2024-05-22T06:58:48+00:00\" \/>\n<meta property=\"article:modified_time\" content=\"2024-05-22T08:23:06+00:00\" \/>\n<meta property=\"og:image\" content=\"https:\/\/fomentmolins.cat\/wp-content\/uploads\/2024\/05\/996f657a-45a9-4c53-b7a5-d3edf401f749.jpeg\" \/>\n\t<meta property=\"og:image:width\" content=\"1200\" \/>\n\t<meta property=\"og:image:height\" content=\"1600\" \/>\n\t<meta property=\"og:image:type\" content=\"image\/jpeg\" \/>\n<meta name=\"author\" content=\"Foment Molins Cultural\" \/>\n<meta name=\"twitter:card\" content=\"summary_large_image\" \/>\n<meta name=\"twitter:label1\" content=\"Escrito por\" \/>\n\t<meta name=\"twitter:data1\" content=\"Foment Molins Cultural\" \/>\n\t<meta name=\"twitter:label2\" content=\"Tiempo de lectura\" \/>\n\t<meta name=\"twitter:data2\" content=\"3 minutos\" \/>\n<script type=\"application\/ld+json\" class=\"yoast-schema-graph\">{\"@context\":\"https:\/\/schema.org\",\"@graph\":[{\"@type\":\"Article\",\"@id\":\"https:\/\/fomentmolins.cat\/es\/restauracion-del-foment-un-nuevo-espacio-para-todos\/#article\",\"isPartOf\":{\"@id\":\"https:\/\/fomentmolins.cat\/es\/restauracion-del-foment-un-nuevo-espacio-para-todos\/\"},\"author\":{\"name\":\"Foment Molins Cultural\",\"@id\":\"https:\/\/fomentmolins.cat\/es\/#\/schema\/person\/366c9ce6887138b6a210c9fea54807bd\"},\"headline\":\"Restauraci\u00f3n del Foment, un nuevo espacio para todos\",\"datePublished\":\"2024-05-22T06:58:48+00:00\",\"dateModified\":\"2024-05-22T08:23:06+00:00\",\"mainEntityOfPage\":{\"@id\":\"https:\/\/fomentmolins.cat\/es\/restauracion-del-foment-un-nuevo-espacio-para-todos\/\"},\"wordCount\":278,\"commentCount\":0,\"image\":{\"@id\":\"https:\/\/fomentmolins.cat\/es\/restauracion-del-foment-un-nuevo-espacio-para-todos\/#primaryimage\"},\"thumbnailUrl\":\"https:\/\/fomentmolins.cat\/wp-content\/uploads\/2024\/05\/996f657a-45a9-4c53-b7a5-d3edf401f749.jpeg\",\"articleSection\":[\"Mejoras\"],\"inLanguage\":\"es\",\"potentialAction\":[{\"@type\":\"CommentAction\",\"name\":\"Comment\",\"target\":[\"https:\/\/fomentmolins.cat\/es\/restauracion-del-foment-un-nuevo-espacio-para-todos\/#respond\"]}]},{\"@type\":\"WebPage\",\"@id\":\"https:\/\/fomentmolins.cat\/es\/restauracion-del-foment-un-nuevo-espacio-para-todos\/\",\"url\":\"https:\/\/fomentmolins.cat\/es\/restauracion-del-foment-un-nuevo-espacio-para-todos\/\",\"name\":\"Restauraci\u00f3n del Foment, un nuevo espacio para todos - Foment Molins Cultural\",\"isPartOf\":{\"@id\":\"https:\/\/fomentmolins.cat\/es\/#website\"},\"primaryImageOfPage\":{\"@id\":\"https:\/\/fomentmolins.cat\/es\/restauracion-del-foment-un-nuevo-espacio-para-todos\/#primaryimage\"},\"image\":{\"@id\":\"https:\/\/fomentmolins.cat\/es\/restauracion-del-foment-un-nuevo-espacio-para-todos\/#primaryimage\"},\"thumbnailUrl\":\"https:\/\/fomentmolins.cat\/wp-content\/uploads\/2024\/05\/996f657a-45a9-4c53-b7a5-d3edf401f749.jpeg\",\"datePublished\":\"2024-05-22T06:58:48+00:00\",\"dateModified\":\"2024-05-22T08:23:06+00:00\",\"author\":{\"@id\":\"https:\/\/fomentmolins.cat\/es\/#\/schema\/person\/366c9ce6887138b6a210c9fea54807bd\"},\"description\":\"Restauraci\u00f3n del Foment, un nuevo espacio para todos. Inversiones en renovaci\u00f3n para mejorar la experiencia de los usuarios.\",\"breadcrumb\":{\"@id\":\"https:\/\/fomentmolins.cat\/es\/restauracion-del-foment-un-nuevo-espacio-para-todos\/#breadcrumb\"},\"inLanguage\":\"es\",\"potentialAction\":[{\"@type\":\"ReadAction\",\"target\":[\"https:\/\/fomentmolins.cat\/es\/restauracion-del-foment-un-nuevo-espacio-para-todos\/\"]}]},{\"@type\":\"ImageObject\",\"inLanguage\":\"es\",\"@id\":\"https:\/\/fomentmolins.cat\/es\/restauracion-del-foment-un-nuevo-espacio-para-todos\/#primaryimage\",\"url\":\"https:\/\/fomentmolins.cat\/wp-content\/uploads\/2024\/05\/996f657a-45a9-4c53-b7a5-d3edf401f749.jpeg\",\"contentUrl\":\"https:\/\/fomentmolins.cat\/wp-content\/uploads\/2024\/05\/996f657a-45a9-4c53-b7a5-d3edf401f749.jpeg\",\"width\":1200,\"height\":1600,\"caption\":\"El Foment de Molins se est\u00e1 preparando para una transformaci\u00f3n que promete mejorar significativamente sus instalaciones. Esta semana han comenzado las obras de renovaci\u00f3n en el s\u00f3tano y vestuarios, proyectadas para durar todo el verano. Estas obras forman parte de una inversi\u00f3n estrat\u00e9gica para ofrecer un espacio m\u00e1s moderno, funcional y atractivo para todos nuestros usuarios.\"},{\"@type\":\"BreadcrumbList\",\"@id\":\"https:\/\/fomentmolins.cat\/es\/restauracion-del-foment-un-nuevo-espacio-para-todos\/#breadcrumb\",\"itemListElement\":[{\"@type\":\"ListItem\",\"position\":1,\"name\":\"Portada\",\"item\":\"https:\/\/fomentmolins.cat\/es\/\"},{\"@type\":\"ListItem\",\"position\":2,\"name\":\"Restauraci\u00f3n del Foment, un nuevo espacio para todos\"}]},{\"@type\":\"WebSite\",\"@id\":\"https:\/\/fomentmolins.cat\/es\/#website\",\"url\":\"https:\/\/fomentmolins.cat\/es\/\",\"name\":\"Foment Molins Cultural\",\"description\":\"\",\"potentialAction\":[{\"@type\":\"SearchAction\",\"target\":{\"@type\":\"EntryPoint\",\"urlTemplate\":\"https:\/\/fomentmolins.cat\/es\/?s={search_term_string}\"},\"query-input\":{\"@type\":\"PropertyValueSpecification\",\"valueRequired\":true,\"valueName\":\"search_term_string\"}}],\"inLanguage\":\"es\"},{\"@type\":\"Person\",\"@id\":\"https:\/\/fomentmolins.cat\/es\/#\/schema\/person\/366c9ce6887138b6a210c9fea54807bd\",\"name\":\"Foment Molins Cultural\",\"image\":{\"@type\":\"ImageObject\",\"inLanguage\":\"es\",\"@id\":\"https:\/\/secure.gravatar.com\/avatar\/688d89467ed947940f11c807b0e20b64f0ff4f530c1edd96b48232ce24094ac4?s=96&d=mm&r=g\",\"url\":\"https:\/\/secure.gravatar.com\/avatar\/688d89467ed947940f11c807b0e20b64f0ff4f530c1edd96b48232ce24094ac4?s=96&d=mm&r=g\",\"contentUrl\":\"https:\/\/secure.gravatar.com\/avatar\/688d89467ed947940f11c807b0e20b64f0ff4f530c1edd96b48232ce24094ac4?s=96&d=mm&r=g\",\"caption\":\"Foment Molins Cultural\"},\"url\":\"https:\/\/fomentmolins.cat\/es\/author\/fomentmolins\/\"}]}<\/script>\n<!-- \/ Yoast SEO plugin. -->","yoast_head_json":{"title":"Restauraci\u00f3n del Foment, un nuevo espacio para todos - Foment Molins Cultural","description":"Restauraci\u00f3n del Foment, un nuevo espacio para todos. Inversiones en renovaci\u00f3n para mejorar la experiencia de los usuarios.","robots":{"index":"index","follow":"follow","max-snippet":"max-snippet:-1","max-image-preview":"max-image-preview:large","max-video-preview":"max-video-preview:-1"},"canonical":"https:\/\/fomentmolins.cat\/es\/restauracion-del-foment-un-nuevo-espacio-para-todos\/","og_locale":"es_ES","og_type":"article","og_title":"Restauraci\u00f3n del Foment, un nuevo espacio para todos - Foment Molins Cultural","og_description":"Restauraci\u00f3n del Foment, un nuevo espacio para todos. Inversiones en renovaci\u00f3n para mejorar la experiencia de los usuarios.","og_url":"https:\/\/fomentmolins.cat\/es\/restauracion-del-foment-un-nuevo-espacio-para-todos\/","og_site_name":"Foment Molins Cultural","article_published_time":"2024-05-22T06:58:48+00:00","article_modified_time":"2024-05-22T08:23:06+00:00","og_image":[{"width":1200,"height":1600,"url":"https:\/\/fomentmolins.cat\/wp-content\/uploads\/2024\/05\/996f657a-45a9-4c53-b7a5-d3edf401f749.jpeg","type":"image\/jpeg"}],"author":"Foment Molins Cultural","twitter_card":"summary_large_image","twitter_misc":{"Escrito por":"Foment Molins Cultural","Tiempo de lectura":"3 minutos"},"schema":{"@context":"https:\/\/schema.org","@graph":[{"@type":"Article","@id":"https:\/\/fomentmolins.cat\/es\/restauracion-del-foment-un-nuevo-espacio-para-todos\/#article","isPartOf":{"@id":"https:\/\/fomentmolins.cat\/es\/restauracion-del-foment-un-nuevo-espacio-para-todos\/"},"author":{"name":"Foment Molins Cultural","@id":"https:\/\/fomentmolins.cat\/es\/#\/schema\/person\/366c9ce6887138b6a210c9fea54807bd"},"headline":"Restauraci\u00f3n del Foment, un nuevo espacio para todos","datePublished":"2024-05-22T06:58:48+00:00","dateModified":"2024-05-22T08:23:06+00:00","mainEntityOfPage":{"@id":"https:\/\/fomentmolins.cat\/es\/restauracion-del-foment-un-nuevo-espacio-para-todos\/"},"wordCount":278,"commentCount":0,"image":{"@id":"https:\/\/fomentmolins.cat\/es\/restauracion-del-foment-un-nuevo-espacio-para-todos\/#primaryimage"},"thumbnailUrl":"https:\/\/fomentmolins.cat\/wp-content\/uploads\/2024\/05\/996f657a-45a9-4c53-b7a5-d3edf401f749.jpeg","articleSection":["Mejoras"],"inLanguage":"es","potentialAction":[{"@type":"CommentAction","name":"Comment","target":["https:\/\/fomentmolins.cat\/es\/restauracion-del-foment-un-nuevo-espacio-para-todos\/#respond"]}]},{"@type":"WebPage","@id":"https:\/\/fomentmolins.cat\/es\/restauracion-del-foment-un-nuevo-espacio-para-todos\/","url":"https:\/\/fomentmolins.cat\/es\/restauracion-del-foment-un-nuevo-espacio-para-todos\/","name":"Restauraci\u00f3n del Foment, un nuevo espacio para todos - Foment Molins Cultural","isPartOf":{"@id":"https:\/\/fomentmolins.cat\/es\/#website"},"primaryImageOfPage":{"@id":"https:\/\/fomentmolins.cat\/es\/restauracion-del-foment-un-nuevo-espacio-para-todos\/#primaryimage"},"image":{"@id":"https:\/\/fomentmolins.cat\/es\/restauracion-del-foment-un-nuevo-espacio-para-todos\/#primaryimage"},"thumbnailUrl":"https:\/\/fomentmolins.cat\/wp-content\/uploads\/2024\/05\/996f657a-45a9-4c53-b7a5-d3edf401f749.jpeg","datePublished":"2024-05-22T06:58:48+00:00","dateModified":"2024-05-22T08:23:06+00:00","author":{"@id":"https:\/\/fomentmolins.cat\/es\/#\/schema\/person\/366c9ce6887138b6a210c9fea54807bd"},"description":"Restauraci\u00f3n del Foment, un nuevo espacio para todos. Inversiones en renovaci\u00f3n para mejorar la experiencia de los usuarios.","breadcrumb":{"@id":"https:\/\/fomentmolins.cat\/es\/restauracion-del-foment-un-nuevo-espacio-para-todos\/#breadcrumb"},"inLanguage":"es","potentialAction":[{"@type":"ReadAction","target":["https:\/\/fomentmolins.cat\/es\/restauracion-del-foment-un-nuevo-espacio-para-todos\/"]}]},{"@type":"ImageObject","inLanguage":"es","@id":"https:\/\/fomentmolins.cat\/es\/restauracion-del-foment-un-nuevo-espacio-para-todos\/#primaryimage","url":"https:\/\/fomentmolins.cat\/wp-content\/uploads\/2024\/05\/996f657a-45a9-4c53-b7a5-d3edf401f749.jpeg","contentUrl":"https:\/\/fomentmolins.cat\/wp-content\/uploads\/2024\/05\/996f657a-45a9-4c53-b7a5-d3edf401f749.jpeg","width":1200,"height":1600,"caption":"El Foment de Molins se est\u00e1 preparando para una transformaci\u00f3n que promete mejorar significativamente sus instalaciones. Esta semana han comenzado las obras de renovaci\u00f3n en el s\u00f3tano y vestuarios, proyectadas para durar todo el verano. Estas obras forman parte de una inversi\u00f3n estrat\u00e9gica para ofrecer un espacio m\u00e1s moderno, funcional y atractivo para todos nuestros usuarios."},{"@type":"BreadcrumbList","@id":"https:\/\/fomentmolins.cat\/es\/restauracion-del-foment-un-nuevo-espacio-para-todos\/#breadcrumb","itemListElement":[{"@type":"ListItem","position":1,"name":"Portada","item":"https:\/\/fomentmolins.cat\/es\/"},{"@type":"ListItem","position":2,"name":"Restauraci\u00f3n del Foment, un nuevo espacio para todos"}]},{"@type":"WebSite","@id":"https:\/\/fomentmolins.cat\/es\/#website","url":"https:\/\/fomentmolins.cat\/es\/","name":"Foment Molins Cultural","description":"","potentialAction":[{"@type":"SearchAction","target":{"@type":"EntryPoint","urlTemplate":"https:\/\/fomentmolins.cat\/es\/?s={search_term_string}"},"query-input":{"@type":"PropertyValueSpecification","valueRequired":true,"valueName":"search_term_string"}}],"inLanguage":"es"},{"@type":"Person","@id":"https:\/\/fomentmolins.cat\/es\/#\/schema\/person\/366c9ce6887138b6a210c9fea54807bd","name":"Foment Molins Cultural","image":{"@type":"ImageObject","inLanguage":"es","@id":"https:\/\/secure.gravatar.com\/avatar\/688d89467ed947940f11c807b0e20b64f0ff4f530c1edd96b48232ce24094ac4?s=96&d=mm&r=g","url":"https:\/\/secure.gravatar.com\/avatar\/688d89467ed947940f11c807b0e20b64f0ff4f530c1edd96b48232ce24094ac4?s=96&d=mm&r=g","contentUrl":"https:\/\/secure.gravatar.com\/avatar\/688d89467ed947940f11c807b0e20b64f0ff4f530c1edd96b48232ce24094ac4?s=96&d=mm&r=g","caption":"Foment Molins Cultural"},"url":"https:\/\/fomentmolins.cat\/es\/author\/fomentmolins\/"}]}},"_links":{"self":[{"href":"https:\/\/fomentmolins.cat\/es\/wp-json\/wp\/v2\/posts\/2258","targetHints":{"allow":["GET"]}}],"collection":[{"href":"https:\/\/fomentmolins.cat\/es\/wp-json\/wp\/v2\/posts"}],"about":[{"href":"https:\/\/fomentmolins.cat\/es\/wp-json\/wp\/v2\/types\/post"}],"author":[{"embeddable":true,"href":"https:\/\/fomentmolins.cat\/es\/wp-json\/wp\/v2\/users\/5"}],"replies":[{"embeddable":true,"href":"https:\/\/fomentmolins.cat\/es\/wp-json\/wp\/v2\/comments?post=2258"}],"version-history":[{"count":3,"href":"https:\/\/fomentmolins.cat\/es\/wp-json\/wp\/v2\/posts\/2258\/revisions"}],"predecessor-version":[{"id":2261,"href":"https:\/\/fomentmolins.cat\/es\/wp-json\/wp\/v2\/posts\/2258\/revisions\/2261"}],"wp:featuredmedia":[{"embeddable":true,"href":"https:\/\/fomentmolins.cat\/es\/wp-json\/wp\/v2\/media\/2245"}],"wp:attachment":[{"href":"https:\/\/fomentmolins.cat\/es\/wp-json\/wp\/v2\/media?parent=2258"}],"wp:term":[{"taxonomy":"category","embeddable":true,"href":"https:\/\/fomentmolins.cat\/es\/wp-json\/wp\/v2\/categories?post=2258"},{"taxonomy":"post_tag","embeddable":true,"href":"https:\/\/fomentmolins.cat\/es\/wp-json\/wp\/v2\/tags?post=2258"}],"curies":[{"name":"wp","href":"https:\/\/api.w.org\/{rel}","templated":true}]}}