{"id":2262,"date":"2024-05-13T09:02:54","date_gmt":"2024-05-13T07:02:54","guid":{"rendered":"https:\/\/fomentmolins.cat\/un-dia-para-enmarcar-en-el-teatre-foment-con-el-inicio-del-rodaje-de-debut\/"},"modified":"2024-05-22T10:26:39","modified_gmt":"2024-05-22T08:26:39","slug":"un-dia-para-enmarcar-en-el-teatre-foment-con-el-inicio-del-rodaje-de-debut","status":"publish","type":"post","link":"https:\/\/fomentmolins.cat\/es\/un-dia-para-enmarcar-en-el-teatre-foment-con-el-inicio-del-rodaje-de-debut\/","title":{"rendered":"Un d\u00eda para enmarcar en el Teatre Foment con el inicio del rodaje de \u00abDEBUT\u00bb"},"content":{"rendered":"\n<p>Este 13 de mayo, el Teatre Foment se convirti\u00f3 en un aut\u00e9ntico plat\u00f3 de cine con el inicio del rodaje de la pel\u00edcula \u00abDEBUT\u00bb. Esta producci\u00f3n es el proyecto final de los alumnos del \u00faltimo curso de la Escuela Plat\u00f3 de Cine e Interpretaci\u00f3n de Hospitalet de Llobregat.<\/p>\n\n<p>\u00abDEBUT\u00bb es un largometraje que narra el proceso formativo de una aspirante a actriz desde sus primeros pasos hasta conseguir sus objetivos profesionales. A trav\u00e9s de una historia emotiva e inspiradora, la pel\u00edcula muestra las dificultades, retos y victorias personales y profesionales que se encuentran en el camino hacia el \u00e9xito. <\/p>\n\n<p>El rodaje en el Teatre Foment fue una experiencia \u00fanica tanto para los estudiantes como para el equipo t\u00e9cnico. Este escenario emblem\u00e1tico ofreci\u00f3 un entorno perfecto para capturar las escenas clave de la pel\u00edcula, contribuyendo a la creaci\u00f3n de una aut\u00e9ntica y cautivadora atm\u00f3sfera. La colaboraci\u00f3n entre Foment y la Escuela Plat\u00f3 demuestra, una vez m\u00e1s, el compromiso de nuestro teatro con el arte y la cultura, ofreciendo apoyo a nuevos talentos y proyectos innovadores.<\/p>\n\n<p>Estamos emocionados de ver c\u00f3mo se desarrolla este proyecto y esperamos con ilusi\u00f3n el estreno de \u00abDEBUT\u00bb. Este tipo de iniciativas no s\u00f3lo enriquecen nuestra programaci\u00f3n cultural, sino que tambi\u00e9n proporcionan invaluables oportunidades para los nuevos creadores de cine.<\/p>\n\n<figure class=\"wp-block-gallery has-nested-images columns-default is-cropped wp-block-gallery-1 is-layout-flex wp-block-gallery-is-layout-flex\">\n<figure class=\"wp-block-image size-large\"><img loading=\"lazy\" decoding=\"async\" width=\"768\" height=\"1024\" data-id=\"2250\" src=\"https:\/\/fomentmolins.cat\/wp-content\/uploads\/2024\/05\/441077570_837390411745751_6677917967502877047_n-1-768x1024.jpg\" alt=\"\" class=\"wp-image-2250\" srcset=\"https:\/\/fomentmolins.cat\/wp-content\/uploads\/2024\/05\/441077570_837390411745751_6677917967502877047_n-1-768x1024.jpg 768w, https:\/\/fomentmolins.cat\/wp-content\/uploads\/2024\/05\/441077570_837390411745751_6677917967502877047_n-1-225x300.jpg 225w, https:\/\/fomentmolins.cat\/wp-content\/uploads\/2024\/05\/441077570_837390411745751_6677917967502877047_n-1-1152x1536.jpg 1152w, https:\/\/fomentmolins.cat\/wp-content\/uploads\/2024\/05\/441077570_837390411745751_6677917967502877047_n-1.jpg 1530w\" sizes=\"auto, (max-width: 768px) 100vw, 768px\" \/><\/figure>\n\n\n\n<figure class=\"wp-block-image size-large\"><img loading=\"lazy\" decoding=\"async\" width=\"768\" height=\"1024\" data-id=\"2254\" src=\"https:\/\/fomentmolins.cat\/wp-content\/uploads\/2024\/05\/441073601_837390468412412_6071306771613765127_n-768x1024.jpg\" alt=\"\" class=\"wp-image-2254\" srcset=\"https:\/\/fomentmolins.cat\/wp-content\/uploads\/2024\/05\/441073601_837390468412412_6071306771613765127_n-768x1024.jpg 768w, https:\/\/fomentmolins.cat\/wp-content\/uploads\/2024\/05\/441073601_837390468412412_6071306771613765127_n-225x300.jpg 225w, https:\/\/fomentmolins.cat\/wp-content\/uploads\/2024\/05\/441073601_837390468412412_6071306771613765127_n-1152x1536.jpg 1152w, https:\/\/fomentmolins.cat\/wp-content\/uploads\/2024\/05\/441073601_837390468412412_6071306771613765127_n.jpg 1530w\" sizes=\"auto, (max-width: 768px) 100vw, 768px\" \/><\/figure>\n\n\n\n<figure class=\"wp-block-image size-large\"><img loading=\"lazy\" decoding=\"async\" width=\"768\" height=\"1024\" data-id=\"2251\" src=\"https:\/\/fomentmolins.cat\/wp-content\/uploads\/2024\/05\/441075364_837390418412417_2198850828427388022_n-1-768x1024.jpg\" alt=\"\" class=\"wp-image-2251\" srcset=\"https:\/\/fomentmolins.cat\/wp-content\/uploads\/2024\/05\/441075364_837390418412417_2198850828427388022_n-1-768x1024.jpg 768w, https:\/\/fomentmolins.cat\/wp-content\/uploads\/2024\/05\/441075364_837390418412417_2198850828427388022_n-1-225x300.jpg 225w, https:\/\/fomentmolins.cat\/wp-content\/uploads\/2024\/05\/441075364_837390418412417_2198850828427388022_n-1-1152x1536.jpg 1152w, https:\/\/fomentmolins.cat\/wp-content\/uploads\/2024\/05\/441075364_837390418412417_2198850828427388022_n-1.jpg 1530w\" sizes=\"auto, (max-width: 768px) 100vw, 768px\" \/><\/figure>\n<\/figure>\n","protected":false},"excerpt":{"rendered":"<p>El Teatro Foment se convirti\u00f3 en un aut\u00e9ntico plat\u00f3 de cine con el inicio del rodaje de la pel\u00edcula \u00abDEBUT\u00bb<\/p>\n","protected":false},"author":5,"featured_media":2249,"comment_status":"open","ping_status":"closed","sticky":false,"template":"","format":"standard","meta":{"inline_featured_image":false,"footnotes":""},"categories":[91],"tags":[],"class_list":["post-2262","post","type-post","status-publish","format-standard","has-post-thumbnail","hentry","category-dia-a-dia-es"],"yoast_head":"<!-- This site is optimized with the Yoast SEO plugin v27.2 - https:\/\/yoast.com\/product\/yoast-seo-wordpress\/ -->\n<title>Un d\u00eda para enmarcar en el Teatre Foment con el inicio del rodaje de &quot;DEBUT&quot; - Foment Molins Cultural<\/title>\n<meta name=\"robots\" content=\"index, follow, max-snippet:-1, max-image-preview:large, max-video-preview:-1\" \/>\n<link rel=\"canonical\" href=\"https:\/\/fomentmolins.cat\/es\/un-dia-para-enmarcar-en-el-teatre-foment-con-el-inicio-del-rodaje-de-debut\/\" \/>\n<meta property=\"og:locale\" content=\"es_ES\" \/>\n<meta property=\"og:type\" content=\"article\" \/>\n<meta property=\"og:title\" content=\"Un d\u00eda para enmarcar en el Teatre Foment con el inicio del rodaje de &quot;DEBUT&quot; - Foment Molins Cultural\" \/>\n<meta property=\"og:description\" content=\"El Teatro Foment se convirti\u00f3 en un aut\u00e9ntico plat\u00f3 de cine con el inicio del rodaje de la pel\u00edcula &quot;DEBUT&quot;\" \/>\n<meta property=\"og:url\" content=\"https:\/\/fomentmolins.cat\/es\/un-dia-para-enmarcar-en-el-teatre-foment-con-el-inicio-del-rodaje-de-debut\/\" \/>\n<meta property=\"og:site_name\" content=\"Foment Molins Cultural\" \/>\n<meta property=\"article:published_time\" content=\"2024-05-13T07:02:54+00:00\" \/>\n<meta property=\"article:modified_time\" content=\"2024-05-22T08:26:39+00:00\" \/>\n<meta property=\"og:image\" content=\"https:\/\/fomentmolins.cat\/wp-content\/uploads\/2024\/05\/441075364_837390418412417_2198850828427388022_n.jpg\" \/>\n\t<meta property=\"og:image:width\" content=\"1530\" \/>\n\t<meta property=\"og:image:height\" content=\"894\" \/>\n\t<meta property=\"og:image:type\" content=\"image\/jpeg\" \/>\n<meta name=\"author\" content=\"Foment Molins Cultural\" \/>\n<meta name=\"twitter:card\" content=\"summary_large_image\" \/>\n<meta name=\"twitter:label1\" content=\"Escrito por\" \/>\n\t<meta name=\"twitter:data1\" content=\"Foment Molins Cultural\" \/>\n\t<meta name=\"twitter:label2\" content=\"Tiempo de lectura\" \/>\n\t<meta name=\"twitter:data2\" content=\"1 minuto\" \/>\n<script type=\"application\/ld+json\" class=\"yoast-schema-graph\">{\"@context\":\"https:\/\/schema.org\",\"@graph\":[{\"@type\":\"Article\",\"@id\":\"https:\/\/fomentmolins.cat\/es\/un-dia-para-enmarcar-en-el-teatre-foment-con-el-inicio-del-rodaje-de-debut\/#article\",\"isPartOf\":{\"@id\":\"https:\/\/fomentmolins.cat\/es\/un-dia-para-enmarcar-en-el-teatre-foment-con-el-inicio-del-rodaje-de-debut\/\"},\"author\":{\"name\":\"Foment Molins Cultural\",\"@id\":\"https:\/\/fomentmolins.cat\/es\/#\/schema\/person\/366c9ce6887138b6a210c9fea54807bd\"},\"headline\":\"Un d\u00eda para enmarcar en el Teatre Foment con el inicio del rodaje de \u00abDEBUT\u00bb\",\"datePublished\":\"2024-05-13T07:02:54+00:00\",\"dateModified\":\"2024-05-22T08:26:39+00:00\",\"mainEntityOfPage\":{\"@id\":\"https:\/\/fomentmolins.cat\/es\/un-dia-para-enmarcar-en-el-teatre-foment-con-el-inicio-del-rodaje-de-debut\/\"},\"wordCount\":247,\"commentCount\":0,\"image\":{\"@id\":\"https:\/\/fomentmolins.cat\/es\/un-dia-para-enmarcar-en-el-teatre-foment-con-el-inicio-del-rodaje-de-debut\/#primaryimage\"},\"thumbnailUrl\":\"https:\/\/fomentmolins.cat\/wp-content\/uploads\/2024\/05\/441075364_837390418412417_2198850828427388022_n.jpg\",\"articleSection\":[\"D\u00eda a d\u00eda\"],\"inLanguage\":\"es\",\"potentialAction\":[{\"@type\":\"CommentAction\",\"name\":\"Comment\",\"target\":[\"https:\/\/fomentmolins.cat\/es\/un-dia-para-enmarcar-en-el-teatre-foment-con-el-inicio-del-rodaje-de-debut\/#respond\"]}]},{\"@type\":\"WebPage\",\"@id\":\"https:\/\/fomentmolins.cat\/es\/un-dia-para-enmarcar-en-el-teatre-foment-con-el-inicio-del-rodaje-de-debut\/\",\"url\":\"https:\/\/fomentmolins.cat\/es\/un-dia-para-enmarcar-en-el-teatre-foment-con-el-inicio-del-rodaje-de-debut\/\",\"name\":\"Un d\u00eda para enmarcar en el Teatre Foment con el inicio del rodaje de \\\"DEBUT\\\" - Foment Molins Cultural\",\"isPartOf\":{\"@id\":\"https:\/\/fomentmolins.cat\/es\/#website\"},\"primaryImageOfPage\":{\"@id\":\"https:\/\/fomentmolins.cat\/es\/un-dia-para-enmarcar-en-el-teatre-foment-con-el-inicio-del-rodaje-de-debut\/#primaryimage\"},\"image\":{\"@id\":\"https:\/\/fomentmolins.cat\/es\/un-dia-para-enmarcar-en-el-teatre-foment-con-el-inicio-del-rodaje-de-debut\/#primaryimage\"},\"thumbnailUrl\":\"https:\/\/fomentmolins.cat\/wp-content\/uploads\/2024\/05\/441075364_837390418412417_2198850828427388022_n.jpg\",\"datePublished\":\"2024-05-13T07:02:54+00:00\",\"dateModified\":\"2024-05-22T08:26:39+00:00\",\"author\":{\"@id\":\"https:\/\/fomentmolins.cat\/es\/#\/schema\/person\/366c9ce6887138b6a210c9fea54807bd\"},\"breadcrumb\":{\"@id\":\"https:\/\/fomentmolins.cat\/es\/un-dia-para-enmarcar-en-el-teatre-foment-con-el-inicio-del-rodaje-de-debut\/#breadcrumb\"},\"inLanguage\":\"es\",\"potentialAction\":[{\"@type\":\"ReadAction\",\"target\":[\"https:\/\/fomentmolins.cat\/es\/un-dia-para-enmarcar-en-el-teatre-foment-con-el-inicio-del-rodaje-de-debut\/\"]}]},{\"@type\":\"ImageObject\",\"inLanguage\":\"es\",\"@id\":\"https:\/\/fomentmolins.cat\/es\/un-dia-para-enmarcar-en-el-teatre-foment-con-el-inicio-del-rodaje-de-debut\/#primaryimage\",\"url\":\"https:\/\/fomentmolins.cat\/wp-content\/uploads\/2024\/05\/441075364_837390418412417_2198850828427388022_n.jpg\",\"contentUrl\":\"https:\/\/fomentmolins.cat\/wp-content\/uploads\/2024\/05\/441075364_837390418412417_2198850828427388022_n.jpg\",\"width\":1530,\"height\":894,\"caption\":\"Este 13 de mayo, el Teatre Foment se convirti\u00f3 en un aut\u00e9ntico plat\u00f3 de cine con el inicio del rodaje de la pel\u00edcula \u00abDEBUT\u00bb. Esta producci\u00f3n es el proyecto final de los alumnos del \u00faltimo curso de la Escuela Plat\u00f3 de Cine e Interpretaci\u00f3n de Hospitalet de Llobregat.\"},{\"@type\":\"BreadcrumbList\",\"@id\":\"https:\/\/fomentmolins.cat\/es\/un-dia-para-enmarcar-en-el-teatre-foment-con-el-inicio-del-rodaje-de-debut\/#breadcrumb\",\"itemListElement\":[{\"@type\":\"ListItem\",\"position\":1,\"name\":\"Portada\",\"item\":\"https:\/\/fomentmolins.cat\/es\/\"},{\"@type\":\"ListItem\",\"position\":2,\"name\":\"Un d\u00eda para enmarcar en el Teatre Foment con el inicio del rodaje de \u00abDEBUT\u00bb\"}]},{\"@type\":\"WebSite\",\"@id\":\"https:\/\/fomentmolins.cat\/es\/#website\",\"url\":\"https:\/\/fomentmolins.cat\/es\/\",\"name\":\"Foment Molins Cultural\",\"description\":\"\",\"potentialAction\":[{\"@type\":\"SearchAction\",\"target\":{\"@type\":\"EntryPoint\",\"urlTemplate\":\"https:\/\/fomentmolins.cat\/es\/?s={search_term_string}\"},\"query-input\":{\"@type\":\"PropertyValueSpecification\",\"valueRequired\":true,\"valueName\":\"search_term_string\"}}],\"inLanguage\":\"es\"},{\"@type\":\"Person\",\"@id\":\"https:\/\/fomentmolins.cat\/es\/#\/schema\/person\/366c9ce6887138b6a210c9fea54807bd\",\"name\":\"Foment Molins Cultural\",\"image\":{\"@type\":\"ImageObject\",\"inLanguage\":\"es\",\"@id\":\"https:\/\/secure.gravatar.com\/avatar\/688d89467ed947940f11c807b0e20b64f0ff4f530c1edd96b48232ce24094ac4?s=96&d=mm&r=g\",\"url\":\"https:\/\/secure.gravatar.com\/avatar\/688d89467ed947940f11c807b0e20b64f0ff4f530c1edd96b48232ce24094ac4?s=96&d=mm&r=g\",\"contentUrl\":\"https:\/\/secure.gravatar.com\/avatar\/688d89467ed947940f11c807b0e20b64f0ff4f530c1edd96b48232ce24094ac4?s=96&d=mm&r=g\",\"caption\":\"Foment Molins Cultural\"},\"url\":\"https:\/\/fomentmolins.cat\/es\/author\/fomentmolins\/\"}]}<\/script>\n<!-- \/ Yoast SEO plugin. -->","yoast_head_json":{"title":"Un d\u00eda para enmarcar en el Teatre Foment con el inicio del rodaje de \"DEBUT\" - Foment Molins Cultural","robots":{"index":"index","follow":"follow","max-snippet":"max-snippet:-1","max-image-preview":"max-image-preview:large","max-video-preview":"max-video-preview:-1"},"canonical":"https:\/\/fomentmolins.cat\/es\/un-dia-para-enmarcar-en-el-teatre-foment-con-el-inicio-del-rodaje-de-debut\/","og_locale":"es_ES","og_type":"article","og_title":"Un d\u00eda para enmarcar en el Teatre Foment con el inicio del rodaje de \"DEBUT\" - Foment Molins Cultural","og_description":"El Teatro Foment se convirti\u00f3 en un aut\u00e9ntico plat\u00f3 de cine con el inicio del rodaje de la pel\u00edcula \"DEBUT\"","og_url":"https:\/\/fomentmolins.cat\/es\/un-dia-para-enmarcar-en-el-teatre-foment-con-el-inicio-del-rodaje-de-debut\/","og_site_name":"Foment Molins Cultural","article_published_time":"2024-05-13T07:02:54+00:00","article_modified_time":"2024-05-22T08:26:39+00:00","og_image":[{"width":1530,"height":894,"url":"https:\/\/fomentmolins.cat\/wp-content\/uploads\/2024\/05\/441075364_837390418412417_2198850828427388022_n.jpg","type":"image\/jpeg"}],"author":"Foment Molins Cultural","twitter_card":"summary_large_image","twitter_misc":{"Escrito por":"Foment Molins Cultural","Tiempo de lectura":"1 minuto"},"schema":{"@context":"https:\/\/schema.org","@graph":[{"@type":"Article","@id":"https:\/\/fomentmolins.cat\/es\/un-dia-para-enmarcar-en-el-teatre-foment-con-el-inicio-del-rodaje-de-debut\/#article","isPartOf":{"@id":"https:\/\/fomentmolins.cat\/es\/un-dia-para-enmarcar-en-el-teatre-foment-con-el-inicio-del-rodaje-de-debut\/"},"author":{"name":"Foment Molins Cultural","@id":"https:\/\/fomentmolins.cat\/es\/#\/schema\/person\/366c9ce6887138b6a210c9fea54807bd"},"headline":"Un d\u00eda para enmarcar en el Teatre Foment con el inicio del rodaje de \u00abDEBUT\u00bb","datePublished":"2024-05-13T07:02:54+00:00","dateModified":"2024-05-22T08:26:39+00:00","mainEntityOfPage":{"@id":"https:\/\/fomentmolins.cat\/es\/un-dia-para-enmarcar-en-el-teatre-foment-con-el-inicio-del-rodaje-de-debut\/"},"wordCount":247,"commentCount":0,"image":{"@id":"https:\/\/fomentmolins.cat\/es\/un-dia-para-enmarcar-en-el-teatre-foment-con-el-inicio-del-rodaje-de-debut\/#primaryimage"},"thumbnailUrl":"https:\/\/fomentmolins.cat\/wp-content\/uploads\/2024\/05\/441075364_837390418412417_2198850828427388022_n.jpg","articleSection":["D\u00eda a d\u00eda"],"inLanguage":"es","potentialAction":[{"@type":"CommentAction","name":"Comment","target":["https:\/\/fomentmolins.cat\/es\/un-dia-para-enmarcar-en-el-teatre-foment-con-el-inicio-del-rodaje-de-debut\/#respond"]}]},{"@type":"WebPage","@id":"https:\/\/fomentmolins.cat\/es\/un-dia-para-enmarcar-en-el-teatre-foment-con-el-inicio-del-rodaje-de-debut\/","url":"https:\/\/fomentmolins.cat\/es\/un-dia-para-enmarcar-en-el-teatre-foment-con-el-inicio-del-rodaje-de-debut\/","name":"Un d\u00eda para enmarcar en el Teatre Foment con el inicio del rodaje de \"DEBUT\" - Foment Molins Cultural","isPartOf":{"@id":"https:\/\/fomentmolins.cat\/es\/#website"},"primaryImageOfPage":{"@id":"https:\/\/fomentmolins.cat\/es\/un-dia-para-enmarcar-en-el-teatre-foment-con-el-inicio-del-rodaje-de-debut\/#primaryimage"},"image":{"@id":"https:\/\/fomentmolins.cat\/es\/un-dia-para-enmarcar-en-el-teatre-foment-con-el-inicio-del-rodaje-de-debut\/#primaryimage"},"thumbnailUrl":"https:\/\/fomentmolins.cat\/wp-content\/uploads\/2024\/05\/441075364_837390418412417_2198850828427388022_n.jpg","datePublished":"2024-05-13T07:02:54+00:00","dateModified":"2024-05-22T08:26:39+00:00","author":{"@id":"https:\/\/fomentmolins.cat\/es\/#\/schema\/person\/366c9ce6887138b6a210c9fea54807bd"},"breadcrumb":{"@id":"https:\/\/fomentmolins.cat\/es\/un-dia-para-enmarcar-en-el-teatre-foment-con-el-inicio-del-rodaje-de-debut\/#breadcrumb"},"inLanguage":"es","potentialAction":[{"@type":"ReadAction","target":["https:\/\/fomentmolins.cat\/es\/un-dia-para-enmarcar-en-el-teatre-foment-con-el-inicio-del-rodaje-de-debut\/"]}]},{"@type":"ImageObject","inLanguage":"es","@id":"https:\/\/fomentmolins.cat\/es\/un-dia-para-enmarcar-en-el-teatre-foment-con-el-inicio-del-rodaje-de-debut\/#primaryimage","url":"https:\/\/fomentmolins.cat\/wp-content\/uploads\/2024\/05\/441075364_837390418412417_2198850828427388022_n.jpg","contentUrl":"https:\/\/fomentmolins.cat\/wp-content\/uploads\/2024\/05\/441075364_837390418412417_2198850828427388022_n.jpg","width":1530,"height":894,"caption":"Este 13 de mayo, el Teatre Foment se convirti\u00f3 en un aut\u00e9ntico plat\u00f3 de cine con el inicio del rodaje de la pel\u00edcula \u00abDEBUT\u00bb. Esta producci\u00f3n es el proyecto final de los alumnos del \u00faltimo curso de la Escuela Plat\u00f3 de Cine e Interpretaci\u00f3n de Hospitalet de Llobregat."},{"@type":"BreadcrumbList","@id":"https:\/\/fomentmolins.cat\/es\/un-dia-para-enmarcar-en-el-teatre-foment-con-el-inicio-del-rodaje-de-debut\/#breadcrumb","itemListElement":[{"@type":"ListItem","position":1,"name":"Portada","item":"https:\/\/fomentmolins.cat\/es\/"},{"@type":"ListItem","position":2,"name":"Un d\u00eda para enmarcar en el Teatre Foment con el inicio del rodaje de \u00abDEBUT\u00bb"}]},{"@type":"WebSite","@id":"https:\/\/fomentmolins.cat\/es\/#website","url":"https:\/\/fomentmolins.cat\/es\/","name":"Foment Molins Cultural","description":"","potentialAction":[{"@type":"SearchAction","target":{"@type":"EntryPoint","urlTemplate":"https:\/\/fomentmolins.cat\/es\/?s={search_term_string}"},"query-input":{"@type":"PropertyValueSpecification","valueRequired":true,"valueName":"search_term_string"}}],"inLanguage":"es"},{"@type":"Person","@id":"https:\/\/fomentmolins.cat\/es\/#\/schema\/person\/366c9ce6887138b6a210c9fea54807bd","name":"Foment Molins Cultural","image":{"@type":"ImageObject","inLanguage":"es","@id":"https:\/\/secure.gravatar.com\/avatar\/688d89467ed947940f11c807b0e20b64f0ff4f530c1edd96b48232ce24094ac4?s=96&d=mm&r=g","url":"https:\/\/secure.gravatar.com\/avatar\/688d89467ed947940f11c807b0e20b64f0ff4f530c1edd96b48232ce24094ac4?s=96&d=mm&r=g","contentUrl":"https:\/\/secure.gravatar.com\/avatar\/688d89467ed947940f11c807b0e20b64f0ff4f530c1edd96b48232ce24094ac4?s=96&d=mm&r=g","caption":"Foment Molins Cultural"},"url":"https:\/\/fomentmolins.cat\/es\/author\/fomentmolins\/"}]}},"_links":{"self":[{"href":"https:\/\/fomentmolins.cat\/es\/wp-json\/wp\/v2\/posts\/2262","targetHints":{"allow":["GET"]}}],"collection":[{"href":"https:\/\/fomentmolins.cat\/es\/wp-json\/wp\/v2\/posts"}],"about":[{"href":"https:\/\/fomentmolins.cat\/es\/wp-json\/wp\/v2\/types\/post"}],"author":[{"embeddable":true,"href":"https:\/\/fomentmolins.cat\/es\/wp-json\/wp\/v2\/users\/5"}],"replies":[{"embeddable":true,"href":"https:\/\/fomentmolins.cat\/es\/wp-json\/wp\/v2\/comments?post=2262"}],"version-history":[{"count":3,"href":"https:\/\/fomentmolins.cat\/es\/wp-json\/wp\/v2\/posts\/2262\/revisions"}],"predecessor-version":[{"id":2265,"href":"https:\/\/fomentmolins.cat\/es\/wp-json\/wp\/v2\/posts\/2262\/revisions\/2265"}],"wp:featuredmedia":[{"embeddable":true,"href":"https:\/\/fomentmolins.cat\/es\/wp-json\/wp\/v2\/media\/2249"}],"wp:attachment":[{"href":"https:\/\/fomentmolins.cat\/es\/wp-json\/wp\/v2\/media?parent=2262"}],"wp:term":[{"taxonomy":"category","embeddable":true,"href":"https:\/\/fomentmolins.cat\/es\/wp-json\/wp\/v2\/categories?post=2262"},{"taxonomy":"post_tag","embeddable":true,"href":"https:\/\/fomentmolins.cat\/es\/wp-json\/wp\/v2\/tags?post=2262"}],"curies":[{"name":"wp","href":"https:\/\/api.w.org\/{rel}","templated":true}]}}