{"id":2402,"date":"2024-08-22T18:13:27","date_gmt":"2024-08-22T16:13:27","guid":{"rendered":"https:\/\/fomentmolins.cat\/?p=2402"},"modified":"2024-08-29T18:24:36","modified_gmt":"2024-08-29T16:24:36","slug":"visita-institucional-a-les-obres-del-foment","status":"publish","type":"post","link":"https:\/\/fomentmolins.cat\/es\/visita-institucional-a-les-obres-del-foment\/","title":{"rendered":"Visita institucional a las obras del Foment"},"content":{"rendered":"\n<p>El pasado 20 de agosto, el Teatro Foment recibi\u00f3 la visita institucional del alcalde de Molins de Rei, Sr. Xavi Paz, y la regidora de cultura, Ainoa Garcia. Esta visita se centr\u00f3 en las obras en curso que se est\u00e1n realizando en el Foment, poniendo especial \u00e9nfasis en las mejoras en seguridad y prevenci\u00f3n de incendios, as\u00ed como en la reforma integral de la zona de vestuarios.<\/p>\n\n\n\n<p>Durante el recorrido, las autoridades pudieron observar de primera mano las acciones encaminadas a modernizar las instalaciones, asegurando que se cumplen los m\u00e1s altos est\u00e1ndares de seguridad para todos los usuarios del teatro. El alcalde y la regidora manifestaron su inter\u00e9s y apoyo a estas intervenciones, reconociendo su importancia esencial para garantizar un entorno seguro y eficiente para eventos culturales y actividades comunitarias. <\/p>\n\n\n\n<p>Las mejoras en prevenci\u00f3n de incendios son un componente crucial de este proyecto, asegurando que las instalaciones puedan ofrecer un espacio protegido y preparado para cualquier eventualidad. Adem\u00e1s, la renovaci\u00f3n de los vestuarios no solo representa una actualizaci\u00f3n est\u00e9tica, sino tambi\u00e9n una mejora en funcionalidad y accesibilidad para todos los participantes de nuestros eventos.<\/p>\n\n\n\n<p>El apoyo continuado del Ayuntamiento es fundamental para llevar a cabo estas mejoras y avanzar en nuestro compromiso de proporcionar un entorno seguro y moderno para todos. Agradecemos profundamente la dedicaci\u00f3n y el inter\u00e9s del Sr. Xavi Paz y la Sra. Ainoa Garcia, que con su visita han reafirmado el compromiso institucional con el desarrollo cultural y social de Molins de Rei. <\/p>\n\n\n\n<p>Con estas actuaciones, el Foment de Molins se prepara para una nueva etapa con instalaciones que responden a las exigencias actuales, asegurando la continuidad y la calidad de los servicios ofrecidos. Continuaremos informando de la evoluci\u00f3n de estas obras y esperamos con ilusi\u00f3n su finalizaci\u00f3n para ofrecer unos espacios renovados a nuestra comunidad.<\/p>\n\n\n\n<figure class=\"wp-block-gallery has-nested-images columns-default is-cropped wp-block-gallery-1 is-layout-flex wp-block-gallery-is-layout-flex\">\n<figure class=\"wp-block-image size-large\"><img loading=\"lazy\" decoding=\"async\" width=\"1024\" height=\"768\" data-id=\"2408\" src=\"https:\/\/fomentmolins.cat\/wp-content\/uploads\/2024\/08\/Foment-Molins-1-1024x768.jpg\" alt=\"\" class=\"wp-image-2408\" srcset=\"https:\/\/fomentmolins.cat\/wp-content\/uploads\/2024\/08\/Foment-Molins-1-1024x768.jpg 1024w, https:\/\/fomentmolins.cat\/wp-content\/uploads\/2024\/08\/Foment-Molins-1-300x225.jpg 300w, https:\/\/fomentmolins.cat\/wp-content\/uploads\/2024\/08\/Foment-Molins-1-768x576.jpg 768w, https:\/\/fomentmolins.cat\/wp-content\/uploads\/2024\/08\/Foment-Molins-1-1536x1152.jpg 1536w, https:\/\/fomentmolins.cat\/wp-content\/uploads\/2024\/08\/Foment-Molins-1.jpg 2048w\" sizes=\"auto, (max-width: 1024px) 100vw, 1024px\" \/><\/figure>\n\n\n\n<figure class=\"wp-block-image size-large\"><img loading=\"lazy\" decoding=\"async\" width=\"1024\" height=\"768\" data-id=\"2412\" src=\"https:\/\/fomentmolins.cat\/wp-content\/uploads\/2024\/08\/Foment-Molins-2-1024x768.jpg\" alt=\"\" class=\"wp-image-2412\" srcset=\"https:\/\/fomentmolins.cat\/wp-content\/uploads\/2024\/08\/Foment-Molins-2-1024x768.jpg 1024w, https:\/\/fomentmolins.cat\/wp-content\/uploads\/2024\/08\/Foment-Molins-2-300x225.jpg 300w, https:\/\/fomentmolins.cat\/wp-content\/uploads\/2024\/08\/Foment-Molins-2-768x576.jpg 768w, https:\/\/fomentmolins.cat\/wp-content\/uploads\/2024\/08\/Foment-Molins-2-1536x1152.jpg 1536w, https:\/\/fomentmolins.cat\/wp-content\/uploads\/2024\/08\/Foment-Molins-2.jpg 2048w\" sizes=\"auto, (max-width: 1024px) 100vw, 1024px\" \/><\/figure>\n\n\n\n<figure class=\"wp-block-image size-large\"><img loading=\"lazy\" decoding=\"async\" width=\"1024\" height=\"768\" data-id=\"2403\" src=\"https:\/\/fomentmolins.cat\/wp-content\/uploads\/2024\/08\/Foment-Molins-3-1024x768.jpg\" alt=\"\" class=\"wp-image-2403\" srcset=\"https:\/\/fomentmolins.cat\/wp-content\/uploads\/2024\/08\/Foment-Molins-3-1024x768.jpg 1024w, https:\/\/fomentmolins.cat\/wp-content\/uploads\/2024\/08\/Foment-Molins-3-300x225.jpg 300w, https:\/\/fomentmolins.cat\/wp-content\/uploads\/2024\/08\/Foment-Molins-3-768x576.jpg 768w, https:\/\/fomentmolins.cat\/wp-content\/uploads\/2024\/08\/Foment-Molins-3-1536x1152.jpg 1536w, https:\/\/fomentmolins.cat\/wp-content\/uploads\/2024\/08\/Foment-Molins-3.jpg 2048w\" sizes=\"auto, (max-width: 1024px) 100vw, 1024px\" \/><\/figure>\n\n\n\n<figure class=\"wp-block-image size-large\"><img loading=\"lazy\" decoding=\"async\" width=\"1024\" height=\"768\" data-id=\"2416\" src=\"https:\/\/fomentmolins.cat\/wp-content\/uploads\/2024\/08\/Foment-Molins-4-1024x768.jpg\" alt=\"\" class=\"wp-image-2416\" srcset=\"https:\/\/fomentmolins.cat\/wp-content\/uploads\/2024\/08\/Foment-Molins-4-1024x768.jpg 1024w, https:\/\/fomentmolins.cat\/wp-content\/uploads\/2024\/08\/Foment-Molins-4-300x225.jpg 300w, https:\/\/fomentmolins.cat\/wp-content\/uploads\/2024\/08\/Foment-Molins-4-768x576.jpg 768w, https:\/\/fomentmolins.cat\/wp-content\/uploads\/2024\/08\/Foment-Molins-4-1536x1152.jpg 1536w, https:\/\/fomentmolins.cat\/wp-content\/uploads\/2024\/08\/Foment-Molins-4.jpg 2048w\" sizes=\"auto, (max-width: 1024px) 100vw, 1024px\" \/><\/figure>\n\n\n\n<figure class=\"wp-block-image size-large\"><img loading=\"lazy\" decoding=\"async\" width=\"1024\" height=\"768\" data-id=\"2410\" src=\"https:\/\/fomentmolins.cat\/wp-content\/uploads\/2024\/08\/Foment-Molins-5-1024x768.jpg\" alt=\"\" class=\"wp-image-2410\" srcset=\"https:\/\/fomentmolins.cat\/wp-content\/uploads\/2024\/08\/Foment-Molins-5-1024x768.jpg 1024w, https:\/\/fomentmolins.cat\/wp-content\/uploads\/2024\/08\/Foment-Molins-5-300x225.jpg 300w, https:\/\/fomentmolins.cat\/wp-content\/uploads\/2024\/08\/Foment-Molins-5-768x576.jpg 768w, https:\/\/fomentmolins.cat\/wp-content\/uploads\/2024\/08\/Foment-Molins-5-1536x1152.jpg 1536w, https:\/\/fomentmolins.cat\/wp-content\/uploads\/2024\/08\/Foment-Molins-5.jpg 2048w\" sizes=\"auto, (max-width: 1024px) 100vw, 1024px\" \/><\/figure>\n\n\n\n<figure class=\"wp-block-image size-large\"><img loading=\"lazy\" decoding=\"async\" width=\"1024\" height=\"768\" data-id=\"2406\" src=\"https:\/\/fomentmolins.cat\/wp-content\/uploads\/2024\/08\/Foment-Molins-6-1024x768.jpg\" alt=\"\" class=\"wp-image-2406\" srcset=\"https:\/\/fomentmolins.cat\/wp-content\/uploads\/2024\/08\/Foment-Molins-6-1024x768.jpg 1024w, https:\/\/fomentmolins.cat\/wp-content\/uploads\/2024\/08\/Foment-Molins-6-300x225.jpg 300w, https:\/\/fomentmolins.cat\/wp-content\/uploads\/2024\/08\/Foment-Molins-6-768x576.jpg 768w, https:\/\/fomentmolins.cat\/wp-content\/uploads\/2024\/08\/Foment-Molins-6-1536x1152.jpg 1536w, https:\/\/fomentmolins.cat\/wp-content\/uploads\/2024\/08\/Foment-Molins-6.jpg 2048w\" sizes=\"auto, (max-width: 1024px) 100vw, 1024px\" \/><\/figure>\n\n\n\n<figure class=\"wp-block-image size-large\"><img loading=\"lazy\" decoding=\"async\" width=\"1024\" height=\"768\" data-id=\"2405\" src=\"https:\/\/fomentmolins.cat\/wp-content\/uploads\/2024\/08\/Foment-Molins-7-1024x768.jpg\" alt=\"\" class=\"wp-image-2405\" srcset=\"https:\/\/fomentmolins.cat\/wp-content\/uploads\/2024\/08\/Foment-Molins-7-1024x768.jpg 1024w, https:\/\/fomentmolins.cat\/wp-content\/uploads\/2024\/08\/Foment-Molins-7-300x225.jpg 300w, https:\/\/fomentmolins.cat\/wp-content\/uploads\/2024\/08\/Foment-Molins-7-768x576.jpg 768w, https:\/\/fomentmolins.cat\/wp-content\/uploads\/2024\/08\/Foment-Molins-7-1536x1152.jpg 1536w, https:\/\/fomentmolins.cat\/wp-content\/uploads\/2024\/08\/Foment-Molins-7.jpg 2048w\" sizes=\"auto, (max-width: 1024px) 100vw, 1024px\" \/><\/figure>\n\n\n\n<figure class=\"wp-block-image size-large\"><img loading=\"lazy\" decoding=\"async\" width=\"1024\" height=\"768\" data-id=\"2414\" src=\"https:\/\/fomentmolins.cat\/wp-content\/uploads\/2024\/08\/Foment-Molins-8-1024x768.jpg\" alt=\"\" class=\"wp-image-2414\" srcset=\"https:\/\/fomentmolins.cat\/wp-content\/uploads\/2024\/08\/Foment-Molins-8-1024x768.jpg 1024w, https:\/\/fomentmolins.cat\/wp-content\/uploads\/2024\/08\/Foment-Molins-8-300x225.jpg 300w, https:\/\/fomentmolins.cat\/wp-content\/uploads\/2024\/08\/Foment-Molins-8-768x576.jpg 768w, https:\/\/fomentmolins.cat\/wp-content\/uploads\/2024\/08\/Foment-Molins-8-1536x1152.jpg 1536w, https:\/\/fomentmolins.cat\/wp-content\/uploads\/2024\/08\/Foment-Molins-8.jpg 2048w\" sizes=\"auto, (max-width: 1024px) 100vw, 1024px\" \/><\/figure>\n\n\n\n<figure class=\"wp-block-image size-large\"><img loading=\"lazy\" decoding=\"async\" width=\"1024\" height=\"768\" data-id=\"2418\" src=\"https:\/\/fomentmolins.cat\/wp-content\/uploads\/2024\/08\/Foment-Molins-9-1024x768.jpg\" alt=\"\" class=\"wp-image-2418\" srcset=\"https:\/\/fomentmolins.cat\/wp-content\/uploads\/2024\/08\/Foment-Molins-9-1024x768.jpg 1024w, https:\/\/fomentmolins.cat\/wp-content\/uploads\/2024\/08\/Foment-Molins-9-300x225.jpg 300w, https:\/\/fomentmolins.cat\/wp-content\/uploads\/2024\/08\/Foment-Molins-9-768x576.jpg 768w, https:\/\/fomentmolins.cat\/wp-content\/uploads\/2024\/08\/Foment-Molins-9-1536x1152.jpg 1536w, https:\/\/fomentmolins.cat\/wp-content\/uploads\/2024\/08\/Foment-Molins-9.jpg 2048w\" sizes=\"auto, (max-width: 1024px) 100vw, 1024px\" \/><\/figure>\n<\/figure>\n","protected":false},"excerpt":{"rendered":"<p>El pasado 20 de agosto, el Teatro Foment recibi\u00f3 la visita institucional del alcalde de Molins de Rei, Sr. Xavi Paz, y la regidora de cultura, Ainoa Garcia<\/p>\n","protected":false},"author":5,"featured_media":2408,"comment_status":"open","ping_status":"closed","sticky":false,"template":"","format":"standard","meta":{"inline_featured_image":false,"footnotes":""},"categories":[91],"tags":[],"class_list":["post-2402","post","type-post","status-publish","format-standard","has-post-thumbnail","hentry","category-dia-a-dia-es"],"yoast_head":"<!-- This site is optimized with the Yoast SEO plugin v27.2 - https:\/\/yoast.com\/product\/yoast-seo-wordpress\/ -->\n<title>Visita institucional a las obras del Foment - Foment Molins Cultural<\/title>\n<meta name=\"description\" content=\"Visita institucional a les obres del Foment\" \/>\n<meta name=\"robots\" content=\"index, follow, max-snippet:-1, max-image-preview:large, max-video-preview:-1\" \/>\n<link rel=\"canonical\" href=\"https:\/\/fomentmolins.cat\/es\/visita-institucional-a-les-obres-del-foment\/\" \/>\n<meta property=\"og:locale\" content=\"es_ES\" \/>\n<meta property=\"og:type\" content=\"article\" \/>\n<meta property=\"og:title\" content=\"Visita institucional a las obras del Foment - Foment Molins Cultural\" \/>\n<meta property=\"og:description\" content=\"Visita institucional a les obres del Foment\" \/>\n<meta property=\"og:url\" content=\"https:\/\/fomentmolins.cat\/es\/visita-institucional-a-les-obres-del-foment\/\" \/>\n<meta property=\"og:site_name\" content=\"Foment Molins Cultural\" \/>\n<meta property=\"article:published_time\" content=\"2024-08-22T16:13:27+00:00\" \/>\n<meta property=\"article:modified_time\" content=\"2024-08-29T16:24:36+00:00\" \/>\n<meta property=\"og:image\" content=\"https:\/\/fomentmolins.cat\/wp-content\/uploads\/2024\/08\/Foment-Molins-1.jpg\" \/>\n\t<meta property=\"og:image:width\" content=\"2048\" \/>\n\t<meta property=\"og:image:height\" content=\"1536\" \/>\n\t<meta property=\"og:image:type\" content=\"image\/jpeg\" \/>\n<meta name=\"author\" content=\"Foment Molins Cultural\" \/>\n<meta name=\"twitter:card\" content=\"summary_large_image\" \/>\n<meta name=\"twitter:label1\" content=\"Escrito por\" \/>\n\t<meta name=\"twitter:data1\" content=\"Foment Molins Cultural\" \/>\n\t<meta name=\"twitter:label2\" content=\"Tiempo de lectura\" \/>\n\t<meta name=\"twitter:data2\" content=\"4 minutos\" \/>\n<script type=\"application\/ld+json\" class=\"yoast-schema-graph\">{\"@context\":\"https:\/\/schema.org\",\"@graph\":[{\"@type\":\"Article\",\"@id\":\"https:\/\/fomentmolins.cat\/es\/visita-institucional-a-les-obres-del-foment\/#article\",\"isPartOf\":{\"@id\":\"https:\/\/fomentmolins.cat\/es\/visita-institucional-a-les-obres-del-foment\/\"},\"author\":{\"name\":\"Foment Molins Cultural\",\"@id\":\"https:\/\/fomentmolins.cat\/es\/#\/schema\/person\/366c9ce6887138b6a210c9fea54807bd\"},\"headline\":\"Visita institucional a las obras del Foment\",\"datePublished\":\"2024-08-22T16:13:27+00:00\",\"dateModified\":\"2024-08-29T16:24:36+00:00\",\"mainEntityOfPage\":{\"@id\":\"https:\/\/fomentmolins.cat\/es\/visita-institucional-a-les-obres-del-foment\/\"},\"wordCount\":321,\"commentCount\":0,\"image\":{\"@id\":\"https:\/\/fomentmolins.cat\/es\/visita-institucional-a-les-obres-del-foment\/#primaryimage\"},\"thumbnailUrl\":\"https:\/\/fomentmolins.cat\/wp-content\/uploads\/2024\/08\/Foment-Molins-1.jpg\",\"articleSection\":[\"D\u00eda a d\u00eda\"],\"inLanguage\":\"es\",\"potentialAction\":[{\"@type\":\"CommentAction\",\"name\":\"Comment\",\"target\":[\"https:\/\/fomentmolins.cat\/es\/visita-institucional-a-les-obres-del-foment\/#respond\"]}]},{\"@type\":\"WebPage\",\"@id\":\"https:\/\/fomentmolins.cat\/es\/visita-institucional-a-les-obres-del-foment\/\",\"url\":\"https:\/\/fomentmolins.cat\/es\/visita-institucional-a-les-obres-del-foment\/\",\"name\":\"Visita institucional a las obras del Foment - Foment Molins Cultural\",\"isPartOf\":{\"@id\":\"https:\/\/fomentmolins.cat\/es\/#website\"},\"primaryImageOfPage\":{\"@id\":\"https:\/\/fomentmolins.cat\/es\/visita-institucional-a-les-obres-del-foment\/#primaryimage\"},\"image\":{\"@id\":\"https:\/\/fomentmolins.cat\/es\/visita-institucional-a-les-obres-del-foment\/#primaryimage\"},\"thumbnailUrl\":\"https:\/\/fomentmolins.cat\/wp-content\/uploads\/2024\/08\/Foment-Molins-1.jpg\",\"datePublished\":\"2024-08-22T16:13:27+00:00\",\"dateModified\":\"2024-08-29T16:24:36+00:00\",\"author\":{\"@id\":\"https:\/\/fomentmolins.cat\/es\/#\/schema\/person\/366c9ce6887138b6a210c9fea54807bd\"},\"description\":\"Visita institucional a les obres del Foment\",\"breadcrumb\":{\"@id\":\"https:\/\/fomentmolins.cat\/es\/visita-institucional-a-les-obres-del-foment\/#breadcrumb\"},\"inLanguage\":\"es\",\"potentialAction\":[{\"@type\":\"ReadAction\",\"target\":[\"https:\/\/fomentmolins.cat\/es\/visita-institucional-a-les-obres-del-foment\/\"]}]},{\"@type\":\"ImageObject\",\"inLanguage\":\"es\",\"@id\":\"https:\/\/fomentmolins.cat\/es\/visita-institucional-a-les-obres-del-foment\/#primaryimage\",\"url\":\"https:\/\/fomentmolins.cat\/wp-content\/uploads\/2024\/08\/Foment-Molins-1.jpg\",\"contentUrl\":\"https:\/\/fomentmolins.cat\/wp-content\/uploads\/2024\/08\/Foment-Molins-1.jpg\",\"width\":2048,\"height\":1536},{\"@type\":\"BreadcrumbList\",\"@id\":\"https:\/\/fomentmolins.cat\/es\/visita-institucional-a-les-obres-del-foment\/#breadcrumb\",\"itemListElement\":[{\"@type\":\"ListItem\",\"position\":1,\"name\":\"Portada\",\"item\":\"https:\/\/fomentmolins.cat\/es\/\"},{\"@type\":\"ListItem\",\"position\":2,\"name\":\"Visita institucional a las obras del Foment\"}]},{\"@type\":\"WebSite\",\"@id\":\"https:\/\/fomentmolins.cat\/es\/#website\",\"url\":\"https:\/\/fomentmolins.cat\/es\/\",\"name\":\"Foment Molins Cultural\",\"description\":\"\",\"potentialAction\":[{\"@type\":\"SearchAction\",\"target\":{\"@type\":\"EntryPoint\",\"urlTemplate\":\"https:\/\/fomentmolins.cat\/es\/?s={search_term_string}\"},\"query-input\":{\"@type\":\"PropertyValueSpecification\",\"valueRequired\":true,\"valueName\":\"search_term_string\"}}],\"inLanguage\":\"es\"},{\"@type\":\"Person\",\"@id\":\"https:\/\/fomentmolins.cat\/es\/#\/schema\/person\/366c9ce6887138b6a210c9fea54807bd\",\"name\":\"Foment Molins Cultural\",\"image\":{\"@type\":\"ImageObject\",\"inLanguage\":\"es\",\"@id\":\"https:\/\/secure.gravatar.com\/avatar\/688d89467ed947940f11c807b0e20b64f0ff4f530c1edd96b48232ce24094ac4?s=96&d=mm&r=g\",\"url\":\"https:\/\/secure.gravatar.com\/avatar\/688d89467ed947940f11c807b0e20b64f0ff4f530c1edd96b48232ce24094ac4?s=96&d=mm&r=g\",\"contentUrl\":\"https:\/\/secure.gravatar.com\/avatar\/688d89467ed947940f11c807b0e20b64f0ff4f530c1edd96b48232ce24094ac4?s=96&d=mm&r=g\",\"caption\":\"Foment Molins Cultural\"},\"url\":\"https:\/\/fomentmolins.cat\/es\/author\/fomentmolins\/\"}]}<\/script>\n<!-- \/ Yoast SEO plugin. -->","yoast_head_json":{"title":"Visita institucional a las obras del Foment - Foment Molins Cultural","description":"Visita institucional a les obres del Foment","robots":{"index":"index","follow":"follow","max-snippet":"max-snippet:-1","max-image-preview":"max-image-preview:large","max-video-preview":"max-video-preview:-1"},"canonical":"https:\/\/fomentmolins.cat\/es\/visita-institucional-a-les-obres-del-foment\/","og_locale":"es_ES","og_type":"article","og_title":"Visita institucional a las obras del Foment - Foment Molins Cultural","og_description":"Visita institucional a les obres del Foment","og_url":"https:\/\/fomentmolins.cat\/es\/visita-institucional-a-les-obres-del-foment\/","og_site_name":"Foment Molins Cultural","article_published_time":"2024-08-22T16:13:27+00:00","article_modified_time":"2024-08-29T16:24:36+00:00","og_image":[{"width":2048,"height":1536,"url":"https:\/\/fomentmolins.cat\/wp-content\/uploads\/2024\/08\/Foment-Molins-1.jpg","type":"image\/jpeg"}],"author":"Foment Molins Cultural","twitter_card":"summary_large_image","twitter_misc":{"Escrito por":"Foment Molins Cultural","Tiempo de lectura":"4 minutos"},"schema":{"@context":"https:\/\/schema.org","@graph":[{"@type":"Article","@id":"https:\/\/fomentmolins.cat\/es\/visita-institucional-a-les-obres-del-foment\/#article","isPartOf":{"@id":"https:\/\/fomentmolins.cat\/es\/visita-institucional-a-les-obres-del-foment\/"},"author":{"name":"Foment Molins Cultural","@id":"https:\/\/fomentmolins.cat\/es\/#\/schema\/person\/366c9ce6887138b6a210c9fea54807bd"},"headline":"Visita institucional a las obras del Foment","datePublished":"2024-08-22T16:13:27+00:00","dateModified":"2024-08-29T16:24:36+00:00","mainEntityOfPage":{"@id":"https:\/\/fomentmolins.cat\/es\/visita-institucional-a-les-obres-del-foment\/"},"wordCount":321,"commentCount":0,"image":{"@id":"https:\/\/fomentmolins.cat\/es\/visita-institucional-a-les-obres-del-foment\/#primaryimage"},"thumbnailUrl":"https:\/\/fomentmolins.cat\/wp-content\/uploads\/2024\/08\/Foment-Molins-1.jpg","articleSection":["D\u00eda a d\u00eda"],"inLanguage":"es","potentialAction":[{"@type":"CommentAction","name":"Comment","target":["https:\/\/fomentmolins.cat\/es\/visita-institucional-a-les-obres-del-foment\/#respond"]}]},{"@type":"WebPage","@id":"https:\/\/fomentmolins.cat\/es\/visita-institucional-a-les-obres-del-foment\/","url":"https:\/\/fomentmolins.cat\/es\/visita-institucional-a-les-obres-del-foment\/","name":"Visita institucional a las obras del Foment - Foment Molins Cultural","isPartOf":{"@id":"https:\/\/fomentmolins.cat\/es\/#website"},"primaryImageOfPage":{"@id":"https:\/\/fomentmolins.cat\/es\/visita-institucional-a-les-obres-del-foment\/#primaryimage"},"image":{"@id":"https:\/\/fomentmolins.cat\/es\/visita-institucional-a-les-obres-del-foment\/#primaryimage"},"thumbnailUrl":"https:\/\/fomentmolins.cat\/wp-content\/uploads\/2024\/08\/Foment-Molins-1.jpg","datePublished":"2024-08-22T16:13:27+00:00","dateModified":"2024-08-29T16:24:36+00:00","author":{"@id":"https:\/\/fomentmolins.cat\/es\/#\/schema\/person\/366c9ce6887138b6a210c9fea54807bd"},"description":"Visita institucional a les obres del Foment","breadcrumb":{"@id":"https:\/\/fomentmolins.cat\/es\/visita-institucional-a-les-obres-del-foment\/#breadcrumb"},"inLanguage":"es","potentialAction":[{"@type":"ReadAction","target":["https:\/\/fomentmolins.cat\/es\/visita-institucional-a-les-obres-del-foment\/"]}]},{"@type":"ImageObject","inLanguage":"es","@id":"https:\/\/fomentmolins.cat\/es\/visita-institucional-a-les-obres-del-foment\/#primaryimage","url":"https:\/\/fomentmolins.cat\/wp-content\/uploads\/2024\/08\/Foment-Molins-1.jpg","contentUrl":"https:\/\/fomentmolins.cat\/wp-content\/uploads\/2024\/08\/Foment-Molins-1.jpg","width":2048,"height":1536},{"@type":"BreadcrumbList","@id":"https:\/\/fomentmolins.cat\/es\/visita-institucional-a-les-obres-del-foment\/#breadcrumb","itemListElement":[{"@type":"ListItem","position":1,"name":"Portada","item":"https:\/\/fomentmolins.cat\/es\/"},{"@type":"ListItem","position":2,"name":"Visita institucional a las obras del Foment"}]},{"@type":"WebSite","@id":"https:\/\/fomentmolins.cat\/es\/#website","url":"https:\/\/fomentmolins.cat\/es\/","name":"Foment Molins Cultural","description":"","potentialAction":[{"@type":"SearchAction","target":{"@type":"EntryPoint","urlTemplate":"https:\/\/fomentmolins.cat\/es\/?s={search_term_string}"},"query-input":{"@type":"PropertyValueSpecification","valueRequired":true,"valueName":"search_term_string"}}],"inLanguage":"es"},{"@type":"Person","@id":"https:\/\/fomentmolins.cat\/es\/#\/schema\/person\/366c9ce6887138b6a210c9fea54807bd","name":"Foment Molins Cultural","image":{"@type":"ImageObject","inLanguage":"es","@id":"https:\/\/secure.gravatar.com\/avatar\/688d89467ed947940f11c807b0e20b64f0ff4f530c1edd96b48232ce24094ac4?s=96&d=mm&r=g","url":"https:\/\/secure.gravatar.com\/avatar\/688d89467ed947940f11c807b0e20b64f0ff4f530c1edd96b48232ce24094ac4?s=96&d=mm&r=g","contentUrl":"https:\/\/secure.gravatar.com\/avatar\/688d89467ed947940f11c807b0e20b64f0ff4f530c1edd96b48232ce24094ac4?s=96&d=mm&r=g","caption":"Foment Molins Cultural"},"url":"https:\/\/fomentmolins.cat\/es\/author\/fomentmolins\/"}]}},"_links":{"self":[{"href":"https:\/\/fomentmolins.cat\/es\/wp-json\/wp\/v2\/posts\/2402","targetHints":{"allow":["GET"]}}],"collection":[{"href":"https:\/\/fomentmolins.cat\/es\/wp-json\/wp\/v2\/posts"}],"about":[{"href":"https:\/\/fomentmolins.cat\/es\/wp-json\/wp\/v2\/types\/post"}],"author":[{"embeddable":true,"href":"https:\/\/fomentmolins.cat\/es\/wp-json\/wp\/v2\/users\/5"}],"replies":[{"embeddable":true,"href":"https:\/\/fomentmolins.cat\/es\/wp-json\/wp\/v2\/comments?post=2402"}],"version-history":[{"count":4,"href":"https:\/\/fomentmolins.cat\/es\/wp-json\/wp\/v2\/posts\/2402\/revisions"}],"predecessor-version":[{"id":2429,"href":"https:\/\/fomentmolins.cat\/es\/wp-json\/wp\/v2\/posts\/2402\/revisions\/2429"}],"wp:featuredmedia":[{"embeddable":true,"href":"https:\/\/fomentmolins.cat\/es\/wp-json\/wp\/v2\/media\/2408"}],"wp:attachment":[{"href":"https:\/\/fomentmolins.cat\/es\/wp-json\/wp\/v2\/media?parent=2402"}],"wp:term":[{"taxonomy":"category","embeddable":true,"href":"https:\/\/fomentmolins.cat\/es\/wp-json\/wp\/v2\/categories?post=2402"},{"taxonomy":"post_tag","embeddable":true,"href":"https:\/\/fomentmolins.cat\/es\/wp-json\/wp\/v2\/tags?post=2402"}],"curies":[{"name":"wp","href":"https:\/\/api.w.org\/{rel}","templated":true}]}}