{"id":2540,"date":"2024-09-12T11:47:40","date_gmt":"2024-09-12T09:47:40","guid":{"rendered":"https:\/\/fomentmolins.cat\/ofrenda-del-foment-en-la-diada\/"},"modified":"2024-09-17T16:03:56","modified_gmt":"2024-09-17T14:03:56","slug":"ofrenda-del-foment-en-la-diada","status":"publish","type":"post","link":"https:\/\/fomentmolins.cat\/es\/ofrenda-del-foment-en-la-diada\/","title":{"rendered":"Ofrenda del Foment en la Diada"},"content":{"rendered":"\n<p>Ayer, durante la Diada, el Foment Cultural y Art\u00edstic de Molins de Rei realiz\u00f3 una significativa ofrenda al monumento de Rafael Casanovas. Este acto, lleno de emoci\u00f3n y simbolismo, fue un homenaje a los valores y la historia catalana. Miembros de la comunidad se reunieron para rendir ese tributo, reafirmando las ra\u00edces culturales y el compromiso con el futuro.  <\/p>\n\n<p>La ceremonia cont\u00f3 con la participaci\u00f3n activa de muchos asistentes, que depositaron flores con el deseo de perseverancia cultural. Este gesto simboliz\u00f3 la continuidad de nuestra identidad, conectando pasado y presente para construir un mejor ma\u00f1ana. El acto fue un recordatorio de la fuerza de nuestra cultura y la importancia de mantenerla viva.  <\/p>\n\n<p>La ofrenda fue tambi\u00e9n una muestra de la uni\u00f3n y la solidaridad de nuestra comunidad, que se congreg\u00f3 en un esfuerzo colectivo por celebrar y preservar nuestra cultura. Esta implicaci\u00f3n compartida refleja el firme compromiso de seguir trabajando juntos para fortalecer nuestra identidad catalana, asegurando que las tradiciones y los valores que nos definen perduren a trav\u00e9s de las generaciones. \u00a1Viva la cultura catalana!  <\/p>\n\n<p>Agradecemos sinceramente a todos aquellos que hicieron posible esta ofrenda, que dedicaron tiempo y energ\u00eda para hacer de ese acto una realidad. Su participaci\u00f3n es un testimonio de la fuerza y la unidad de nuestra comunidad. Este d\u00eda nos ha dejado un mensaje claro: la importancia de mirar atr\u00e1s para comprender y abrazar lo que somos hoy, para poder avanzar con determinaci\u00f3n hacia un ma\u00f1ana mejor.  <\/p>\n\n<figure class=\"wp-block-gallery has-nested-images columns-default is-cropped wp-block-gallery-1 is-layout-flex wp-block-gallery-is-layout-flex\">\n<figure class=\"wp-block-image size-large\"><img loading=\"lazy\" decoding=\"async\" width=\"473\" height=\"1024\" data-id=\"2528\" src=\"https:\/\/fomentmolins.cat\/wp-content\/uploads\/2024\/09\/WhatsApp-Image-2024-09-11-at-18.30.05-473x1024.jpeg\" alt=\"\" class=\"wp-image-2528\" srcset=\"https:\/\/fomentmolins.cat\/wp-content\/uploads\/2024\/09\/WhatsApp-Image-2024-09-11-at-18.30.05-473x1024.jpeg 473w, https:\/\/fomentmolins.cat\/wp-content\/uploads\/2024\/09\/WhatsApp-Image-2024-09-11-at-18.30.05-139x300.jpeg 139w, https:\/\/fomentmolins.cat\/wp-content\/uploads\/2024\/09\/WhatsApp-Image-2024-09-11-at-18.30.05-768x1663.jpeg 768w, https:\/\/fomentmolins.cat\/wp-content\/uploads\/2024\/09\/WhatsApp-Image-2024-09-11-at-18.30.05-709x1536.jpeg 709w, https:\/\/fomentmolins.cat\/wp-content\/uploads\/2024\/09\/WhatsApp-Image-2024-09-11-at-18.30.05.jpeg 942w\" sizes=\"auto, (max-width: 473px) 100vw, 473px\" \/><\/figure>\n\n\n\n<figure class=\"wp-block-image size-large\"><img loading=\"lazy\" decoding=\"async\" width=\"473\" height=\"1024\" data-id=\"2536\" src=\"https:\/\/fomentmolins.cat\/wp-content\/uploads\/2024\/09\/WhatsApp-Image-2024-09-11-at-18.30.06-1-473x1024.jpeg\" alt=\"\" class=\"wp-image-2536\" srcset=\"https:\/\/fomentmolins.cat\/wp-content\/uploads\/2024\/09\/WhatsApp-Image-2024-09-11-at-18.30.06-1-473x1024.jpeg 473w, https:\/\/fomentmolins.cat\/wp-content\/uploads\/2024\/09\/WhatsApp-Image-2024-09-11-at-18.30.06-1-139x300.jpeg 139w, https:\/\/fomentmolins.cat\/wp-content\/uploads\/2024\/09\/WhatsApp-Image-2024-09-11-at-18.30.06-1-768x1663.jpeg 768w, https:\/\/fomentmolins.cat\/wp-content\/uploads\/2024\/09\/WhatsApp-Image-2024-09-11-at-18.30.06-1-709x1536.jpeg 709w, https:\/\/fomentmolins.cat\/wp-content\/uploads\/2024\/09\/WhatsApp-Image-2024-09-11-at-18.30.06-1.jpeg 942w\" sizes=\"auto, (max-width: 473px) 100vw, 473px\" \/><\/figure>\n\n\n\n<figure class=\"wp-block-image size-large\"><img loading=\"lazy\" decoding=\"async\" width=\"472\" height=\"1024\" data-id=\"2530\" src=\"https:\/\/fomentmolins.cat\/wp-content\/uploads\/2024\/09\/WhatsApp-Image-2024-09-11-at-18.30.06-2-472x1024.jpeg\" alt=\"\" class=\"wp-image-2530\" srcset=\"https:\/\/fomentmolins.cat\/wp-content\/uploads\/2024\/09\/WhatsApp-Image-2024-09-11-at-18.30.06-2-472x1024.jpeg 472w, https:\/\/fomentmolins.cat\/wp-content\/uploads\/2024\/09\/WhatsApp-Image-2024-09-11-at-18.30.06-2-138x300.jpeg 138w, https:\/\/fomentmolins.cat\/wp-content\/uploads\/2024\/09\/WhatsApp-Image-2024-09-11-at-18.30.06-2-708x1536.jpeg 708w, https:\/\/fomentmolins.cat\/wp-content\/uploads\/2024\/09\/WhatsApp-Image-2024-09-11-at-18.30.06-2.jpeg 738w\" sizes=\"auto, (max-width: 472px) 100vw, 472px\" \/><\/figure>\n\n\n\n<figure class=\"wp-block-image size-large\"><img loading=\"lazy\" decoding=\"async\" width=\"473\" height=\"1024\" data-id=\"2532\" src=\"https:\/\/fomentmolins.cat\/wp-content\/uploads\/2024\/09\/WhatsApp-Image-2024-09-11-at-18.30.06-473x1024.jpeg\" alt=\"\" class=\"wp-image-2532\" srcset=\"https:\/\/fomentmolins.cat\/wp-content\/uploads\/2024\/09\/WhatsApp-Image-2024-09-11-at-18.30.06-473x1024.jpeg 473w, https:\/\/fomentmolins.cat\/wp-content\/uploads\/2024\/09\/WhatsApp-Image-2024-09-11-at-18.30.06-139x300.jpeg 139w, https:\/\/fomentmolins.cat\/wp-content\/uploads\/2024\/09\/WhatsApp-Image-2024-09-11-at-18.30.06-768x1663.jpeg 768w, https:\/\/fomentmolins.cat\/wp-content\/uploads\/2024\/09\/WhatsApp-Image-2024-09-11-at-18.30.06-709x1536.jpeg 709w, https:\/\/fomentmolins.cat\/wp-content\/uploads\/2024\/09\/WhatsApp-Image-2024-09-11-at-18.30.06.jpeg 942w\" sizes=\"auto, (max-width: 473px) 100vw, 473px\" \/><\/figure>\n\n\n\n<figure class=\"wp-block-image size-large\"><img loading=\"lazy\" decoding=\"async\" width=\"472\" height=\"1024\" data-id=\"2534\" src=\"https:\/\/fomentmolins.cat\/wp-content\/uploads\/2024\/09\/WhatsApp-Image-2024-09-11-at-18.30.07-472x1024.jpeg\" alt=\"\" class=\"wp-image-2534\" srcset=\"https:\/\/fomentmolins.cat\/wp-content\/uploads\/2024\/09\/WhatsApp-Image-2024-09-11-at-18.30.07-472x1024.jpeg 472w, https:\/\/fomentmolins.cat\/wp-content\/uploads\/2024\/09\/WhatsApp-Image-2024-09-11-at-18.30.07-138x300.jpeg 138w, https:\/\/fomentmolins.cat\/wp-content\/uploads\/2024\/09\/WhatsApp-Image-2024-09-11-at-18.30.07-708x1536.jpeg 708w, https:\/\/fomentmolins.cat\/wp-content\/uploads\/2024\/09\/WhatsApp-Image-2024-09-11-at-18.30.07.jpeg 738w\" sizes=\"auto, (max-width: 472px) 100vw, 472px\" \/><\/figure>\n<\/figure>\n","protected":false},"excerpt":{"rendered":"<p>Ayer, durante la Diada, el Foment Cultural i Art\u00edstic de Molins de Rei realiz\u00f3 una significativa ofrenda al monumento de Rafael Casanovas. Este acto, lleno de emoci\u00f3n y simbolismo, fue un homenaje a los valores y la historia catalanes.  <\/p>\n","protected":false},"author":6,"featured_media":2531,"comment_status":"open","ping_status":"closed","sticky":false,"template":"","format":"standard","meta":{"inline_featured_image":false,"footnotes":""},"categories":[123],"tags":[88],"class_list":["post-2540","post","type-post","status-publish","format-standard","has-post-thumbnail","hentry","category-eventos","tag-el-fomento"],"yoast_head":"<!-- This site is optimized with the Yoast SEO plugin v27.2 - https:\/\/yoast.com\/product\/yoast-seo-wordpress\/ -->\n<title>Ofrenda del Foment en la Diada - Foment Molins Cultural<\/title>\n<meta name=\"description\" content=\"Ofrenda del Foment en la Diada. Ayer, durante la Diada, el Foment Molins realiz\u00f3 una significativa ofrenda en el monumento de Rafael Casanovas.\" \/>\n<meta name=\"robots\" content=\"index, follow, max-snippet:-1, max-image-preview:large, max-video-preview:-1\" \/>\n<link rel=\"canonical\" href=\"https:\/\/fomentmolins.cat\/es\/ofrenda-del-foment-en-la-diada\/\" \/>\n<meta property=\"og:locale\" content=\"es_ES\" \/>\n<meta property=\"og:type\" content=\"article\" \/>\n<meta property=\"og:title\" content=\"Ofrenda del Foment en la Diada - Foment Molins Cultural\" \/>\n<meta property=\"og:description\" content=\"Ofrenda del Foment en la Diada. Ayer, durante la Diada, el Foment Molins realiz\u00f3 una significativa ofrenda en el monumento de Rafael Casanovas.\" \/>\n<meta property=\"og:url\" content=\"https:\/\/fomentmolins.cat\/es\/ofrenda-del-foment-en-la-diada\/\" \/>\n<meta property=\"og:site_name\" content=\"Foment Molins Cultural\" \/>\n<meta property=\"article:published_time\" content=\"2024-09-12T09:47:40+00:00\" \/>\n<meta property=\"article:modified_time\" content=\"2024-09-17T14:03:56+00:00\" \/>\n<meta property=\"og:image\" content=\"https:\/\/fomentmolins.cat\/wp-content\/uploads\/2024\/09\/WhatsApp-Image-2024-09-11-at-18.30.06-2.jpeg\" \/>\n\t<meta property=\"og:image:width\" content=\"738\" \/>\n\t<meta property=\"og:image:height\" content=\"1600\" \/>\n\t<meta property=\"og:image:type\" content=\"image\/jpeg\" \/>\n<meta name=\"author\" content=\"Foment Cultural i Art\u00edstic\" \/>\n<meta name=\"twitter:card\" content=\"summary_large_image\" \/>\n<meta name=\"twitter:label1\" content=\"Escrito por\" \/>\n\t<meta name=\"twitter:data1\" content=\"Foment Cultural i Art\u00edstic\" \/>\n\t<meta name=\"twitter:label2\" content=\"Tiempo de lectura\" \/>\n\t<meta name=\"twitter:data2\" content=\"1 minuto\" \/>\n<script type=\"application\/ld+json\" class=\"yoast-schema-graph\">{\"@context\":\"https:\/\/schema.org\",\"@graph\":[{\"@type\":\"Article\",\"@id\":\"https:\/\/fomentmolins.cat\/es\/ofrenda-del-foment-en-la-diada\/#article\",\"isPartOf\":{\"@id\":\"https:\/\/fomentmolins.cat\/es\/ofrenda-del-foment-en-la-diada\/\"},\"author\":{\"name\":\"Foment Cultural i Art\u00edstic\",\"@id\":\"https:\/\/fomentmolins.cat\/es\/#\/schema\/person\/97c5658972a2b117e786bb3154a4797f\"},\"headline\":\"Ofrenda del Foment en la Diada\",\"datePublished\":\"2024-09-12T09:47:40+00:00\",\"dateModified\":\"2024-09-17T14:03:56+00:00\",\"mainEntityOfPage\":{\"@id\":\"https:\/\/fomentmolins.cat\/es\/ofrenda-del-foment-en-la-diada\/\"},\"wordCount\":263,\"commentCount\":0,\"image\":{\"@id\":\"https:\/\/fomentmolins.cat\/es\/ofrenda-del-foment-en-la-diada\/#primaryimage\"},\"thumbnailUrl\":\"https:\/\/fomentmolins.cat\/wp-content\/uploads\/2024\/09\/WhatsApp-Image-2024-09-11-at-18.30.06-2.jpeg\",\"keywords\":[\"El Fomento\"],\"articleSection\":[\"Eventos\"],\"inLanguage\":\"es\",\"potentialAction\":[{\"@type\":\"CommentAction\",\"name\":\"Comment\",\"target\":[\"https:\/\/fomentmolins.cat\/es\/ofrenda-del-foment-en-la-diada\/#respond\"]}]},{\"@type\":\"WebPage\",\"@id\":\"https:\/\/fomentmolins.cat\/es\/ofrenda-del-foment-en-la-diada\/\",\"url\":\"https:\/\/fomentmolins.cat\/es\/ofrenda-del-foment-en-la-diada\/\",\"name\":\"Ofrenda del Foment en la Diada - Foment Molins Cultural\",\"isPartOf\":{\"@id\":\"https:\/\/fomentmolins.cat\/es\/#website\"},\"primaryImageOfPage\":{\"@id\":\"https:\/\/fomentmolins.cat\/es\/ofrenda-del-foment-en-la-diada\/#primaryimage\"},\"image\":{\"@id\":\"https:\/\/fomentmolins.cat\/es\/ofrenda-del-foment-en-la-diada\/#primaryimage\"},\"thumbnailUrl\":\"https:\/\/fomentmolins.cat\/wp-content\/uploads\/2024\/09\/WhatsApp-Image-2024-09-11-at-18.30.06-2.jpeg\",\"datePublished\":\"2024-09-12T09:47:40+00:00\",\"dateModified\":\"2024-09-17T14:03:56+00:00\",\"author\":{\"@id\":\"https:\/\/fomentmolins.cat\/es\/#\/schema\/person\/97c5658972a2b117e786bb3154a4797f\"},\"description\":\"Ofrenda del Foment en la Diada. Ayer, durante la Diada, el Foment Molins realiz\u00f3 una significativa ofrenda en el monumento de Rafael Casanovas.\",\"breadcrumb\":{\"@id\":\"https:\/\/fomentmolins.cat\/es\/ofrenda-del-foment-en-la-diada\/#breadcrumb\"},\"inLanguage\":\"es\",\"potentialAction\":[{\"@type\":\"ReadAction\",\"target\":[\"https:\/\/fomentmolins.cat\/es\/ofrenda-del-foment-en-la-diada\/\"]}]},{\"@type\":\"ImageObject\",\"inLanguage\":\"es\",\"@id\":\"https:\/\/fomentmolins.cat\/es\/ofrenda-del-foment-en-la-diada\/#primaryimage\",\"url\":\"https:\/\/fomentmolins.cat\/wp-content\/uploads\/2024\/09\/WhatsApp-Image-2024-09-11-at-18.30.06-2.jpeg\",\"contentUrl\":\"https:\/\/fomentmolins.cat\/wp-content\/uploads\/2024\/09\/WhatsApp-Image-2024-09-11-at-18.30.06-2.jpeg\",\"width\":738,\"height\":1600,\"caption\":\"Ahir, durant la Diada, el Foment Cultural i Art\u00edstic de Molins de Rei va realitzar una significativa ofrena al monument de Rafel Casanovas. Aquest acte, ple d'emoci\u00f3 i simbolisme, va ser un homenatge als valors i la hist\u00f2ria catalans. Membres de la comunitat es van reunir per retre aquest tribut, reafirmant les arrels culturals i el comprom\u00eds amb el futur.\"},{\"@type\":\"BreadcrumbList\",\"@id\":\"https:\/\/fomentmolins.cat\/es\/ofrenda-del-foment-en-la-diada\/#breadcrumb\",\"itemListElement\":[{\"@type\":\"ListItem\",\"position\":1,\"name\":\"Portada\",\"item\":\"https:\/\/fomentmolins.cat\/es\/\"},{\"@type\":\"ListItem\",\"position\":2,\"name\":\"Ofrenda del Foment en la Diada\"}]},{\"@type\":\"WebSite\",\"@id\":\"https:\/\/fomentmolins.cat\/es\/#website\",\"url\":\"https:\/\/fomentmolins.cat\/es\/\",\"name\":\"Foment Molins Cultural\",\"description\":\"\",\"potentialAction\":[{\"@type\":\"SearchAction\",\"target\":{\"@type\":\"EntryPoint\",\"urlTemplate\":\"https:\/\/fomentmolins.cat\/es\/?s={search_term_string}\"},\"query-input\":{\"@type\":\"PropertyValueSpecification\",\"valueRequired\":true,\"valueName\":\"search_term_string\"}}],\"inLanguage\":\"es\"},{\"@type\":\"Person\",\"@id\":\"https:\/\/fomentmolins.cat\/es\/#\/schema\/person\/97c5658972a2b117e786bb3154a4797f\",\"name\":\"Foment Cultural i Art\u00edstic\",\"image\":{\"@type\":\"ImageObject\",\"inLanguage\":\"es\",\"@id\":\"https:\/\/secure.gravatar.com\/avatar\/6afa5d00109ab0ad887a3ebd7df8de0143713162a231800a3e1ba59eb8d2dba8?s=96&d=mm&r=g\",\"url\":\"https:\/\/secure.gravatar.com\/avatar\/6afa5d00109ab0ad887a3ebd7df8de0143713162a231800a3e1ba59eb8d2dba8?s=96&d=mm&r=g\",\"contentUrl\":\"https:\/\/secure.gravatar.com\/avatar\/6afa5d00109ab0ad887a3ebd7df8de0143713162a231800a3e1ba59eb8d2dba8?s=96&d=mm&r=g\",\"caption\":\"Foment Cultural i Art\u00edstic\"},\"url\":\"https:\/\/fomentmolins.cat\/es\/author\/soki_foment\/\"}]}<\/script>\n<!-- \/ Yoast SEO plugin. -->","yoast_head_json":{"title":"Ofrenda del Foment en la Diada - Foment Molins Cultural","description":"Ofrenda del Foment en la Diada. Ayer, durante la Diada, el Foment Molins realiz\u00f3 una significativa ofrenda en el monumento de Rafael Casanovas.","robots":{"index":"index","follow":"follow","max-snippet":"max-snippet:-1","max-image-preview":"max-image-preview:large","max-video-preview":"max-video-preview:-1"},"canonical":"https:\/\/fomentmolins.cat\/es\/ofrenda-del-foment-en-la-diada\/","og_locale":"es_ES","og_type":"article","og_title":"Ofrenda del Foment en la Diada - Foment Molins Cultural","og_description":"Ofrenda del Foment en la Diada. Ayer, durante la Diada, el Foment Molins realiz\u00f3 una significativa ofrenda en el monumento de Rafael Casanovas.","og_url":"https:\/\/fomentmolins.cat\/es\/ofrenda-del-foment-en-la-diada\/","og_site_name":"Foment Molins Cultural","article_published_time":"2024-09-12T09:47:40+00:00","article_modified_time":"2024-09-17T14:03:56+00:00","og_image":[{"width":738,"height":1600,"url":"https:\/\/fomentmolins.cat\/wp-content\/uploads\/2024\/09\/WhatsApp-Image-2024-09-11-at-18.30.06-2.jpeg","type":"image\/jpeg"}],"author":"Foment Cultural i Art\u00edstic","twitter_card":"summary_large_image","twitter_misc":{"Escrito por":"Foment Cultural i Art\u00edstic","Tiempo de lectura":"1 minuto"},"schema":{"@context":"https:\/\/schema.org","@graph":[{"@type":"Article","@id":"https:\/\/fomentmolins.cat\/es\/ofrenda-del-foment-en-la-diada\/#article","isPartOf":{"@id":"https:\/\/fomentmolins.cat\/es\/ofrenda-del-foment-en-la-diada\/"},"author":{"name":"Foment Cultural i Art\u00edstic","@id":"https:\/\/fomentmolins.cat\/es\/#\/schema\/person\/97c5658972a2b117e786bb3154a4797f"},"headline":"Ofrenda del Foment en la Diada","datePublished":"2024-09-12T09:47:40+00:00","dateModified":"2024-09-17T14:03:56+00:00","mainEntityOfPage":{"@id":"https:\/\/fomentmolins.cat\/es\/ofrenda-del-foment-en-la-diada\/"},"wordCount":263,"commentCount":0,"image":{"@id":"https:\/\/fomentmolins.cat\/es\/ofrenda-del-foment-en-la-diada\/#primaryimage"},"thumbnailUrl":"https:\/\/fomentmolins.cat\/wp-content\/uploads\/2024\/09\/WhatsApp-Image-2024-09-11-at-18.30.06-2.jpeg","keywords":["El Fomento"],"articleSection":["Eventos"],"inLanguage":"es","potentialAction":[{"@type":"CommentAction","name":"Comment","target":["https:\/\/fomentmolins.cat\/es\/ofrenda-del-foment-en-la-diada\/#respond"]}]},{"@type":"WebPage","@id":"https:\/\/fomentmolins.cat\/es\/ofrenda-del-foment-en-la-diada\/","url":"https:\/\/fomentmolins.cat\/es\/ofrenda-del-foment-en-la-diada\/","name":"Ofrenda del Foment en la Diada - Foment Molins Cultural","isPartOf":{"@id":"https:\/\/fomentmolins.cat\/es\/#website"},"primaryImageOfPage":{"@id":"https:\/\/fomentmolins.cat\/es\/ofrenda-del-foment-en-la-diada\/#primaryimage"},"image":{"@id":"https:\/\/fomentmolins.cat\/es\/ofrenda-del-foment-en-la-diada\/#primaryimage"},"thumbnailUrl":"https:\/\/fomentmolins.cat\/wp-content\/uploads\/2024\/09\/WhatsApp-Image-2024-09-11-at-18.30.06-2.jpeg","datePublished":"2024-09-12T09:47:40+00:00","dateModified":"2024-09-17T14:03:56+00:00","author":{"@id":"https:\/\/fomentmolins.cat\/es\/#\/schema\/person\/97c5658972a2b117e786bb3154a4797f"},"description":"Ofrenda del Foment en la Diada. Ayer, durante la Diada, el Foment Molins realiz\u00f3 una significativa ofrenda en el monumento de Rafael Casanovas.","breadcrumb":{"@id":"https:\/\/fomentmolins.cat\/es\/ofrenda-del-foment-en-la-diada\/#breadcrumb"},"inLanguage":"es","potentialAction":[{"@type":"ReadAction","target":["https:\/\/fomentmolins.cat\/es\/ofrenda-del-foment-en-la-diada\/"]}]},{"@type":"ImageObject","inLanguage":"es","@id":"https:\/\/fomentmolins.cat\/es\/ofrenda-del-foment-en-la-diada\/#primaryimage","url":"https:\/\/fomentmolins.cat\/wp-content\/uploads\/2024\/09\/WhatsApp-Image-2024-09-11-at-18.30.06-2.jpeg","contentUrl":"https:\/\/fomentmolins.cat\/wp-content\/uploads\/2024\/09\/WhatsApp-Image-2024-09-11-at-18.30.06-2.jpeg","width":738,"height":1600,"caption":"Ahir, durant la Diada, el Foment Cultural i Art\u00edstic de Molins de Rei va realitzar una significativa ofrena al monument de Rafel Casanovas. Aquest acte, ple d'emoci\u00f3 i simbolisme, va ser un homenatge als valors i la hist\u00f2ria catalans. Membres de la comunitat es van reunir per retre aquest tribut, reafirmant les arrels culturals i el comprom\u00eds amb el futur."},{"@type":"BreadcrumbList","@id":"https:\/\/fomentmolins.cat\/es\/ofrenda-del-foment-en-la-diada\/#breadcrumb","itemListElement":[{"@type":"ListItem","position":1,"name":"Portada","item":"https:\/\/fomentmolins.cat\/es\/"},{"@type":"ListItem","position":2,"name":"Ofrenda del Foment en la Diada"}]},{"@type":"WebSite","@id":"https:\/\/fomentmolins.cat\/es\/#website","url":"https:\/\/fomentmolins.cat\/es\/","name":"Foment Molins Cultural","description":"","potentialAction":[{"@type":"SearchAction","target":{"@type":"EntryPoint","urlTemplate":"https:\/\/fomentmolins.cat\/es\/?s={search_term_string}"},"query-input":{"@type":"PropertyValueSpecification","valueRequired":true,"valueName":"search_term_string"}}],"inLanguage":"es"},{"@type":"Person","@id":"https:\/\/fomentmolins.cat\/es\/#\/schema\/person\/97c5658972a2b117e786bb3154a4797f","name":"Foment Cultural i Art\u00edstic","image":{"@type":"ImageObject","inLanguage":"es","@id":"https:\/\/secure.gravatar.com\/avatar\/6afa5d00109ab0ad887a3ebd7df8de0143713162a231800a3e1ba59eb8d2dba8?s=96&d=mm&r=g","url":"https:\/\/secure.gravatar.com\/avatar\/6afa5d00109ab0ad887a3ebd7df8de0143713162a231800a3e1ba59eb8d2dba8?s=96&d=mm&r=g","contentUrl":"https:\/\/secure.gravatar.com\/avatar\/6afa5d00109ab0ad887a3ebd7df8de0143713162a231800a3e1ba59eb8d2dba8?s=96&d=mm&r=g","caption":"Foment Cultural i Art\u00edstic"},"url":"https:\/\/fomentmolins.cat\/es\/author\/soki_foment\/"}]}},"_links":{"self":[{"href":"https:\/\/fomentmolins.cat\/es\/wp-json\/wp\/v2\/posts\/2540","targetHints":{"allow":["GET"]}}],"collection":[{"href":"https:\/\/fomentmolins.cat\/es\/wp-json\/wp\/v2\/posts"}],"about":[{"href":"https:\/\/fomentmolins.cat\/es\/wp-json\/wp\/v2\/types\/post"}],"author":[{"embeddable":true,"href":"https:\/\/fomentmolins.cat\/es\/wp-json\/wp\/v2\/users\/6"}],"replies":[{"embeddable":true,"href":"https:\/\/fomentmolins.cat\/es\/wp-json\/wp\/v2\/comments?post=2540"}],"version-history":[{"count":1,"href":"https:\/\/fomentmolins.cat\/es\/wp-json\/wp\/v2\/posts\/2540\/revisions"}],"predecessor-version":[{"id":2541,"href":"https:\/\/fomentmolins.cat\/es\/wp-json\/wp\/v2\/posts\/2540\/revisions\/2541"}],"wp:featuredmedia":[{"embeddable":true,"href":"https:\/\/fomentmolins.cat\/es\/wp-json\/wp\/v2\/media\/2531"}],"wp:attachment":[{"href":"https:\/\/fomentmolins.cat\/es\/wp-json\/wp\/v2\/media?parent=2540"}],"wp:term":[{"taxonomy":"category","embeddable":true,"href":"https:\/\/fomentmolins.cat\/es\/wp-json\/wp\/v2\/categories?post=2540"},{"taxonomy":"post_tag","embeddable":true,"href":"https:\/\/fomentmolins.cat\/es\/wp-json\/wp\/v2\/tags?post=2540"}],"curies":[{"name":"wp","href":"https:\/\/api.w.org\/{rel}","templated":true}]}}