{"id":2555,"date":"2024-09-17T16:19:05","date_gmt":"2024-09-17T14:19:05","guid":{"rendered":"https:\/\/fomentmolins.cat\/gran-exito-en-el-foment-con-el-favor\/"},"modified":"2024-09-17T16:24:24","modified_gmt":"2024-09-17T14:24:24","slug":"gran-exito-en-el-foment-con-el-favor","status":"publish","type":"post","link":"https:\/\/fomentmolins.cat\/es\/gran-exito-en-el-foment-con-el-favor\/","title":{"rendered":"Gran \u00e9xito en el Foment con \u00abEL FAVOR\u00bb"},"content":{"rendered":"\n<p>El pasado fin de semana, el Foment Cultural i Art\u00edstic de Molins de Rei vivi\u00f3 un evento excepcional con la representaci\u00f3n de la obra \u00abEL FAVOR\u00bb. Esta producci\u00f3n teatral alcanz\u00f3 un \u00e9xito rotundo, agotando todas las localidades y dejando al p\u00fablico con ganas de m\u00e1s. El entusiasmo de los asistentes se hizo evidente desde el momento en que se abrieron sus puertas, creando una atm\u00f3sfera vibrante y llena de expectaci\u00f3n.  <\/p>\n\n<p>La representaci\u00f3n ofreci\u00f3 una experiencia teatral inolvidable, con una puesta en escena cautivadora e interpretaciones magistrales que mantuvieron al p\u00fablico enganchado de principio a fin. La obra supo combinar a la perfecci\u00f3n el humor y la reflexi\u00f3n, dejando una impronta duradera en todos los presentes. Esta tarde de teatro fue una muestra clara de c\u00f3mo la cultura y las artes pueden unir a una comunidad, proporcionando momentos de disfrute y reflexi\u00f3n en su conjunto.  <\/p>\n\n<p>El soporte de la comunidad ha sido clave para el \u00e9xito del espect\u00e1culo. Los vecinos de Molins de Rei y otros visitantes respondieron con entusiasmo a la llamada del Foment, demostrando una vez m\u00e1s su compromiso con la cultura local. Este \u00e9xito reafirma la importancia de seguir apostando por eventos culturales que enriquecen el tejido social del municipio. Gracias a todos los que hicieron posible esta tarde memorable y esperamos con ilusi\u00f3n los futuros proyectos que Foment nos pueda ofrecer.   <\/p>\n\n<figure class=\"wp-block-gallery has-nested-images columns-default is-cropped wp-block-gallery-1 is-layout-flex wp-block-gallery-is-layout-flex\">\n<figure class=\"wp-block-image size-large\"><img loading=\"lazy\" decoding=\"async\" width=\"1024\" height=\"577\" data-id=\"2544\" src=\"https:\/\/fomentmolins.cat\/wp-content\/uploads\/2024\/09\/WhatsApp-Image-2024-09-16-at-08.34.40-1024x577.jpeg\" alt=\"\" class=\"wp-image-2544\" srcset=\"https:\/\/fomentmolins.cat\/wp-content\/uploads\/2024\/09\/WhatsApp-Image-2024-09-16-at-08.34.40-1024x577.jpeg 1024w, https:\/\/fomentmolins.cat\/wp-content\/uploads\/2024\/09\/WhatsApp-Image-2024-09-16-at-08.34.40-300x169.jpeg 300w, https:\/\/fomentmolins.cat\/wp-content\/uploads\/2024\/09\/WhatsApp-Image-2024-09-16-at-08.34.40-768x432.jpeg 768w, https:\/\/fomentmolins.cat\/wp-content\/uploads\/2024\/09\/WhatsApp-Image-2024-09-16-at-08.34.40-1536x865.jpeg 1536w, https:\/\/fomentmolins.cat\/wp-content\/uploads\/2024\/09\/WhatsApp-Image-2024-09-16-at-08.34.40.jpeg 2048w\" sizes=\"auto, (max-width: 1024px) 100vw, 1024px\" \/><\/figure>\n\n\n\n<figure class=\"wp-block-image size-large\"><img loading=\"lazy\" decoding=\"async\" width=\"683\" height=\"1024\" data-id=\"2552\" src=\"https:\/\/fomentmolins.cat\/wp-content\/uploads\/2024\/09\/WhatsApp-Image-2024-09-16-at-08.34.59-683x1024.jpeg\" alt=\"\" class=\"wp-image-2552\" srcset=\"https:\/\/fomentmolins.cat\/wp-content\/uploads\/2024\/09\/WhatsApp-Image-2024-09-16-at-08.34.59-683x1024.jpeg 683w, https:\/\/fomentmolins.cat\/wp-content\/uploads\/2024\/09\/WhatsApp-Image-2024-09-16-at-08.34.59-200x300.jpeg 200w, https:\/\/fomentmolins.cat\/wp-content\/uploads\/2024\/09\/WhatsApp-Image-2024-09-16-at-08.34.59-768x1152.jpeg 768w, https:\/\/fomentmolins.cat\/wp-content\/uploads\/2024\/09\/WhatsApp-Image-2024-09-16-at-08.34.59-1024x1536.jpeg 1024w, https:\/\/fomentmolins.cat\/wp-content\/uploads\/2024\/09\/WhatsApp-Image-2024-09-16-at-08.34.59.jpeg 1365w\" sizes=\"auto, (max-width: 683px) 100vw, 683px\" \/><\/figure>\n\n\n\n<figure class=\"wp-block-image size-large\"><img loading=\"lazy\" decoding=\"async\" width=\"1024\" height=\"1024\" data-id=\"2543\" src=\"https:\/\/fomentmolins.cat\/wp-content\/uploads\/2024\/09\/WhatsApp-Image-2024-09-16-at-08.35.00-1-1024x1024.jpeg\" alt=\"\" class=\"wp-image-2543\" srcset=\"https:\/\/fomentmolins.cat\/wp-content\/uploads\/2024\/09\/WhatsApp-Image-2024-09-16-at-08.35.00-1-1024x1024.jpeg 1024w, https:\/\/fomentmolins.cat\/wp-content\/uploads\/2024\/09\/WhatsApp-Image-2024-09-16-at-08.35.00-1-300x300.jpeg 300w, https:\/\/fomentmolins.cat\/wp-content\/uploads\/2024\/09\/WhatsApp-Image-2024-09-16-at-08.35.00-1-150x150.jpeg 150w, https:\/\/fomentmolins.cat\/wp-content\/uploads\/2024\/09\/WhatsApp-Image-2024-09-16-at-08.35.00-1-768x768.jpeg 768w, https:\/\/fomentmolins.cat\/wp-content\/uploads\/2024\/09\/WhatsApp-Image-2024-09-16-at-08.35.00-1-1536x1536.jpeg 1536w, https:\/\/fomentmolins.cat\/wp-content\/uploads\/2024\/09\/WhatsApp-Image-2024-09-16-at-08.35.00-1.jpeg 2048w\" sizes=\"auto, (max-width: 1024px) 100vw, 1024px\" \/><\/figure>\n\n\n\n<figure class=\"wp-block-image size-large\"><img loading=\"lazy\" decoding=\"async\" width=\"683\" height=\"1024\" data-id=\"2549\" src=\"https:\/\/fomentmolins.cat\/wp-content\/uploads\/2024\/09\/WhatsApp-Image-2024-09-16-at-08.35.00-683x1024.jpeg\" alt=\"\" class=\"wp-image-2549\" srcset=\"https:\/\/fomentmolins.cat\/wp-content\/uploads\/2024\/09\/WhatsApp-Image-2024-09-16-at-08.35.00-683x1024.jpeg 683w, https:\/\/fomentmolins.cat\/wp-content\/uploads\/2024\/09\/WhatsApp-Image-2024-09-16-at-08.35.00-200x300.jpeg 200w, https:\/\/fomentmolins.cat\/wp-content\/uploads\/2024\/09\/WhatsApp-Image-2024-09-16-at-08.35.00-768x1152.jpeg 768w, https:\/\/fomentmolins.cat\/wp-content\/uploads\/2024\/09\/WhatsApp-Image-2024-09-16-at-08.35.00-1024x1536.jpeg 1024w, https:\/\/fomentmolins.cat\/wp-content\/uploads\/2024\/09\/WhatsApp-Image-2024-09-16-at-08.35.00.jpeg 1365w\" sizes=\"auto, (max-width: 683px) 100vw, 683px\" \/><\/figure>\n\n\n\n<figure class=\"wp-block-image size-large\"><img loading=\"lazy\" decoding=\"async\" width=\"1024\" height=\"683\" data-id=\"2546\" src=\"https:\/\/fomentmolins.cat\/wp-content\/uploads\/2024\/09\/WhatsApp-Image-2024-09-16-at-08.35.01-1-1024x683.jpeg\" alt=\"\" class=\"wp-image-2546\" srcset=\"https:\/\/fomentmolins.cat\/wp-content\/uploads\/2024\/09\/WhatsApp-Image-2024-09-16-at-08.35.01-1-1024x683.jpeg 1024w, https:\/\/fomentmolins.cat\/wp-content\/uploads\/2024\/09\/WhatsApp-Image-2024-09-16-at-08.35.01-1-300x200.jpeg 300w, https:\/\/fomentmolins.cat\/wp-content\/uploads\/2024\/09\/WhatsApp-Image-2024-09-16-at-08.35.01-1-768x512.jpeg 768w, https:\/\/fomentmolins.cat\/wp-content\/uploads\/2024\/09\/WhatsApp-Image-2024-09-16-at-08.35.01-1-1536x1024.jpeg 1536w, https:\/\/fomentmolins.cat\/wp-content\/uploads\/2024\/09\/WhatsApp-Image-2024-09-16-at-08.35.01-1.jpeg 2048w\" sizes=\"auto, (max-width: 1024px) 100vw, 1024px\" \/><\/figure>\n\n\n\n<figure class=\"wp-block-image size-large\"><img loading=\"lazy\" decoding=\"async\" width=\"1024\" height=\"683\" data-id=\"2548\" src=\"https:\/\/fomentmolins.cat\/wp-content\/uploads\/2024\/09\/WhatsApp-Image-2024-09-16-at-08.35.01-1024x683.jpeg\" alt=\"\" class=\"wp-image-2548\" srcset=\"https:\/\/fomentmolins.cat\/wp-content\/uploads\/2024\/09\/WhatsApp-Image-2024-09-16-at-08.35.01-1024x683.jpeg 1024w, https:\/\/fomentmolins.cat\/wp-content\/uploads\/2024\/09\/WhatsApp-Image-2024-09-16-at-08.35.01-300x200.jpeg 300w, https:\/\/fomentmolins.cat\/wp-content\/uploads\/2024\/09\/WhatsApp-Image-2024-09-16-at-08.35.01-768x512.jpeg 768w, https:\/\/fomentmolins.cat\/wp-content\/uploads\/2024\/09\/WhatsApp-Image-2024-09-16-at-08.35.01-1536x1024.jpeg 1536w, https:\/\/fomentmolins.cat\/wp-content\/uploads\/2024\/09\/WhatsApp-Image-2024-09-16-at-08.35.01.jpeg 2048w\" sizes=\"auto, (max-width: 1024px) 100vw, 1024px\" \/><\/figure>\n<\/figure>\n","protected":false},"excerpt":{"rendered":"<p>El pasado fin de semana, el Foment Cultural i Art\u00edstic de Molins de Rei vivi\u00f3 un evento excepcional con la representaci\u00f3n de la obra \u00abEL FAVOR\u00bb. <\/p>\n","protected":false},"author":6,"featured_media":2545,"comment_status":"open","ping_status":"closed","sticky":false,"template":"","format":"standard","meta":{"inline_featured_image":false,"footnotes":""},"categories":[102],"tags":[125],"class_list":["post-2555","post","type-post","status-publish","format-standard","has-post-thumbnail","hentry","category-teatro","tag-teatro"],"yoast_head":"<!-- This site is optimized with the Yoast SEO plugin v27.2 - https:\/\/yoast.com\/product\/yoast-seo-wordpress\/ -->\n<title>Gran \u00e9xito en el Foment con &quot;EL FAVOR&quot; - Foment Molins Cultural<\/title>\n<meta name=\"description\" content=\"Gran \u00e9xito en el Foment con &quot;EL FAVOR&quot;. El pasado fin de semana, Foment vivi\u00f3 un evento excepcional con la representaci\u00f3n de la obra &quot;EL FAVOR&quot;.\" \/>\n<meta name=\"robots\" content=\"index, follow, max-snippet:-1, max-image-preview:large, max-video-preview:-1\" \/>\n<link rel=\"canonical\" href=\"https:\/\/fomentmolins.cat\/es\/gran-exito-en-el-foment-con-el-favor\/\" \/>\n<meta property=\"og:locale\" content=\"es_ES\" \/>\n<meta property=\"og:type\" content=\"article\" \/>\n<meta property=\"og:title\" content=\"Gran \u00e9xito en el Foment con &quot;EL FAVOR&quot; - Foment Molins Cultural\" \/>\n<meta property=\"og:description\" content=\"Gran \u00e9xito en el Foment con &quot;EL FAVOR&quot;. El pasado fin de semana, Foment vivi\u00f3 un evento excepcional con la representaci\u00f3n de la obra &quot;EL FAVOR&quot;.\" \/>\n<meta property=\"og:url\" content=\"https:\/\/fomentmolins.cat\/es\/gran-exito-en-el-foment-con-el-favor\/\" \/>\n<meta property=\"og:site_name\" content=\"Foment Molins Cultural\" \/>\n<meta property=\"article:published_time\" content=\"2024-09-17T14:19:05+00:00\" \/>\n<meta property=\"article:modified_time\" content=\"2024-09-17T14:24:24+00:00\" \/>\n<meta property=\"og:image\" content=\"https:\/\/fomentmolins.cat\/wp-content\/uploads\/2024\/09\/WhatsApp-Image-2024-09-16-at-08.34.40.jpeg\" \/>\n\t<meta property=\"og:image:width\" content=\"2048\" \/>\n\t<meta property=\"og:image:height\" content=\"1153\" \/>\n\t<meta property=\"og:image:type\" content=\"image\/jpeg\" \/>\n<meta name=\"author\" content=\"Foment Cultural i Art\u00edstic\" \/>\n<meta name=\"twitter:card\" content=\"summary_large_image\" \/>\n<meta name=\"twitter:label1\" content=\"Escrito por\" \/>\n\t<meta name=\"twitter:data1\" content=\"Foment Cultural i Art\u00edstic\" \/>\n\t<meta name=\"twitter:label2\" content=\"Tiempo de lectura\" \/>\n\t<meta name=\"twitter:data2\" content=\"1 minuto\" \/>\n<script type=\"application\/ld+json\" class=\"yoast-schema-graph\">{\"@context\":\"https:\/\/schema.org\",\"@graph\":[{\"@type\":\"Article\",\"@id\":\"https:\/\/fomentmolins.cat\/es\/gran-exito-en-el-foment-con-el-favor\/#article\",\"isPartOf\":{\"@id\":\"https:\/\/fomentmolins.cat\/es\/gran-exito-en-el-foment-con-el-favor\/\"},\"author\":{\"name\":\"Foment Cultural i Art\u00edstic\",\"@id\":\"https:\/\/fomentmolins.cat\/es\/#\/schema\/person\/97c5658972a2b117e786bb3154a4797f\"},\"headline\":\"Gran \u00e9xito en el Foment con \u00abEL FAVOR\u00bb\",\"datePublished\":\"2024-09-17T14:19:05+00:00\",\"dateModified\":\"2024-09-17T14:24:24+00:00\",\"mainEntityOfPage\":{\"@id\":\"https:\/\/fomentmolins.cat\/es\/gran-exito-en-el-foment-con-el-favor\/\"},\"wordCount\":248,\"commentCount\":0,\"image\":{\"@id\":\"https:\/\/fomentmolins.cat\/es\/gran-exito-en-el-foment-con-el-favor\/#primaryimage\"},\"thumbnailUrl\":\"https:\/\/fomentmolins.cat\/wp-content\/uploads\/2024\/09\/WhatsApp-Image-2024-09-16-at-08.34.40.jpeg\",\"keywords\":[\"Teatro\"],\"articleSection\":[\"Teatro\"],\"inLanguage\":\"es\",\"potentialAction\":[{\"@type\":\"CommentAction\",\"name\":\"Comment\",\"target\":[\"https:\/\/fomentmolins.cat\/es\/gran-exito-en-el-foment-con-el-favor\/#respond\"]}]},{\"@type\":\"WebPage\",\"@id\":\"https:\/\/fomentmolins.cat\/es\/gran-exito-en-el-foment-con-el-favor\/\",\"url\":\"https:\/\/fomentmolins.cat\/es\/gran-exito-en-el-foment-con-el-favor\/\",\"name\":\"Gran \u00e9xito en el Foment con \\\"EL FAVOR\\\" - Foment Molins Cultural\",\"isPartOf\":{\"@id\":\"https:\/\/fomentmolins.cat\/es\/#website\"},\"primaryImageOfPage\":{\"@id\":\"https:\/\/fomentmolins.cat\/es\/gran-exito-en-el-foment-con-el-favor\/#primaryimage\"},\"image\":{\"@id\":\"https:\/\/fomentmolins.cat\/es\/gran-exito-en-el-foment-con-el-favor\/#primaryimage\"},\"thumbnailUrl\":\"https:\/\/fomentmolins.cat\/wp-content\/uploads\/2024\/09\/WhatsApp-Image-2024-09-16-at-08.34.40.jpeg\",\"datePublished\":\"2024-09-17T14:19:05+00:00\",\"dateModified\":\"2024-09-17T14:24:24+00:00\",\"author\":{\"@id\":\"https:\/\/fomentmolins.cat\/es\/#\/schema\/person\/97c5658972a2b117e786bb3154a4797f\"},\"description\":\"Gran \u00e9xito en el Foment con \\\"EL FAVOR\\\". El pasado fin de semana, Foment vivi\u00f3 un evento excepcional con la representaci\u00f3n de la obra \\\"EL FAVOR\\\".\",\"breadcrumb\":{\"@id\":\"https:\/\/fomentmolins.cat\/es\/gran-exito-en-el-foment-con-el-favor\/#breadcrumb\"},\"inLanguage\":\"es\",\"potentialAction\":[{\"@type\":\"ReadAction\",\"target\":[\"https:\/\/fomentmolins.cat\/es\/gran-exito-en-el-foment-con-el-favor\/\"]}]},{\"@type\":\"ImageObject\",\"inLanguage\":\"es\",\"@id\":\"https:\/\/fomentmolins.cat\/es\/gran-exito-en-el-foment-con-el-favor\/#primaryimage\",\"url\":\"https:\/\/fomentmolins.cat\/wp-content\/uploads\/2024\/09\/WhatsApp-Image-2024-09-16-at-08.34.40.jpeg\",\"contentUrl\":\"https:\/\/fomentmolins.cat\/wp-content\/uploads\/2024\/09\/WhatsApp-Image-2024-09-16-at-08.34.40.jpeg\",\"width\":2048,\"height\":1153},{\"@type\":\"BreadcrumbList\",\"@id\":\"https:\/\/fomentmolins.cat\/es\/gran-exito-en-el-foment-con-el-favor\/#breadcrumb\",\"itemListElement\":[{\"@type\":\"ListItem\",\"position\":1,\"name\":\"Portada\",\"item\":\"https:\/\/fomentmolins.cat\/es\/\"},{\"@type\":\"ListItem\",\"position\":2,\"name\":\"Gran \u00e9xito en el Foment con &#8220;EL FAVOR&#8221;\"}]},{\"@type\":\"WebSite\",\"@id\":\"https:\/\/fomentmolins.cat\/es\/#website\",\"url\":\"https:\/\/fomentmolins.cat\/es\/\",\"name\":\"Foment Molins Cultural\",\"description\":\"\",\"potentialAction\":[{\"@type\":\"SearchAction\",\"target\":{\"@type\":\"EntryPoint\",\"urlTemplate\":\"https:\/\/fomentmolins.cat\/es\/?s={search_term_string}\"},\"query-input\":{\"@type\":\"PropertyValueSpecification\",\"valueRequired\":true,\"valueName\":\"search_term_string\"}}],\"inLanguage\":\"es\"},{\"@type\":\"Person\",\"@id\":\"https:\/\/fomentmolins.cat\/es\/#\/schema\/person\/97c5658972a2b117e786bb3154a4797f\",\"name\":\"Foment Cultural i Art\u00edstic\",\"image\":{\"@type\":\"ImageObject\",\"inLanguage\":\"es\",\"@id\":\"https:\/\/secure.gravatar.com\/avatar\/6afa5d00109ab0ad887a3ebd7df8de0143713162a231800a3e1ba59eb8d2dba8?s=96&d=mm&r=g\",\"url\":\"https:\/\/secure.gravatar.com\/avatar\/6afa5d00109ab0ad887a3ebd7df8de0143713162a231800a3e1ba59eb8d2dba8?s=96&d=mm&r=g\",\"contentUrl\":\"https:\/\/secure.gravatar.com\/avatar\/6afa5d00109ab0ad887a3ebd7df8de0143713162a231800a3e1ba59eb8d2dba8?s=96&d=mm&r=g\",\"caption\":\"Foment Cultural i Art\u00edstic\"},\"url\":\"https:\/\/fomentmolins.cat\/es\/author\/soki_foment\/\"}]}<\/script>\n<!-- \/ Yoast SEO plugin. -->","yoast_head_json":{"title":"Gran \u00e9xito en el Foment con \"EL FAVOR\" - Foment Molins Cultural","description":"Gran \u00e9xito en el Foment con \"EL FAVOR\". El pasado fin de semana, Foment vivi\u00f3 un evento excepcional con la representaci\u00f3n de la obra \"EL FAVOR\".","robots":{"index":"index","follow":"follow","max-snippet":"max-snippet:-1","max-image-preview":"max-image-preview:large","max-video-preview":"max-video-preview:-1"},"canonical":"https:\/\/fomentmolins.cat\/es\/gran-exito-en-el-foment-con-el-favor\/","og_locale":"es_ES","og_type":"article","og_title":"Gran \u00e9xito en el Foment con \"EL FAVOR\" - Foment Molins Cultural","og_description":"Gran \u00e9xito en el Foment con \"EL FAVOR\". El pasado fin de semana, Foment vivi\u00f3 un evento excepcional con la representaci\u00f3n de la obra \"EL FAVOR\".","og_url":"https:\/\/fomentmolins.cat\/es\/gran-exito-en-el-foment-con-el-favor\/","og_site_name":"Foment Molins Cultural","article_published_time":"2024-09-17T14:19:05+00:00","article_modified_time":"2024-09-17T14:24:24+00:00","og_image":[{"width":2048,"height":1153,"url":"https:\/\/fomentmolins.cat\/wp-content\/uploads\/2024\/09\/WhatsApp-Image-2024-09-16-at-08.34.40.jpeg","type":"image\/jpeg"}],"author":"Foment Cultural i Art\u00edstic","twitter_card":"summary_large_image","twitter_misc":{"Escrito por":"Foment Cultural i Art\u00edstic","Tiempo de lectura":"1 minuto"},"schema":{"@context":"https:\/\/schema.org","@graph":[{"@type":"Article","@id":"https:\/\/fomentmolins.cat\/es\/gran-exito-en-el-foment-con-el-favor\/#article","isPartOf":{"@id":"https:\/\/fomentmolins.cat\/es\/gran-exito-en-el-foment-con-el-favor\/"},"author":{"name":"Foment Cultural i Art\u00edstic","@id":"https:\/\/fomentmolins.cat\/es\/#\/schema\/person\/97c5658972a2b117e786bb3154a4797f"},"headline":"Gran \u00e9xito en el Foment con \u00abEL FAVOR\u00bb","datePublished":"2024-09-17T14:19:05+00:00","dateModified":"2024-09-17T14:24:24+00:00","mainEntityOfPage":{"@id":"https:\/\/fomentmolins.cat\/es\/gran-exito-en-el-foment-con-el-favor\/"},"wordCount":248,"commentCount":0,"image":{"@id":"https:\/\/fomentmolins.cat\/es\/gran-exito-en-el-foment-con-el-favor\/#primaryimage"},"thumbnailUrl":"https:\/\/fomentmolins.cat\/wp-content\/uploads\/2024\/09\/WhatsApp-Image-2024-09-16-at-08.34.40.jpeg","keywords":["Teatro"],"articleSection":["Teatro"],"inLanguage":"es","potentialAction":[{"@type":"CommentAction","name":"Comment","target":["https:\/\/fomentmolins.cat\/es\/gran-exito-en-el-foment-con-el-favor\/#respond"]}]},{"@type":"WebPage","@id":"https:\/\/fomentmolins.cat\/es\/gran-exito-en-el-foment-con-el-favor\/","url":"https:\/\/fomentmolins.cat\/es\/gran-exito-en-el-foment-con-el-favor\/","name":"Gran \u00e9xito en el Foment con \"EL FAVOR\" - Foment Molins Cultural","isPartOf":{"@id":"https:\/\/fomentmolins.cat\/es\/#website"},"primaryImageOfPage":{"@id":"https:\/\/fomentmolins.cat\/es\/gran-exito-en-el-foment-con-el-favor\/#primaryimage"},"image":{"@id":"https:\/\/fomentmolins.cat\/es\/gran-exito-en-el-foment-con-el-favor\/#primaryimage"},"thumbnailUrl":"https:\/\/fomentmolins.cat\/wp-content\/uploads\/2024\/09\/WhatsApp-Image-2024-09-16-at-08.34.40.jpeg","datePublished":"2024-09-17T14:19:05+00:00","dateModified":"2024-09-17T14:24:24+00:00","author":{"@id":"https:\/\/fomentmolins.cat\/es\/#\/schema\/person\/97c5658972a2b117e786bb3154a4797f"},"description":"Gran \u00e9xito en el Foment con \"EL FAVOR\". El pasado fin de semana, Foment vivi\u00f3 un evento excepcional con la representaci\u00f3n de la obra \"EL FAVOR\".","breadcrumb":{"@id":"https:\/\/fomentmolins.cat\/es\/gran-exito-en-el-foment-con-el-favor\/#breadcrumb"},"inLanguage":"es","potentialAction":[{"@type":"ReadAction","target":["https:\/\/fomentmolins.cat\/es\/gran-exito-en-el-foment-con-el-favor\/"]}]},{"@type":"ImageObject","inLanguage":"es","@id":"https:\/\/fomentmolins.cat\/es\/gran-exito-en-el-foment-con-el-favor\/#primaryimage","url":"https:\/\/fomentmolins.cat\/wp-content\/uploads\/2024\/09\/WhatsApp-Image-2024-09-16-at-08.34.40.jpeg","contentUrl":"https:\/\/fomentmolins.cat\/wp-content\/uploads\/2024\/09\/WhatsApp-Image-2024-09-16-at-08.34.40.jpeg","width":2048,"height":1153},{"@type":"BreadcrumbList","@id":"https:\/\/fomentmolins.cat\/es\/gran-exito-en-el-foment-con-el-favor\/#breadcrumb","itemListElement":[{"@type":"ListItem","position":1,"name":"Portada","item":"https:\/\/fomentmolins.cat\/es\/"},{"@type":"ListItem","position":2,"name":"Gran \u00e9xito en el Foment con &#8220;EL FAVOR&#8221;"}]},{"@type":"WebSite","@id":"https:\/\/fomentmolins.cat\/es\/#website","url":"https:\/\/fomentmolins.cat\/es\/","name":"Foment Molins Cultural","description":"","potentialAction":[{"@type":"SearchAction","target":{"@type":"EntryPoint","urlTemplate":"https:\/\/fomentmolins.cat\/es\/?s={search_term_string}"},"query-input":{"@type":"PropertyValueSpecification","valueRequired":true,"valueName":"search_term_string"}}],"inLanguage":"es"},{"@type":"Person","@id":"https:\/\/fomentmolins.cat\/es\/#\/schema\/person\/97c5658972a2b117e786bb3154a4797f","name":"Foment Cultural i Art\u00edstic","image":{"@type":"ImageObject","inLanguage":"es","@id":"https:\/\/secure.gravatar.com\/avatar\/6afa5d00109ab0ad887a3ebd7df8de0143713162a231800a3e1ba59eb8d2dba8?s=96&d=mm&r=g","url":"https:\/\/secure.gravatar.com\/avatar\/6afa5d00109ab0ad887a3ebd7df8de0143713162a231800a3e1ba59eb8d2dba8?s=96&d=mm&r=g","contentUrl":"https:\/\/secure.gravatar.com\/avatar\/6afa5d00109ab0ad887a3ebd7df8de0143713162a231800a3e1ba59eb8d2dba8?s=96&d=mm&r=g","caption":"Foment Cultural i Art\u00edstic"},"url":"https:\/\/fomentmolins.cat\/es\/author\/soki_foment\/"}]}},"_links":{"self":[{"href":"https:\/\/fomentmolins.cat\/es\/wp-json\/wp\/v2\/posts\/2555","targetHints":{"allow":["GET"]}}],"collection":[{"href":"https:\/\/fomentmolins.cat\/es\/wp-json\/wp\/v2\/posts"}],"about":[{"href":"https:\/\/fomentmolins.cat\/es\/wp-json\/wp\/v2\/types\/post"}],"author":[{"embeddable":true,"href":"https:\/\/fomentmolins.cat\/es\/wp-json\/wp\/v2\/users\/6"}],"replies":[{"embeddable":true,"href":"https:\/\/fomentmolins.cat\/es\/wp-json\/wp\/v2\/comments?post=2555"}],"version-history":[{"count":1,"href":"https:\/\/fomentmolins.cat\/es\/wp-json\/wp\/v2\/posts\/2555\/revisions"}],"predecessor-version":[{"id":2556,"href":"https:\/\/fomentmolins.cat\/es\/wp-json\/wp\/v2\/posts\/2555\/revisions\/2556"}],"wp:featuredmedia":[{"embeddable":true,"href":"https:\/\/fomentmolins.cat\/es\/wp-json\/wp\/v2\/media\/2545"}],"wp:attachment":[{"href":"https:\/\/fomentmolins.cat\/es\/wp-json\/wp\/v2\/media?parent=2555"}],"wp:term":[{"taxonomy":"category","embeddable":true,"href":"https:\/\/fomentmolins.cat\/es\/wp-json\/wp\/v2\/categories?post=2555"},{"taxonomy":"post_tag","embeddable":true,"href":"https:\/\/fomentmolins.cat\/es\/wp-json\/wp\/v2\/tags?post=2555"}],"curies":[{"name":"wp","href":"https:\/\/api.w.org\/{rel}","templated":true}]}}