{"id":2586,"date":"2024-09-25T11:37:32","date_gmt":"2024-09-25T09:37:32","guid":{"rendered":"https:\/\/fomentmolins.cat\/emociones-a-flor-de-piel-con-geronimo-rauch\/"},"modified":"2024-09-25T11:59:43","modified_gmt":"2024-09-25T09:59:43","slug":"emociones-a-flor-de-piel-con-geronimo-rauch","status":"publish","type":"post","link":"https:\/\/fomentmolins.cat\/es\/emociones-a-flor-de-piel-con-geronimo-rauch\/","title":{"rendered":"Emociones a flor de piel con Ger\u00f3nimo Rauch."},"content":{"rendered":"\n<p>El pasado fin de semana, el Fomento Cultural y Art\u00edstico de Molins de Rei tuvo el honor de recibir al talentoso Ger\u00f3nimo Rauch, quien brind\u00f3 una actuaci\u00f3n inolvidable que cautiv\u00f3 a todos los presentes. Con una voz poderosa y una presencia esc\u00e9nica impactante, Rauch logr\u00f3 que el p\u00fablico experimentara un abanico de emociones, desde la alegr\u00eda hasta la melancol\u00eda, creando una conexi\u00f3n \u00edntima y emotiva con cada espectador. <\/p>\n\n<p>Su actuaci\u00f3n no s\u00f3lo fue un espect\u00e1culo musical de gran calidad, sino que tambi\u00e9n signific\u00f3 un intercambio cultural de alta significaci\u00f3n. A trav\u00e9s de su m\u00fasica, Ger\u00f3nimo Rauch transmiti\u00f3 historias y sentimientos que resonaron en el coraz\u00f3n de muchos, record\u00e1ndonos la capacidad de la cultura para unirnos y enriquecer nuestras vidas. Este tipo de eventos son fundamentales para mantener viva la llama de la cultura y fomentar el di\u00e1logo entre artistas y comunidades, aportando gran riqueza al tejido cultural local.  <\/p>\n\n<p>Queremos expresar nuestro m\u00e1s sincero agradecimiento a Ger\u00f3nimo Rauch por haber compartido su talento con nosotros y por haber contribuido a hacer de esta velada una experiencia \u00fanica e inolvidable. Su paso por el Fomento Cultural y Art\u00edstico ha dejado una huella duradera, y esperamos que \u00e9sta sea tan s\u00f3lo la primera de muchas visitas futuras. Gracias a Ger\u00f3nimo ya todos los que hicieron posible este encuentro, seguiremos trabajando para traer m\u00e1s momentos m\u00e1gicos a nuestra comunidad.  <\/p>\n\n<figure class=\"wp-block-gallery has-nested-images columns-default is-cropped wp-block-gallery-1 is-layout-flex wp-block-gallery-is-layout-flex\">\n<figure class=\"wp-block-image size-large\"><img loading=\"lazy\" decoding=\"async\" width=\"1024\" height=\"683\" data-id=\"2572\" src=\"https:\/\/fomentmolins.cat\/wp-content\/uploads\/2024\/09\/WhatsApp-Image-2024-09-24-at-19.08.46-1-1024x683.jpeg\" alt=\"\" class=\"wp-image-2572\" srcset=\"https:\/\/fomentmolins.cat\/wp-content\/uploads\/2024\/09\/WhatsApp-Image-2024-09-24-at-19.08.46-1-1024x683.jpeg 1024w, https:\/\/fomentmolins.cat\/wp-content\/uploads\/2024\/09\/WhatsApp-Image-2024-09-24-at-19.08.46-1-300x200.jpeg 300w, https:\/\/fomentmolins.cat\/wp-content\/uploads\/2024\/09\/WhatsApp-Image-2024-09-24-at-19.08.46-1-768x512.jpeg 768w, https:\/\/fomentmolins.cat\/wp-content\/uploads\/2024\/09\/WhatsApp-Image-2024-09-24-at-19.08.46-1-1536x1024.jpeg 1536w, https:\/\/fomentmolins.cat\/wp-content\/uploads\/2024\/09\/WhatsApp-Image-2024-09-24-at-19.08.46-1.jpeg 2048w\" sizes=\"auto, (max-width: 1024px) 100vw, 1024px\" \/><\/figure>\n\n\n\n<figure class=\"wp-block-image size-large\"><img loading=\"lazy\" decoding=\"async\" width=\"683\" height=\"1024\" data-id=\"2573\" src=\"https:\/\/fomentmolins.cat\/wp-content\/uploads\/2024\/09\/WhatsApp-Image-2024-09-24-at-19.08.46-2-683x1024.jpeg\" alt=\"\" class=\"wp-image-2573\" srcset=\"https:\/\/fomentmolins.cat\/wp-content\/uploads\/2024\/09\/WhatsApp-Image-2024-09-24-at-19.08.46-2-683x1024.jpeg 683w, https:\/\/fomentmolins.cat\/wp-content\/uploads\/2024\/09\/WhatsApp-Image-2024-09-24-at-19.08.46-2-200x300.jpeg 200w, https:\/\/fomentmolins.cat\/wp-content\/uploads\/2024\/09\/WhatsApp-Image-2024-09-24-at-19.08.46-2-768x1152.jpeg 768w, https:\/\/fomentmolins.cat\/wp-content\/uploads\/2024\/09\/WhatsApp-Image-2024-09-24-at-19.08.46-2-1024x1536.jpeg 1024w, https:\/\/fomentmolins.cat\/wp-content\/uploads\/2024\/09\/WhatsApp-Image-2024-09-24-at-19.08.46-2.jpeg 1365w\" sizes=\"auto, (max-width: 683px) 100vw, 683px\" \/><\/figure>\n\n\n\n<figure class=\"wp-block-image size-large\"><img loading=\"lazy\" decoding=\"async\" width=\"683\" height=\"1024\" data-id=\"2560\" src=\"https:\/\/fomentmolins.cat\/wp-content\/uploads\/2024\/09\/WhatsApp-Image-2024-09-24-at-19.08.46-3-683x1024.jpeg\" alt=\"\" class=\"wp-image-2560\" srcset=\"https:\/\/fomentmolins.cat\/wp-content\/uploads\/2024\/09\/WhatsApp-Image-2024-09-24-at-19.08.46-3-683x1024.jpeg 683w, https:\/\/fomentmolins.cat\/wp-content\/uploads\/2024\/09\/WhatsApp-Image-2024-09-24-at-19.08.46-3-200x300.jpeg 200w, https:\/\/fomentmolins.cat\/wp-content\/uploads\/2024\/09\/WhatsApp-Image-2024-09-24-at-19.08.46-3-768x1152.jpeg 768w, https:\/\/fomentmolins.cat\/wp-content\/uploads\/2024\/09\/WhatsApp-Image-2024-09-24-at-19.08.46-3-1024x1536.jpeg 1024w, https:\/\/fomentmolins.cat\/wp-content\/uploads\/2024\/09\/WhatsApp-Image-2024-09-24-at-19.08.46-3.jpeg 1365w\" sizes=\"auto, (max-width: 683px) 100vw, 683px\" \/><\/figure>\n\n\n\n<figure class=\"wp-block-image size-large\"><img loading=\"lazy\" decoding=\"async\" width=\"1024\" height=\"683\" data-id=\"2569\" src=\"https:\/\/fomentmolins.cat\/wp-content\/uploads\/2024\/09\/WhatsApp-Image-2024-09-24-at-19.08.46-4-1024x683.jpeg\" alt=\"\" class=\"wp-image-2569\" srcset=\"https:\/\/fomentmolins.cat\/wp-content\/uploads\/2024\/09\/WhatsApp-Image-2024-09-24-at-19.08.46-4-1024x683.jpeg 1024w, https:\/\/fomentmolins.cat\/wp-content\/uploads\/2024\/09\/WhatsApp-Image-2024-09-24-at-19.08.46-4-300x200.jpeg 300w, https:\/\/fomentmolins.cat\/wp-content\/uploads\/2024\/09\/WhatsApp-Image-2024-09-24-at-19.08.46-4-768x512.jpeg 768w, https:\/\/fomentmolins.cat\/wp-content\/uploads\/2024\/09\/WhatsApp-Image-2024-09-24-at-19.08.46-4-1536x1024.jpeg 1536w, https:\/\/fomentmolins.cat\/wp-content\/uploads\/2024\/09\/WhatsApp-Image-2024-09-24-at-19.08.46-4.jpeg 2048w\" sizes=\"auto, (max-width: 1024px) 100vw, 1024px\" \/><\/figure>\n\n\n\n<figure class=\"wp-block-image size-large\"><img loading=\"lazy\" decoding=\"async\" width=\"1024\" height=\"683\" data-id=\"2567\" src=\"https:\/\/fomentmolins.cat\/wp-content\/uploads\/2024\/09\/WhatsApp-Image-2024-09-24-at-19.08.46-1024x683.jpeg\" alt=\"\" class=\"wp-image-2567\" srcset=\"https:\/\/fomentmolins.cat\/wp-content\/uploads\/2024\/09\/WhatsApp-Image-2024-09-24-at-19.08.46-1024x683.jpeg 1024w, https:\/\/fomentmolins.cat\/wp-content\/uploads\/2024\/09\/WhatsApp-Image-2024-09-24-at-19.08.46-300x200.jpeg 300w, https:\/\/fomentmolins.cat\/wp-content\/uploads\/2024\/09\/WhatsApp-Image-2024-09-24-at-19.08.46-768x512.jpeg 768w, https:\/\/fomentmolins.cat\/wp-content\/uploads\/2024\/09\/WhatsApp-Image-2024-09-24-at-19.08.46-1536x1024.jpeg 1536w, https:\/\/fomentmolins.cat\/wp-content\/uploads\/2024\/09\/WhatsApp-Image-2024-09-24-at-19.08.46.jpeg 2048w\" sizes=\"auto, (max-width: 1024px) 100vw, 1024px\" \/><\/figure>\n\n\n\n<figure class=\"wp-block-image size-large\"><img loading=\"lazy\" decoding=\"async\" width=\"1024\" height=\"683\" data-id=\"2580\" src=\"https:\/\/fomentmolins.cat\/wp-content\/uploads\/2024\/09\/WhatsApp-Image-2024-09-24-at-19.08.47-1-1024x683.jpeg\" alt=\"\" class=\"wp-image-2580\" srcset=\"https:\/\/fomentmolins.cat\/wp-content\/uploads\/2024\/09\/WhatsApp-Image-2024-09-24-at-19.08.47-1-1024x683.jpeg 1024w, https:\/\/fomentmolins.cat\/wp-content\/uploads\/2024\/09\/WhatsApp-Image-2024-09-24-at-19.08.47-1-300x200.jpeg 300w, https:\/\/fomentmolins.cat\/wp-content\/uploads\/2024\/09\/WhatsApp-Image-2024-09-24-at-19.08.47-1-768x512.jpeg 768w, https:\/\/fomentmolins.cat\/wp-content\/uploads\/2024\/09\/WhatsApp-Image-2024-09-24-at-19.08.47-1-1536x1024.jpeg 1536w, https:\/\/fomentmolins.cat\/wp-content\/uploads\/2024\/09\/WhatsApp-Image-2024-09-24-at-19.08.47-1.jpeg 2048w\" sizes=\"auto, (max-width: 1024px) 100vw, 1024px\" \/><\/figure>\n\n\n\n<figure class=\"wp-block-image size-large\"><img loading=\"lazy\" decoding=\"async\" width=\"1024\" height=\"683\" data-id=\"2566\" src=\"https:\/\/fomentmolins.cat\/wp-content\/uploads\/2024\/09\/WhatsApp-Image-2024-09-24-at-19.08.47-2-1024x683.jpeg\" alt=\"\" class=\"wp-image-2566\" srcset=\"https:\/\/fomentmolins.cat\/wp-content\/uploads\/2024\/09\/WhatsApp-Image-2024-09-24-at-19.08.47-2-1024x683.jpeg 1024w, https:\/\/fomentmolins.cat\/wp-content\/uploads\/2024\/09\/WhatsApp-Image-2024-09-24-at-19.08.47-2-300x200.jpeg 300w, https:\/\/fomentmolins.cat\/wp-content\/uploads\/2024\/09\/WhatsApp-Image-2024-09-24-at-19.08.47-2-768x512.jpeg 768w, https:\/\/fomentmolins.cat\/wp-content\/uploads\/2024\/09\/WhatsApp-Image-2024-09-24-at-19.08.47-2-1536x1024.jpeg 1536w, https:\/\/fomentmolins.cat\/wp-content\/uploads\/2024\/09\/WhatsApp-Image-2024-09-24-at-19.08.47-2.jpeg 2048w\" sizes=\"auto, (max-width: 1024px) 100vw, 1024px\" \/><\/figure>\n\n\n\n<figure class=\"wp-block-image size-large\"><img loading=\"lazy\" decoding=\"async\" width=\"1024\" height=\"683\" data-id=\"2582\" src=\"https:\/\/fomentmolins.cat\/wp-content\/uploads\/2024\/09\/WhatsApp-Image-2024-09-24-at-19.08.47-3-1024x683.jpeg\" alt=\"\" class=\"wp-image-2582\" srcset=\"https:\/\/fomentmolins.cat\/wp-content\/uploads\/2024\/09\/WhatsApp-Image-2024-09-24-at-19.08.47-3-1024x683.jpeg 1024w, https:\/\/fomentmolins.cat\/wp-content\/uploads\/2024\/09\/WhatsApp-Image-2024-09-24-at-19.08.47-3-300x200.jpeg 300w, https:\/\/fomentmolins.cat\/wp-content\/uploads\/2024\/09\/WhatsApp-Image-2024-09-24-at-19.08.47-3-768x512.jpeg 768w, https:\/\/fomentmolins.cat\/wp-content\/uploads\/2024\/09\/WhatsApp-Image-2024-09-24-at-19.08.47-3-1536x1024.jpeg 1536w, https:\/\/fomentmolins.cat\/wp-content\/uploads\/2024\/09\/WhatsApp-Image-2024-09-24-at-19.08.47-3.jpeg 2048w\" sizes=\"auto, (max-width: 1024px) 100vw, 1024px\" \/><\/figure>\n\n\n\n<figure class=\"wp-block-image size-large\"><img loading=\"lazy\" decoding=\"async\" width=\"1024\" height=\"683\" data-id=\"2563\" src=\"https:\/\/fomentmolins.cat\/wp-content\/uploads\/2024\/09\/WhatsApp-Image-2024-09-24-at-19.08.47-4-1024x683.jpeg\" alt=\"\" class=\"wp-image-2563\" srcset=\"https:\/\/fomentmolins.cat\/wp-content\/uploads\/2024\/09\/WhatsApp-Image-2024-09-24-at-19.08.47-4-1024x683.jpeg 1024w, https:\/\/fomentmolins.cat\/wp-content\/uploads\/2024\/09\/WhatsApp-Image-2024-09-24-at-19.08.47-4-300x200.jpeg 300w, https:\/\/fomentmolins.cat\/wp-content\/uploads\/2024\/09\/WhatsApp-Image-2024-09-24-at-19.08.47-4-768x512.jpeg 768w, https:\/\/fomentmolins.cat\/wp-content\/uploads\/2024\/09\/WhatsApp-Image-2024-09-24-at-19.08.47-4-1536x1024.jpeg 1536w, https:\/\/fomentmolins.cat\/wp-content\/uploads\/2024\/09\/WhatsApp-Image-2024-09-24-at-19.08.47-4.jpeg 2048w\" sizes=\"auto, (max-width: 1024px) 100vw, 1024px\" \/><\/figure>\n\n\n\n<figure class=\"wp-block-image size-large\"><img loading=\"lazy\" decoding=\"async\" width=\"1024\" height=\"683\" data-id=\"2578\" src=\"https:\/\/fomentmolins.cat\/wp-content\/uploads\/2024\/09\/WhatsApp-Image-2024-09-24-at-19.08.47-1024x683.jpeg\" alt=\"\" class=\"wp-image-2578\" srcset=\"https:\/\/fomentmolins.cat\/wp-content\/uploads\/2024\/09\/WhatsApp-Image-2024-09-24-at-19.08.47-1024x683.jpeg 1024w, https:\/\/fomentmolins.cat\/wp-content\/uploads\/2024\/09\/WhatsApp-Image-2024-09-24-at-19.08.47-300x200.jpeg 300w, https:\/\/fomentmolins.cat\/wp-content\/uploads\/2024\/09\/WhatsApp-Image-2024-09-24-at-19.08.47-768x512.jpeg 768w, https:\/\/fomentmolins.cat\/wp-content\/uploads\/2024\/09\/WhatsApp-Image-2024-09-24-at-19.08.47-1536x1024.jpeg 1536w, https:\/\/fomentmolins.cat\/wp-content\/uploads\/2024\/09\/WhatsApp-Image-2024-09-24-at-19.08.47.jpeg 2048w\" sizes=\"auto, (max-width: 1024px) 100vw, 1024px\" \/><\/figure>\n\n\n\n<figure class=\"wp-block-image size-large\"><img loading=\"lazy\" decoding=\"async\" width=\"1024\" height=\"683\" data-id=\"2565\" src=\"https:\/\/fomentmolins.cat\/wp-content\/uploads\/2024\/09\/WhatsApp-Image-2024-09-24-at-19.08.48-1-1024x683.jpeg\" alt=\"\" class=\"wp-image-2565\" srcset=\"https:\/\/fomentmolins.cat\/wp-content\/uploads\/2024\/09\/WhatsApp-Image-2024-09-24-at-19.08.48-1-1024x683.jpeg 1024w, https:\/\/fomentmolins.cat\/wp-content\/uploads\/2024\/09\/WhatsApp-Image-2024-09-24-at-19.08.48-1-300x200.jpeg 300w, https:\/\/fomentmolins.cat\/wp-content\/uploads\/2024\/09\/WhatsApp-Image-2024-09-24-at-19.08.48-1-768x512.jpeg 768w, https:\/\/fomentmolins.cat\/wp-content\/uploads\/2024\/09\/WhatsApp-Image-2024-09-24-at-19.08.48-1-1536x1024.jpeg 1536w, https:\/\/fomentmolins.cat\/wp-content\/uploads\/2024\/09\/WhatsApp-Image-2024-09-24-at-19.08.48-1.jpeg 2048w\" sizes=\"auto, (max-width: 1024px) 100vw, 1024px\" \/><\/figure>\n\n\n\n<figure class=\"wp-block-image size-large\"><img loading=\"lazy\" decoding=\"async\" width=\"1024\" height=\"683\" data-id=\"2559\" src=\"https:\/\/fomentmolins.cat\/wp-content\/uploads\/2024\/09\/WhatsApp-Image-2024-09-24-at-19.08.48-2-1024x683.jpeg\" alt=\"\" class=\"wp-image-2559\" srcset=\"https:\/\/fomentmolins.cat\/wp-content\/uploads\/2024\/09\/WhatsApp-Image-2024-09-24-at-19.08.48-2-1024x683.jpeg 1024w, https:\/\/fomentmolins.cat\/wp-content\/uploads\/2024\/09\/WhatsApp-Image-2024-09-24-at-19.08.48-2-300x200.jpeg 300w, https:\/\/fomentmolins.cat\/wp-content\/uploads\/2024\/09\/WhatsApp-Image-2024-09-24-at-19.08.48-2-768x512.jpeg 768w, https:\/\/fomentmolins.cat\/wp-content\/uploads\/2024\/09\/WhatsApp-Image-2024-09-24-at-19.08.48-2-1536x1024.jpeg 1536w, https:\/\/fomentmolins.cat\/wp-content\/uploads\/2024\/09\/WhatsApp-Image-2024-09-24-at-19.08.48-2.jpeg 2048w\" sizes=\"auto, (max-width: 1024px) 100vw, 1024px\" \/><\/figure>\n\n\n\n<figure class=\"wp-block-image size-large\"><img loading=\"lazy\" decoding=\"async\" width=\"1024\" height=\"683\" data-id=\"2576\" src=\"https:\/\/fomentmolins.cat\/wp-content\/uploads\/2024\/09\/WhatsApp-Image-2024-09-24-at-19.08.48-1024x683.jpeg\" alt=\"\" class=\"wp-image-2576\" srcset=\"https:\/\/fomentmolins.cat\/wp-content\/uploads\/2024\/09\/WhatsApp-Image-2024-09-24-at-19.08.48-1024x683.jpeg 1024w, https:\/\/fomentmolins.cat\/wp-content\/uploads\/2024\/09\/WhatsApp-Image-2024-09-24-at-19.08.48-300x200.jpeg 300w, https:\/\/fomentmolins.cat\/wp-content\/uploads\/2024\/09\/WhatsApp-Image-2024-09-24-at-19.08.48-768x512.jpeg 768w, https:\/\/fomentmolins.cat\/wp-content\/uploads\/2024\/09\/WhatsApp-Image-2024-09-24-at-19.08.48-1536x1024.jpeg 1536w, https:\/\/fomentmolins.cat\/wp-content\/uploads\/2024\/09\/WhatsApp-Image-2024-09-24-at-19.08.48.jpeg 2048w\" sizes=\"auto, (max-width: 1024px) 100vw, 1024px\" \/><\/figure>\n<\/figure>\n","protected":false},"excerpt":{"rendered":"<p>A trav\u00e9s de su m\u00fasica, Ger\u00f3nimo Rauch transmiti\u00f3 historias y sentimientos que resonaron en el coraz\u00f3n de muchos.<\/p>\n","protected":false},"author":6,"featured_media":2568,"comment_status":"open","ping_status":"closed","sticky":false,"template":"","format":"standard","meta":{"inline_featured_image":false,"footnotes":""},"categories":[69],"tags":[88],"class_list":["post-2586","post","type-post","status-publish","format-standard","has-post-thumbnail","hentry","category-musica-es","tag-el-fomento"],"yoast_head":"<!-- This site is optimized with the Yoast SEO plugin v27.2 - https:\/\/yoast.com\/product\/yoast-seo-wordpress\/ -->\n<title>Emociones a flor de piel con Ger\u00f3nimo Rauch. - Foment Molins Cultural<\/title>\n<meta name=\"description\" content=\"Emociones a flor de piel con Ger\u00f3nimo Rauch.\" \/>\n<meta name=\"robots\" content=\"index, follow, max-snippet:-1, max-image-preview:large, max-video-preview:-1\" \/>\n<link rel=\"canonical\" href=\"https:\/\/fomentmolins.cat\/es\/emociones-a-flor-de-piel-con-geronimo-rauch\/\" \/>\n<meta property=\"og:locale\" content=\"es_ES\" \/>\n<meta property=\"og:type\" content=\"article\" \/>\n<meta property=\"og:title\" content=\"Emociones a flor de piel con Ger\u00f3nimo Rauch. - Foment Molins Cultural\" \/>\n<meta property=\"og:description\" content=\"Emociones a flor de piel con Ger\u00f3nimo Rauch.\" \/>\n<meta property=\"og:url\" content=\"https:\/\/fomentmolins.cat\/es\/emociones-a-flor-de-piel-con-geronimo-rauch\/\" \/>\n<meta property=\"og:site_name\" content=\"Foment Molins Cultural\" \/>\n<meta property=\"article:published_time\" content=\"2024-09-25T09:37:32+00:00\" \/>\n<meta property=\"article:modified_time\" content=\"2024-09-25T09:59:43+00:00\" \/>\n<meta property=\"og:image\" content=\"https:\/\/fomentmolins.cat\/wp-content\/uploads\/2024\/09\/WhatsApp-Image-2024-09-24-at-19.08.48-1.jpeg\" \/>\n\t<meta property=\"og:image:width\" content=\"2048\" \/>\n\t<meta property=\"og:image:height\" content=\"1365\" \/>\n\t<meta property=\"og:image:type\" content=\"image\/jpeg\" \/>\n<meta name=\"author\" content=\"Foment Cultural i Art\u00edstic\" \/>\n<meta name=\"twitter:card\" content=\"summary_large_image\" \/>\n<meta name=\"twitter:label1\" content=\"Escrito por\" \/>\n\t<meta name=\"twitter:data1\" content=\"Foment Cultural i Art\u00edstic\" \/>\n\t<meta name=\"twitter:label2\" content=\"Tiempo de lectura\" \/>\n\t<meta name=\"twitter:data2\" content=\"1 minuto\" \/>\n<script type=\"application\/ld+json\" class=\"yoast-schema-graph\">{\"@context\":\"https:\/\/schema.org\",\"@graph\":[{\"@type\":\"Article\",\"@id\":\"https:\/\/fomentmolins.cat\/es\/emociones-a-flor-de-piel-con-geronimo-rauch\/#article\",\"isPartOf\":{\"@id\":\"https:\/\/fomentmolins.cat\/es\/emociones-a-flor-de-piel-con-geronimo-rauch\/\"},\"author\":{\"name\":\"Foment Cultural i Art\u00edstic\",\"@id\":\"https:\/\/fomentmolins.cat\/es\/#\/schema\/person\/97c5658972a2b117e786bb3154a4797f\"},\"headline\":\"Emociones a flor de piel con Ger\u00f3nimo Rauch.\",\"datePublished\":\"2024-09-25T09:37:32+00:00\",\"dateModified\":\"2024-09-25T09:59:43+00:00\",\"mainEntityOfPage\":{\"@id\":\"https:\/\/fomentmolins.cat\/es\/emociones-a-flor-de-piel-con-geronimo-rauch\/\"},\"wordCount\":260,\"commentCount\":0,\"image\":{\"@id\":\"https:\/\/fomentmolins.cat\/es\/emociones-a-flor-de-piel-con-geronimo-rauch\/#primaryimage\"},\"thumbnailUrl\":\"https:\/\/fomentmolins.cat\/wp-content\/uploads\/2024\/09\/WhatsApp-Image-2024-09-24-at-19.08.48-1.jpeg\",\"keywords\":[\"El Fomento\"],\"articleSection\":[\"M\u00fasica\"],\"inLanguage\":\"es\",\"potentialAction\":[{\"@type\":\"CommentAction\",\"name\":\"Comment\",\"target\":[\"https:\/\/fomentmolins.cat\/es\/emociones-a-flor-de-piel-con-geronimo-rauch\/#respond\"]}]},{\"@type\":\"WebPage\",\"@id\":\"https:\/\/fomentmolins.cat\/es\/emociones-a-flor-de-piel-con-geronimo-rauch\/\",\"url\":\"https:\/\/fomentmolins.cat\/es\/emociones-a-flor-de-piel-con-geronimo-rauch\/\",\"name\":\"Emociones a flor de piel con Ger\u00f3nimo Rauch. - Foment Molins Cultural\",\"isPartOf\":{\"@id\":\"https:\/\/fomentmolins.cat\/es\/#website\"},\"primaryImageOfPage\":{\"@id\":\"https:\/\/fomentmolins.cat\/es\/emociones-a-flor-de-piel-con-geronimo-rauch\/#primaryimage\"},\"image\":{\"@id\":\"https:\/\/fomentmolins.cat\/es\/emociones-a-flor-de-piel-con-geronimo-rauch\/#primaryimage\"},\"thumbnailUrl\":\"https:\/\/fomentmolins.cat\/wp-content\/uploads\/2024\/09\/WhatsApp-Image-2024-09-24-at-19.08.48-1.jpeg\",\"datePublished\":\"2024-09-25T09:37:32+00:00\",\"dateModified\":\"2024-09-25T09:59:43+00:00\",\"author\":{\"@id\":\"https:\/\/fomentmolins.cat\/es\/#\/schema\/person\/97c5658972a2b117e786bb3154a4797f\"},\"description\":\"Emociones a flor de piel con Ger\u00f3nimo Rauch.\",\"breadcrumb\":{\"@id\":\"https:\/\/fomentmolins.cat\/es\/emociones-a-flor-de-piel-con-geronimo-rauch\/#breadcrumb\"},\"inLanguage\":\"es\",\"potentialAction\":[{\"@type\":\"ReadAction\",\"target\":[\"https:\/\/fomentmolins.cat\/es\/emociones-a-flor-de-piel-con-geronimo-rauch\/\"]}]},{\"@type\":\"ImageObject\",\"inLanguage\":\"es\",\"@id\":\"https:\/\/fomentmolins.cat\/es\/emociones-a-flor-de-piel-con-geronimo-rauch\/#primaryimage\",\"url\":\"https:\/\/fomentmolins.cat\/wp-content\/uploads\/2024\/09\/WhatsApp-Image-2024-09-24-at-19.08.48-1.jpeg\",\"contentUrl\":\"https:\/\/fomentmolins.cat\/wp-content\/uploads\/2024\/09\/WhatsApp-Image-2024-09-24-at-19.08.48-1.jpeg\",\"width\":2048,\"height\":1365},{\"@type\":\"BreadcrumbList\",\"@id\":\"https:\/\/fomentmolins.cat\/es\/emociones-a-flor-de-piel-con-geronimo-rauch\/#breadcrumb\",\"itemListElement\":[{\"@type\":\"ListItem\",\"position\":1,\"name\":\"Portada\",\"item\":\"https:\/\/fomentmolins.cat\/es\/\"},{\"@type\":\"ListItem\",\"position\":2,\"name\":\"Emociones a flor de piel con Ger\u00f3nimo Rauch.\"}]},{\"@type\":\"WebSite\",\"@id\":\"https:\/\/fomentmolins.cat\/es\/#website\",\"url\":\"https:\/\/fomentmolins.cat\/es\/\",\"name\":\"Foment Molins Cultural\",\"description\":\"\",\"potentialAction\":[{\"@type\":\"SearchAction\",\"target\":{\"@type\":\"EntryPoint\",\"urlTemplate\":\"https:\/\/fomentmolins.cat\/es\/?s={search_term_string}\"},\"query-input\":{\"@type\":\"PropertyValueSpecification\",\"valueRequired\":true,\"valueName\":\"search_term_string\"}}],\"inLanguage\":\"es\"},{\"@type\":\"Person\",\"@id\":\"https:\/\/fomentmolins.cat\/es\/#\/schema\/person\/97c5658972a2b117e786bb3154a4797f\",\"name\":\"Foment Cultural i Art\u00edstic\",\"image\":{\"@type\":\"ImageObject\",\"inLanguage\":\"es\",\"@id\":\"https:\/\/secure.gravatar.com\/avatar\/6afa5d00109ab0ad887a3ebd7df8de0143713162a231800a3e1ba59eb8d2dba8?s=96&d=mm&r=g\",\"url\":\"https:\/\/secure.gravatar.com\/avatar\/6afa5d00109ab0ad887a3ebd7df8de0143713162a231800a3e1ba59eb8d2dba8?s=96&d=mm&r=g\",\"contentUrl\":\"https:\/\/secure.gravatar.com\/avatar\/6afa5d00109ab0ad887a3ebd7df8de0143713162a231800a3e1ba59eb8d2dba8?s=96&d=mm&r=g\",\"caption\":\"Foment Cultural i Art\u00edstic\"},\"url\":\"https:\/\/fomentmolins.cat\/es\/author\/soki_foment\/\"}]}<\/script>\n<!-- \/ Yoast SEO plugin. -->","yoast_head_json":{"title":"Emociones a flor de piel con Ger\u00f3nimo Rauch. - Foment Molins Cultural","description":"Emociones a flor de piel con Ger\u00f3nimo Rauch.","robots":{"index":"index","follow":"follow","max-snippet":"max-snippet:-1","max-image-preview":"max-image-preview:large","max-video-preview":"max-video-preview:-1"},"canonical":"https:\/\/fomentmolins.cat\/es\/emociones-a-flor-de-piel-con-geronimo-rauch\/","og_locale":"es_ES","og_type":"article","og_title":"Emociones a flor de piel con Ger\u00f3nimo Rauch. - Foment Molins Cultural","og_description":"Emociones a flor de piel con Ger\u00f3nimo Rauch.","og_url":"https:\/\/fomentmolins.cat\/es\/emociones-a-flor-de-piel-con-geronimo-rauch\/","og_site_name":"Foment Molins Cultural","article_published_time":"2024-09-25T09:37:32+00:00","article_modified_time":"2024-09-25T09:59:43+00:00","og_image":[{"width":2048,"height":1365,"url":"https:\/\/fomentmolins.cat\/wp-content\/uploads\/2024\/09\/WhatsApp-Image-2024-09-24-at-19.08.48-1.jpeg","type":"image\/jpeg"}],"author":"Foment Cultural i Art\u00edstic","twitter_card":"summary_large_image","twitter_misc":{"Escrito por":"Foment Cultural i Art\u00edstic","Tiempo de lectura":"1 minuto"},"schema":{"@context":"https:\/\/schema.org","@graph":[{"@type":"Article","@id":"https:\/\/fomentmolins.cat\/es\/emociones-a-flor-de-piel-con-geronimo-rauch\/#article","isPartOf":{"@id":"https:\/\/fomentmolins.cat\/es\/emociones-a-flor-de-piel-con-geronimo-rauch\/"},"author":{"name":"Foment Cultural i Art\u00edstic","@id":"https:\/\/fomentmolins.cat\/es\/#\/schema\/person\/97c5658972a2b117e786bb3154a4797f"},"headline":"Emociones a flor de piel con Ger\u00f3nimo Rauch.","datePublished":"2024-09-25T09:37:32+00:00","dateModified":"2024-09-25T09:59:43+00:00","mainEntityOfPage":{"@id":"https:\/\/fomentmolins.cat\/es\/emociones-a-flor-de-piel-con-geronimo-rauch\/"},"wordCount":260,"commentCount":0,"image":{"@id":"https:\/\/fomentmolins.cat\/es\/emociones-a-flor-de-piel-con-geronimo-rauch\/#primaryimage"},"thumbnailUrl":"https:\/\/fomentmolins.cat\/wp-content\/uploads\/2024\/09\/WhatsApp-Image-2024-09-24-at-19.08.48-1.jpeg","keywords":["El Fomento"],"articleSection":["M\u00fasica"],"inLanguage":"es","potentialAction":[{"@type":"CommentAction","name":"Comment","target":["https:\/\/fomentmolins.cat\/es\/emociones-a-flor-de-piel-con-geronimo-rauch\/#respond"]}]},{"@type":"WebPage","@id":"https:\/\/fomentmolins.cat\/es\/emociones-a-flor-de-piel-con-geronimo-rauch\/","url":"https:\/\/fomentmolins.cat\/es\/emociones-a-flor-de-piel-con-geronimo-rauch\/","name":"Emociones a flor de piel con Ger\u00f3nimo Rauch. - Foment Molins Cultural","isPartOf":{"@id":"https:\/\/fomentmolins.cat\/es\/#website"},"primaryImageOfPage":{"@id":"https:\/\/fomentmolins.cat\/es\/emociones-a-flor-de-piel-con-geronimo-rauch\/#primaryimage"},"image":{"@id":"https:\/\/fomentmolins.cat\/es\/emociones-a-flor-de-piel-con-geronimo-rauch\/#primaryimage"},"thumbnailUrl":"https:\/\/fomentmolins.cat\/wp-content\/uploads\/2024\/09\/WhatsApp-Image-2024-09-24-at-19.08.48-1.jpeg","datePublished":"2024-09-25T09:37:32+00:00","dateModified":"2024-09-25T09:59:43+00:00","author":{"@id":"https:\/\/fomentmolins.cat\/es\/#\/schema\/person\/97c5658972a2b117e786bb3154a4797f"},"description":"Emociones a flor de piel con Ger\u00f3nimo Rauch.","breadcrumb":{"@id":"https:\/\/fomentmolins.cat\/es\/emociones-a-flor-de-piel-con-geronimo-rauch\/#breadcrumb"},"inLanguage":"es","potentialAction":[{"@type":"ReadAction","target":["https:\/\/fomentmolins.cat\/es\/emociones-a-flor-de-piel-con-geronimo-rauch\/"]}]},{"@type":"ImageObject","inLanguage":"es","@id":"https:\/\/fomentmolins.cat\/es\/emociones-a-flor-de-piel-con-geronimo-rauch\/#primaryimage","url":"https:\/\/fomentmolins.cat\/wp-content\/uploads\/2024\/09\/WhatsApp-Image-2024-09-24-at-19.08.48-1.jpeg","contentUrl":"https:\/\/fomentmolins.cat\/wp-content\/uploads\/2024\/09\/WhatsApp-Image-2024-09-24-at-19.08.48-1.jpeg","width":2048,"height":1365},{"@type":"BreadcrumbList","@id":"https:\/\/fomentmolins.cat\/es\/emociones-a-flor-de-piel-con-geronimo-rauch\/#breadcrumb","itemListElement":[{"@type":"ListItem","position":1,"name":"Portada","item":"https:\/\/fomentmolins.cat\/es\/"},{"@type":"ListItem","position":2,"name":"Emociones a flor de piel con Ger\u00f3nimo Rauch."}]},{"@type":"WebSite","@id":"https:\/\/fomentmolins.cat\/es\/#website","url":"https:\/\/fomentmolins.cat\/es\/","name":"Foment Molins Cultural","description":"","potentialAction":[{"@type":"SearchAction","target":{"@type":"EntryPoint","urlTemplate":"https:\/\/fomentmolins.cat\/es\/?s={search_term_string}"},"query-input":{"@type":"PropertyValueSpecification","valueRequired":true,"valueName":"search_term_string"}}],"inLanguage":"es"},{"@type":"Person","@id":"https:\/\/fomentmolins.cat\/es\/#\/schema\/person\/97c5658972a2b117e786bb3154a4797f","name":"Foment Cultural i Art\u00edstic","image":{"@type":"ImageObject","inLanguage":"es","@id":"https:\/\/secure.gravatar.com\/avatar\/6afa5d00109ab0ad887a3ebd7df8de0143713162a231800a3e1ba59eb8d2dba8?s=96&d=mm&r=g","url":"https:\/\/secure.gravatar.com\/avatar\/6afa5d00109ab0ad887a3ebd7df8de0143713162a231800a3e1ba59eb8d2dba8?s=96&d=mm&r=g","contentUrl":"https:\/\/secure.gravatar.com\/avatar\/6afa5d00109ab0ad887a3ebd7df8de0143713162a231800a3e1ba59eb8d2dba8?s=96&d=mm&r=g","caption":"Foment Cultural i Art\u00edstic"},"url":"https:\/\/fomentmolins.cat\/es\/author\/soki_foment\/"}]}},"_links":{"self":[{"href":"https:\/\/fomentmolins.cat\/es\/wp-json\/wp\/v2\/posts\/2586","targetHints":{"allow":["GET"]}}],"collection":[{"href":"https:\/\/fomentmolins.cat\/es\/wp-json\/wp\/v2\/posts"}],"about":[{"href":"https:\/\/fomentmolins.cat\/es\/wp-json\/wp\/v2\/types\/post"}],"author":[{"embeddable":true,"href":"https:\/\/fomentmolins.cat\/es\/wp-json\/wp\/v2\/users\/6"}],"replies":[{"embeddable":true,"href":"https:\/\/fomentmolins.cat\/es\/wp-json\/wp\/v2\/comments?post=2586"}],"version-history":[{"count":1,"href":"https:\/\/fomentmolins.cat\/es\/wp-json\/wp\/v2\/posts\/2586\/revisions"}],"predecessor-version":[{"id":2587,"href":"https:\/\/fomentmolins.cat\/es\/wp-json\/wp\/v2\/posts\/2586\/revisions\/2587"}],"wp:featuredmedia":[{"embeddable":true,"href":"https:\/\/fomentmolins.cat\/es\/wp-json\/wp\/v2\/media\/2568"}],"wp:attachment":[{"href":"https:\/\/fomentmolins.cat\/es\/wp-json\/wp\/v2\/media?parent=2586"}],"wp:term":[{"taxonomy":"category","embeddable":true,"href":"https:\/\/fomentmolins.cat\/es\/wp-json\/wp\/v2\/categories?post=2586"},{"taxonomy":"post_tag","embeddable":true,"href":"https:\/\/fomentmolins.cat\/es\/wp-json\/wp\/v2\/tags?post=2586"}],"curies":[{"name":"wp","href":"https:\/\/api.w.org\/{rel}","templated":true}]}}