{"id":2633,"date":"2024-10-23T17:25:57","date_gmt":"2024-10-23T15:25:57","guid":{"rendered":"https:\/\/fomentmolins.cat\/la-magia-del-teatro-la-paella-dels-dijous-triunfa-en-el-foment\/"},"modified":"2025-01-13T18:33:21","modified_gmt":"2025-01-13T17:33:21","slug":"la-magia-del-teatro-la-paella-dels-dijous-triunfa-en-el-foment","status":"publish","type":"post","link":"https:\/\/fomentmolins.cat\/es\/la-magia-del-teatro-la-paella-dels-dijous-triunfa-en-el-foment\/","title":{"rendered":"La magia del teatro &#8216;La paella dels dijous&#8217; triunfa en el Foment"},"content":{"rendered":"\n<p><strong>Una noche llena de risas y \u00e9xito de p\u00fablico en la segunda jornada de la temporada teatral<\/strong><\/p>\n\n<p>La segunda jornada de teatro en el Foment fue un \u00e9xito rotundo con &#8216;La paella dels dijous&#8217;, una obra que logr\u00f3 llenar la sala de risas y emociones. El ambiente era vibrante y lleno de energ\u00eda, con los espectadores disfrutando de una noche inolvidable. Esta obra, que combina humor y situaciones cotidianas, cautiv\u00f3 al p\u00fablico desde el primer momento.  <\/p>\n\n<p>El \u00e9xito del espect\u00e1culo se hizo evidente con la ovaci\u00f3n final, donde los asistentes no dudaron en aplaudir con entusiasmo a los actores que supieron transmitir su pasi\u00f3n por el teatro. Adem\u00e1s, el ambiente acogedor del Foment contribuy\u00f3 a un clima de complicidad entre todos los presentes, creando una experiencia \u00fanica que muchos ya esperan repetir. <\/p>\n\n<p>Gracias a la respuesta positiva del p\u00fablico, &#8216;La paella dels dijous&#8217; se consolida como uno de los platos fuertes de la temporada, demostrando que el teatro es capaz de reunir personas y emociones en un mismo espacio.<br\/><\/p>\n\n<figure class=\"wp-block-gallery has-nested-images columns-default is-cropped wp-block-gallery-1 is-layout-flex wp-block-gallery-is-layout-flex\">\n<figure class=\"wp-block-image size-large\"><img loading=\"lazy\" decoding=\"async\" width=\"1024\" height=\"683\" data-id=\"2614\" src=\"https:\/\/fomentmolins.cat\/wp-content\/uploads\/2024\/10\/WhatsApp-Image-2024-10-22-at-20.32.28-1024x683.jpeg\" alt=\"\" class=\"wp-image-2614\" srcset=\"https:\/\/fomentmolins.cat\/wp-content\/uploads\/2024\/10\/WhatsApp-Image-2024-10-22-at-20.32.28-1024x683.jpeg 1024w, https:\/\/fomentmolins.cat\/wp-content\/uploads\/2024\/10\/WhatsApp-Image-2024-10-22-at-20.32.28-300x200.jpeg 300w, https:\/\/fomentmolins.cat\/wp-content\/uploads\/2024\/10\/WhatsApp-Image-2024-10-22-at-20.32.28-768x512.jpeg 768w, https:\/\/fomentmolins.cat\/wp-content\/uploads\/2024\/10\/WhatsApp-Image-2024-10-22-at-20.32.28-1536x1025.jpeg 1536w, https:\/\/fomentmolins.cat\/wp-content\/uploads\/2024\/10\/WhatsApp-Image-2024-10-22-at-20.32.28.jpeg 2000w\" sizes=\"auto, (max-width: 1024px) 100vw, 1024px\" \/><\/figure>\n\n\n\n<figure class=\"wp-block-image size-large\"><img loading=\"lazy\" decoding=\"async\" width=\"1024\" height=\"683\" data-id=\"2612\" src=\"https:\/\/fomentmolins.cat\/wp-content\/uploads\/2024\/10\/WhatsApp-Image-2024-10-22-at-20.32.57-1-1024x683.jpeg\" alt=\"\" class=\"wp-image-2612\" srcset=\"https:\/\/fomentmolins.cat\/wp-content\/uploads\/2024\/10\/WhatsApp-Image-2024-10-22-at-20.32.57-1-1024x683.jpeg 1024w, https:\/\/fomentmolins.cat\/wp-content\/uploads\/2024\/10\/WhatsApp-Image-2024-10-22-at-20.32.57-1-300x200.jpeg 300w, https:\/\/fomentmolins.cat\/wp-content\/uploads\/2024\/10\/WhatsApp-Image-2024-10-22-at-20.32.57-1-768x512.jpeg 768w, https:\/\/fomentmolins.cat\/wp-content\/uploads\/2024\/10\/WhatsApp-Image-2024-10-22-at-20.32.57-1-1536x1025.jpeg 1536w, https:\/\/fomentmolins.cat\/wp-content\/uploads\/2024\/10\/WhatsApp-Image-2024-10-22-at-20.32.57-1.jpeg 2000w\" sizes=\"auto, (max-width: 1024px) 100vw, 1024px\" \/><\/figure>\n\n\n\n<figure class=\"wp-block-image size-large\"><img loading=\"lazy\" decoding=\"async\" width=\"1024\" height=\"683\" data-id=\"2618\" src=\"https:\/\/fomentmolins.cat\/wp-content\/uploads\/2024\/10\/WhatsApp-Image-2024-10-22-at-20.32.57-1024x683.jpeg\" alt=\"\" class=\"wp-image-2618\" srcset=\"https:\/\/fomentmolins.cat\/wp-content\/uploads\/2024\/10\/WhatsApp-Image-2024-10-22-at-20.32.57-1024x683.jpeg 1024w, https:\/\/fomentmolins.cat\/wp-content\/uploads\/2024\/10\/WhatsApp-Image-2024-10-22-at-20.32.57-300x200.jpeg 300w, https:\/\/fomentmolins.cat\/wp-content\/uploads\/2024\/10\/WhatsApp-Image-2024-10-22-at-20.32.57-768x512.jpeg 768w, https:\/\/fomentmolins.cat\/wp-content\/uploads\/2024\/10\/WhatsApp-Image-2024-10-22-at-20.32.57-1536x1025.jpeg 1536w, https:\/\/fomentmolins.cat\/wp-content\/uploads\/2024\/10\/WhatsApp-Image-2024-10-22-at-20.32.57.jpeg 2000w\" sizes=\"auto, (max-width: 1024px) 100vw, 1024px\" \/><\/figure>\n\n\n\n<figure class=\"wp-block-image size-large\"><img loading=\"lazy\" decoding=\"async\" width=\"1024\" height=\"683\" data-id=\"2616\" src=\"https:\/\/fomentmolins.cat\/wp-content\/uploads\/2024\/10\/WhatsApp-Image-2024-10-22-at-20.32.56-1024x683.jpeg\" alt=\"\" class=\"wp-image-2616\" srcset=\"https:\/\/fomentmolins.cat\/wp-content\/uploads\/2024\/10\/WhatsApp-Image-2024-10-22-at-20.32.56-1024x683.jpeg 1024w, https:\/\/fomentmolins.cat\/wp-content\/uploads\/2024\/10\/WhatsApp-Image-2024-10-22-at-20.32.56-300x200.jpeg 300w, https:\/\/fomentmolins.cat\/wp-content\/uploads\/2024\/10\/WhatsApp-Image-2024-10-22-at-20.32.56-768x512.jpeg 768w, https:\/\/fomentmolins.cat\/wp-content\/uploads\/2024\/10\/WhatsApp-Image-2024-10-22-at-20.32.56-1536x1025.jpeg 1536w, https:\/\/fomentmolins.cat\/wp-content\/uploads\/2024\/10\/WhatsApp-Image-2024-10-22-at-20.32.56.jpeg 2000w\" sizes=\"auto, (max-width: 1024px) 100vw, 1024px\" \/><\/figure>\n\n\n\n<figure class=\"wp-block-image size-large\"><img loading=\"lazy\" decoding=\"async\" width=\"1024\" height=\"683\" data-id=\"2624\" src=\"https:\/\/fomentmolins.cat\/wp-content\/uploads\/2024\/10\/WhatsApp-Image-2024-10-22-at-20.32.55-1024x683.jpeg\" alt=\"\" class=\"wp-image-2624\" srcset=\"https:\/\/fomentmolins.cat\/wp-content\/uploads\/2024\/10\/WhatsApp-Image-2024-10-22-at-20.32.55-1024x683.jpeg 1024w, https:\/\/fomentmolins.cat\/wp-content\/uploads\/2024\/10\/WhatsApp-Image-2024-10-22-at-20.32.55-300x200.jpeg 300w, https:\/\/fomentmolins.cat\/wp-content\/uploads\/2024\/10\/WhatsApp-Image-2024-10-22-at-20.32.55-768x512.jpeg 768w, https:\/\/fomentmolins.cat\/wp-content\/uploads\/2024\/10\/WhatsApp-Image-2024-10-22-at-20.32.55-1536x1025.jpeg 1536w, https:\/\/fomentmolins.cat\/wp-content\/uploads\/2024\/10\/WhatsApp-Image-2024-10-22-at-20.32.55.jpeg 2000w\" sizes=\"auto, (max-width: 1024px) 100vw, 1024px\" \/><\/figure>\n\n\n\n<figure class=\"wp-block-image size-large\"><img loading=\"lazy\" decoding=\"async\" width=\"1024\" height=\"683\" data-id=\"2620\" src=\"https:\/\/fomentmolins.cat\/wp-content\/uploads\/2024\/10\/WhatsApp-Image-2024-10-22-at-20.32.54-1024x683.jpeg\" alt=\"\" class=\"wp-image-2620\" srcset=\"https:\/\/fomentmolins.cat\/wp-content\/uploads\/2024\/10\/WhatsApp-Image-2024-10-22-at-20.32.54-1024x683.jpeg 1024w, https:\/\/fomentmolins.cat\/wp-content\/uploads\/2024\/10\/WhatsApp-Image-2024-10-22-at-20.32.54-300x200.jpeg 300w, https:\/\/fomentmolins.cat\/wp-content\/uploads\/2024\/10\/WhatsApp-Image-2024-10-22-at-20.32.54-768x512.jpeg 768w, https:\/\/fomentmolins.cat\/wp-content\/uploads\/2024\/10\/WhatsApp-Image-2024-10-22-at-20.32.54-1536x1025.jpeg 1536w, https:\/\/fomentmolins.cat\/wp-content\/uploads\/2024\/10\/WhatsApp-Image-2024-10-22-at-20.32.54.jpeg 2000w\" sizes=\"auto, (max-width: 1024px) 100vw, 1024px\" \/><\/figure>\n\n\n\n<figure class=\"wp-block-image size-large\"><img loading=\"lazy\" decoding=\"async\" width=\"1024\" height=\"683\" data-id=\"2622\" src=\"https:\/\/fomentmolins.cat\/wp-content\/uploads\/2024\/10\/WhatsApp-Image-2024-10-22-at-20.32.53-1-1024x683.jpeg\" alt=\"\" class=\"wp-image-2622\" srcset=\"https:\/\/fomentmolins.cat\/wp-content\/uploads\/2024\/10\/WhatsApp-Image-2024-10-22-at-20.32.53-1-1024x683.jpeg 1024w, https:\/\/fomentmolins.cat\/wp-content\/uploads\/2024\/10\/WhatsApp-Image-2024-10-22-at-20.32.53-1-300x200.jpeg 300w, https:\/\/fomentmolins.cat\/wp-content\/uploads\/2024\/10\/WhatsApp-Image-2024-10-22-at-20.32.53-1-768x512.jpeg 768w, https:\/\/fomentmolins.cat\/wp-content\/uploads\/2024\/10\/WhatsApp-Image-2024-10-22-at-20.32.53-1-1536x1025.jpeg 1536w, https:\/\/fomentmolins.cat\/wp-content\/uploads\/2024\/10\/WhatsApp-Image-2024-10-22-at-20.32.53-1.jpeg 2000w\" sizes=\"auto, (max-width: 1024px) 100vw, 1024px\" \/><\/figure>\n\n\n\n<figure class=\"wp-block-image size-large\"><img loading=\"lazy\" decoding=\"async\" width=\"1024\" height=\"683\" data-id=\"2628\" src=\"https:\/\/fomentmolins.cat\/wp-content\/uploads\/2024\/10\/WhatsApp-Image-2024-10-22-at-20.32.53-1024x683.jpeg\" alt=\"\" class=\"wp-image-2628\" srcset=\"https:\/\/fomentmolins.cat\/wp-content\/uploads\/2024\/10\/WhatsApp-Image-2024-10-22-at-20.32.53-1024x683.jpeg 1024w, https:\/\/fomentmolins.cat\/wp-content\/uploads\/2024\/10\/WhatsApp-Image-2024-10-22-at-20.32.53-300x200.jpeg 300w, https:\/\/fomentmolins.cat\/wp-content\/uploads\/2024\/10\/WhatsApp-Image-2024-10-22-at-20.32.53-768x512.jpeg 768w, https:\/\/fomentmolins.cat\/wp-content\/uploads\/2024\/10\/WhatsApp-Image-2024-10-22-at-20.32.53-1536x1025.jpeg 1536w, https:\/\/fomentmolins.cat\/wp-content\/uploads\/2024\/10\/WhatsApp-Image-2024-10-22-at-20.32.53.jpeg 2000w\" sizes=\"auto, (max-width: 1024px) 100vw, 1024px\" \/><\/figure>\n\n\n\n<figure class=\"wp-block-image size-large\"><img loading=\"lazy\" decoding=\"async\" width=\"1024\" height=\"1024\" data-id=\"2630\" src=\"https:\/\/fomentmolins.cat\/wp-content\/uploads\/2024\/10\/WhatsApp-Image-2024-10-22-at-20.32.52-1-1024x1024.jpeg\" alt=\"\" class=\"wp-image-2630\" srcset=\"https:\/\/fomentmolins.cat\/wp-content\/uploads\/2024\/10\/WhatsApp-Image-2024-10-22-at-20.32.52-1-1024x1024.jpeg 1024w, https:\/\/fomentmolins.cat\/wp-content\/uploads\/2024\/10\/WhatsApp-Image-2024-10-22-at-20.32.52-1-300x300.jpeg 300w, https:\/\/fomentmolins.cat\/wp-content\/uploads\/2024\/10\/WhatsApp-Image-2024-10-22-at-20.32.52-1-150x150.jpeg 150w, https:\/\/fomentmolins.cat\/wp-content\/uploads\/2024\/10\/WhatsApp-Image-2024-10-22-at-20.32.52-1-768x768.jpeg 768w, https:\/\/fomentmolins.cat\/wp-content\/uploads\/2024\/10\/WhatsApp-Image-2024-10-22-at-20.32.52-1-1536x1536.jpeg 1536w, https:\/\/fomentmolins.cat\/wp-content\/uploads\/2024\/10\/WhatsApp-Image-2024-10-22-at-20.32.52-1.jpeg 2048w\" sizes=\"auto, (max-width: 1024px) 100vw, 1024px\" \/><\/figure>\n\n\n\n<figure class=\"wp-block-image size-large\"><img loading=\"lazy\" decoding=\"async\" width=\"1024\" height=\"683\" data-id=\"2626\" src=\"https:\/\/fomentmolins.cat\/wp-content\/uploads\/2024\/10\/WhatsApp-Image-2024-10-22-at-20.32.52-1024x683.jpeg\" alt=\"\" class=\"wp-image-2626\" srcset=\"https:\/\/fomentmolins.cat\/wp-content\/uploads\/2024\/10\/WhatsApp-Image-2024-10-22-at-20.32.52-1024x683.jpeg 1024w, https:\/\/fomentmolins.cat\/wp-content\/uploads\/2024\/10\/WhatsApp-Image-2024-10-22-at-20.32.52-300x200.jpeg 300w, https:\/\/fomentmolins.cat\/wp-content\/uploads\/2024\/10\/WhatsApp-Image-2024-10-22-at-20.32.52-768x512.jpeg 768w, https:\/\/fomentmolins.cat\/wp-content\/uploads\/2024\/10\/WhatsApp-Image-2024-10-22-at-20.32.52-1536x1025.jpeg 1536w, https:\/\/fomentmolins.cat\/wp-content\/uploads\/2024\/10\/WhatsApp-Image-2024-10-22-at-20.32.52.jpeg 2000w\" sizes=\"auto, (max-width: 1024px) 100vw, 1024px\" \/><\/figure>\n<\/figure>\n","protected":false},"excerpt":{"rendered":"<p>La segunda jornada de teatro en el Foment fue un \u00e9xito rotundo con &#8216;La paella dels dijous&#8217;, una obra que logr\u00f3 llenar la sala de risas y emociones.<\/p>\n","protected":false},"author":6,"featured_media":2613,"comment_status":"open","ping_status":"closed","sticky":false,"template":"","format":"standard","meta":{"inline_featured_image":false,"footnotes":""},"categories":[102],"tags":[88],"class_list":["post-2633","post","type-post","status-publish","format-standard","has-post-thumbnail","hentry","category-teatro","tag-el-fomento"],"yoast_head":"<!-- This site is optimized with the Yoast SEO plugin v27.2 - https:\/\/yoast.com\/product\/yoast-seo-wordpress\/ -->\n<title>La magia del teatro &#039;La paella dels dijous&#039; triunfa en el Foment - Foment Molins Cultural<\/title>\n<meta name=\"description\" content=\"La magia del teatro: &#039;La paella dels dijous&#039; triunfa en el Foment. Una noche llena de risas y \u00e9xito de p\u00fablico en la segunda jornada de la temporada teatral.\" \/>\n<meta name=\"robots\" content=\"index, follow, max-snippet:-1, max-image-preview:large, max-video-preview:-1\" \/>\n<link rel=\"canonical\" href=\"https:\/\/fomentmolins.cat\/es\/la-magia-del-teatro-la-paella-dels-dijous-triunfa-en-el-foment\/\" \/>\n<meta property=\"og:locale\" content=\"es_ES\" \/>\n<meta property=\"og:type\" content=\"article\" \/>\n<meta property=\"og:title\" content=\"La magia del teatro &#039;La paella dels dijous&#039; triunfa en el Foment - Foment Molins Cultural\" \/>\n<meta property=\"og:description\" content=\"La magia del teatro: &#039;La paella dels dijous&#039; triunfa en el Foment. Una noche llena de risas y \u00e9xito de p\u00fablico en la segunda jornada de la temporada teatral.\" \/>\n<meta property=\"og:url\" content=\"https:\/\/fomentmolins.cat\/es\/la-magia-del-teatro-la-paella-dels-dijous-triunfa-en-el-foment\/\" \/>\n<meta property=\"og:site_name\" content=\"Foment Molins Cultural\" \/>\n<meta property=\"article:published_time\" content=\"2024-10-23T15:25:57+00:00\" \/>\n<meta property=\"article:modified_time\" content=\"2025-01-13T17:33:21+00:00\" \/>\n<meta property=\"og:image\" content=\"https:\/\/fomentmolins.cat\/wp-content\/uploads\/2024\/10\/WhatsApp-Image-2024-10-22-at-20.32.57-1.jpeg\" \/>\n\t<meta property=\"og:image:width\" content=\"2000\" \/>\n\t<meta property=\"og:image:height\" content=\"1334\" \/>\n\t<meta property=\"og:image:type\" content=\"image\/jpeg\" \/>\n<meta name=\"author\" content=\"Foment Cultural i Art\u00edstic\" \/>\n<meta name=\"twitter:card\" content=\"summary_large_image\" \/>\n<meta name=\"twitter:label1\" content=\"Escrito por\" \/>\n\t<meta name=\"twitter:data1\" content=\"Foment Cultural i Art\u00edstic\" \/>\n\t<meta name=\"twitter:label2\" content=\"Tiempo de lectura\" \/>\n\t<meta name=\"twitter:data2\" content=\"4 minutos\" \/>\n<script type=\"application\/ld+json\" class=\"yoast-schema-graph\">{\"@context\":\"https:\/\/schema.org\",\"@graph\":[{\"@type\":\"Article\",\"@id\":\"https:\/\/fomentmolins.cat\/es\/la-magia-del-teatro-la-paella-dels-dijous-triunfa-en-el-foment\/#article\",\"isPartOf\":{\"@id\":\"https:\/\/fomentmolins.cat\/es\/la-magia-del-teatro-la-paella-dels-dijous-triunfa-en-el-foment\/\"},\"author\":{\"name\":\"Foment Cultural i Art\u00edstic\",\"@id\":\"https:\/\/fomentmolins.cat\/es\/#\/schema\/person\/97c5658972a2b117e786bb3154a4797f\"},\"headline\":\"La magia del teatro &#8216;La paella dels dijous&#8217; triunfa en el Foment\",\"datePublished\":\"2024-10-23T15:25:57+00:00\",\"dateModified\":\"2025-01-13T17:33:21+00:00\",\"mainEntityOfPage\":{\"@id\":\"https:\/\/fomentmolins.cat\/es\/la-magia-del-teatro-la-paella-dels-dijous-triunfa-en-el-foment\/\"},\"wordCount\":189,\"commentCount\":0,\"image\":{\"@id\":\"https:\/\/fomentmolins.cat\/es\/la-magia-del-teatro-la-paella-dels-dijous-triunfa-en-el-foment\/#primaryimage\"},\"thumbnailUrl\":\"https:\/\/fomentmolins.cat\/wp-content\/uploads\/2024\/10\/WhatsApp-Image-2024-10-22-at-20.32.57-1.jpeg\",\"keywords\":[\"El Fomento\"],\"articleSection\":[\"Teatro\"],\"inLanguage\":\"es\",\"potentialAction\":[{\"@type\":\"CommentAction\",\"name\":\"Comment\",\"target\":[\"https:\/\/fomentmolins.cat\/es\/la-magia-del-teatro-la-paella-dels-dijous-triunfa-en-el-foment\/#respond\"]}]},{\"@type\":\"WebPage\",\"@id\":\"https:\/\/fomentmolins.cat\/es\/la-magia-del-teatro-la-paella-dels-dijous-triunfa-en-el-foment\/\",\"url\":\"https:\/\/fomentmolins.cat\/es\/la-magia-del-teatro-la-paella-dels-dijous-triunfa-en-el-foment\/\",\"name\":\"La magia del teatro 'La paella dels dijous' triunfa en el Foment - Foment Molins Cultural\",\"isPartOf\":{\"@id\":\"https:\/\/fomentmolins.cat\/es\/#website\"},\"primaryImageOfPage\":{\"@id\":\"https:\/\/fomentmolins.cat\/es\/la-magia-del-teatro-la-paella-dels-dijous-triunfa-en-el-foment\/#primaryimage\"},\"image\":{\"@id\":\"https:\/\/fomentmolins.cat\/es\/la-magia-del-teatro-la-paella-dels-dijous-triunfa-en-el-foment\/#primaryimage\"},\"thumbnailUrl\":\"https:\/\/fomentmolins.cat\/wp-content\/uploads\/2024\/10\/WhatsApp-Image-2024-10-22-at-20.32.57-1.jpeg\",\"datePublished\":\"2024-10-23T15:25:57+00:00\",\"dateModified\":\"2025-01-13T17:33:21+00:00\",\"author\":{\"@id\":\"https:\/\/fomentmolins.cat\/es\/#\/schema\/person\/97c5658972a2b117e786bb3154a4797f\"},\"description\":\"La magia del teatro: 'La paella dels dijous' triunfa en el Foment. Una noche llena de risas y \u00e9xito de p\u00fablico en la segunda jornada de la temporada teatral.\",\"breadcrumb\":{\"@id\":\"https:\/\/fomentmolins.cat\/es\/la-magia-del-teatro-la-paella-dels-dijous-triunfa-en-el-foment\/#breadcrumb\"},\"inLanguage\":\"es\",\"potentialAction\":[{\"@type\":\"ReadAction\",\"target\":[\"https:\/\/fomentmolins.cat\/es\/la-magia-del-teatro-la-paella-dels-dijous-triunfa-en-el-foment\/\"]}]},{\"@type\":\"ImageObject\",\"inLanguage\":\"es\",\"@id\":\"https:\/\/fomentmolins.cat\/es\/la-magia-del-teatro-la-paella-dels-dijous-triunfa-en-el-foment\/#primaryimage\",\"url\":\"https:\/\/fomentmolins.cat\/wp-content\/uploads\/2024\/10\/WhatsApp-Image-2024-10-22-at-20.32.57-1.jpeg\",\"contentUrl\":\"https:\/\/fomentmolins.cat\/wp-content\/uploads\/2024\/10\/WhatsApp-Image-2024-10-22-at-20.32.57-1.jpeg\",\"width\":2000,\"height\":1334},{\"@type\":\"BreadcrumbList\",\"@id\":\"https:\/\/fomentmolins.cat\/es\/la-magia-del-teatro-la-paella-dels-dijous-triunfa-en-el-foment\/#breadcrumb\",\"itemListElement\":[{\"@type\":\"ListItem\",\"position\":1,\"name\":\"Portada\",\"item\":\"https:\/\/fomentmolins.cat\/es\/\"},{\"@type\":\"ListItem\",\"position\":2,\"name\":\"La magia del teatro &#8216;La paella dels dijous&#8217; triunfa en el Foment\"}]},{\"@type\":\"WebSite\",\"@id\":\"https:\/\/fomentmolins.cat\/es\/#website\",\"url\":\"https:\/\/fomentmolins.cat\/es\/\",\"name\":\"Foment Molins Cultural\",\"description\":\"\",\"potentialAction\":[{\"@type\":\"SearchAction\",\"target\":{\"@type\":\"EntryPoint\",\"urlTemplate\":\"https:\/\/fomentmolins.cat\/es\/?s={search_term_string}\"},\"query-input\":{\"@type\":\"PropertyValueSpecification\",\"valueRequired\":true,\"valueName\":\"search_term_string\"}}],\"inLanguage\":\"es\"},{\"@type\":\"Person\",\"@id\":\"https:\/\/fomentmolins.cat\/es\/#\/schema\/person\/97c5658972a2b117e786bb3154a4797f\",\"name\":\"Foment Cultural i Art\u00edstic\",\"image\":{\"@type\":\"ImageObject\",\"inLanguage\":\"es\",\"@id\":\"https:\/\/secure.gravatar.com\/avatar\/6afa5d00109ab0ad887a3ebd7df8de0143713162a231800a3e1ba59eb8d2dba8?s=96&d=mm&r=g\",\"url\":\"https:\/\/secure.gravatar.com\/avatar\/6afa5d00109ab0ad887a3ebd7df8de0143713162a231800a3e1ba59eb8d2dba8?s=96&d=mm&r=g\",\"contentUrl\":\"https:\/\/secure.gravatar.com\/avatar\/6afa5d00109ab0ad887a3ebd7df8de0143713162a231800a3e1ba59eb8d2dba8?s=96&d=mm&r=g\",\"caption\":\"Foment Cultural i Art\u00edstic\"},\"url\":\"https:\/\/fomentmolins.cat\/es\/author\/soki_foment\/\"}]}<\/script>\n<!-- \/ Yoast SEO plugin. -->","yoast_head_json":{"title":"La magia del teatro 'La paella dels dijous' triunfa en el Foment - Foment Molins Cultural","description":"La magia del teatro: 'La paella dels dijous' triunfa en el Foment. Una noche llena de risas y \u00e9xito de p\u00fablico en la segunda jornada de la temporada teatral.","robots":{"index":"index","follow":"follow","max-snippet":"max-snippet:-1","max-image-preview":"max-image-preview:large","max-video-preview":"max-video-preview:-1"},"canonical":"https:\/\/fomentmolins.cat\/es\/la-magia-del-teatro-la-paella-dels-dijous-triunfa-en-el-foment\/","og_locale":"es_ES","og_type":"article","og_title":"La magia del teatro 'La paella dels dijous' triunfa en el Foment - Foment Molins Cultural","og_description":"La magia del teatro: 'La paella dels dijous' triunfa en el Foment. Una noche llena de risas y \u00e9xito de p\u00fablico en la segunda jornada de la temporada teatral.","og_url":"https:\/\/fomentmolins.cat\/es\/la-magia-del-teatro-la-paella-dels-dijous-triunfa-en-el-foment\/","og_site_name":"Foment Molins Cultural","article_published_time":"2024-10-23T15:25:57+00:00","article_modified_time":"2025-01-13T17:33:21+00:00","og_image":[{"width":2000,"height":1334,"url":"https:\/\/fomentmolins.cat\/wp-content\/uploads\/2024\/10\/WhatsApp-Image-2024-10-22-at-20.32.57-1.jpeg","type":"image\/jpeg"}],"author":"Foment Cultural i Art\u00edstic","twitter_card":"summary_large_image","twitter_misc":{"Escrito por":"Foment Cultural i Art\u00edstic","Tiempo de lectura":"4 minutos"},"schema":{"@context":"https:\/\/schema.org","@graph":[{"@type":"Article","@id":"https:\/\/fomentmolins.cat\/es\/la-magia-del-teatro-la-paella-dels-dijous-triunfa-en-el-foment\/#article","isPartOf":{"@id":"https:\/\/fomentmolins.cat\/es\/la-magia-del-teatro-la-paella-dels-dijous-triunfa-en-el-foment\/"},"author":{"name":"Foment Cultural i Art\u00edstic","@id":"https:\/\/fomentmolins.cat\/es\/#\/schema\/person\/97c5658972a2b117e786bb3154a4797f"},"headline":"La magia del teatro &#8216;La paella dels dijous&#8217; triunfa en el Foment","datePublished":"2024-10-23T15:25:57+00:00","dateModified":"2025-01-13T17:33:21+00:00","mainEntityOfPage":{"@id":"https:\/\/fomentmolins.cat\/es\/la-magia-del-teatro-la-paella-dels-dijous-triunfa-en-el-foment\/"},"wordCount":189,"commentCount":0,"image":{"@id":"https:\/\/fomentmolins.cat\/es\/la-magia-del-teatro-la-paella-dels-dijous-triunfa-en-el-foment\/#primaryimage"},"thumbnailUrl":"https:\/\/fomentmolins.cat\/wp-content\/uploads\/2024\/10\/WhatsApp-Image-2024-10-22-at-20.32.57-1.jpeg","keywords":["El Fomento"],"articleSection":["Teatro"],"inLanguage":"es","potentialAction":[{"@type":"CommentAction","name":"Comment","target":["https:\/\/fomentmolins.cat\/es\/la-magia-del-teatro-la-paella-dels-dijous-triunfa-en-el-foment\/#respond"]}]},{"@type":"WebPage","@id":"https:\/\/fomentmolins.cat\/es\/la-magia-del-teatro-la-paella-dels-dijous-triunfa-en-el-foment\/","url":"https:\/\/fomentmolins.cat\/es\/la-magia-del-teatro-la-paella-dels-dijous-triunfa-en-el-foment\/","name":"La magia del teatro 'La paella dels dijous' triunfa en el Foment - Foment Molins Cultural","isPartOf":{"@id":"https:\/\/fomentmolins.cat\/es\/#website"},"primaryImageOfPage":{"@id":"https:\/\/fomentmolins.cat\/es\/la-magia-del-teatro-la-paella-dels-dijous-triunfa-en-el-foment\/#primaryimage"},"image":{"@id":"https:\/\/fomentmolins.cat\/es\/la-magia-del-teatro-la-paella-dels-dijous-triunfa-en-el-foment\/#primaryimage"},"thumbnailUrl":"https:\/\/fomentmolins.cat\/wp-content\/uploads\/2024\/10\/WhatsApp-Image-2024-10-22-at-20.32.57-1.jpeg","datePublished":"2024-10-23T15:25:57+00:00","dateModified":"2025-01-13T17:33:21+00:00","author":{"@id":"https:\/\/fomentmolins.cat\/es\/#\/schema\/person\/97c5658972a2b117e786bb3154a4797f"},"description":"La magia del teatro: 'La paella dels dijous' triunfa en el Foment. Una noche llena de risas y \u00e9xito de p\u00fablico en la segunda jornada de la temporada teatral.","breadcrumb":{"@id":"https:\/\/fomentmolins.cat\/es\/la-magia-del-teatro-la-paella-dels-dijous-triunfa-en-el-foment\/#breadcrumb"},"inLanguage":"es","potentialAction":[{"@type":"ReadAction","target":["https:\/\/fomentmolins.cat\/es\/la-magia-del-teatro-la-paella-dels-dijous-triunfa-en-el-foment\/"]}]},{"@type":"ImageObject","inLanguage":"es","@id":"https:\/\/fomentmolins.cat\/es\/la-magia-del-teatro-la-paella-dels-dijous-triunfa-en-el-foment\/#primaryimage","url":"https:\/\/fomentmolins.cat\/wp-content\/uploads\/2024\/10\/WhatsApp-Image-2024-10-22-at-20.32.57-1.jpeg","contentUrl":"https:\/\/fomentmolins.cat\/wp-content\/uploads\/2024\/10\/WhatsApp-Image-2024-10-22-at-20.32.57-1.jpeg","width":2000,"height":1334},{"@type":"BreadcrumbList","@id":"https:\/\/fomentmolins.cat\/es\/la-magia-del-teatro-la-paella-dels-dijous-triunfa-en-el-foment\/#breadcrumb","itemListElement":[{"@type":"ListItem","position":1,"name":"Portada","item":"https:\/\/fomentmolins.cat\/es\/"},{"@type":"ListItem","position":2,"name":"La magia del teatro &#8216;La paella dels dijous&#8217; triunfa en el Foment"}]},{"@type":"WebSite","@id":"https:\/\/fomentmolins.cat\/es\/#website","url":"https:\/\/fomentmolins.cat\/es\/","name":"Foment Molins Cultural","description":"","potentialAction":[{"@type":"SearchAction","target":{"@type":"EntryPoint","urlTemplate":"https:\/\/fomentmolins.cat\/es\/?s={search_term_string}"},"query-input":{"@type":"PropertyValueSpecification","valueRequired":true,"valueName":"search_term_string"}}],"inLanguage":"es"},{"@type":"Person","@id":"https:\/\/fomentmolins.cat\/es\/#\/schema\/person\/97c5658972a2b117e786bb3154a4797f","name":"Foment Cultural i Art\u00edstic","image":{"@type":"ImageObject","inLanguage":"es","@id":"https:\/\/secure.gravatar.com\/avatar\/6afa5d00109ab0ad887a3ebd7df8de0143713162a231800a3e1ba59eb8d2dba8?s=96&d=mm&r=g","url":"https:\/\/secure.gravatar.com\/avatar\/6afa5d00109ab0ad887a3ebd7df8de0143713162a231800a3e1ba59eb8d2dba8?s=96&d=mm&r=g","contentUrl":"https:\/\/secure.gravatar.com\/avatar\/6afa5d00109ab0ad887a3ebd7df8de0143713162a231800a3e1ba59eb8d2dba8?s=96&d=mm&r=g","caption":"Foment Cultural i Art\u00edstic"},"url":"https:\/\/fomentmolins.cat\/es\/author\/soki_foment\/"}]}},"_links":{"self":[{"href":"https:\/\/fomentmolins.cat\/es\/wp-json\/wp\/v2\/posts\/2633","targetHints":{"allow":["GET"]}}],"collection":[{"href":"https:\/\/fomentmolins.cat\/es\/wp-json\/wp\/v2\/posts"}],"about":[{"href":"https:\/\/fomentmolins.cat\/es\/wp-json\/wp\/v2\/types\/post"}],"author":[{"embeddable":true,"href":"https:\/\/fomentmolins.cat\/es\/wp-json\/wp\/v2\/users\/6"}],"replies":[{"embeddable":true,"href":"https:\/\/fomentmolins.cat\/es\/wp-json\/wp\/v2\/comments?post=2633"}],"version-history":[{"count":2,"href":"https:\/\/fomentmolins.cat\/es\/wp-json\/wp\/v2\/posts\/2633\/revisions"}],"predecessor-version":[{"id":2770,"href":"https:\/\/fomentmolins.cat\/es\/wp-json\/wp\/v2\/posts\/2633\/revisions\/2770"}],"wp:featuredmedia":[{"embeddable":true,"href":"https:\/\/fomentmolins.cat\/es\/wp-json\/wp\/v2\/media\/2613"}],"wp:attachment":[{"href":"https:\/\/fomentmolins.cat\/es\/wp-json\/wp\/v2\/media?parent=2633"}],"wp:term":[{"taxonomy":"category","embeddable":true,"href":"https:\/\/fomentmolins.cat\/es\/wp-json\/wp\/v2\/categories?post=2633"},{"taxonomy":"post_tag","embeddable":true,"href":"https:\/\/fomentmolins.cat\/es\/wp-json\/wp\/v2\/tags?post=2633"}],"curies":[{"name":"wp","href":"https:\/\/api.w.org\/{rel}","templated":true}]}}