{"id":2794,"date":"2025-01-12T18:34:24","date_gmt":"2025-01-12T17:34:24","guid":{"rendered":"https:\/\/fomentmolins.cat\/un-tesoro-teatral-escondido-en-el-techo\/"},"modified":"2025-01-21T21:00:30","modified_gmt":"2025-01-21T20:00:30","slug":"un-tesoro-teatral-escondido-en-el-techo","status":"publish","type":"post","link":"https:\/\/fomentmolins.cat\/es\/un-tesoro-teatral-escondido-en-el-techo\/","title":{"rendered":"Un tesoro teatral escondido en el techo"},"content":{"rendered":"\n<p><strong>El extraordinario descubrimiento de la pintura original de 1920<\/strong><\/p>\n\n<p>Hay momentos en los que una acci\u00f3n aparentemente cotidiana nos transporta a un pasado lejano y lleno de historias. Esto es exactamente lo que nos pas\u00f3 en El Foment hace unos d\u00edas. Mientras se llevaban a cabo unas actuaciones sobre el techo de la platea, nos encontramos cara a cara con un descubrimiento fascinante e inesperado. Bajo capas de polvo y con el peso de casi un siglo, se revel\u00f3 parte de la pintura original de la primera boca de escenario, fechada en 1920.   <\/p>\n\n<p>S\u00f3lo imaginar c\u00f3mo aquella pintura hab\u00eda quedado escondida durante d\u00e9cadas ya era emocionante, pero a\u00fan m\u00e1s sorprendente fue descubrir sus detalles art\u00edsticos. Este descubrimiento es un recordatorio de la rica historia cultural de El Foment. Nos hace plantear cu\u00e1ntas otras historias escondidas podr\u00edan estar bajo estas paredes o bajo el suelo que pisamos. Esta pintura es mucho m\u00e1s que un adorno; es una ventana al pasado que nos conecta con las generaciones que dieron vida al teatro, con los actores que interpretaron bajo esa decoraci\u00f3n, y con los primeros espectadores que la admiraron desde la platea.   <\/p>\n\n<p>Poder ver y valorar esta pintura no s\u00f3lo nos llena de admiraci\u00f3n, sino tambi\u00e9n de responsabilidad. Es crucial preservar este fragmento de nuestra historia para las futuras generaciones, como un testimonio de los inicios de este espacio tan querido. Esto nos inspira a seguir cuidando de El Foment ya mantenerlo vivo, con el respeto y la atenci\u00f3n que merece.  <\/p>\n","protected":false},"excerpt":{"rendered":"<p>Mientras se llevaban a cabo unas actuaciones sobre el techo de la platea, nos encontramos cara a cara con un descubrimiento fascinante e inesperado. <\/p>\n","protected":false},"author":6,"featured_media":2760,"comment_status":"open","ping_status":"closed","sticky":false,"template":"","format":"standard","meta":{"inline_featured_image":false,"footnotes":""},"categories":[102],"tags":[130],"class_list":["post-2794","post","type-post","status-publish","format-standard","has-post-thumbnail","hentry","category-teatro","tag-curiosidad"],"yoast_head":"<!-- This site is optimized with the Yoast SEO plugin v27.2 - https:\/\/yoast.com\/product\/yoast-seo-wordpress\/ -->\n<title>Un tesoro teatral escondido en el techo - Foment Molins Cultural<\/title>\n<meta name=\"description\" content=\"Un tesoro teatral escondido en el techo. El extraordinario descubrimiento de la pintura original de 1920.\" \/>\n<meta name=\"robots\" content=\"index, follow, max-snippet:-1, max-image-preview:large, max-video-preview:-1\" \/>\n<link rel=\"canonical\" href=\"https:\/\/fomentmolins.cat\/es\/un-tesoro-teatral-escondido-en-el-techo\/\" \/>\n<meta property=\"og:locale\" content=\"es_ES\" \/>\n<meta property=\"og:type\" content=\"article\" \/>\n<meta property=\"og:title\" content=\"Un tesoro teatral escondido en el techo - Foment Molins Cultural\" \/>\n<meta property=\"og:description\" content=\"Un tesoro teatral escondido en el techo. El extraordinario descubrimiento de la pintura original de 1920.\" \/>\n<meta property=\"og:url\" content=\"https:\/\/fomentmolins.cat\/es\/un-tesoro-teatral-escondido-en-el-techo\/\" \/>\n<meta property=\"og:site_name\" content=\"Foment Molins Cultural\" \/>\n<meta property=\"article:published_time\" content=\"2025-01-12T17:34:24+00:00\" \/>\n<meta property=\"article:modified_time\" content=\"2025-01-21T20:00:30+00:00\" \/>\n<meta property=\"og:image\" content=\"https:\/\/fomentmolins.cat\/wp-content\/uploads\/2025\/01\/WhatsApp-Image-2025-01-09-at-09.37.22.jpeg\" \/>\n\t<meta property=\"og:image:width\" content=\"1600\" \/>\n\t<meta property=\"og:image:height\" content=\"738\" \/>\n\t<meta property=\"og:image:type\" content=\"image\/jpeg\" \/>\n<meta name=\"author\" content=\"Foment Cultural i Art\u00edstic\" \/>\n<meta name=\"twitter:card\" content=\"summary_large_image\" \/>\n<meta name=\"twitter:label1\" content=\"Escrito por\" \/>\n\t<meta name=\"twitter:data1\" content=\"Foment Cultural i Art\u00edstic\" \/>\n\t<meta name=\"twitter:label2\" content=\"Tiempo de lectura\" \/>\n\t<meta name=\"twitter:data2\" content=\"1 minuto\" \/>\n<script type=\"application\/ld+json\" class=\"yoast-schema-graph\">{\"@context\":\"https:\/\/schema.org\",\"@graph\":[{\"@type\":\"Article\",\"@id\":\"https:\/\/fomentmolins.cat\/es\/un-tesoro-teatral-escondido-en-el-techo\/#article\",\"isPartOf\":{\"@id\":\"https:\/\/fomentmolins.cat\/es\/un-tesoro-teatral-escondido-en-el-techo\/\"},\"author\":{\"name\":\"Foment Cultural i Art\u00edstic\",\"@id\":\"https:\/\/fomentmolins.cat\/es\/#\/schema\/person\/97c5658972a2b117e786bb3154a4797f\"},\"headline\":\"Un tesoro teatral escondido en el techo\",\"datePublished\":\"2025-01-12T17:34:24+00:00\",\"dateModified\":\"2025-01-21T20:00:30+00:00\",\"mainEntityOfPage\":{\"@id\":\"https:\/\/fomentmolins.cat\/es\/un-tesoro-teatral-escondido-en-el-techo\/\"},\"wordCount\":270,\"commentCount\":0,\"image\":{\"@id\":\"https:\/\/fomentmolins.cat\/es\/un-tesoro-teatral-escondido-en-el-techo\/#primaryimage\"},\"thumbnailUrl\":\"https:\/\/fomentmolins.cat\/wp-content\/uploads\/2025\/01\/WhatsApp-Image-2025-01-09-at-09.37.22.jpeg\",\"keywords\":[\"Curiosidad\"],\"articleSection\":[\"Teatro\"],\"inLanguage\":\"es\",\"potentialAction\":[{\"@type\":\"CommentAction\",\"name\":\"Comment\",\"target\":[\"https:\/\/fomentmolins.cat\/es\/un-tesoro-teatral-escondido-en-el-techo\/#respond\"]}]},{\"@type\":\"WebPage\",\"@id\":\"https:\/\/fomentmolins.cat\/es\/un-tesoro-teatral-escondido-en-el-techo\/\",\"url\":\"https:\/\/fomentmolins.cat\/es\/un-tesoro-teatral-escondido-en-el-techo\/\",\"name\":\"Un tesoro teatral escondido en el techo - Foment Molins Cultural\",\"isPartOf\":{\"@id\":\"https:\/\/fomentmolins.cat\/es\/#website\"},\"primaryImageOfPage\":{\"@id\":\"https:\/\/fomentmolins.cat\/es\/un-tesoro-teatral-escondido-en-el-techo\/#primaryimage\"},\"image\":{\"@id\":\"https:\/\/fomentmolins.cat\/es\/un-tesoro-teatral-escondido-en-el-techo\/#primaryimage\"},\"thumbnailUrl\":\"https:\/\/fomentmolins.cat\/wp-content\/uploads\/2025\/01\/WhatsApp-Image-2025-01-09-at-09.37.22.jpeg\",\"datePublished\":\"2025-01-12T17:34:24+00:00\",\"dateModified\":\"2025-01-21T20:00:30+00:00\",\"author\":{\"@id\":\"https:\/\/fomentmolins.cat\/es\/#\/schema\/person\/97c5658972a2b117e786bb3154a4797f\"},\"description\":\"Un tesoro teatral escondido en el techo. El extraordinario descubrimiento de la pintura original de 1920.\",\"breadcrumb\":{\"@id\":\"https:\/\/fomentmolins.cat\/es\/un-tesoro-teatral-escondido-en-el-techo\/#breadcrumb\"},\"inLanguage\":\"es\",\"potentialAction\":[{\"@type\":\"ReadAction\",\"target\":[\"https:\/\/fomentmolins.cat\/es\/un-tesoro-teatral-escondido-en-el-techo\/\"]}]},{\"@type\":\"ImageObject\",\"inLanguage\":\"es\",\"@id\":\"https:\/\/fomentmolins.cat\/es\/un-tesoro-teatral-escondido-en-el-techo\/#primaryimage\",\"url\":\"https:\/\/fomentmolins.cat\/wp-content\/uploads\/2025\/01\/WhatsApp-Image-2025-01-09-at-09.37.22.jpeg\",\"contentUrl\":\"https:\/\/fomentmolins.cat\/wp-content\/uploads\/2025\/01\/WhatsApp-Image-2025-01-09-at-09.37.22.jpeg\",\"width\":1600,\"height\":738},{\"@type\":\"BreadcrumbList\",\"@id\":\"https:\/\/fomentmolins.cat\/es\/un-tesoro-teatral-escondido-en-el-techo\/#breadcrumb\",\"itemListElement\":[{\"@type\":\"ListItem\",\"position\":1,\"name\":\"Portada\",\"item\":\"https:\/\/fomentmolins.cat\/es\/\"},{\"@type\":\"ListItem\",\"position\":2,\"name\":\"Un tesoro teatral escondido en el techo\"}]},{\"@type\":\"WebSite\",\"@id\":\"https:\/\/fomentmolins.cat\/es\/#website\",\"url\":\"https:\/\/fomentmolins.cat\/es\/\",\"name\":\"Foment Molins Cultural\",\"description\":\"\",\"potentialAction\":[{\"@type\":\"SearchAction\",\"target\":{\"@type\":\"EntryPoint\",\"urlTemplate\":\"https:\/\/fomentmolins.cat\/es\/?s={search_term_string}\"},\"query-input\":{\"@type\":\"PropertyValueSpecification\",\"valueRequired\":true,\"valueName\":\"search_term_string\"}}],\"inLanguage\":\"es\"},{\"@type\":\"Person\",\"@id\":\"https:\/\/fomentmolins.cat\/es\/#\/schema\/person\/97c5658972a2b117e786bb3154a4797f\",\"name\":\"Foment Cultural i Art\u00edstic\",\"image\":{\"@type\":\"ImageObject\",\"inLanguage\":\"es\",\"@id\":\"https:\/\/secure.gravatar.com\/avatar\/6afa5d00109ab0ad887a3ebd7df8de0143713162a231800a3e1ba59eb8d2dba8?s=96&d=mm&r=g\",\"url\":\"https:\/\/secure.gravatar.com\/avatar\/6afa5d00109ab0ad887a3ebd7df8de0143713162a231800a3e1ba59eb8d2dba8?s=96&d=mm&r=g\",\"contentUrl\":\"https:\/\/secure.gravatar.com\/avatar\/6afa5d00109ab0ad887a3ebd7df8de0143713162a231800a3e1ba59eb8d2dba8?s=96&d=mm&r=g\",\"caption\":\"Foment Cultural i Art\u00edstic\"},\"url\":\"https:\/\/fomentmolins.cat\/es\/author\/soki_foment\/\"}]}<\/script>\n<!-- \/ Yoast SEO plugin. -->","yoast_head_json":{"title":"Un tesoro teatral escondido en el techo - Foment Molins Cultural","description":"Un tesoro teatral escondido en el techo. El extraordinario descubrimiento de la pintura original de 1920.","robots":{"index":"index","follow":"follow","max-snippet":"max-snippet:-1","max-image-preview":"max-image-preview:large","max-video-preview":"max-video-preview:-1"},"canonical":"https:\/\/fomentmolins.cat\/es\/un-tesoro-teatral-escondido-en-el-techo\/","og_locale":"es_ES","og_type":"article","og_title":"Un tesoro teatral escondido en el techo - Foment Molins Cultural","og_description":"Un tesoro teatral escondido en el techo. El extraordinario descubrimiento de la pintura original de 1920.","og_url":"https:\/\/fomentmolins.cat\/es\/un-tesoro-teatral-escondido-en-el-techo\/","og_site_name":"Foment Molins Cultural","article_published_time":"2025-01-12T17:34:24+00:00","article_modified_time":"2025-01-21T20:00:30+00:00","og_image":[{"width":1600,"height":738,"url":"https:\/\/fomentmolins.cat\/wp-content\/uploads\/2025\/01\/WhatsApp-Image-2025-01-09-at-09.37.22.jpeg","type":"image\/jpeg"}],"author":"Foment Cultural i Art\u00edstic","twitter_card":"summary_large_image","twitter_misc":{"Escrito por":"Foment Cultural i Art\u00edstic","Tiempo de lectura":"1 minuto"},"schema":{"@context":"https:\/\/schema.org","@graph":[{"@type":"Article","@id":"https:\/\/fomentmolins.cat\/es\/un-tesoro-teatral-escondido-en-el-techo\/#article","isPartOf":{"@id":"https:\/\/fomentmolins.cat\/es\/un-tesoro-teatral-escondido-en-el-techo\/"},"author":{"name":"Foment Cultural i Art\u00edstic","@id":"https:\/\/fomentmolins.cat\/es\/#\/schema\/person\/97c5658972a2b117e786bb3154a4797f"},"headline":"Un tesoro teatral escondido en el techo","datePublished":"2025-01-12T17:34:24+00:00","dateModified":"2025-01-21T20:00:30+00:00","mainEntityOfPage":{"@id":"https:\/\/fomentmolins.cat\/es\/un-tesoro-teatral-escondido-en-el-techo\/"},"wordCount":270,"commentCount":0,"image":{"@id":"https:\/\/fomentmolins.cat\/es\/un-tesoro-teatral-escondido-en-el-techo\/#primaryimage"},"thumbnailUrl":"https:\/\/fomentmolins.cat\/wp-content\/uploads\/2025\/01\/WhatsApp-Image-2025-01-09-at-09.37.22.jpeg","keywords":["Curiosidad"],"articleSection":["Teatro"],"inLanguage":"es","potentialAction":[{"@type":"CommentAction","name":"Comment","target":["https:\/\/fomentmolins.cat\/es\/un-tesoro-teatral-escondido-en-el-techo\/#respond"]}]},{"@type":"WebPage","@id":"https:\/\/fomentmolins.cat\/es\/un-tesoro-teatral-escondido-en-el-techo\/","url":"https:\/\/fomentmolins.cat\/es\/un-tesoro-teatral-escondido-en-el-techo\/","name":"Un tesoro teatral escondido en el techo - Foment Molins Cultural","isPartOf":{"@id":"https:\/\/fomentmolins.cat\/es\/#website"},"primaryImageOfPage":{"@id":"https:\/\/fomentmolins.cat\/es\/un-tesoro-teatral-escondido-en-el-techo\/#primaryimage"},"image":{"@id":"https:\/\/fomentmolins.cat\/es\/un-tesoro-teatral-escondido-en-el-techo\/#primaryimage"},"thumbnailUrl":"https:\/\/fomentmolins.cat\/wp-content\/uploads\/2025\/01\/WhatsApp-Image-2025-01-09-at-09.37.22.jpeg","datePublished":"2025-01-12T17:34:24+00:00","dateModified":"2025-01-21T20:00:30+00:00","author":{"@id":"https:\/\/fomentmolins.cat\/es\/#\/schema\/person\/97c5658972a2b117e786bb3154a4797f"},"description":"Un tesoro teatral escondido en el techo. El extraordinario descubrimiento de la pintura original de 1920.","breadcrumb":{"@id":"https:\/\/fomentmolins.cat\/es\/un-tesoro-teatral-escondido-en-el-techo\/#breadcrumb"},"inLanguage":"es","potentialAction":[{"@type":"ReadAction","target":["https:\/\/fomentmolins.cat\/es\/un-tesoro-teatral-escondido-en-el-techo\/"]}]},{"@type":"ImageObject","inLanguage":"es","@id":"https:\/\/fomentmolins.cat\/es\/un-tesoro-teatral-escondido-en-el-techo\/#primaryimage","url":"https:\/\/fomentmolins.cat\/wp-content\/uploads\/2025\/01\/WhatsApp-Image-2025-01-09-at-09.37.22.jpeg","contentUrl":"https:\/\/fomentmolins.cat\/wp-content\/uploads\/2025\/01\/WhatsApp-Image-2025-01-09-at-09.37.22.jpeg","width":1600,"height":738},{"@type":"BreadcrumbList","@id":"https:\/\/fomentmolins.cat\/es\/un-tesoro-teatral-escondido-en-el-techo\/#breadcrumb","itemListElement":[{"@type":"ListItem","position":1,"name":"Portada","item":"https:\/\/fomentmolins.cat\/es\/"},{"@type":"ListItem","position":2,"name":"Un tesoro teatral escondido en el techo"}]},{"@type":"WebSite","@id":"https:\/\/fomentmolins.cat\/es\/#website","url":"https:\/\/fomentmolins.cat\/es\/","name":"Foment Molins Cultural","description":"","potentialAction":[{"@type":"SearchAction","target":{"@type":"EntryPoint","urlTemplate":"https:\/\/fomentmolins.cat\/es\/?s={search_term_string}"},"query-input":{"@type":"PropertyValueSpecification","valueRequired":true,"valueName":"search_term_string"}}],"inLanguage":"es"},{"@type":"Person","@id":"https:\/\/fomentmolins.cat\/es\/#\/schema\/person\/97c5658972a2b117e786bb3154a4797f","name":"Foment Cultural i Art\u00edstic","image":{"@type":"ImageObject","inLanguage":"es","@id":"https:\/\/secure.gravatar.com\/avatar\/6afa5d00109ab0ad887a3ebd7df8de0143713162a231800a3e1ba59eb8d2dba8?s=96&d=mm&r=g","url":"https:\/\/secure.gravatar.com\/avatar\/6afa5d00109ab0ad887a3ebd7df8de0143713162a231800a3e1ba59eb8d2dba8?s=96&d=mm&r=g","contentUrl":"https:\/\/secure.gravatar.com\/avatar\/6afa5d00109ab0ad887a3ebd7df8de0143713162a231800a3e1ba59eb8d2dba8?s=96&d=mm&r=g","caption":"Foment Cultural i Art\u00edstic"},"url":"https:\/\/fomentmolins.cat\/es\/author\/soki_foment\/"}]}},"_links":{"self":[{"href":"https:\/\/fomentmolins.cat\/es\/wp-json\/wp\/v2\/posts\/2794","targetHints":{"allow":["GET"]}}],"collection":[{"href":"https:\/\/fomentmolins.cat\/es\/wp-json\/wp\/v2\/posts"}],"about":[{"href":"https:\/\/fomentmolins.cat\/es\/wp-json\/wp\/v2\/types\/post"}],"author":[{"embeddable":true,"href":"https:\/\/fomentmolins.cat\/es\/wp-json\/wp\/v2\/users\/6"}],"replies":[{"embeddable":true,"href":"https:\/\/fomentmolins.cat\/es\/wp-json\/wp\/v2\/comments?post=2794"}],"version-history":[{"count":1,"href":"https:\/\/fomentmolins.cat\/es\/wp-json\/wp\/v2\/posts\/2794\/revisions"}],"predecessor-version":[{"id":2795,"href":"https:\/\/fomentmolins.cat\/es\/wp-json\/wp\/v2\/posts\/2794\/revisions\/2795"}],"wp:featuredmedia":[{"embeddable":true,"href":"https:\/\/fomentmolins.cat\/es\/wp-json\/wp\/v2\/media\/2760"}],"wp:attachment":[{"href":"https:\/\/fomentmolins.cat\/es\/wp-json\/wp\/v2\/media?parent=2794"}],"wp:term":[{"taxonomy":"category","embeddable":true,"href":"https:\/\/fomentmolins.cat\/es\/wp-json\/wp\/v2\/categories?post=2794"},{"taxonomy":"post_tag","embeddable":true,"href":"https:\/\/fomentmolins.cat\/es\/wp-json\/wp\/v2\/tags?post=2794"}],"curies":[{"name":"wp","href":"https:\/\/api.w.org\/{rel}","templated":true}]}}