{"id":2809,"date":"2025-02-15T11:37:36","date_gmt":"2025-02-15T10:37:36","guid":{"rendered":"https:\/\/fomentmolins.cat\/acto-solidario-de-feria-de-la-candelaria\/"},"modified":"2025-02-15T11:40:40","modified_gmt":"2025-02-15T10:40:40","slug":"acto-solidario-de-feria-de-la-candelaria","status":"publish","type":"post","link":"https:\/\/fomentmolins.cat\/es\/acto-solidario-de-feria-de-la-candelaria\/","title":{"rendered":"Acto solidario de Feria de la Candelaria"},"content":{"rendered":"\n<h3 class=\"wp-block-heading\">Cuando la solidaridad se convierte en tradici\u00f3n<\/h3>\n\n<p>El pasado domingo, 113 personas hicieron un gesto que marca la diferencia: donar sangre o plasma en el marco de la Feria de la Candelaria en el Foment. Este acto solidario, que ya es toda una tradici\u00f3n a\u00f1o tras a\u00f1o, se convierte en una pieza clave para ayudar a salvar vidas y apoyar a aquellos que pasan por momentos de dificultad. <\/p>\n\n<p>Muchas gracias a todos y todas las donantes por su generosidad y por contribuir con este peque\u00f1o gran gesto que tanto significa. Tambi\u00e9n queremos destacar el impagable trabajo de los profesionales que hacen posible el proceso, as\u00ed como agradecer al Fomento Cultural y Art\u00edstico por la cesi\u00f3n de un espacio magn\u00edfico que lo hace todo m\u00e1s f\u00e1cil. <\/p>\n\n<p>Actos como \u00e9ste son un recordatorio poderoso de c\u00f3mo la solidaridad y el compromiso pueden transformar vidas. Su implicaci\u00f3n en este domingo solidario es un regalo de vida para muchas personas. \u00a1Gracias de todo coraz\u00f3n!  <\/p>\n\n<figure class=\"wp-block-gallery has-nested-images columns-default is-cropped wp-block-gallery-1 is-layout-flex wp-block-gallery-is-layout-flex\">\n<figure class=\"wp-block-image size-large\"><img loading=\"lazy\" decoding=\"async\" width=\"1024\" height=\"1024\" data-id=\"2798\" src=\"https:\/\/fomentmolins.cat\/wp-content\/uploads\/2025\/02\/WhatsApp-Image-2025-02-15-at-11.29.02-3-1024x1024.jpeg\" alt=\"\" class=\"wp-image-2798\" srcset=\"https:\/\/fomentmolins.cat\/wp-content\/uploads\/2025\/02\/WhatsApp-Image-2025-02-15-at-11.29.02-3-1024x1024.jpeg 1024w, https:\/\/fomentmolins.cat\/wp-content\/uploads\/2025\/02\/WhatsApp-Image-2025-02-15-at-11.29.02-3-300x300.jpeg 300w, https:\/\/fomentmolins.cat\/wp-content\/uploads\/2025\/02\/WhatsApp-Image-2025-02-15-at-11.29.02-3-150x150.jpeg 150w, https:\/\/fomentmolins.cat\/wp-content\/uploads\/2025\/02\/WhatsApp-Image-2025-02-15-at-11.29.02-3-768x768.jpeg 768w, https:\/\/fomentmolins.cat\/wp-content\/uploads\/2025\/02\/WhatsApp-Image-2025-02-15-at-11.29.02-3.jpeg 1080w\" sizes=\"auto, (max-width: 1024px) 100vw, 1024px\" \/><\/figure>\n\n\n\n<figure class=\"wp-block-image size-large\"><img loading=\"lazy\" decoding=\"async\" width=\"1024\" height=\"1024\" data-id=\"2802\" src=\"https:\/\/fomentmolins.cat\/wp-content\/uploads\/2025\/02\/WhatsApp-Image-2025-02-15-at-11.29.02-2-1024x1024.jpeg\" alt=\"\" class=\"wp-image-2802\" srcset=\"https:\/\/fomentmolins.cat\/wp-content\/uploads\/2025\/02\/WhatsApp-Image-2025-02-15-at-11.29.02-2-1024x1024.jpeg 1024w, https:\/\/fomentmolins.cat\/wp-content\/uploads\/2025\/02\/WhatsApp-Image-2025-02-15-at-11.29.02-2-300x300.jpeg 300w, https:\/\/fomentmolins.cat\/wp-content\/uploads\/2025\/02\/WhatsApp-Image-2025-02-15-at-11.29.02-2-150x150.jpeg 150w, https:\/\/fomentmolins.cat\/wp-content\/uploads\/2025\/02\/WhatsApp-Image-2025-02-15-at-11.29.02-2-768x768.jpeg 768w, https:\/\/fomentmolins.cat\/wp-content\/uploads\/2025\/02\/WhatsApp-Image-2025-02-15-at-11.29.02-2.jpeg 1080w\" sizes=\"auto, (max-width: 1024px) 100vw, 1024px\" \/><\/figure>\n\n\n\n<figure class=\"wp-block-image size-large\"><img loading=\"lazy\" decoding=\"async\" width=\"1024\" height=\"1024\" data-id=\"2800\" src=\"https:\/\/fomentmolins.cat\/wp-content\/uploads\/2025\/02\/WhatsApp-Image-2025-02-15-at-11.29.02-1-1024x1024.jpeg\" alt=\"\" class=\"wp-image-2800\" srcset=\"https:\/\/fomentmolins.cat\/wp-content\/uploads\/2025\/02\/WhatsApp-Image-2025-02-15-at-11.29.02-1-1024x1024.jpeg 1024w, https:\/\/fomentmolins.cat\/wp-content\/uploads\/2025\/02\/WhatsApp-Image-2025-02-15-at-11.29.02-1-300x300.jpeg 300w, https:\/\/fomentmolins.cat\/wp-content\/uploads\/2025\/02\/WhatsApp-Image-2025-02-15-at-11.29.02-1-150x150.jpeg 150w, https:\/\/fomentmolins.cat\/wp-content\/uploads\/2025\/02\/WhatsApp-Image-2025-02-15-at-11.29.02-1-768x768.jpeg 768w, https:\/\/fomentmolins.cat\/wp-content\/uploads\/2025\/02\/WhatsApp-Image-2025-02-15-at-11.29.02-1.jpeg 1080w\" sizes=\"auto, (max-width: 1024px) 100vw, 1024px\" \/><\/figure>\n\n\n\n<figure class=\"wp-block-image size-large\"><img loading=\"lazy\" decoding=\"async\" width=\"1024\" height=\"1024\" data-id=\"2806\" src=\"https:\/\/fomentmolins.cat\/wp-content\/uploads\/2025\/02\/WhatsApp-Image-2025-02-15-at-11.29.02-1024x1024.jpeg\" alt=\"\" class=\"wp-image-2806\" srcset=\"https:\/\/fomentmolins.cat\/wp-content\/uploads\/2025\/02\/WhatsApp-Image-2025-02-15-at-11.29.02-1024x1024.jpeg 1024w, https:\/\/fomentmolins.cat\/wp-content\/uploads\/2025\/02\/WhatsApp-Image-2025-02-15-at-11.29.02-300x300.jpeg 300w, https:\/\/fomentmolins.cat\/wp-content\/uploads\/2025\/02\/WhatsApp-Image-2025-02-15-at-11.29.02-150x150.jpeg 150w, https:\/\/fomentmolins.cat\/wp-content\/uploads\/2025\/02\/WhatsApp-Image-2025-02-15-at-11.29.02-768x768.jpeg 768w, https:\/\/fomentmolins.cat\/wp-content\/uploads\/2025\/02\/WhatsApp-Image-2025-02-15-at-11.29.02.jpeg 1080w\" sizes=\"auto, (max-width: 1024px) 100vw, 1024px\" \/><\/figure>\n\n\n\n<figure class=\"wp-block-image size-large\"><img loading=\"lazy\" decoding=\"async\" width=\"1024\" height=\"1024\" data-id=\"2804\" src=\"https:\/\/fomentmolins.cat\/wp-content\/uploads\/2025\/02\/WhatsApp-Image-2025-02-15-at-11.29.01-1024x1024.jpeg\" alt=\"\" class=\"wp-image-2804\" srcset=\"https:\/\/fomentmolins.cat\/wp-content\/uploads\/2025\/02\/WhatsApp-Image-2025-02-15-at-11.29.01-1024x1024.jpeg 1024w, https:\/\/fomentmolins.cat\/wp-content\/uploads\/2025\/02\/WhatsApp-Image-2025-02-15-at-11.29.01-300x300.jpeg 300w, https:\/\/fomentmolins.cat\/wp-content\/uploads\/2025\/02\/WhatsApp-Image-2025-02-15-at-11.29.01-150x150.jpeg 150w, https:\/\/fomentmolins.cat\/wp-content\/uploads\/2025\/02\/WhatsApp-Image-2025-02-15-at-11.29.01-768x768.jpeg 768w, https:\/\/fomentmolins.cat\/wp-content\/uploads\/2025\/02\/WhatsApp-Image-2025-02-15-at-11.29.01.jpeg 1080w\" sizes=\"auto, (max-width: 1024px) 100vw, 1024px\" \/><\/figure>\n<\/figure>\n","protected":false},"excerpt":{"rendered":"<p>El pasado domingo, 113 personas hicieron un gesto que marca la diferencia: donar sangre o plasma en el marco de la Feria de la Candelaria en el Foment. <\/p>\n","protected":false},"author":6,"featured_media":2807,"comment_status":"open","ping_status":"closed","sticky":false,"template":"","format":"standard","meta":{"inline_featured_image":false,"footnotes":""},"categories":[123],"tags":[132],"class_list":["post-2809","post","type-post","status-publish","format-standard","has-post-thumbnail","hentry","category-eventos","tag-actos-de-solidaridad"],"yoast_head":"<!-- This site is optimized with the Yoast SEO plugin v27.2 - https:\/\/yoast.com\/product\/yoast-seo-wordpress\/ -->\n<title>Acto solidario de Feria de la Candelaria - Foment Molins Cultural<\/title>\n<meta name=\"description\" content=\"Acto solidario de Feria de la Candelaria. Cuando la solidaridad se convierte en tradici\u00f3n.\" \/>\n<meta name=\"robots\" content=\"index, follow, max-snippet:-1, max-image-preview:large, max-video-preview:-1\" \/>\n<link rel=\"canonical\" href=\"https:\/\/fomentmolins.cat\/es\/acto-solidario-de-feria-de-la-candelaria\/\" \/>\n<meta property=\"og:locale\" content=\"es_ES\" \/>\n<meta property=\"og:type\" content=\"article\" \/>\n<meta property=\"og:title\" content=\"Acto solidario de Feria de la Candelaria - Foment Molins Cultural\" \/>\n<meta property=\"og:description\" content=\"Acto solidario de Feria de la Candelaria. Cuando la solidaridad se convierte en tradici\u00f3n.\" \/>\n<meta property=\"og:url\" content=\"https:\/\/fomentmolins.cat\/es\/acto-solidario-de-feria-de-la-candelaria\/\" \/>\n<meta property=\"og:site_name\" content=\"Foment Molins Cultural\" \/>\n<meta property=\"article:published_time\" content=\"2025-02-15T10:37:36+00:00\" \/>\n<meta property=\"article:modified_time\" content=\"2025-02-15T10:40:40+00:00\" \/>\n<meta property=\"og:image\" content=\"https:\/\/fomentmolins.cat\/wp-content\/uploads\/2025\/02\/WhatsApp-Image-2025-02-15-at-11.29.02.jpeg\" \/>\n\t<meta property=\"og:image:width\" content=\"1080\" \/>\n\t<meta property=\"og:image:height\" content=\"1080\" \/>\n\t<meta property=\"og:image:type\" content=\"image\/jpeg\" \/>\n<meta name=\"author\" content=\"Foment Cultural i Art\u00edstic\" \/>\n<meta name=\"twitter:card\" content=\"summary_large_image\" \/>\n<meta name=\"twitter:label1\" content=\"Escrito por\" \/>\n\t<meta name=\"twitter:data1\" content=\"Foment Cultural i Art\u00edstic\" \/>\n\t<meta name=\"twitter:label2\" content=\"Tiempo de lectura\" \/>\n\t<meta name=\"twitter:data2\" content=\"1 minuto\" \/>\n<script type=\"application\/ld+json\" class=\"yoast-schema-graph\">{\"@context\":\"https:\/\/schema.org\",\"@graph\":[{\"@type\":\"Article\",\"@id\":\"https:\/\/fomentmolins.cat\/es\/acto-solidario-de-feria-de-la-candelaria\/#article\",\"isPartOf\":{\"@id\":\"https:\/\/fomentmolins.cat\/es\/acto-solidario-de-feria-de-la-candelaria\/\"},\"author\":{\"name\":\"Foment Cultural i Art\u00edstic\",\"@id\":\"https:\/\/fomentmolins.cat\/es\/#\/schema\/person\/97c5658972a2b117e786bb3154a4797f\"},\"headline\":\"Acto solidario de Feria de la Candelaria\",\"datePublished\":\"2025-02-15T10:37:36+00:00\",\"dateModified\":\"2025-02-15T10:40:40+00:00\",\"mainEntityOfPage\":{\"@id\":\"https:\/\/fomentmolins.cat\/es\/acto-solidario-de-feria-de-la-candelaria\/\"},\"wordCount\":180,\"commentCount\":0,\"image\":{\"@id\":\"https:\/\/fomentmolins.cat\/es\/acto-solidario-de-feria-de-la-candelaria\/#primaryimage\"},\"thumbnailUrl\":\"https:\/\/fomentmolins.cat\/wp-content\/uploads\/2025\/02\/WhatsApp-Image-2025-02-15-at-11.29.02.jpeg\",\"keywords\":[\"Actos de solidaridad\"],\"articleSection\":[\"Eventos\"],\"inLanguage\":\"es\",\"potentialAction\":[{\"@type\":\"CommentAction\",\"name\":\"Comment\",\"target\":[\"https:\/\/fomentmolins.cat\/es\/acto-solidario-de-feria-de-la-candelaria\/#respond\"]}]},{\"@type\":\"WebPage\",\"@id\":\"https:\/\/fomentmolins.cat\/es\/acto-solidario-de-feria-de-la-candelaria\/\",\"url\":\"https:\/\/fomentmolins.cat\/es\/acto-solidario-de-feria-de-la-candelaria\/\",\"name\":\"Acto solidario de Feria de la Candelaria - Foment Molins Cultural\",\"isPartOf\":{\"@id\":\"https:\/\/fomentmolins.cat\/es\/#website\"},\"primaryImageOfPage\":{\"@id\":\"https:\/\/fomentmolins.cat\/es\/acto-solidario-de-feria-de-la-candelaria\/#primaryimage\"},\"image\":{\"@id\":\"https:\/\/fomentmolins.cat\/es\/acto-solidario-de-feria-de-la-candelaria\/#primaryimage\"},\"thumbnailUrl\":\"https:\/\/fomentmolins.cat\/wp-content\/uploads\/2025\/02\/WhatsApp-Image-2025-02-15-at-11.29.02.jpeg\",\"datePublished\":\"2025-02-15T10:37:36+00:00\",\"dateModified\":\"2025-02-15T10:40:40+00:00\",\"author\":{\"@id\":\"https:\/\/fomentmolins.cat\/es\/#\/schema\/person\/97c5658972a2b117e786bb3154a4797f\"},\"description\":\"Acto solidario de Feria de la Candelaria. Cuando la solidaridad se convierte en tradici\u00f3n.\",\"breadcrumb\":{\"@id\":\"https:\/\/fomentmolins.cat\/es\/acto-solidario-de-feria-de-la-candelaria\/#breadcrumb\"},\"inLanguage\":\"es\",\"potentialAction\":[{\"@type\":\"ReadAction\",\"target\":[\"https:\/\/fomentmolins.cat\/es\/acto-solidario-de-feria-de-la-candelaria\/\"]}]},{\"@type\":\"ImageObject\",\"inLanguage\":\"es\",\"@id\":\"https:\/\/fomentmolins.cat\/es\/acto-solidario-de-feria-de-la-candelaria\/#primaryimage\",\"url\":\"https:\/\/fomentmolins.cat\/wp-content\/uploads\/2025\/02\/WhatsApp-Image-2025-02-15-at-11.29.02.jpeg\",\"contentUrl\":\"https:\/\/fomentmolins.cat\/wp-content\/uploads\/2025\/02\/WhatsApp-Image-2025-02-15-at-11.29.02.jpeg\",\"width\":1080,\"height\":1080},{\"@type\":\"BreadcrumbList\",\"@id\":\"https:\/\/fomentmolins.cat\/es\/acto-solidario-de-feria-de-la-candelaria\/#breadcrumb\",\"itemListElement\":[{\"@type\":\"ListItem\",\"position\":1,\"name\":\"Portada\",\"item\":\"https:\/\/fomentmolins.cat\/es\/\"},{\"@type\":\"ListItem\",\"position\":2,\"name\":\"Acto solidario de Feria de la Candelaria\"}]},{\"@type\":\"WebSite\",\"@id\":\"https:\/\/fomentmolins.cat\/es\/#website\",\"url\":\"https:\/\/fomentmolins.cat\/es\/\",\"name\":\"Foment Molins Cultural\",\"description\":\"\",\"potentialAction\":[{\"@type\":\"SearchAction\",\"target\":{\"@type\":\"EntryPoint\",\"urlTemplate\":\"https:\/\/fomentmolins.cat\/es\/?s={search_term_string}\"},\"query-input\":{\"@type\":\"PropertyValueSpecification\",\"valueRequired\":true,\"valueName\":\"search_term_string\"}}],\"inLanguage\":\"es\"},{\"@type\":\"Person\",\"@id\":\"https:\/\/fomentmolins.cat\/es\/#\/schema\/person\/97c5658972a2b117e786bb3154a4797f\",\"name\":\"Foment Cultural i Art\u00edstic\",\"image\":{\"@type\":\"ImageObject\",\"inLanguage\":\"es\",\"@id\":\"https:\/\/secure.gravatar.com\/avatar\/6afa5d00109ab0ad887a3ebd7df8de0143713162a231800a3e1ba59eb8d2dba8?s=96&d=mm&r=g\",\"url\":\"https:\/\/secure.gravatar.com\/avatar\/6afa5d00109ab0ad887a3ebd7df8de0143713162a231800a3e1ba59eb8d2dba8?s=96&d=mm&r=g\",\"contentUrl\":\"https:\/\/secure.gravatar.com\/avatar\/6afa5d00109ab0ad887a3ebd7df8de0143713162a231800a3e1ba59eb8d2dba8?s=96&d=mm&r=g\",\"caption\":\"Foment Cultural i Art\u00edstic\"},\"url\":\"https:\/\/fomentmolins.cat\/es\/author\/soki_foment\/\"}]}<\/script>\n<!-- \/ Yoast SEO plugin. -->","yoast_head_json":{"title":"Acto solidario de Feria de la Candelaria - Foment Molins Cultural","description":"Acto solidario de Feria de la Candelaria. Cuando la solidaridad se convierte en tradici\u00f3n.","robots":{"index":"index","follow":"follow","max-snippet":"max-snippet:-1","max-image-preview":"max-image-preview:large","max-video-preview":"max-video-preview:-1"},"canonical":"https:\/\/fomentmolins.cat\/es\/acto-solidario-de-feria-de-la-candelaria\/","og_locale":"es_ES","og_type":"article","og_title":"Acto solidario de Feria de la Candelaria - Foment Molins Cultural","og_description":"Acto solidario de Feria de la Candelaria. Cuando la solidaridad se convierte en tradici\u00f3n.","og_url":"https:\/\/fomentmolins.cat\/es\/acto-solidario-de-feria-de-la-candelaria\/","og_site_name":"Foment Molins Cultural","article_published_time":"2025-02-15T10:37:36+00:00","article_modified_time":"2025-02-15T10:40:40+00:00","og_image":[{"width":1080,"height":1080,"url":"https:\/\/fomentmolins.cat\/wp-content\/uploads\/2025\/02\/WhatsApp-Image-2025-02-15-at-11.29.02.jpeg","type":"image\/jpeg"}],"author":"Foment Cultural i Art\u00edstic","twitter_card":"summary_large_image","twitter_misc":{"Escrito por":"Foment Cultural i Art\u00edstic","Tiempo de lectura":"1 minuto"},"schema":{"@context":"https:\/\/schema.org","@graph":[{"@type":"Article","@id":"https:\/\/fomentmolins.cat\/es\/acto-solidario-de-feria-de-la-candelaria\/#article","isPartOf":{"@id":"https:\/\/fomentmolins.cat\/es\/acto-solidario-de-feria-de-la-candelaria\/"},"author":{"name":"Foment Cultural i Art\u00edstic","@id":"https:\/\/fomentmolins.cat\/es\/#\/schema\/person\/97c5658972a2b117e786bb3154a4797f"},"headline":"Acto solidario de Feria de la Candelaria","datePublished":"2025-02-15T10:37:36+00:00","dateModified":"2025-02-15T10:40:40+00:00","mainEntityOfPage":{"@id":"https:\/\/fomentmolins.cat\/es\/acto-solidario-de-feria-de-la-candelaria\/"},"wordCount":180,"commentCount":0,"image":{"@id":"https:\/\/fomentmolins.cat\/es\/acto-solidario-de-feria-de-la-candelaria\/#primaryimage"},"thumbnailUrl":"https:\/\/fomentmolins.cat\/wp-content\/uploads\/2025\/02\/WhatsApp-Image-2025-02-15-at-11.29.02.jpeg","keywords":["Actos de solidaridad"],"articleSection":["Eventos"],"inLanguage":"es","potentialAction":[{"@type":"CommentAction","name":"Comment","target":["https:\/\/fomentmolins.cat\/es\/acto-solidario-de-feria-de-la-candelaria\/#respond"]}]},{"@type":"WebPage","@id":"https:\/\/fomentmolins.cat\/es\/acto-solidario-de-feria-de-la-candelaria\/","url":"https:\/\/fomentmolins.cat\/es\/acto-solidario-de-feria-de-la-candelaria\/","name":"Acto solidario de Feria de la Candelaria - Foment Molins Cultural","isPartOf":{"@id":"https:\/\/fomentmolins.cat\/es\/#website"},"primaryImageOfPage":{"@id":"https:\/\/fomentmolins.cat\/es\/acto-solidario-de-feria-de-la-candelaria\/#primaryimage"},"image":{"@id":"https:\/\/fomentmolins.cat\/es\/acto-solidario-de-feria-de-la-candelaria\/#primaryimage"},"thumbnailUrl":"https:\/\/fomentmolins.cat\/wp-content\/uploads\/2025\/02\/WhatsApp-Image-2025-02-15-at-11.29.02.jpeg","datePublished":"2025-02-15T10:37:36+00:00","dateModified":"2025-02-15T10:40:40+00:00","author":{"@id":"https:\/\/fomentmolins.cat\/es\/#\/schema\/person\/97c5658972a2b117e786bb3154a4797f"},"description":"Acto solidario de Feria de la Candelaria. Cuando la solidaridad se convierte en tradici\u00f3n.","breadcrumb":{"@id":"https:\/\/fomentmolins.cat\/es\/acto-solidario-de-feria-de-la-candelaria\/#breadcrumb"},"inLanguage":"es","potentialAction":[{"@type":"ReadAction","target":["https:\/\/fomentmolins.cat\/es\/acto-solidario-de-feria-de-la-candelaria\/"]}]},{"@type":"ImageObject","inLanguage":"es","@id":"https:\/\/fomentmolins.cat\/es\/acto-solidario-de-feria-de-la-candelaria\/#primaryimage","url":"https:\/\/fomentmolins.cat\/wp-content\/uploads\/2025\/02\/WhatsApp-Image-2025-02-15-at-11.29.02.jpeg","contentUrl":"https:\/\/fomentmolins.cat\/wp-content\/uploads\/2025\/02\/WhatsApp-Image-2025-02-15-at-11.29.02.jpeg","width":1080,"height":1080},{"@type":"BreadcrumbList","@id":"https:\/\/fomentmolins.cat\/es\/acto-solidario-de-feria-de-la-candelaria\/#breadcrumb","itemListElement":[{"@type":"ListItem","position":1,"name":"Portada","item":"https:\/\/fomentmolins.cat\/es\/"},{"@type":"ListItem","position":2,"name":"Acto solidario de Feria de la Candelaria"}]},{"@type":"WebSite","@id":"https:\/\/fomentmolins.cat\/es\/#website","url":"https:\/\/fomentmolins.cat\/es\/","name":"Foment Molins Cultural","description":"","potentialAction":[{"@type":"SearchAction","target":{"@type":"EntryPoint","urlTemplate":"https:\/\/fomentmolins.cat\/es\/?s={search_term_string}"},"query-input":{"@type":"PropertyValueSpecification","valueRequired":true,"valueName":"search_term_string"}}],"inLanguage":"es"},{"@type":"Person","@id":"https:\/\/fomentmolins.cat\/es\/#\/schema\/person\/97c5658972a2b117e786bb3154a4797f","name":"Foment Cultural i Art\u00edstic","image":{"@type":"ImageObject","inLanguage":"es","@id":"https:\/\/secure.gravatar.com\/avatar\/6afa5d00109ab0ad887a3ebd7df8de0143713162a231800a3e1ba59eb8d2dba8?s=96&d=mm&r=g","url":"https:\/\/secure.gravatar.com\/avatar\/6afa5d00109ab0ad887a3ebd7df8de0143713162a231800a3e1ba59eb8d2dba8?s=96&d=mm&r=g","contentUrl":"https:\/\/secure.gravatar.com\/avatar\/6afa5d00109ab0ad887a3ebd7df8de0143713162a231800a3e1ba59eb8d2dba8?s=96&d=mm&r=g","caption":"Foment Cultural i Art\u00edstic"},"url":"https:\/\/fomentmolins.cat\/es\/author\/soki_foment\/"}]}},"_links":{"self":[{"href":"https:\/\/fomentmolins.cat\/es\/wp-json\/wp\/v2\/posts\/2809","targetHints":{"allow":["GET"]}}],"collection":[{"href":"https:\/\/fomentmolins.cat\/es\/wp-json\/wp\/v2\/posts"}],"about":[{"href":"https:\/\/fomentmolins.cat\/es\/wp-json\/wp\/v2\/types\/post"}],"author":[{"embeddable":true,"href":"https:\/\/fomentmolins.cat\/es\/wp-json\/wp\/v2\/users\/6"}],"replies":[{"embeddable":true,"href":"https:\/\/fomentmolins.cat\/es\/wp-json\/wp\/v2\/comments?post=2809"}],"version-history":[{"count":1,"href":"https:\/\/fomentmolins.cat\/es\/wp-json\/wp\/v2\/posts\/2809\/revisions"}],"predecessor-version":[{"id":2810,"href":"https:\/\/fomentmolins.cat\/es\/wp-json\/wp\/v2\/posts\/2809\/revisions\/2810"}],"wp:featuredmedia":[{"embeddable":true,"href":"https:\/\/fomentmolins.cat\/es\/wp-json\/wp\/v2\/media\/2807"}],"wp:attachment":[{"href":"https:\/\/fomentmolins.cat\/es\/wp-json\/wp\/v2\/media?parent=2809"}],"wp:term":[{"taxonomy":"category","embeddable":true,"href":"https:\/\/fomentmolins.cat\/es\/wp-json\/wp\/v2\/categories?post=2809"},{"taxonomy":"post_tag","embeddable":true,"href":"https:\/\/fomentmolins.cat\/es\/wp-json\/wp\/v2\/tags?post=2809"}],"curies":[{"name":"wp","href":"https:\/\/api.w.org\/{rel}","templated":true}]}}