{"id":2937,"date":"2025-03-28T17:29:59","date_gmt":"2025-03-28T16:29:59","guid":{"rendered":"https:\/\/fomentmolins.cat\/una-tarde-magica-con-el-fantasma-de-la-opera\/"},"modified":"2025-03-28T17:32:44","modified_gmt":"2025-03-28T16:32:44","slug":"una-tarde-magica-con-el-fantasma-de-la-opera","status":"publish","type":"post","link":"https:\/\/fomentmolins.cat\/es\/una-tarde-magica-con-el-fantasma-de-la-opera\/","title":{"rendered":"Una tarde m\u00e1gica con El Fantasma de la \u00d3pera"},"content":{"rendered":"\n<p><strong>Un espect\u00e1culo de ballet inolvidable en el Centro de Danza de Catalu\u00f1a<\/strong><\/p>\n\n<p>El pasado 15 de marzo, el Centro de Danza de Catalu\u00f1a nos ofreci\u00f3 una tarde llena de magia y emoci\u00f3n con su interpretaci\u00f3n de ballet de El Fantasma de la \u00d3pera. Este cl\u00e1sico universal, llevado al mundo de la danza, cautiv\u00f3 a todos los asistentes con una combinaci\u00f3n impecable de talento, coreograf\u00edas fascinantes y una puesta en escena que llenaba el ambiente de encanto y misterio. <\/p>\n\n<p>Con una ejecuci\u00f3n t\u00e9cnica impresionante, los bailarines dieron vida a los personajes m\u00e1s ic\u00f3nicos de la obra, transmitiendo la pasi\u00f3n, el drama y la intensidad emocional que caracterizan a esta historia. Los juegos de luz, el vestuario detallado y la melod\u00eda vibrante en el fondo reforzaron cada movimiento, creando una experiencia sensorial \u00fanica. <\/p>\n\n<p>Uno de los momentos m\u00e1s destacados de la tarde fue el d\u00fao entre Fantasma y Christine, que dej\u00f3 al p\u00fablico sin aliento. Sus interpretaciones reflejaron perfectamente el conflicto interno de los personajes, mezclando fuerza y \u200b\u200bfragilidad con una precisi\u00f3n art\u00edstica admirable. <\/p>\n\n<p>El espect\u00e1culo, que recibi\u00f3 prolongadas ovaciones, fue un testimonio claro de la dedicaci\u00f3n y el compromiso de los artistas y profesores que forman el Centro de Danza de Catalu\u00f1a. Esta tarde de ballet va m\u00e1s all\u00e1 del entretenimiento, demostrando que la danza es una expresi\u00f3n art\u00edstica capaz de contar historias y emocionar hasta lo m\u00e1s profundo del alma. <\/p>\n\n<p>Con El Fantasma de la \u00d3pera, el Centro de Danza de Catalu\u00f1a reafirma su sitio como referente en la educaci\u00f3n y producci\u00f3n coreogr\u00e1fica de calidad. Sin duda, una tarde que quedar\u00e1 grabada en la memoria de los espectadores. <\/p>\n\n<figure class=\"wp-block-gallery has-nested-images columns-default is-cropped wp-block-gallery-1 is-layout-flex wp-block-gallery-is-layout-flex\">\n<figure class=\"wp-block-image size-large\"><img loading=\"lazy\" decoding=\"async\" width=\"1024\" height=\"682\" data-id=\"2888\" src=\"https:\/\/fomentmolins.cat\/wp-content\/uploads\/2025\/03\/93f5ae08-9efb-474a-aaab-7e14d1fae1ca-1024x682.jpeg\" alt=\"\" class=\"wp-image-2888\" srcset=\"https:\/\/fomentmolins.cat\/wp-content\/uploads\/2025\/03\/93f5ae08-9efb-474a-aaab-7e14d1fae1ca-1024x682.jpeg 1024w, https:\/\/fomentmolins.cat\/wp-content\/uploads\/2025\/03\/93f5ae08-9efb-474a-aaab-7e14d1fae1ca-300x200.jpeg 300w, https:\/\/fomentmolins.cat\/wp-content\/uploads\/2025\/03\/93f5ae08-9efb-474a-aaab-7e14d1fae1ca-768x512.jpeg 768w, https:\/\/fomentmolins.cat\/wp-content\/uploads\/2025\/03\/93f5ae08-9efb-474a-aaab-7e14d1fae1ca-1536x1023.jpeg 1536w, https:\/\/fomentmolins.cat\/wp-content\/uploads\/2025\/03\/93f5ae08-9efb-474a-aaab-7e14d1fae1ca.jpeg 1600w\" sizes=\"auto, (max-width: 1024px) 100vw, 1024px\" \/><\/figure>\n\n\n\n<figure class=\"wp-block-image size-large\"><img loading=\"lazy\" decoding=\"async\" width=\"1024\" height=\"682\" data-id=\"2891\" src=\"https:\/\/fomentmolins.cat\/wp-content\/uploads\/2025\/03\/3b66dc97-07cf-4b78-b4f3-ff849627804d-1024x682.jpeg\" alt=\"\" class=\"wp-image-2891\" srcset=\"https:\/\/fomentmolins.cat\/wp-content\/uploads\/2025\/03\/3b66dc97-07cf-4b78-b4f3-ff849627804d-1024x682.jpeg 1024w, https:\/\/fomentmolins.cat\/wp-content\/uploads\/2025\/03\/3b66dc97-07cf-4b78-b4f3-ff849627804d-300x200.jpeg 300w, https:\/\/fomentmolins.cat\/wp-content\/uploads\/2025\/03\/3b66dc97-07cf-4b78-b4f3-ff849627804d-768x512.jpeg 768w, https:\/\/fomentmolins.cat\/wp-content\/uploads\/2025\/03\/3b66dc97-07cf-4b78-b4f3-ff849627804d-1536x1023.jpeg 1536w, https:\/\/fomentmolins.cat\/wp-content\/uploads\/2025\/03\/3b66dc97-07cf-4b78-b4f3-ff849627804d.jpeg 1600w\" sizes=\"auto, (max-width: 1024px) 100vw, 1024px\" \/><\/figure>\n\n\n\n<figure class=\"wp-block-image size-large\"><img loading=\"lazy\" decoding=\"async\" width=\"1024\" height=\"576\" data-id=\"2893\" src=\"https:\/\/fomentmolins.cat\/wp-content\/uploads\/2025\/03\/55837961-1f23-49ac-8fa8-bdcc92b45d8a-1024x576.jpeg\" alt=\"\" class=\"wp-image-2893\" srcset=\"https:\/\/fomentmolins.cat\/wp-content\/uploads\/2025\/03\/55837961-1f23-49ac-8fa8-bdcc92b45d8a-1024x576.jpeg 1024w, https:\/\/fomentmolins.cat\/wp-content\/uploads\/2025\/03\/55837961-1f23-49ac-8fa8-bdcc92b45d8a-300x169.jpeg 300w, https:\/\/fomentmolins.cat\/wp-content\/uploads\/2025\/03\/55837961-1f23-49ac-8fa8-bdcc92b45d8a-768x432.jpeg 768w, https:\/\/fomentmolins.cat\/wp-content\/uploads\/2025\/03\/55837961-1f23-49ac-8fa8-bdcc92b45d8a-1536x864.jpeg 1536w, https:\/\/fomentmolins.cat\/wp-content\/uploads\/2025\/03\/55837961-1f23-49ac-8fa8-bdcc92b45d8a.jpeg 1600w\" sizes=\"auto, (max-width: 1024px) 100vw, 1024px\" \/><\/figure>\n\n\n\n<figure class=\"wp-block-image size-large\"><img loading=\"lazy\" decoding=\"async\" width=\"1024\" height=\"576\" data-id=\"2895\" src=\"https:\/\/fomentmolins.cat\/wp-content\/uploads\/2025\/03\/10a576b9-ee18-4e02-938f-e6f45c59a24d-1024x576.jpeg\" alt=\"\" class=\"wp-image-2895\" srcset=\"https:\/\/fomentmolins.cat\/wp-content\/uploads\/2025\/03\/10a576b9-ee18-4e02-938f-e6f45c59a24d-1024x576.jpeg 1024w, https:\/\/fomentmolins.cat\/wp-content\/uploads\/2025\/03\/10a576b9-ee18-4e02-938f-e6f45c59a24d-300x169.jpeg 300w, https:\/\/fomentmolins.cat\/wp-content\/uploads\/2025\/03\/10a576b9-ee18-4e02-938f-e6f45c59a24d-768x432.jpeg 768w, https:\/\/fomentmolins.cat\/wp-content\/uploads\/2025\/03\/10a576b9-ee18-4e02-938f-e6f45c59a24d-1536x864.jpeg 1536w, https:\/\/fomentmolins.cat\/wp-content\/uploads\/2025\/03\/10a576b9-ee18-4e02-938f-e6f45c59a24d.jpeg 1600w\" sizes=\"auto, (max-width: 1024px) 100vw, 1024px\" \/><\/figure>\n\n\n\n<figure class=\"wp-block-image size-large\"><img loading=\"lazy\" decoding=\"async\" width=\"1024\" height=\"576\" data-id=\"2897\" src=\"https:\/\/fomentmolins.cat\/wp-content\/uploads\/2025\/03\/a6166656-6b45-4684-800d-9faa0ac71edd-1024x576.jpeg\" alt=\"\" class=\"wp-image-2897\" srcset=\"https:\/\/fomentmolins.cat\/wp-content\/uploads\/2025\/03\/a6166656-6b45-4684-800d-9faa0ac71edd-1024x576.jpeg 1024w, https:\/\/fomentmolins.cat\/wp-content\/uploads\/2025\/03\/a6166656-6b45-4684-800d-9faa0ac71edd-300x169.jpeg 300w, https:\/\/fomentmolins.cat\/wp-content\/uploads\/2025\/03\/a6166656-6b45-4684-800d-9faa0ac71edd-768x432.jpeg 768w, https:\/\/fomentmolins.cat\/wp-content\/uploads\/2025\/03\/a6166656-6b45-4684-800d-9faa0ac71edd-1536x864.jpeg 1536w, https:\/\/fomentmolins.cat\/wp-content\/uploads\/2025\/03\/a6166656-6b45-4684-800d-9faa0ac71edd.jpeg 1600w\" sizes=\"auto, (max-width: 1024px) 100vw, 1024px\" \/><\/figure>\n\n\n\n<figure class=\"wp-block-image size-large\"><img loading=\"lazy\" decoding=\"async\" width=\"1024\" height=\"682\" data-id=\"2899\" src=\"https:\/\/fomentmolins.cat\/wp-content\/uploads\/2025\/03\/a9943291-e3d8-4ebe-a879-1e7d84ec236d-1024x682.jpeg\" alt=\"\" class=\"wp-image-2899\" srcset=\"https:\/\/fomentmolins.cat\/wp-content\/uploads\/2025\/03\/a9943291-e3d8-4ebe-a879-1e7d84ec236d-1024x682.jpeg 1024w, https:\/\/fomentmolins.cat\/wp-content\/uploads\/2025\/03\/a9943291-e3d8-4ebe-a879-1e7d84ec236d-300x200.jpeg 300w, https:\/\/fomentmolins.cat\/wp-content\/uploads\/2025\/03\/a9943291-e3d8-4ebe-a879-1e7d84ec236d-768x512.jpeg 768w, https:\/\/fomentmolins.cat\/wp-content\/uploads\/2025\/03\/a9943291-e3d8-4ebe-a879-1e7d84ec236d-1536x1023.jpeg 1536w, https:\/\/fomentmolins.cat\/wp-content\/uploads\/2025\/03\/a9943291-e3d8-4ebe-a879-1e7d84ec236d.jpeg 1600w\" sizes=\"auto, (max-width: 1024px) 100vw, 1024px\" \/><\/figure>\n\n\n\n<figure class=\"wp-block-image size-large\"><img loading=\"lazy\" decoding=\"async\" width=\"1024\" height=\"682\" data-id=\"2901\" src=\"https:\/\/fomentmolins.cat\/wp-content\/uploads\/2025\/03\/23bda421-eb92-4af4-9017-1d8d9e3973e7-1024x682.jpeg\" alt=\"\" class=\"wp-image-2901\" srcset=\"https:\/\/fomentmolins.cat\/wp-content\/uploads\/2025\/03\/23bda421-eb92-4af4-9017-1d8d9e3973e7-1024x682.jpeg 1024w, https:\/\/fomentmolins.cat\/wp-content\/uploads\/2025\/03\/23bda421-eb92-4af4-9017-1d8d9e3973e7-300x200.jpeg 300w, https:\/\/fomentmolins.cat\/wp-content\/uploads\/2025\/03\/23bda421-eb92-4af4-9017-1d8d9e3973e7-768x512.jpeg 768w, https:\/\/fomentmolins.cat\/wp-content\/uploads\/2025\/03\/23bda421-eb92-4af4-9017-1d8d9e3973e7-1536x1023.jpeg 1536w, https:\/\/fomentmolins.cat\/wp-content\/uploads\/2025\/03\/23bda421-eb92-4af4-9017-1d8d9e3973e7.jpeg 1600w\" sizes=\"auto, (max-width: 1024px) 100vw, 1024px\" \/><\/figure>\n\n\n\n<figure class=\"wp-block-image size-large\"><img loading=\"lazy\" decoding=\"async\" width=\"1024\" height=\"576\" data-id=\"2905\" src=\"https:\/\/fomentmolins.cat\/wp-content\/uploads\/2025\/03\/5b694160-34a0-4733-9623-47686f3d833c-1024x576.jpeg\" alt=\"\" class=\"wp-image-2905\" srcset=\"https:\/\/fomentmolins.cat\/wp-content\/uploads\/2025\/03\/5b694160-34a0-4733-9623-47686f3d833c-1024x576.jpeg 1024w, https:\/\/fomentmolins.cat\/wp-content\/uploads\/2025\/03\/5b694160-34a0-4733-9623-47686f3d833c-300x169.jpeg 300w, https:\/\/fomentmolins.cat\/wp-content\/uploads\/2025\/03\/5b694160-34a0-4733-9623-47686f3d833c-768x432.jpeg 768w, https:\/\/fomentmolins.cat\/wp-content\/uploads\/2025\/03\/5b694160-34a0-4733-9623-47686f3d833c-1536x864.jpeg 1536w, https:\/\/fomentmolins.cat\/wp-content\/uploads\/2025\/03\/5b694160-34a0-4733-9623-47686f3d833c.jpeg 1600w\" sizes=\"auto, (max-width: 1024px) 100vw, 1024px\" \/><\/figure>\n\n\n\n<figure class=\"wp-block-image size-large\"><img loading=\"lazy\" decoding=\"async\" width=\"1024\" height=\"576\" data-id=\"2903\" src=\"https:\/\/fomentmolins.cat\/wp-content\/uploads\/2025\/03\/323bee35-c366-45ec-aa7d-ea4fbae02198-1024x576.jpeg\" alt=\"\" class=\"wp-image-2903\" srcset=\"https:\/\/fomentmolins.cat\/wp-content\/uploads\/2025\/03\/323bee35-c366-45ec-aa7d-ea4fbae02198-1024x576.jpeg 1024w, https:\/\/fomentmolins.cat\/wp-content\/uploads\/2025\/03\/323bee35-c366-45ec-aa7d-ea4fbae02198-300x169.jpeg 300w, https:\/\/fomentmolins.cat\/wp-content\/uploads\/2025\/03\/323bee35-c366-45ec-aa7d-ea4fbae02198-768x432.jpeg 768w, https:\/\/fomentmolins.cat\/wp-content\/uploads\/2025\/03\/323bee35-c366-45ec-aa7d-ea4fbae02198-1536x864.jpeg 1536w, https:\/\/fomentmolins.cat\/wp-content\/uploads\/2025\/03\/323bee35-c366-45ec-aa7d-ea4fbae02198.jpeg 1600w\" sizes=\"auto, (max-width: 1024px) 100vw, 1024px\" \/><\/figure>\n\n\n\n<figure class=\"wp-block-image size-large\"><img loading=\"lazy\" decoding=\"async\" width=\"1024\" height=\"576\" data-id=\"2907\" src=\"https:\/\/fomentmolins.cat\/wp-content\/uploads\/2025\/03\/f4150574-775b-4a83-b104-1fa05a95ad5d-1024x576.jpeg\" alt=\"\" class=\"wp-image-2907\" srcset=\"https:\/\/fomentmolins.cat\/wp-content\/uploads\/2025\/03\/f4150574-775b-4a83-b104-1fa05a95ad5d-1024x576.jpeg 1024w, https:\/\/fomentmolins.cat\/wp-content\/uploads\/2025\/03\/f4150574-775b-4a83-b104-1fa05a95ad5d-300x169.jpeg 300w, https:\/\/fomentmolins.cat\/wp-content\/uploads\/2025\/03\/f4150574-775b-4a83-b104-1fa05a95ad5d-768x432.jpeg 768w, https:\/\/fomentmolins.cat\/wp-content\/uploads\/2025\/03\/f4150574-775b-4a83-b104-1fa05a95ad5d-1536x864.jpeg 1536w, https:\/\/fomentmolins.cat\/wp-content\/uploads\/2025\/03\/f4150574-775b-4a83-b104-1fa05a95ad5d.jpeg 1600w\" sizes=\"auto, (max-width: 1024px) 100vw, 1024px\" \/><\/figure>\n\n\n\n<figure class=\"wp-block-image size-large\"><img loading=\"lazy\" decoding=\"async\" width=\"1024\" height=\"575\" data-id=\"2909\" src=\"https:\/\/fomentmolins.cat\/wp-content\/uploads\/2025\/03\/46fb5b03-5880-41ac-b70c-b6f2d7ee8ce9-1024x575.jpeg\" alt=\"\" class=\"wp-image-2909\" srcset=\"https:\/\/fomentmolins.cat\/wp-content\/uploads\/2025\/03\/46fb5b03-5880-41ac-b70c-b6f2d7ee8ce9-1024x575.jpeg 1024w, https:\/\/fomentmolins.cat\/wp-content\/uploads\/2025\/03\/46fb5b03-5880-41ac-b70c-b6f2d7ee8ce9-300x168.jpeg 300w, https:\/\/fomentmolins.cat\/wp-content\/uploads\/2025\/03\/46fb5b03-5880-41ac-b70c-b6f2d7ee8ce9-768x431.jpeg 768w, https:\/\/fomentmolins.cat\/wp-content\/uploads\/2025\/03\/46fb5b03-5880-41ac-b70c-b6f2d7ee8ce9-1536x862.jpeg 1536w, https:\/\/fomentmolins.cat\/wp-content\/uploads\/2025\/03\/46fb5b03-5880-41ac-b70c-b6f2d7ee8ce9.jpeg 1600w\" sizes=\"auto, (max-width: 1024px) 100vw, 1024px\" \/><\/figure>\n\n\n\n<figure class=\"wp-block-image size-large\"><img loading=\"lazy\" decoding=\"async\" width=\"1024\" height=\"682\" data-id=\"2911\" src=\"https:\/\/fomentmolins.cat\/wp-content\/uploads\/2025\/03\/24eccfaa-3138-4777-a34f-6ae65f768b5f-1024x682.jpeg\" alt=\"\" class=\"wp-image-2911\" srcset=\"https:\/\/fomentmolins.cat\/wp-content\/uploads\/2025\/03\/24eccfaa-3138-4777-a34f-6ae65f768b5f-1024x682.jpeg 1024w, https:\/\/fomentmolins.cat\/wp-content\/uploads\/2025\/03\/24eccfaa-3138-4777-a34f-6ae65f768b5f-300x200.jpeg 300w, https:\/\/fomentmolins.cat\/wp-content\/uploads\/2025\/03\/24eccfaa-3138-4777-a34f-6ae65f768b5f-768x512.jpeg 768w, https:\/\/fomentmolins.cat\/wp-content\/uploads\/2025\/03\/24eccfaa-3138-4777-a34f-6ae65f768b5f-1536x1023.jpeg 1536w, https:\/\/fomentmolins.cat\/wp-content\/uploads\/2025\/03\/24eccfaa-3138-4777-a34f-6ae65f768b5f.jpeg 1600w\" sizes=\"auto, (max-width: 1024px) 100vw, 1024px\" \/><\/figure>\n\n\n\n<figure class=\"wp-block-image size-large\"><img loading=\"lazy\" decoding=\"async\" width=\"1024\" height=\"575\" data-id=\"2913\" src=\"https:\/\/fomentmolins.cat\/wp-content\/uploads\/2025\/03\/256e0d89-ccfd-469d-8c64-6568cf0ccb5b-1024x575.jpeg\" alt=\"\" class=\"wp-image-2913\" srcset=\"https:\/\/fomentmolins.cat\/wp-content\/uploads\/2025\/03\/256e0d89-ccfd-469d-8c64-6568cf0ccb5b-1024x575.jpeg 1024w, https:\/\/fomentmolins.cat\/wp-content\/uploads\/2025\/03\/256e0d89-ccfd-469d-8c64-6568cf0ccb5b-300x168.jpeg 300w, https:\/\/fomentmolins.cat\/wp-content\/uploads\/2025\/03\/256e0d89-ccfd-469d-8c64-6568cf0ccb5b-768x431.jpeg 768w, https:\/\/fomentmolins.cat\/wp-content\/uploads\/2025\/03\/256e0d89-ccfd-469d-8c64-6568cf0ccb5b-1536x862.jpeg 1536w, https:\/\/fomentmolins.cat\/wp-content\/uploads\/2025\/03\/256e0d89-ccfd-469d-8c64-6568cf0ccb5b.jpeg 1600w\" sizes=\"auto, (max-width: 1024px) 100vw, 1024px\" \/><\/figure>\n\n\n\n<figure class=\"wp-block-image size-large\"><img loading=\"lazy\" decoding=\"async\" width=\"1024\" height=\"576\" data-id=\"2915\" src=\"https:\/\/fomentmolins.cat\/wp-content\/uploads\/2025\/03\/cb6ffd9b-e799-4298-9823-475bb7b0f439-1024x576.jpeg\" alt=\"\" class=\"wp-image-2915\" srcset=\"https:\/\/fomentmolins.cat\/wp-content\/uploads\/2025\/03\/cb6ffd9b-e799-4298-9823-475bb7b0f439-1024x576.jpeg 1024w, https:\/\/fomentmolins.cat\/wp-content\/uploads\/2025\/03\/cb6ffd9b-e799-4298-9823-475bb7b0f439-300x169.jpeg 300w, https:\/\/fomentmolins.cat\/wp-content\/uploads\/2025\/03\/cb6ffd9b-e799-4298-9823-475bb7b0f439-768x432.jpeg 768w, https:\/\/fomentmolins.cat\/wp-content\/uploads\/2025\/03\/cb6ffd9b-e799-4298-9823-475bb7b0f439-1536x864.jpeg 1536w, https:\/\/fomentmolins.cat\/wp-content\/uploads\/2025\/03\/cb6ffd9b-e799-4298-9823-475bb7b0f439.jpeg 1600w\" sizes=\"auto, (max-width: 1024px) 100vw, 1024px\" \/><\/figure>\n\n\n\n<figure class=\"wp-block-image size-large\"><img loading=\"lazy\" decoding=\"async\" width=\"1024\" height=\"682\" data-id=\"2917\" src=\"https:\/\/fomentmolins.cat\/wp-content\/uploads\/2025\/03\/7cf9572d-563e-4876-8d45-9b0f462bb673-1024x682.jpeg\" alt=\"\" class=\"wp-image-2917\" srcset=\"https:\/\/fomentmolins.cat\/wp-content\/uploads\/2025\/03\/7cf9572d-563e-4876-8d45-9b0f462bb673-1024x682.jpeg 1024w, https:\/\/fomentmolins.cat\/wp-content\/uploads\/2025\/03\/7cf9572d-563e-4876-8d45-9b0f462bb673-300x200.jpeg 300w, https:\/\/fomentmolins.cat\/wp-content\/uploads\/2025\/03\/7cf9572d-563e-4876-8d45-9b0f462bb673-768x512.jpeg 768w, https:\/\/fomentmolins.cat\/wp-content\/uploads\/2025\/03\/7cf9572d-563e-4876-8d45-9b0f462bb673-1536x1023.jpeg 1536w, https:\/\/fomentmolins.cat\/wp-content\/uploads\/2025\/03\/7cf9572d-563e-4876-8d45-9b0f462bb673.jpeg 1600w\" sizes=\"auto, (max-width: 1024px) 100vw, 1024px\" \/><\/figure>\n\n\n\n<figure class=\"wp-block-image size-large\"><img loading=\"lazy\" decoding=\"async\" width=\"1024\" height=\"682\" data-id=\"2919\" src=\"https:\/\/fomentmolins.cat\/wp-content\/uploads\/2025\/03\/04c95243-fb63-4d3f-b38d-e44b63436dfa-1024x682.jpeg\" alt=\"\" class=\"wp-image-2919\" srcset=\"https:\/\/fomentmolins.cat\/wp-content\/uploads\/2025\/03\/04c95243-fb63-4d3f-b38d-e44b63436dfa-1024x682.jpeg 1024w, https:\/\/fomentmolins.cat\/wp-content\/uploads\/2025\/03\/04c95243-fb63-4d3f-b38d-e44b63436dfa-300x200.jpeg 300w, https:\/\/fomentmolins.cat\/wp-content\/uploads\/2025\/03\/04c95243-fb63-4d3f-b38d-e44b63436dfa-768x512.jpeg 768w, https:\/\/fomentmolins.cat\/wp-content\/uploads\/2025\/03\/04c95243-fb63-4d3f-b38d-e44b63436dfa-1536x1023.jpeg 1536w, https:\/\/fomentmolins.cat\/wp-content\/uploads\/2025\/03\/04c95243-fb63-4d3f-b38d-e44b63436dfa.jpeg 1600w\" sizes=\"auto, (max-width: 1024px) 100vw, 1024px\" \/><\/figure>\n\n\n\n<figure class=\"wp-block-image size-large\"><img loading=\"lazy\" decoding=\"async\" width=\"1024\" height=\"576\" data-id=\"2920\" src=\"https:\/\/fomentmolins.cat\/wp-content\/uploads\/2025\/03\/c4ddc867-b39b-41cb-be40-ff415c51e209-1024x576.jpeg\" alt=\"\" class=\"wp-image-2920\" srcset=\"https:\/\/fomentmolins.cat\/wp-content\/uploads\/2025\/03\/c4ddc867-b39b-41cb-be40-ff415c51e209-1024x576.jpeg 1024w, https:\/\/fomentmolins.cat\/wp-content\/uploads\/2025\/03\/c4ddc867-b39b-41cb-be40-ff415c51e209-300x169.jpeg 300w, https:\/\/fomentmolins.cat\/wp-content\/uploads\/2025\/03\/c4ddc867-b39b-41cb-be40-ff415c51e209-768x432.jpeg 768w, https:\/\/fomentmolins.cat\/wp-content\/uploads\/2025\/03\/c4ddc867-b39b-41cb-be40-ff415c51e209-1536x864.jpeg 1536w, https:\/\/fomentmolins.cat\/wp-content\/uploads\/2025\/03\/c4ddc867-b39b-41cb-be40-ff415c51e209.jpeg 1600w\" sizes=\"auto, (max-width: 1024px) 100vw, 1024px\" \/><\/figure>\n\n\n\n<figure class=\"wp-block-image size-large\"><img loading=\"lazy\" decoding=\"async\" width=\"1024\" height=\"576\" data-id=\"2923\" src=\"https:\/\/fomentmolins.cat\/wp-content\/uploads\/2025\/03\/3b81aab9-be3a-4f02-a504-d3304a77de8a-1024x576.jpeg\" alt=\"\" class=\"wp-image-2923\" srcset=\"https:\/\/fomentmolins.cat\/wp-content\/uploads\/2025\/03\/3b81aab9-be3a-4f02-a504-d3304a77de8a-1024x576.jpeg 1024w, https:\/\/fomentmolins.cat\/wp-content\/uploads\/2025\/03\/3b81aab9-be3a-4f02-a504-d3304a77de8a-300x169.jpeg 300w, https:\/\/fomentmolins.cat\/wp-content\/uploads\/2025\/03\/3b81aab9-be3a-4f02-a504-d3304a77de8a-768x432.jpeg 768w, https:\/\/fomentmolins.cat\/wp-content\/uploads\/2025\/03\/3b81aab9-be3a-4f02-a504-d3304a77de8a-1536x864.jpeg 1536w, https:\/\/fomentmolins.cat\/wp-content\/uploads\/2025\/03\/3b81aab9-be3a-4f02-a504-d3304a77de8a.jpeg 1600w\" sizes=\"auto, (max-width: 1024px) 100vw, 1024px\" \/><\/figure>\n\n\n\n<figure class=\"wp-block-image size-large\"><img loading=\"lazy\" decoding=\"async\" width=\"1024\" height=\"682\" data-id=\"2925\" src=\"https:\/\/fomentmolins.cat\/wp-content\/uploads\/2025\/03\/38129858-5cec-454f-8be4-d29261ae5052-1024x682.jpeg\" alt=\"\" class=\"wp-image-2925\" srcset=\"https:\/\/fomentmolins.cat\/wp-content\/uploads\/2025\/03\/38129858-5cec-454f-8be4-d29261ae5052-1024x682.jpeg 1024w, https:\/\/fomentmolins.cat\/wp-content\/uploads\/2025\/03\/38129858-5cec-454f-8be4-d29261ae5052-300x200.jpeg 300w, https:\/\/fomentmolins.cat\/wp-content\/uploads\/2025\/03\/38129858-5cec-454f-8be4-d29261ae5052-768x512.jpeg 768w, https:\/\/fomentmolins.cat\/wp-content\/uploads\/2025\/03\/38129858-5cec-454f-8be4-d29261ae5052-1536x1023.jpeg 1536w, https:\/\/fomentmolins.cat\/wp-content\/uploads\/2025\/03\/38129858-5cec-454f-8be4-d29261ae5052.jpeg 1600w\" sizes=\"auto, (max-width: 1024px) 100vw, 1024px\" \/><\/figure>\n\n\n\n<figure class=\"wp-block-image size-large\"><img loading=\"lazy\" decoding=\"async\" width=\"1024\" height=\"682\" data-id=\"2927\" src=\"https:\/\/fomentmolins.cat\/wp-content\/uploads\/2025\/03\/6eb4247e-d3d7-4952-abb9-3fb70aefcae5-1024x682.jpeg\" alt=\"\" class=\"wp-image-2927\" srcset=\"https:\/\/fomentmolins.cat\/wp-content\/uploads\/2025\/03\/6eb4247e-d3d7-4952-abb9-3fb70aefcae5-1024x682.jpeg 1024w, https:\/\/fomentmolins.cat\/wp-content\/uploads\/2025\/03\/6eb4247e-d3d7-4952-abb9-3fb70aefcae5-300x200.jpeg 300w, https:\/\/fomentmolins.cat\/wp-content\/uploads\/2025\/03\/6eb4247e-d3d7-4952-abb9-3fb70aefcae5-768x512.jpeg 768w, https:\/\/fomentmolins.cat\/wp-content\/uploads\/2025\/03\/6eb4247e-d3d7-4952-abb9-3fb70aefcae5-1536x1023.jpeg 1536w, https:\/\/fomentmolins.cat\/wp-content\/uploads\/2025\/03\/6eb4247e-d3d7-4952-abb9-3fb70aefcae5.jpeg 1600w\" sizes=\"auto, (max-width: 1024px) 100vw, 1024px\" \/><\/figure>\n\n\n\n<figure class=\"wp-block-image size-large\"><img loading=\"lazy\" decoding=\"async\" width=\"1024\" height=\"768\" data-id=\"2929\" src=\"https:\/\/fomentmolins.cat\/wp-content\/uploads\/2025\/03\/93bebecd-6efa-4e01-a21b-be32af8f9a3a-1024x768.jpeg\" alt=\"\" class=\"wp-image-2929\" srcset=\"https:\/\/fomentmolins.cat\/wp-content\/uploads\/2025\/03\/93bebecd-6efa-4e01-a21b-be32af8f9a3a-1024x768.jpeg 1024w, https:\/\/fomentmolins.cat\/wp-content\/uploads\/2025\/03\/93bebecd-6efa-4e01-a21b-be32af8f9a3a-300x225.jpeg 300w, https:\/\/fomentmolins.cat\/wp-content\/uploads\/2025\/03\/93bebecd-6efa-4e01-a21b-be32af8f9a3a-768x576.jpeg 768w, https:\/\/fomentmolins.cat\/wp-content\/uploads\/2025\/03\/93bebecd-6efa-4e01-a21b-be32af8f9a3a-1536x1152.jpeg 1536w, https:\/\/fomentmolins.cat\/wp-content\/uploads\/2025\/03\/93bebecd-6efa-4e01-a21b-be32af8f9a3a.jpeg 1600w\" sizes=\"auto, (max-width: 1024px) 100vw, 1024px\" \/><\/figure>\n\n\n\n<figure class=\"wp-block-image size-large\"><img loading=\"lazy\" decoding=\"async\" width=\"1024\" height=\"1024\" data-id=\"2931\" src=\"https:\/\/fomentmolins.cat\/wp-content\/uploads\/2025\/03\/ba6f3184-8166-4ea4-a4b0-51519a1e493e-1024x1024.jpeg\" alt=\"\" class=\"wp-image-2931\" srcset=\"https:\/\/fomentmolins.cat\/wp-content\/uploads\/2025\/03\/ba6f3184-8166-4ea4-a4b0-51519a1e493e-1024x1024.jpeg 1024w, https:\/\/fomentmolins.cat\/wp-content\/uploads\/2025\/03\/ba6f3184-8166-4ea4-a4b0-51519a1e493e-300x300.jpeg 300w, https:\/\/fomentmolins.cat\/wp-content\/uploads\/2025\/03\/ba6f3184-8166-4ea4-a4b0-51519a1e493e-150x150.jpeg 150w, https:\/\/fomentmolins.cat\/wp-content\/uploads\/2025\/03\/ba6f3184-8166-4ea4-a4b0-51519a1e493e-768x768.jpeg 768w, https:\/\/fomentmolins.cat\/wp-content\/uploads\/2025\/03\/ba6f3184-8166-4ea4-a4b0-51519a1e493e-1536x1536.jpeg 1536w, https:\/\/fomentmolins.cat\/wp-content\/uploads\/2025\/03\/ba6f3184-8166-4ea4-a4b0-51519a1e493e.jpeg 1600w\" sizes=\"auto, (max-width: 1024px) 100vw, 1024px\" \/><\/figure>\n\n\n\n<figure class=\"wp-block-image size-large\"><img loading=\"lazy\" decoding=\"async\" width=\"1024\" height=\"682\" data-id=\"2933\" src=\"https:\/\/fomentmolins.cat\/wp-content\/uploads\/2025\/03\/8d8fc6a6-9264-4bff-b3b6-eb63660ac974-1024x682.jpeg\" alt=\"\" class=\"wp-image-2933\" srcset=\"https:\/\/fomentmolins.cat\/wp-content\/uploads\/2025\/03\/8d8fc6a6-9264-4bff-b3b6-eb63660ac974-1024x682.jpeg 1024w, https:\/\/fomentmolins.cat\/wp-content\/uploads\/2025\/03\/8d8fc6a6-9264-4bff-b3b6-eb63660ac974-300x200.jpeg 300w, https:\/\/fomentmolins.cat\/wp-content\/uploads\/2025\/03\/8d8fc6a6-9264-4bff-b3b6-eb63660ac974-768x512.jpeg 768w, https:\/\/fomentmolins.cat\/wp-content\/uploads\/2025\/03\/8d8fc6a6-9264-4bff-b3b6-eb63660ac974-1536x1023.jpeg 1536w, https:\/\/fomentmolins.cat\/wp-content\/uploads\/2025\/03\/8d8fc6a6-9264-4bff-b3b6-eb63660ac974.jpeg 1600w\" sizes=\"auto, (max-width: 1024px) 100vw, 1024px\" \/><\/figure>\n<\/figure>\n","protected":false},"excerpt":{"rendered":"<p>El pasado 15 de marzo, el Centro de Danza de Catalu\u00f1a nos ofreci\u00f3 una tarde llena de magia y emoci\u00f3n con su interpretaci\u00f3n de ballet de El Fantasma de la \u00d3pera.<\/p>\n","protected":false},"author":6,"featured_media":2926,"comment_status":"open","ping_status":"closed","sticky":false,"template":"","format":"standard","meta":{"inline_featured_image":false,"footnotes":""},"categories":[102],"tags":[134],"class_list":["post-2937","post","type-post","status-publish","format-standard","has-post-thumbnail","hentry","category-teatro","tag-ballet-es"],"yoast_head":"<!-- This site is optimized with the Yoast SEO plugin v27.2 - https:\/\/yoast.com\/product\/yoast-seo-wordpress\/ -->\n<title>Una tarde m\u00e1gica con El Fantasma de la \u00d3pera - Foment Molins Cultural<\/title>\n<meta name=\"description\" content=\"Una tarde m\u00e1gica con El Fantasma de la \u00d3pera. Un espect\u00e1culo de ballet inolvidable en el Centro de Danza de Catalu\u00f1a.\" \/>\n<meta name=\"robots\" content=\"index, follow, max-snippet:-1, max-image-preview:large, max-video-preview:-1\" \/>\n<link rel=\"canonical\" href=\"https:\/\/fomentmolins.cat\/es\/una-tarde-magica-con-el-fantasma-de-la-opera\/\" \/>\n<meta property=\"og:locale\" content=\"es_ES\" \/>\n<meta property=\"og:type\" content=\"article\" \/>\n<meta property=\"og:title\" content=\"Una tarde m\u00e1gica con El Fantasma de la \u00d3pera - Foment Molins Cultural\" \/>\n<meta property=\"og:description\" content=\"Una tarde m\u00e1gica con El Fantasma de la \u00d3pera. Un espect\u00e1culo de ballet inolvidable en el Centro de Danza de Catalu\u00f1a.\" \/>\n<meta property=\"og:url\" content=\"https:\/\/fomentmolins.cat\/es\/una-tarde-magica-con-el-fantasma-de-la-opera\/\" \/>\n<meta property=\"og:site_name\" content=\"Foment Molins Cultural\" \/>\n<meta property=\"article:published_time\" content=\"2025-03-28T16:29:59+00:00\" \/>\n<meta property=\"article:modified_time\" content=\"2025-03-28T16:32:44+00:00\" \/>\n<meta property=\"og:image\" content=\"https:\/\/fomentmolins.cat\/wp-content\/uploads\/2025\/03\/38129858-5cec-454f-8be4-d29261ae5052.jpeg\" \/>\n\t<meta property=\"og:image:width\" content=\"1600\" \/>\n\t<meta property=\"og:image:height\" content=\"1066\" \/>\n\t<meta property=\"og:image:type\" content=\"image\/jpeg\" \/>\n<meta name=\"author\" content=\"Foment Cultural i Art\u00edstic\" \/>\n<meta name=\"twitter:card\" content=\"summary_large_image\" \/>\n<meta name=\"twitter:label1\" content=\"Escrito por\" \/>\n\t<meta name=\"twitter:data1\" content=\"Foment Cultural i Art\u00edstic\" \/>\n\t<meta name=\"twitter:label2\" content=\"Tiempo de lectura\" \/>\n\t<meta name=\"twitter:data2\" content=\"1 minuto\" \/>\n<script type=\"application\/ld+json\" class=\"yoast-schema-graph\">{\"@context\":\"https:\/\/schema.org\",\"@graph\":[{\"@type\":\"Article\",\"@id\":\"https:\/\/fomentmolins.cat\/es\/una-tarde-magica-con-el-fantasma-de-la-opera\/#article\",\"isPartOf\":{\"@id\":\"https:\/\/fomentmolins.cat\/es\/una-tarde-magica-con-el-fantasma-de-la-opera\/\"},\"author\":{\"name\":\"Foment Cultural i Art\u00edstic\",\"@id\":\"https:\/\/fomentmolins.cat\/es\/#\/schema\/person\/97c5658972a2b117e786bb3154a4797f\"},\"headline\":\"Una tarde m\u00e1gica con El Fantasma de la \u00d3pera\",\"datePublished\":\"2025-03-28T16:29:59+00:00\",\"dateModified\":\"2025-03-28T16:32:44+00:00\",\"mainEntityOfPage\":{\"@id\":\"https:\/\/fomentmolins.cat\/es\/una-tarde-magica-con-el-fantasma-de-la-opera\/\"},\"wordCount\":307,\"commentCount\":0,\"image\":{\"@id\":\"https:\/\/fomentmolins.cat\/es\/una-tarde-magica-con-el-fantasma-de-la-opera\/#primaryimage\"},\"thumbnailUrl\":\"https:\/\/fomentmolins.cat\/wp-content\/uploads\/2025\/03\/38129858-5cec-454f-8be4-d29261ae5052.jpeg\",\"keywords\":[\"Ballet\"],\"articleSection\":[\"Teatro\"],\"inLanguage\":\"es\",\"potentialAction\":[{\"@type\":\"CommentAction\",\"name\":\"Comment\",\"target\":[\"https:\/\/fomentmolins.cat\/es\/una-tarde-magica-con-el-fantasma-de-la-opera\/#respond\"]}]},{\"@type\":\"WebPage\",\"@id\":\"https:\/\/fomentmolins.cat\/es\/una-tarde-magica-con-el-fantasma-de-la-opera\/\",\"url\":\"https:\/\/fomentmolins.cat\/es\/una-tarde-magica-con-el-fantasma-de-la-opera\/\",\"name\":\"Una tarde m\u00e1gica con El Fantasma de la \u00d3pera - Foment Molins Cultural\",\"isPartOf\":{\"@id\":\"https:\/\/fomentmolins.cat\/es\/#website\"},\"primaryImageOfPage\":{\"@id\":\"https:\/\/fomentmolins.cat\/es\/una-tarde-magica-con-el-fantasma-de-la-opera\/#primaryimage\"},\"image\":{\"@id\":\"https:\/\/fomentmolins.cat\/es\/una-tarde-magica-con-el-fantasma-de-la-opera\/#primaryimage\"},\"thumbnailUrl\":\"https:\/\/fomentmolins.cat\/wp-content\/uploads\/2025\/03\/38129858-5cec-454f-8be4-d29261ae5052.jpeg\",\"datePublished\":\"2025-03-28T16:29:59+00:00\",\"dateModified\":\"2025-03-28T16:32:44+00:00\",\"author\":{\"@id\":\"https:\/\/fomentmolins.cat\/es\/#\/schema\/person\/97c5658972a2b117e786bb3154a4797f\"},\"description\":\"Una tarde m\u00e1gica con El Fantasma de la \u00d3pera. Un espect\u00e1culo de ballet inolvidable en el Centro de Danza de Catalu\u00f1a.\",\"breadcrumb\":{\"@id\":\"https:\/\/fomentmolins.cat\/es\/una-tarde-magica-con-el-fantasma-de-la-opera\/#breadcrumb\"},\"inLanguage\":\"es\",\"potentialAction\":[{\"@type\":\"ReadAction\",\"target\":[\"https:\/\/fomentmolins.cat\/es\/una-tarde-magica-con-el-fantasma-de-la-opera\/\"]}]},{\"@type\":\"ImageObject\",\"inLanguage\":\"es\",\"@id\":\"https:\/\/fomentmolins.cat\/es\/una-tarde-magica-con-el-fantasma-de-la-opera\/#primaryimage\",\"url\":\"https:\/\/fomentmolins.cat\/wp-content\/uploads\/2025\/03\/38129858-5cec-454f-8be4-d29261ae5052.jpeg\",\"contentUrl\":\"https:\/\/fomentmolins.cat\/wp-content\/uploads\/2025\/03\/38129858-5cec-454f-8be4-d29261ae5052.jpeg\",\"width\":1600,\"height\":1066},{\"@type\":\"BreadcrumbList\",\"@id\":\"https:\/\/fomentmolins.cat\/es\/una-tarde-magica-con-el-fantasma-de-la-opera\/#breadcrumb\",\"itemListElement\":[{\"@type\":\"ListItem\",\"position\":1,\"name\":\"Portada\",\"item\":\"https:\/\/fomentmolins.cat\/es\/\"},{\"@type\":\"ListItem\",\"position\":2,\"name\":\"Una tarde m\u00e1gica con El Fantasma de la \u00d3pera\"}]},{\"@type\":\"WebSite\",\"@id\":\"https:\/\/fomentmolins.cat\/es\/#website\",\"url\":\"https:\/\/fomentmolins.cat\/es\/\",\"name\":\"Foment Molins Cultural\",\"description\":\"\",\"potentialAction\":[{\"@type\":\"SearchAction\",\"target\":{\"@type\":\"EntryPoint\",\"urlTemplate\":\"https:\/\/fomentmolins.cat\/es\/?s={search_term_string}\"},\"query-input\":{\"@type\":\"PropertyValueSpecification\",\"valueRequired\":true,\"valueName\":\"search_term_string\"}}],\"inLanguage\":\"es\"},{\"@type\":\"Person\",\"@id\":\"https:\/\/fomentmolins.cat\/es\/#\/schema\/person\/97c5658972a2b117e786bb3154a4797f\",\"name\":\"Foment Cultural i Art\u00edstic\",\"image\":{\"@type\":\"ImageObject\",\"inLanguage\":\"es\",\"@id\":\"https:\/\/secure.gravatar.com\/avatar\/6afa5d00109ab0ad887a3ebd7df8de0143713162a231800a3e1ba59eb8d2dba8?s=96&d=mm&r=g\",\"url\":\"https:\/\/secure.gravatar.com\/avatar\/6afa5d00109ab0ad887a3ebd7df8de0143713162a231800a3e1ba59eb8d2dba8?s=96&d=mm&r=g\",\"contentUrl\":\"https:\/\/secure.gravatar.com\/avatar\/6afa5d00109ab0ad887a3ebd7df8de0143713162a231800a3e1ba59eb8d2dba8?s=96&d=mm&r=g\",\"caption\":\"Foment Cultural i Art\u00edstic\"},\"url\":\"https:\/\/fomentmolins.cat\/es\/author\/soki_foment\/\"}]}<\/script>\n<!-- \/ Yoast SEO plugin. -->","yoast_head_json":{"title":"Una tarde m\u00e1gica con El Fantasma de la \u00d3pera - Foment Molins Cultural","description":"Una tarde m\u00e1gica con El Fantasma de la \u00d3pera. Un espect\u00e1culo de ballet inolvidable en el Centro de Danza de Catalu\u00f1a.","robots":{"index":"index","follow":"follow","max-snippet":"max-snippet:-1","max-image-preview":"max-image-preview:large","max-video-preview":"max-video-preview:-1"},"canonical":"https:\/\/fomentmolins.cat\/es\/una-tarde-magica-con-el-fantasma-de-la-opera\/","og_locale":"es_ES","og_type":"article","og_title":"Una tarde m\u00e1gica con El Fantasma de la \u00d3pera - Foment Molins Cultural","og_description":"Una tarde m\u00e1gica con El Fantasma de la \u00d3pera. Un espect\u00e1culo de ballet inolvidable en el Centro de Danza de Catalu\u00f1a.","og_url":"https:\/\/fomentmolins.cat\/es\/una-tarde-magica-con-el-fantasma-de-la-opera\/","og_site_name":"Foment Molins Cultural","article_published_time":"2025-03-28T16:29:59+00:00","article_modified_time":"2025-03-28T16:32:44+00:00","og_image":[{"width":1600,"height":1066,"url":"https:\/\/fomentmolins.cat\/wp-content\/uploads\/2025\/03\/38129858-5cec-454f-8be4-d29261ae5052.jpeg","type":"image\/jpeg"}],"author":"Foment Cultural i Art\u00edstic","twitter_card":"summary_large_image","twitter_misc":{"Escrito por":"Foment Cultural i Art\u00edstic","Tiempo de lectura":"1 minuto"},"schema":{"@context":"https:\/\/schema.org","@graph":[{"@type":"Article","@id":"https:\/\/fomentmolins.cat\/es\/una-tarde-magica-con-el-fantasma-de-la-opera\/#article","isPartOf":{"@id":"https:\/\/fomentmolins.cat\/es\/una-tarde-magica-con-el-fantasma-de-la-opera\/"},"author":{"name":"Foment Cultural i Art\u00edstic","@id":"https:\/\/fomentmolins.cat\/es\/#\/schema\/person\/97c5658972a2b117e786bb3154a4797f"},"headline":"Una tarde m\u00e1gica con El Fantasma de la \u00d3pera","datePublished":"2025-03-28T16:29:59+00:00","dateModified":"2025-03-28T16:32:44+00:00","mainEntityOfPage":{"@id":"https:\/\/fomentmolins.cat\/es\/una-tarde-magica-con-el-fantasma-de-la-opera\/"},"wordCount":307,"commentCount":0,"image":{"@id":"https:\/\/fomentmolins.cat\/es\/una-tarde-magica-con-el-fantasma-de-la-opera\/#primaryimage"},"thumbnailUrl":"https:\/\/fomentmolins.cat\/wp-content\/uploads\/2025\/03\/38129858-5cec-454f-8be4-d29261ae5052.jpeg","keywords":["Ballet"],"articleSection":["Teatro"],"inLanguage":"es","potentialAction":[{"@type":"CommentAction","name":"Comment","target":["https:\/\/fomentmolins.cat\/es\/una-tarde-magica-con-el-fantasma-de-la-opera\/#respond"]}]},{"@type":"WebPage","@id":"https:\/\/fomentmolins.cat\/es\/una-tarde-magica-con-el-fantasma-de-la-opera\/","url":"https:\/\/fomentmolins.cat\/es\/una-tarde-magica-con-el-fantasma-de-la-opera\/","name":"Una tarde m\u00e1gica con El Fantasma de la \u00d3pera - Foment Molins Cultural","isPartOf":{"@id":"https:\/\/fomentmolins.cat\/es\/#website"},"primaryImageOfPage":{"@id":"https:\/\/fomentmolins.cat\/es\/una-tarde-magica-con-el-fantasma-de-la-opera\/#primaryimage"},"image":{"@id":"https:\/\/fomentmolins.cat\/es\/una-tarde-magica-con-el-fantasma-de-la-opera\/#primaryimage"},"thumbnailUrl":"https:\/\/fomentmolins.cat\/wp-content\/uploads\/2025\/03\/38129858-5cec-454f-8be4-d29261ae5052.jpeg","datePublished":"2025-03-28T16:29:59+00:00","dateModified":"2025-03-28T16:32:44+00:00","author":{"@id":"https:\/\/fomentmolins.cat\/es\/#\/schema\/person\/97c5658972a2b117e786bb3154a4797f"},"description":"Una tarde m\u00e1gica con El Fantasma de la \u00d3pera. Un espect\u00e1culo de ballet inolvidable en el Centro de Danza de Catalu\u00f1a.","breadcrumb":{"@id":"https:\/\/fomentmolins.cat\/es\/una-tarde-magica-con-el-fantasma-de-la-opera\/#breadcrumb"},"inLanguage":"es","potentialAction":[{"@type":"ReadAction","target":["https:\/\/fomentmolins.cat\/es\/una-tarde-magica-con-el-fantasma-de-la-opera\/"]}]},{"@type":"ImageObject","inLanguage":"es","@id":"https:\/\/fomentmolins.cat\/es\/una-tarde-magica-con-el-fantasma-de-la-opera\/#primaryimage","url":"https:\/\/fomentmolins.cat\/wp-content\/uploads\/2025\/03\/38129858-5cec-454f-8be4-d29261ae5052.jpeg","contentUrl":"https:\/\/fomentmolins.cat\/wp-content\/uploads\/2025\/03\/38129858-5cec-454f-8be4-d29261ae5052.jpeg","width":1600,"height":1066},{"@type":"BreadcrumbList","@id":"https:\/\/fomentmolins.cat\/es\/una-tarde-magica-con-el-fantasma-de-la-opera\/#breadcrumb","itemListElement":[{"@type":"ListItem","position":1,"name":"Portada","item":"https:\/\/fomentmolins.cat\/es\/"},{"@type":"ListItem","position":2,"name":"Una tarde m\u00e1gica con El Fantasma de la \u00d3pera"}]},{"@type":"WebSite","@id":"https:\/\/fomentmolins.cat\/es\/#website","url":"https:\/\/fomentmolins.cat\/es\/","name":"Foment Molins Cultural","description":"","potentialAction":[{"@type":"SearchAction","target":{"@type":"EntryPoint","urlTemplate":"https:\/\/fomentmolins.cat\/es\/?s={search_term_string}"},"query-input":{"@type":"PropertyValueSpecification","valueRequired":true,"valueName":"search_term_string"}}],"inLanguage":"es"},{"@type":"Person","@id":"https:\/\/fomentmolins.cat\/es\/#\/schema\/person\/97c5658972a2b117e786bb3154a4797f","name":"Foment Cultural i Art\u00edstic","image":{"@type":"ImageObject","inLanguage":"es","@id":"https:\/\/secure.gravatar.com\/avatar\/6afa5d00109ab0ad887a3ebd7df8de0143713162a231800a3e1ba59eb8d2dba8?s=96&d=mm&r=g","url":"https:\/\/secure.gravatar.com\/avatar\/6afa5d00109ab0ad887a3ebd7df8de0143713162a231800a3e1ba59eb8d2dba8?s=96&d=mm&r=g","contentUrl":"https:\/\/secure.gravatar.com\/avatar\/6afa5d00109ab0ad887a3ebd7df8de0143713162a231800a3e1ba59eb8d2dba8?s=96&d=mm&r=g","caption":"Foment Cultural i Art\u00edstic"},"url":"https:\/\/fomentmolins.cat\/es\/author\/soki_foment\/"}]}},"_links":{"self":[{"href":"https:\/\/fomentmolins.cat\/es\/wp-json\/wp\/v2\/posts\/2937","targetHints":{"allow":["GET"]}}],"collection":[{"href":"https:\/\/fomentmolins.cat\/es\/wp-json\/wp\/v2\/posts"}],"about":[{"href":"https:\/\/fomentmolins.cat\/es\/wp-json\/wp\/v2\/types\/post"}],"author":[{"embeddable":true,"href":"https:\/\/fomentmolins.cat\/es\/wp-json\/wp\/v2\/users\/6"}],"replies":[{"embeddable":true,"href":"https:\/\/fomentmolins.cat\/es\/wp-json\/wp\/v2\/comments?post=2937"}],"version-history":[{"count":1,"href":"https:\/\/fomentmolins.cat\/es\/wp-json\/wp\/v2\/posts\/2937\/revisions"}],"predecessor-version":[{"id":2938,"href":"https:\/\/fomentmolins.cat\/es\/wp-json\/wp\/v2\/posts\/2937\/revisions\/2938"}],"wp:featuredmedia":[{"embeddable":true,"href":"https:\/\/fomentmolins.cat\/es\/wp-json\/wp\/v2\/media\/2926"}],"wp:attachment":[{"href":"https:\/\/fomentmolins.cat\/es\/wp-json\/wp\/v2\/media?parent=2937"}],"wp:term":[{"taxonomy":"category","embeddable":true,"href":"https:\/\/fomentmolins.cat\/es\/wp-json\/wp\/v2\/categories?post=2937"},{"taxonomy":"post_tag","embeddable":true,"href":"https:\/\/fomentmolins.cat\/es\/wp-json\/wp\/v2\/tags?post=2937"}],"curies":[{"name":"wp","href":"https:\/\/api.w.org\/{rel}","templated":true}]}}