{"id":2970,"date":"2025-04-24T07:20:07","date_gmt":"2025-04-24T05:20:07","guid":{"rendered":"https:\/\/fomentmolins.cat\/molins-de-magia-vuelve-con-una-nueva-edicion-llena-de-ilusion\/"},"modified":"2025-05-02T15:55:18","modified_gmt":"2025-05-02T13:55:18","slug":"molins-de-magia-vuelve-con-una-nueva-edicion-llena-de-ilusion","status":"publish","type":"post","link":"https:\/\/fomentmolins.cat\/es\/molins-de-magia-vuelve-con-una-nueva-edicion-llena-de-ilusion\/","title":{"rendered":"Molins de M\u00e0gia vuelve con una nueva edici\u00f3n llena de ilusi\u00f3n"},"content":{"rendered":"\n<h3 class=\"wp-block-heading\">Descubre el espect\u00e1culo que enamora a mayores y peque\u00f1os el 25 y 26 de abril en el Teatre Foment<\/h3>\n\n<p>El emblem\u00e1tico evento Molins de M\u00e0gia vuelve para sorprender y maravillar a todos los asistentes los d\u00edas 25 y 26 de abril en el conocido Teatre Foment. Reputado por saber combinar ilusi\u00f3n, diversi\u00f3n y espect\u00e1culo, esta nueva edici\u00f3n promete llevar la experiencia m\u00e1gica a otro nivel. <\/p>\n\n<p>Durante estas jornadas, magos de primer nivel cautivar\u00e1n con una combinaci\u00f3n perfecta de trucos impresionantes, humor y una puesta en escena \u00fanica. Este evento no s\u00f3lo es ideal para los m\u00e1s peque\u00f1os, sino que tambi\u00e9n garantiza entretener y sorprender al p\u00fablico adulto, siendo un plan perfecto para disfrutar en familia o con amigos. <\/p>\n\n<p>Teatre Foment<br\/>25 y 26 de abril<\/p>\n\n<p>No te pierdas la oportunidad de vivir en directo un festival que combina arte y magia en el coraz\u00f3n de Molins de Rei. <\/p>\n","protected":false},"excerpt":{"rendered":"<p>El emblem\u00e1tico evento Molins de M\u00e0gia vuelve para sorprender y maravillar a todos los asistentes los d\u00edas 25 y 26 de abril en el conocido Teatre Foment. <\/p>\n","protected":false},"author":6,"featured_media":2967,"comment_status":"open","ping_status":"closed","sticky":false,"template":"","format":"standard","meta":{"inline_featured_image":false,"footnotes":""},"categories":[87],"tags":[],"class_list":["post-2970","post","type-post","status-publish","format-standard","has-post-thumbnail","hentry","category-sin-categorizar-es"],"yoast_head":"<!-- This site is optimized with the Yoast SEO plugin v27.2 - https:\/\/yoast.com\/product\/yoast-seo-wordpress\/ -->\n<title>Molins de M\u00e0gia vuelve con una nueva edici\u00f3n llena de ilusi\u00f3n - Foment Molins Cultural<\/title>\n<meta name=\"description\" content=\"Molins de M\u00e0gia vuelve con una nueva edici\u00f3n llena de ilusi\u00f3n. Descubre el espect\u00e1culo que enamora a mayores y peque\u00f1os el 25 y 26 de abril en el Teatre Foment.\" \/>\n<meta name=\"robots\" content=\"index, follow, max-snippet:-1, max-image-preview:large, max-video-preview:-1\" \/>\n<link rel=\"canonical\" href=\"https:\/\/fomentmolins.cat\/es\/molins-de-magia-vuelve-con-una-nueva-edicion-llena-de-ilusion\/\" \/>\n<meta property=\"og:locale\" content=\"es_ES\" \/>\n<meta property=\"og:type\" content=\"article\" \/>\n<meta property=\"og:title\" content=\"Molins de M\u00e0gia vuelve con una nueva edici\u00f3n llena de ilusi\u00f3n - Foment Molins Cultural\" \/>\n<meta property=\"og:description\" content=\"Molins de M\u00e0gia vuelve con una nueva edici\u00f3n llena de ilusi\u00f3n. Descubre el espect\u00e1culo que enamora a mayores y peque\u00f1os el 25 y 26 de abril en el Teatre Foment.\" \/>\n<meta property=\"og:url\" content=\"https:\/\/fomentmolins.cat\/es\/molins-de-magia-vuelve-con-una-nueva-edicion-llena-de-ilusion\/\" \/>\n<meta property=\"og:site_name\" content=\"Foment Molins Cultural\" \/>\n<meta property=\"article:published_time\" content=\"2025-04-24T05:20:07+00:00\" \/>\n<meta property=\"article:modified_time\" content=\"2025-05-02T13:55:18+00:00\" \/>\n<meta property=\"og:image\" content=\"https:\/\/fomentmolins.cat\/wp-content\/uploads\/2025\/04\/PHOTO-2025-04-24-07-19-11.jpg\" \/>\n\t<meta property=\"og:image:width\" content=\"1284\" \/>\n\t<meta property=\"og:image:height\" content=\"735\" \/>\n\t<meta property=\"og:image:type\" content=\"image\/jpeg\" \/>\n<meta name=\"author\" content=\"Foment Cultural i Art\u00edstic\" \/>\n<meta name=\"twitter:card\" content=\"summary_large_image\" \/>\n<meta name=\"twitter:label1\" content=\"Escrito por\" \/>\n\t<meta name=\"twitter:data1\" content=\"Foment Cultural i Art\u00edstic\" \/>\n\t<meta name=\"twitter:label2\" content=\"Tiempo de lectura\" \/>\n\t<meta name=\"twitter:data2\" content=\"1 minuto\" \/>\n<script type=\"application\/ld+json\" class=\"yoast-schema-graph\">{\"@context\":\"https:\/\/schema.org\",\"@graph\":[{\"@type\":\"Article\",\"@id\":\"https:\/\/fomentmolins.cat\/es\/molins-de-magia-vuelve-con-una-nueva-edicion-llena-de-ilusion\/#article\",\"isPartOf\":{\"@id\":\"https:\/\/fomentmolins.cat\/es\/molins-de-magia-vuelve-con-una-nueva-edicion-llena-de-ilusion\/\"},\"author\":{\"name\":\"Foment Cultural i Art\u00edstic\",\"@id\":\"https:\/\/fomentmolins.cat\/es\/#\/schema\/person\/97c5658972a2b117e786bb3154a4797f\"},\"headline\":\"Molins de M\u00e0gia vuelve con una nueva edici\u00f3n llena de ilusi\u00f3n\",\"datePublished\":\"2025-04-24T05:20:07+00:00\",\"dateModified\":\"2025-05-02T13:55:18+00:00\",\"mainEntityOfPage\":{\"@id\":\"https:\/\/fomentmolins.cat\/es\/molins-de-magia-vuelve-con-una-nueva-edicion-llena-de-ilusion\/\"},\"wordCount\":174,\"commentCount\":0,\"image\":{\"@id\":\"https:\/\/fomentmolins.cat\/es\/molins-de-magia-vuelve-con-una-nueva-edicion-llena-de-ilusion\/#primaryimage\"},\"thumbnailUrl\":\"https:\/\/fomentmolins.cat\/wp-content\/uploads\/2025\/04\/PHOTO-2025-04-24-07-19-11.jpg\",\"articleSection\":[\"Sin categorizar\"],\"inLanguage\":\"es\",\"potentialAction\":[{\"@type\":\"CommentAction\",\"name\":\"Comment\",\"target\":[\"https:\/\/fomentmolins.cat\/es\/molins-de-magia-vuelve-con-una-nueva-edicion-llena-de-ilusion\/#respond\"]}]},{\"@type\":\"WebPage\",\"@id\":\"https:\/\/fomentmolins.cat\/es\/molins-de-magia-vuelve-con-una-nueva-edicion-llena-de-ilusion\/\",\"url\":\"https:\/\/fomentmolins.cat\/es\/molins-de-magia-vuelve-con-una-nueva-edicion-llena-de-ilusion\/\",\"name\":\"Molins de M\u00e0gia vuelve con una nueva edici\u00f3n llena de ilusi\u00f3n - Foment Molins Cultural\",\"isPartOf\":{\"@id\":\"https:\/\/fomentmolins.cat\/es\/#website\"},\"primaryImageOfPage\":{\"@id\":\"https:\/\/fomentmolins.cat\/es\/molins-de-magia-vuelve-con-una-nueva-edicion-llena-de-ilusion\/#primaryimage\"},\"image\":{\"@id\":\"https:\/\/fomentmolins.cat\/es\/molins-de-magia-vuelve-con-una-nueva-edicion-llena-de-ilusion\/#primaryimage\"},\"thumbnailUrl\":\"https:\/\/fomentmolins.cat\/wp-content\/uploads\/2025\/04\/PHOTO-2025-04-24-07-19-11.jpg\",\"datePublished\":\"2025-04-24T05:20:07+00:00\",\"dateModified\":\"2025-05-02T13:55:18+00:00\",\"author\":{\"@id\":\"https:\/\/fomentmolins.cat\/es\/#\/schema\/person\/97c5658972a2b117e786bb3154a4797f\"},\"description\":\"Molins de M\u00e0gia vuelve con una nueva edici\u00f3n llena de ilusi\u00f3n. Descubre el espect\u00e1culo que enamora a mayores y peque\u00f1os el 25 y 26 de abril en el Teatre Foment.\",\"breadcrumb\":{\"@id\":\"https:\/\/fomentmolins.cat\/es\/molins-de-magia-vuelve-con-una-nueva-edicion-llena-de-ilusion\/#breadcrumb\"},\"inLanguage\":\"es\",\"potentialAction\":[{\"@type\":\"ReadAction\",\"target\":[\"https:\/\/fomentmolins.cat\/es\/molins-de-magia-vuelve-con-una-nueva-edicion-llena-de-ilusion\/\"]}]},{\"@type\":\"ImageObject\",\"inLanguage\":\"es\",\"@id\":\"https:\/\/fomentmolins.cat\/es\/molins-de-magia-vuelve-con-una-nueva-edicion-llena-de-ilusion\/#primaryimage\",\"url\":\"https:\/\/fomentmolins.cat\/wp-content\/uploads\/2025\/04\/PHOTO-2025-04-24-07-19-11.jpg\",\"contentUrl\":\"https:\/\/fomentmolins.cat\/wp-content\/uploads\/2025\/04\/PHOTO-2025-04-24-07-19-11.jpg\",\"width\":1284,\"height\":735,\"caption\":\"L\u2019emblem\u00e0tic esdeveniment Molins de M\u00e0gia torna per sorprendre i meravellar tots els assistents els dies 25 i 26 d\u2019abril al conegut Teatre Foment. Reputat per saber combinar il\u00b7lusi\u00f3, diversi\u00f3 i espectacle, aquesta nova edici\u00f3 promet portar l\u2019experi\u00e8ncia m\u00e0gica a un altre nivell.\"},{\"@type\":\"BreadcrumbList\",\"@id\":\"https:\/\/fomentmolins.cat\/es\/molins-de-magia-vuelve-con-una-nueva-edicion-llena-de-ilusion\/#breadcrumb\",\"itemListElement\":[{\"@type\":\"ListItem\",\"position\":1,\"name\":\"Portada\",\"item\":\"https:\/\/fomentmolins.cat\/es\/\"},{\"@type\":\"ListItem\",\"position\":2,\"name\":\"Molins de M\u00e0gia vuelve con una nueva edici\u00f3n llena de ilusi\u00f3n\"}]},{\"@type\":\"WebSite\",\"@id\":\"https:\/\/fomentmolins.cat\/es\/#website\",\"url\":\"https:\/\/fomentmolins.cat\/es\/\",\"name\":\"Foment Molins Cultural\",\"description\":\"\",\"potentialAction\":[{\"@type\":\"SearchAction\",\"target\":{\"@type\":\"EntryPoint\",\"urlTemplate\":\"https:\/\/fomentmolins.cat\/es\/?s={search_term_string}\"},\"query-input\":{\"@type\":\"PropertyValueSpecification\",\"valueRequired\":true,\"valueName\":\"search_term_string\"}}],\"inLanguage\":\"es\"},{\"@type\":\"Person\",\"@id\":\"https:\/\/fomentmolins.cat\/es\/#\/schema\/person\/97c5658972a2b117e786bb3154a4797f\",\"name\":\"Foment Cultural i Art\u00edstic\",\"image\":{\"@type\":\"ImageObject\",\"inLanguage\":\"es\",\"@id\":\"https:\/\/secure.gravatar.com\/avatar\/6afa5d00109ab0ad887a3ebd7df8de0143713162a231800a3e1ba59eb8d2dba8?s=96&d=mm&r=g\",\"url\":\"https:\/\/secure.gravatar.com\/avatar\/6afa5d00109ab0ad887a3ebd7df8de0143713162a231800a3e1ba59eb8d2dba8?s=96&d=mm&r=g\",\"contentUrl\":\"https:\/\/secure.gravatar.com\/avatar\/6afa5d00109ab0ad887a3ebd7df8de0143713162a231800a3e1ba59eb8d2dba8?s=96&d=mm&r=g\",\"caption\":\"Foment Cultural i Art\u00edstic\"},\"url\":\"https:\/\/fomentmolins.cat\/es\/author\/soki_foment\/\"}]}<\/script>\n<!-- \/ Yoast SEO plugin. -->","yoast_head_json":{"title":"Molins de M\u00e0gia vuelve con una nueva edici\u00f3n llena de ilusi\u00f3n - Foment Molins Cultural","description":"Molins de M\u00e0gia vuelve con una nueva edici\u00f3n llena de ilusi\u00f3n. Descubre el espect\u00e1culo que enamora a mayores y peque\u00f1os el 25 y 26 de abril en el Teatre Foment.","robots":{"index":"index","follow":"follow","max-snippet":"max-snippet:-1","max-image-preview":"max-image-preview:large","max-video-preview":"max-video-preview:-1"},"canonical":"https:\/\/fomentmolins.cat\/es\/molins-de-magia-vuelve-con-una-nueva-edicion-llena-de-ilusion\/","og_locale":"es_ES","og_type":"article","og_title":"Molins de M\u00e0gia vuelve con una nueva edici\u00f3n llena de ilusi\u00f3n - Foment Molins Cultural","og_description":"Molins de M\u00e0gia vuelve con una nueva edici\u00f3n llena de ilusi\u00f3n. Descubre el espect\u00e1culo que enamora a mayores y peque\u00f1os el 25 y 26 de abril en el Teatre Foment.","og_url":"https:\/\/fomentmolins.cat\/es\/molins-de-magia-vuelve-con-una-nueva-edicion-llena-de-ilusion\/","og_site_name":"Foment Molins Cultural","article_published_time":"2025-04-24T05:20:07+00:00","article_modified_time":"2025-05-02T13:55:18+00:00","og_image":[{"width":1284,"height":735,"url":"https:\/\/fomentmolins.cat\/wp-content\/uploads\/2025\/04\/PHOTO-2025-04-24-07-19-11.jpg","type":"image\/jpeg"}],"author":"Foment Cultural i Art\u00edstic","twitter_card":"summary_large_image","twitter_misc":{"Escrito por":"Foment Cultural i Art\u00edstic","Tiempo de lectura":"1 minuto"},"schema":{"@context":"https:\/\/schema.org","@graph":[{"@type":"Article","@id":"https:\/\/fomentmolins.cat\/es\/molins-de-magia-vuelve-con-una-nueva-edicion-llena-de-ilusion\/#article","isPartOf":{"@id":"https:\/\/fomentmolins.cat\/es\/molins-de-magia-vuelve-con-una-nueva-edicion-llena-de-ilusion\/"},"author":{"name":"Foment Cultural i Art\u00edstic","@id":"https:\/\/fomentmolins.cat\/es\/#\/schema\/person\/97c5658972a2b117e786bb3154a4797f"},"headline":"Molins de M\u00e0gia vuelve con una nueva edici\u00f3n llena de ilusi\u00f3n","datePublished":"2025-04-24T05:20:07+00:00","dateModified":"2025-05-02T13:55:18+00:00","mainEntityOfPage":{"@id":"https:\/\/fomentmolins.cat\/es\/molins-de-magia-vuelve-con-una-nueva-edicion-llena-de-ilusion\/"},"wordCount":174,"commentCount":0,"image":{"@id":"https:\/\/fomentmolins.cat\/es\/molins-de-magia-vuelve-con-una-nueva-edicion-llena-de-ilusion\/#primaryimage"},"thumbnailUrl":"https:\/\/fomentmolins.cat\/wp-content\/uploads\/2025\/04\/PHOTO-2025-04-24-07-19-11.jpg","articleSection":["Sin categorizar"],"inLanguage":"es","potentialAction":[{"@type":"CommentAction","name":"Comment","target":["https:\/\/fomentmolins.cat\/es\/molins-de-magia-vuelve-con-una-nueva-edicion-llena-de-ilusion\/#respond"]}]},{"@type":"WebPage","@id":"https:\/\/fomentmolins.cat\/es\/molins-de-magia-vuelve-con-una-nueva-edicion-llena-de-ilusion\/","url":"https:\/\/fomentmolins.cat\/es\/molins-de-magia-vuelve-con-una-nueva-edicion-llena-de-ilusion\/","name":"Molins de M\u00e0gia vuelve con una nueva edici\u00f3n llena de ilusi\u00f3n - Foment Molins Cultural","isPartOf":{"@id":"https:\/\/fomentmolins.cat\/es\/#website"},"primaryImageOfPage":{"@id":"https:\/\/fomentmolins.cat\/es\/molins-de-magia-vuelve-con-una-nueva-edicion-llena-de-ilusion\/#primaryimage"},"image":{"@id":"https:\/\/fomentmolins.cat\/es\/molins-de-magia-vuelve-con-una-nueva-edicion-llena-de-ilusion\/#primaryimage"},"thumbnailUrl":"https:\/\/fomentmolins.cat\/wp-content\/uploads\/2025\/04\/PHOTO-2025-04-24-07-19-11.jpg","datePublished":"2025-04-24T05:20:07+00:00","dateModified":"2025-05-02T13:55:18+00:00","author":{"@id":"https:\/\/fomentmolins.cat\/es\/#\/schema\/person\/97c5658972a2b117e786bb3154a4797f"},"description":"Molins de M\u00e0gia vuelve con una nueva edici\u00f3n llena de ilusi\u00f3n. Descubre el espect\u00e1culo que enamora a mayores y peque\u00f1os el 25 y 26 de abril en el Teatre Foment.","breadcrumb":{"@id":"https:\/\/fomentmolins.cat\/es\/molins-de-magia-vuelve-con-una-nueva-edicion-llena-de-ilusion\/#breadcrumb"},"inLanguage":"es","potentialAction":[{"@type":"ReadAction","target":["https:\/\/fomentmolins.cat\/es\/molins-de-magia-vuelve-con-una-nueva-edicion-llena-de-ilusion\/"]}]},{"@type":"ImageObject","inLanguage":"es","@id":"https:\/\/fomentmolins.cat\/es\/molins-de-magia-vuelve-con-una-nueva-edicion-llena-de-ilusion\/#primaryimage","url":"https:\/\/fomentmolins.cat\/wp-content\/uploads\/2025\/04\/PHOTO-2025-04-24-07-19-11.jpg","contentUrl":"https:\/\/fomentmolins.cat\/wp-content\/uploads\/2025\/04\/PHOTO-2025-04-24-07-19-11.jpg","width":1284,"height":735,"caption":"L\u2019emblem\u00e0tic esdeveniment Molins de M\u00e0gia torna per sorprendre i meravellar tots els assistents els dies 25 i 26 d\u2019abril al conegut Teatre Foment. Reputat per saber combinar il\u00b7lusi\u00f3, diversi\u00f3 i espectacle, aquesta nova edici\u00f3 promet portar l\u2019experi\u00e8ncia m\u00e0gica a un altre nivell."},{"@type":"BreadcrumbList","@id":"https:\/\/fomentmolins.cat\/es\/molins-de-magia-vuelve-con-una-nueva-edicion-llena-de-ilusion\/#breadcrumb","itemListElement":[{"@type":"ListItem","position":1,"name":"Portada","item":"https:\/\/fomentmolins.cat\/es\/"},{"@type":"ListItem","position":2,"name":"Molins de M\u00e0gia vuelve con una nueva edici\u00f3n llena de ilusi\u00f3n"}]},{"@type":"WebSite","@id":"https:\/\/fomentmolins.cat\/es\/#website","url":"https:\/\/fomentmolins.cat\/es\/","name":"Foment Molins Cultural","description":"","potentialAction":[{"@type":"SearchAction","target":{"@type":"EntryPoint","urlTemplate":"https:\/\/fomentmolins.cat\/es\/?s={search_term_string}"},"query-input":{"@type":"PropertyValueSpecification","valueRequired":true,"valueName":"search_term_string"}}],"inLanguage":"es"},{"@type":"Person","@id":"https:\/\/fomentmolins.cat\/es\/#\/schema\/person\/97c5658972a2b117e786bb3154a4797f","name":"Foment Cultural i Art\u00edstic","image":{"@type":"ImageObject","inLanguage":"es","@id":"https:\/\/secure.gravatar.com\/avatar\/6afa5d00109ab0ad887a3ebd7df8de0143713162a231800a3e1ba59eb8d2dba8?s=96&d=mm&r=g","url":"https:\/\/secure.gravatar.com\/avatar\/6afa5d00109ab0ad887a3ebd7df8de0143713162a231800a3e1ba59eb8d2dba8?s=96&d=mm&r=g","contentUrl":"https:\/\/secure.gravatar.com\/avatar\/6afa5d00109ab0ad887a3ebd7df8de0143713162a231800a3e1ba59eb8d2dba8?s=96&d=mm&r=g","caption":"Foment Cultural i Art\u00edstic"},"url":"https:\/\/fomentmolins.cat\/es\/author\/soki_foment\/"}]}},"_links":{"self":[{"href":"https:\/\/fomentmolins.cat\/es\/wp-json\/wp\/v2\/posts\/2970","targetHints":{"allow":["GET"]}}],"collection":[{"href":"https:\/\/fomentmolins.cat\/es\/wp-json\/wp\/v2\/posts"}],"about":[{"href":"https:\/\/fomentmolins.cat\/es\/wp-json\/wp\/v2\/types\/post"}],"author":[{"embeddable":true,"href":"https:\/\/fomentmolins.cat\/es\/wp-json\/wp\/v2\/users\/6"}],"replies":[{"embeddable":true,"href":"https:\/\/fomentmolins.cat\/es\/wp-json\/wp\/v2\/comments?post=2970"}],"version-history":[{"count":1,"href":"https:\/\/fomentmolins.cat\/es\/wp-json\/wp\/v2\/posts\/2970\/revisions"}],"predecessor-version":[{"id":2971,"href":"https:\/\/fomentmolins.cat\/es\/wp-json\/wp\/v2\/posts\/2970\/revisions\/2971"}],"wp:featuredmedia":[{"embeddable":true,"href":"https:\/\/fomentmolins.cat\/es\/wp-json\/wp\/v2\/media\/2967"}],"wp:attachment":[{"href":"https:\/\/fomentmolins.cat\/es\/wp-json\/wp\/v2\/media?parent=2970"}],"wp:term":[{"taxonomy":"category","embeddable":true,"href":"https:\/\/fomentmolins.cat\/es\/wp-json\/wp\/v2\/categories?post=2970"},{"taxonomy":"post_tag","embeddable":true,"href":"https:\/\/fomentmolins.cat\/es\/wp-json\/wp\/v2\/tags?post=2970"}],"curies":[{"name":"wp","href":"https:\/\/api.w.org\/{rel}","templated":true}]}}