{"id":3002,"date":"2025-05-02T16:05:33","date_gmt":"2025-05-02T14:05:33","guid":{"rendered":"https:\/\/fomentmolins.cat\/sicalipticas-llena-el-foment-de-cuples\/"},"modified":"2025-05-02T16:11:47","modified_gmt":"2025-05-02T14:11:47","slug":"sicalipticas-llena-el-foment-de-cuples","status":"publish","type":"post","link":"https:\/\/fomentmolins.cat\/es\/sicalipticas-llena-el-foment-de-cuples\/","title":{"rendered":"Sical\u00edpticas llena el Foment de cupl\u00e9s"},"content":{"rendered":"\n<p><strong>Un cabaret homenajea a las cupletistas del Paralelo en una noche m\u00e1gica<\/strong><\/p>\n\n<p>Anoche, el Teatre Foment de Molins de Rei se transform\u00f3 en un aut\u00e9ntico cabaret gracias al espect\u00e1culo Sical\u00edptiques, una propuesta \u00fanica que traslad\u00f3 al p\u00fablico a la glamurosa \u00e9poca de los cupl\u00e9s. Con una puesta en escena cuidada al detalle, esta obra rindi\u00f3 homenaje a las grandes cupletistas que brillaron en el Paralelo barcelon\u00e9s, uno de los epicentros culturales de la Barcelona de anta\u00f1o. <\/p>\n\n<p>La energ\u00eda de la sala fue palpable. Una platea repleta se rindi\u00f3 ante la autenticidad y la fuerza de las interpretaciones que combinaron m\u00fasica, baile e historia. Los asistentes disfrutaron de un viaje emocional y cultural que record\u00f3 un momento \u00e1lgido de la tradici\u00f3n art\u00edstica catalana.  <\/p>\n\n<p>Sical\u00edptiques no solo impact\u00f3 por su calidad esc\u00e9nica, sino tambi\u00e9n por su apuesta por preservar y divulgar una parte esencial de nuestra memoria cultural, desde una perspectiva fresca y emocionante.<\/p>\n\n<figure class=\"wp-block-gallery has-nested-images columns-default is-cropped wp-block-gallery-1 is-layout-flex wp-block-gallery-is-layout-flex\">\n<figure class=\"wp-block-image size-large\"><img loading=\"lazy\" decoding=\"async\" width=\"1024\" height=\"683\" data-id=\"2975\" src=\"https:\/\/fomentmolins.cat\/wp-content\/uploads\/2025\/05\/WhatsApp-Image-2025-05-02-at-09.50.24-8-1024x683.jpeg\" alt=\"\" class=\"wp-image-2975\" srcset=\"https:\/\/fomentmolins.cat\/wp-content\/uploads\/2025\/05\/WhatsApp-Image-2025-05-02-at-09.50.24-8-1024x683.jpeg 1024w, https:\/\/fomentmolins.cat\/wp-content\/uploads\/2025\/05\/WhatsApp-Image-2025-05-02-at-09.50.24-8-300x200.jpeg 300w, https:\/\/fomentmolins.cat\/wp-content\/uploads\/2025\/05\/WhatsApp-Image-2025-05-02-at-09.50.24-8-768x512.jpeg 768w, https:\/\/fomentmolins.cat\/wp-content\/uploads\/2025\/05\/WhatsApp-Image-2025-05-02-at-09.50.24-8-1536x1025.jpeg 1536w, https:\/\/fomentmolins.cat\/wp-content\/uploads\/2025\/05\/WhatsApp-Image-2025-05-02-at-09.50.24-8.jpeg 2000w\" sizes=\"auto, (max-width: 1024px) 100vw, 1024px\" \/><\/figure>\n\n\n\n<figure class=\"wp-block-image size-large\"><img loading=\"lazy\" decoding=\"async\" width=\"1024\" height=\"576\" data-id=\"2973\" src=\"https:\/\/fomentmolins.cat\/wp-content\/uploads\/2025\/05\/WhatsApp-Image-2025-05-02-at-09.50.25-4-1024x576.jpeg\" alt=\"\" class=\"wp-image-2973\" srcset=\"https:\/\/fomentmolins.cat\/wp-content\/uploads\/2025\/05\/WhatsApp-Image-2025-05-02-at-09.50.25-4-1024x576.jpeg 1024w, https:\/\/fomentmolins.cat\/wp-content\/uploads\/2025\/05\/WhatsApp-Image-2025-05-02-at-09.50.25-4-300x169.jpeg 300w, https:\/\/fomentmolins.cat\/wp-content\/uploads\/2025\/05\/WhatsApp-Image-2025-05-02-at-09.50.25-4-768x432.jpeg 768w, https:\/\/fomentmolins.cat\/wp-content\/uploads\/2025\/05\/WhatsApp-Image-2025-05-02-at-09.50.25-4-1536x864.jpeg 1536w, https:\/\/fomentmolins.cat\/wp-content\/uploads\/2025\/05\/WhatsApp-Image-2025-05-02-at-09.50.25-4.jpeg 2000w\" sizes=\"auto, (max-width: 1024px) 100vw, 1024px\" \/><\/figure>\n\n\n\n<figure class=\"wp-block-image size-large\"><img loading=\"lazy\" decoding=\"async\" width=\"1024\" height=\"683\" data-id=\"2979\" src=\"https:\/\/fomentmolins.cat\/wp-content\/uploads\/2025\/05\/WhatsApp-Image-2025-05-02-at-09.50.25-3-1024x683.jpeg\" alt=\"\" class=\"wp-image-2979\" srcset=\"https:\/\/fomentmolins.cat\/wp-content\/uploads\/2025\/05\/WhatsApp-Image-2025-05-02-at-09.50.25-3-1024x683.jpeg 1024w, https:\/\/fomentmolins.cat\/wp-content\/uploads\/2025\/05\/WhatsApp-Image-2025-05-02-at-09.50.25-3-300x200.jpeg 300w, https:\/\/fomentmolins.cat\/wp-content\/uploads\/2025\/05\/WhatsApp-Image-2025-05-02-at-09.50.25-3-768x512.jpeg 768w, https:\/\/fomentmolins.cat\/wp-content\/uploads\/2025\/05\/WhatsApp-Image-2025-05-02-at-09.50.25-3-1536x1025.jpeg 1536w, https:\/\/fomentmolins.cat\/wp-content\/uploads\/2025\/05\/WhatsApp-Image-2025-05-02-at-09.50.25-3.jpeg 2000w\" sizes=\"auto, (max-width: 1024px) 100vw, 1024px\" \/><\/figure>\n\n\n\n<figure class=\"wp-block-image size-large\"><img loading=\"lazy\" decoding=\"async\" width=\"1024\" height=\"1024\" data-id=\"2999\" src=\"https:\/\/fomentmolins.cat\/wp-content\/uploads\/2025\/05\/WhatsApp-Image-2025-05-02-at-09.50.25-2-1024x1024.jpeg\" alt=\"\" class=\"wp-image-2999\" srcset=\"https:\/\/fomentmolins.cat\/wp-content\/uploads\/2025\/05\/WhatsApp-Image-2025-05-02-at-09.50.25-2-1024x1024.jpeg 1024w, https:\/\/fomentmolins.cat\/wp-content\/uploads\/2025\/05\/WhatsApp-Image-2025-05-02-at-09.50.25-2-300x300.jpeg 300w, https:\/\/fomentmolins.cat\/wp-content\/uploads\/2025\/05\/WhatsApp-Image-2025-05-02-at-09.50.25-2-150x150.jpeg 150w, https:\/\/fomentmolins.cat\/wp-content\/uploads\/2025\/05\/WhatsApp-Image-2025-05-02-at-09.50.25-2-768x768.jpeg 768w, https:\/\/fomentmolins.cat\/wp-content\/uploads\/2025\/05\/WhatsApp-Image-2025-05-02-at-09.50.25-2-1536x1536.jpeg 1536w, https:\/\/fomentmolins.cat\/wp-content\/uploads\/2025\/05\/WhatsApp-Image-2025-05-02-at-09.50.25-2.jpeg 2048w\" sizes=\"auto, (max-width: 1024px) 100vw, 1024px\" \/><\/figure>\n\n\n\n<figure class=\"wp-block-image size-large\"><img loading=\"lazy\" decoding=\"async\" width=\"1024\" height=\"683\" data-id=\"2989\" src=\"https:\/\/fomentmolins.cat\/wp-content\/uploads\/2025\/05\/WhatsApp-Image-2025-05-02-at-09.50.25-1-1024x683.jpeg\" alt=\"\" class=\"wp-image-2989\" srcset=\"https:\/\/fomentmolins.cat\/wp-content\/uploads\/2025\/05\/WhatsApp-Image-2025-05-02-at-09.50.25-1-1024x683.jpeg 1024w, https:\/\/fomentmolins.cat\/wp-content\/uploads\/2025\/05\/WhatsApp-Image-2025-05-02-at-09.50.25-1-300x200.jpeg 300w, https:\/\/fomentmolins.cat\/wp-content\/uploads\/2025\/05\/WhatsApp-Image-2025-05-02-at-09.50.25-1-768x512.jpeg 768w, https:\/\/fomentmolins.cat\/wp-content\/uploads\/2025\/05\/WhatsApp-Image-2025-05-02-at-09.50.25-1-1536x1025.jpeg 1536w, https:\/\/fomentmolins.cat\/wp-content\/uploads\/2025\/05\/WhatsApp-Image-2025-05-02-at-09.50.25-1.jpeg 2000w\" sizes=\"auto, (max-width: 1024px) 100vw, 1024px\" \/><\/figure>\n\n\n\n<figure class=\"wp-block-image size-large\"><img loading=\"lazy\" decoding=\"async\" width=\"1024\" height=\"683\" data-id=\"2983\" src=\"https:\/\/fomentmolins.cat\/wp-content\/uploads\/2025\/05\/WhatsApp-Image-2025-05-02-at-09.50.25-1024x683.jpeg\" alt=\"\" class=\"wp-image-2983\" srcset=\"https:\/\/fomentmolins.cat\/wp-content\/uploads\/2025\/05\/WhatsApp-Image-2025-05-02-at-09.50.25-1024x683.jpeg 1024w, https:\/\/fomentmolins.cat\/wp-content\/uploads\/2025\/05\/WhatsApp-Image-2025-05-02-at-09.50.25-300x200.jpeg 300w, https:\/\/fomentmolins.cat\/wp-content\/uploads\/2025\/05\/WhatsApp-Image-2025-05-02-at-09.50.25-768x512.jpeg 768w, https:\/\/fomentmolins.cat\/wp-content\/uploads\/2025\/05\/WhatsApp-Image-2025-05-02-at-09.50.25-1536x1025.jpeg 1536w, https:\/\/fomentmolins.cat\/wp-content\/uploads\/2025\/05\/WhatsApp-Image-2025-05-02-at-09.50.25.jpeg 2000w\" sizes=\"auto, (max-width: 1024px) 100vw, 1024px\" \/><\/figure>\n\n\n\n<figure class=\"wp-block-image size-large\"><img loading=\"lazy\" decoding=\"async\" width=\"1024\" height=\"683\" data-id=\"2985\" src=\"https:\/\/fomentmolins.cat\/wp-content\/uploads\/2025\/05\/WhatsApp-Image-2025-05-02-at-09.50.24-7-1024x683.jpeg\" alt=\"\" class=\"wp-image-2985\" srcset=\"https:\/\/fomentmolins.cat\/wp-content\/uploads\/2025\/05\/WhatsApp-Image-2025-05-02-at-09.50.24-7-1024x683.jpeg 1024w, https:\/\/fomentmolins.cat\/wp-content\/uploads\/2025\/05\/WhatsApp-Image-2025-05-02-at-09.50.24-7-300x200.jpeg 300w, https:\/\/fomentmolins.cat\/wp-content\/uploads\/2025\/05\/WhatsApp-Image-2025-05-02-at-09.50.24-7-768x512.jpeg 768w, https:\/\/fomentmolins.cat\/wp-content\/uploads\/2025\/05\/WhatsApp-Image-2025-05-02-at-09.50.24-7-1536x1025.jpeg 1536w, https:\/\/fomentmolins.cat\/wp-content\/uploads\/2025\/05\/WhatsApp-Image-2025-05-02-at-09.50.24-7.jpeg 2000w\" sizes=\"auto, (max-width: 1024px) 100vw, 1024px\" \/><\/figure>\n\n\n\n<figure class=\"wp-block-image size-large\"><img loading=\"lazy\" decoding=\"async\" width=\"1024\" height=\"683\" data-id=\"2981\" src=\"https:\/\/fomentmolins.cat\/wp-content\/uploads\/2025\/05\/WhatsApp-Image-2025-05-02-at-09.50.24-6-1024x683.jpeg\" alt=\"\" class=\"wp-image-2981\" srcset=\"https:\/\/fomentmolins.cat\/wp-content\/uploads\/2025\/05\/WhatsApp-Image-2025-05-02-at-09.50.24-6-1024x683.jpeg 1024w, https:\/\/fomentmolins.cat\/wp-content\/uploads\/2025\/05\/WhatsApp-Image-2025-05-02-at-09.50.24-6-300x200.jpeg 300w, https:\/\/fomentmolins.cat\/wp-content\/uploads\/2025\/05\/WhatsApp-Image-2025-05-02-at-09.50.24-6-768x512.jpeg 768w, https:\/\/fomentmolins.cat\/wp-content\/uploads\/2025\/05\/WhatsApp-Image-2025-05-02-at-09.50.24-6-1536x1025.jpeg 1536w, https:\/\/fomentmolins.cat\/wp-content\/uploads\/2025\/05\/WhatsApp-Image-2025-05-02-at-09.50.24-6.jpeg 2000w\" sizes=\"auto, (max-width: 1024px) 100vw, 1024px\" \/><\/figure>\n\n\n\n<figure class=\"wp-block-image size-large\"><img loading=\"lazy\" decoding=\"async\" width=\"1024\" height=\"768\" data-id=\"2987\" src=\"https:\/\/fomentmolins.cat\/wp-content\/uploads\/2025\/05\/WhatsApp-Image-2025-05-02-at-09.50.24-5-1024x768.jpeg\" alt=\"\" class=\"wp-image-2987\" srcset=\"https:\/\/fomentmolins.cat\/wp-content\/uploads\/2025\/05\/WhatsApp-Image-2025-05-02-at-09.50.24-5-1024x768.jpeg 1024w, https:\/\/fomentmolins.cat\/wp-content\/uploads\/2025\/05\/WhatsApp-Image-2025-05-02-at-09.50.24-5-300x225.jpeg 300w, https:\/\/fomentmolins.cat\/wp-content\/uploads\/2025\/05\/WhatsApp-Image-2025-05-02-at-09.50.24-5-768x576.jpeg 768w, https:\/\/fomentmolins.cat\/wp-content\/uploads\/2025\/05\/WhatsApp-Image-2025-05-02-at-09.50.24-5-1536x1152.jpeg 1536w, https:\/\/fomentmolins.cat\/wp-content\/uploads\/2025\/05\/WhatsApp-Image-2025-05-02-at-09.50.24-5.jpeg 2000w\" sizes=\"auto, (max-width: 1024px) 100vw, 1024px\" \/><\/figure>\n\n\n\n<figure class=\"wp-block-image size-large\"><img loading=\"lazy\" decoding=\"async\" width=\"1024\" height=\"683\" data-id=\"2993\" src=\"https:\/\/fomentmolins.cat\/wp-content\/uploads\/2025\/05\/WhatsApp-Image-2025-05-02-at-09.50.24-4-1024x683.jpeg\" alt=\"\" class=\"wp-image-2993\" srcset=\"https:\/\/fomentmolins.cat\/wp-content\/uploads\/2025\/05\/WhatsApp-Image-2025-05-02-at-09.50.24-4-1024x683.jpeg 1024w, https:\/\/fomentmolins.cat\/wp-content\/uploads\/2025\/05\/WhatsApp-Image-2025-05-02-at-09.50.24-4-300x200.jpeg 300w, https:\/\/fomentmolins.cat\/wp-content\/uploads\/2025\/05\/WhatsApp-Image-2025-05-02-at-09.50.24-4-768x512.jpeg 768w, https:\/\/fomentmolins.cat\/wp-content\/uploads\/2025\/05\/WhatsApp-Image-2025-05-02-at-09.50.24-4-1536x1025.jpeg 1536w, https:\/\/fomentmolins.cat\/wp-content\/uploads\/2025\/05\/WhatsApp-Image-2025-05-02-at-09.50.24-4.jpeg 2000w\" sizes=\"auto, (max-width: 1024px) 100vw, 1024px\" \/><\/figure>\n\n\n\n<figure class=\"wp-block-image size-large\"><img loading=\"lazy\" decoding=\"async\" width=\"683\" height=\"1024\" data-id=\"2991\" src=\"https:\/\/fomentmolins.cat\/wp-content\/uploads\/2025\/05\/WhatsApp-Image-2025-05-02-at-09.50.24-3-683x1024.jpeg\" alt=\"\" class=\"wp-image-2991\" srcset=\"https:\/\/fomentmolins.cat\/wp-content\/uploads\/2025\/05\/WhatsApp-Image-2025-05-02-at-09.50.24-3-683x1024.jpeg 683w, https:\/\/fomentmolins.cat\/wp-content\/uploads\/2025\/05\/WhatsApp-Image-2025-05-02-at-09.50.24-3-200x300.jpeg 200w, https:\/\/fomentmolins.cat\/wp-content\/uploads\/2025\/05\/WhatsApp-Image-2025-05-02-at-09.50.24-3-768x1151.jpeg 768w, https:\/\/fomentmolins.cat\/wp-content\/uploads\/2025\/05\/WhatsApp-Image-2025-05-02-at-09.50.24-3-1025x1536.jpeg 1025w, https:\/\/fomentmolins.cat\/wp-content\/uploads\/2025\/05\/WhatsApp-Image-2025-05-02-at-09.50.24-3.jpeg 1334w\" sizes=\"auto, (max-width: 683px) 100vw, 683px\" \/><\/figure>\n\n\n\n<figure class=\"wp-block-image size-large\"><img loading=\"lazy\" decoding=\"async\" width=\"1024\" height=\"683\" data-id=\"2997\" src=\"https:\/\/fomentmolins.cat\/wp-content\/uploads\/2025\/05\/WhatsApp-Image-2025-05-02-at-09.50.24-2-1024x683.jpeg\" alt=\"\" class=\"wp-image-2997\" srcset=\"https:\/\/fomentmolins.cat\/wp-content\/uploads\/2025\/05\/WhatsApp-Image-2025-05-02-at-09.50.24-2-1024x683.jpeg 1024w, https:\/\/fomentmolins.cat\/wp-content\/uploads\/2025\/05\/WhatsApp-Image-2025-05-02-at-09.50.24-2-300x200.jpeg 300w, https:\/\/fomentmolins.cat\/wp-content\/uploads\/2025\/05\/WhatsApp-Image-2025-05-02-at-09.50.24-2-768x512.jpeg 768w, https:\/\/fomentmolins.cat\/wp-content\/uploads\/2025\/05\/WhatsApp-Image-2025-05-02-at-09.50.24-2-1536x1025.jpeg 1536w, https:\/\/fomentmolins.cat\/wp-content\/uploads\/2025\/05\/WhatsApp-Image-2025-05-02-at-09.50.24-2.jpeg 2000w\" sizes=\"auto, (max-width: 1024px) 100vw, 1024px\" \/><\/figure>\n\n\n\n<figure class=\"wp-block-image size-large\"><img loading=\"lazy\" decoding=\"async\" width=\"1024\" height=\"683\" data-id=\"2995\" src=\"https:\/\/fomentmolins.cat\/wp-content\/uploads\/2025\/05\/WhatsApp-Image-2025-05-02-at-09.50.24-1-1024x683.jpeg\" alt=\"\" class=\"wp-image-2995\" srcset=\"https:\/\/fomentmolins.cat\/wp-content\/uploads\/2025\/05\/WhatsApp-Image-2025-05-02-at-09.50.24-1-1024x683.jpeg 1024w, https:\/\/fomentmolins.cat\/wp-content\/uploads\/2025\/05\/WhatsApp-Image-2025-05-02-at-09.50.24-1-300x200.jpeg 300w, https:\/\/fomentmolins.cat\/wp-content\/uploads\/2025\/05\/WhatsApp-Image-2025-05-02-at-09.50.24-1-768x512.jpeg 768w, https:\/\/fomentmolins.cat\/wp-content\/uploads\/2025\/05\/WhatsApp-Image-2025-05-02-at-09.50.24-1-1536x1025.jpeg 1536w, https:\/\/fomentmolins.cat\/wp-content\/uploads\/2025\/05\/WhatsApp-Image-2025-05-02-at-09.50.24-1.jpeg 2000w\" sizes=\"auto, (max-width: 1024px) 100vw, 1024px\" \/><\/figure>\n\n\n\n<figure class=\"wp-block-image size-large\"><img loading=\"lazy\" decoding=\"async\" width=\"1024\" height=\"683\" data-id=\"2977\" src=\"https:\/\/fomentmolins.cat\/wp-content\/uploads\/2025\/05\/WhatsApp-Image-2025-05-02-at-09.50.24-1024x683.jpeg\" alt=\"\" class=\"wp-image-2977\" srcset=\"https:\/\/fomentmolins.cat\/wp-content\/uploads\/2025\/05\/WhatsApp-Image-2025-05-02-at-09.50.24-1024x683.jpeg 1024w, https:\/\/fomentmolins.cat\/wp-content\/uploads\/2025\/05\/WhatsApp-Image-2025-05-02-at-09.50.24-300x200.jpeg 300w, https:\/\/fomentmolins.cat\/wp-content\/uploads\/2025\/05\/WhatsApp-Image-2025-05-02-at-09.50.24-768x512.jpeg 768w, https:\/\/fomentmolins.cat\/wp-content\/uploads\/2025\/05\/WhatsApp-Image-2025-05-02-at-09.50.24-1536x1025.jpeg 1536w, https:\/\/fomentmolins.cat\/wp-content\/uploads\/2025\/05\/WhatsApp-Image-2025-05-02-at-09.50.24.jpeg 2000w\" sizes=\"auto, (max-width: 1024px) 100vw, 1024px\" \/><\/figure>\n<\/figure>\n\n<p><strong><br\/><\/strong><\/p>\n","protected":false},"excerpt":{"rendered":"<p>Anoche, el Teatre Foment de Molins de Rei se transform\u00f3 en un aut\u00e9ntico cabaret gracias al espect\u00e1culo Sical\u00edptiques.<\/p>\n","protected":false},"author":6,"featured_media":2994,"comment_status":"open","ping_status":"closed","sticky":false,"template":"","format":"standard","meta":{"inline_featured_image":false,"footnotes":""},"categories":[69],"tags":[88],"class_list":["post-3002","post","type-post","status-publish","format-standard","has-post-thumbnail","hentry","category-musica-es","tag-el-fomento"],"yoast_head":"<!-- This site is optimized with the Yoast SEO plugin v27.2 - https:\/\/yoast.com\/product\/yoast-seo-wordpress\/ -->\n<title>Sical\u00edpticas llena el Foment de cupl\u00e9s - Foment Molins Cultural<\/title>\n<meta name=\"description\" content=\"Sical\u00edpticas llena el Foment de cupl\u00e9s. Un cabaret homenajea a las cupletistas del Paralelo en una noche m\u00e1gica.\" \/>\n<meta name=\"robots\" content=\"index, follow, max-snippet:-1, max-image-preview:large, max-video-preview:-1\" \/>\n<link rel=\"canonical\" href=\"https:\/\/fomentmolins.cat\/es\/sicalipticas-llena-el-foment-de-cuples\/\" \/>\n<meta property=\"og:locale\" content=\"es_ES\" \/>\n<meta property=\"og:type\" content=\"article\" \/>\n<meta property=\"og:title\" content=\"Sical\u00edpticas llena el Foment de cupl\u00e9s - Foment Molins Cultural\" \/>\n<meta property=\"og:description\" content=\"Sical\u00edpticas llena el Foment de cupl\u00e9s. Un cabaret homenajea a las cupletistas del Paralelo en una noche m\u00e1gica.\" \/>\n<meta property=\"og:url\" content=\"https:\/\/fomentmolins.cat\/es\/sicalipticas-llena-el-foment-de-cuples\/\" \/>\n<meta property=\"og:site_name\" content=\"Foment Molins Cultural\" \/>\n<meta property=\"article:published_time\" content=\"2025-05-02T14:05:33+00:00\" \/>\n<meta property=\"article:modified_time\" content=\"2025-05-02T14:11:47+00:00\" \/>\n<meta property=\"og:image\" content=\"https:\/\/fomentmolins.cat\/wp-content\/uploads\/2025\/05\/WhatsApp-Image-2025-05-02-at-09.50.24-4.jpeg\" \/>\n\t<meta property=\"og:image:width\" content=\"2000\" \/>\n\t<meta property=\"og:image:height\" content=\"1334\" \/>\n\t<meta property=\"og:image:type\" content=\"image\/jpeg\" \/>\n<meta name=\"author\" content=\"Foment Cultural i Art\u00edstic\" \/>\n<meta name=\"twitter:card\" content=\"summary_large_image\" \/>\n<meta name=\"twitter:label1\" content=\"Escrito por\" \/>\n\t<meta name=\"twitter:data1\" content=\"Foment Cultural i Art\u00edstic\" \/>\n\t<meta name=\"twitter:label2\" content=\"Tiempo de lectura\" \/>\n\t<meta name=\"twitter:data2\" content=\"1 minuto\" \/>\n<script type=\"application\/ld+json\" class=\"yoast-schema-graph\">{\"@context\":\"https:\/\/schema.org\",\"@graph\":[{\"@type\":\"Article\",\"@id\":\"https:\/\/fomentmolins.cat\/es\/sicalipticas-llena-el-foment-de-cuples\/#article\",\"isPartOf\":{\"@id\":\"https:\/\/fomentmolins.cat\/es\/sicalipticas-llena-el-foment-de-cuples\/\"},\"author\":{\"name\":\"Foment Cultural i Art\u00edstic\",\"@id\":\"https:\/\/fomentmolins.cat\/es\/#\/schema\/person\/97c5658972a2b117e786bb3154a4797f\"},\"headline\":\"Sical\u00edpticas llena el Foment de cupl\u00e9s\",\"datePublished\":\"2025-05-02T14:05:33+00:00\",\"dateModified\":\"2025-05-02T14:11:47+00:00\",\"mainEntityOfPage\":{\"@id\":\"https:\/\/fomentmolins.cat\/es\/sicalipticas-llena-el-foment-de-cuples\/\"},\"wordCount\":175,\"commentCount\":0,\"image\":{\"@id\":\"https:\/\/fomentmolins.cat\/es\/sicalipticas-llena-el-foment-de-cuples\/#primaryimage\"},\"thumbnailUrl\":\"https:\/\/fomentmolins.cat\/wp-content\/uploads\/2025\/05\/WhatsApp-Image-2025-05-02-at-09.50.24-4.jpeg\",\"keywords\":[\"El Fomento\"],\"articleSection\":[\"M\u00fasica\"],\"inLanguage\":\"es\",\"potentialAction\":[{\"@type\":\"CommentAction\",\"name\":\"Comment\",\"target\":[\"https:\/\/fomentmolins.cat\/es\/sicalipticas-llena-el-foment-de-cuples\/#respond\"]}]},{\"@type\":\"WebPage\",\"@id\":\"https:\/\/fomentmolins.cat\/es\/sicalipticas-llena-el-foment-de-cuples\/\",\"url\":\"https:\/\/fomentmolins.cat\/es\/sicalipticas-llena-el-foment-de-cuples\/\",\"name\":\"Sical\u00edpticas llena el Foment de cupl\u00e9s - Foment Molins Cultural\",\"isPartOf\":{\"@id\":\"https:\/\/fomentmolins.cat\/es\/#website\"},\"primaryImageOfPage\":{\"@id\":\"https:\/\/fomentmolins.cat\/es\/sicalipticas-llena-el-foment-de-cuples\/#primaryimage\"},\"image\":{\"@id\":\"https:\/\/fomentmolins.cat\/es\/sicalipticas-llena-el-foment-de-cuples\/#primaryimage\"},\"thumbnailUrl\":\"https:\/\/fomentmolins.cat\/wp-content\/uploads\/2025\/05\/WhatsApp-Image-2025-05-02-at-09.50.24-4.jpeg\",\"datePublished\":\"2025-05-02T14:05:33+00:00\",\"dateModified\":\"2025-05-02T14:11:47+00:00\",\"author\":{\"@id\":\"https:\/\/fomentmolins.cat\/es\/#\/schema\/person\/97c5658972a2b117e786bb3154a4797f\"},\"description\":\"Sical\u00edpticas llena el Foment de cupl\u00e9s. Un cabaret homenajea a las cupletistas del Paralelo en una noche m\u00e1gica.\",\"breadcrumb\":{\"@id\":\"https:\/\/fomentmolins.cat\/es\/sicalipticas-llena-el-foment-de-cuples\/#breadcrumb\"},\"inLanguage\":\"es\",\"potentialAction\":[{\"@type\":\"ReadAction\",\"target\":[\"https:\/\/fomentmolins.cat\/es\/sicalipticas-llena-el-foment-de-cuples\/\"]}]},{\"@type\":\"ImageObject\",\"inLanguage\":\"es\",\"@id\":\"https:\/\/fomentmolins.cat\/es\/sicalipticas-llena-el-foment-de-cuples\/#primaryimage\",\"url\":\"https:\/\/fomentmolins.cat\/wp-content\/uploads\/2025\/05\/WhatsApp-Image-2025-05-02-at-09.50.24-4.jpeg\",\"contentUrl\":\"https:\/\/fomentmolins.cat\/wp-content\/uploads\/2025\/05\/WhatsApp-Image-2025-05-02-at-09.50.24-4.jpeg\",\"width\":2000,\"height\":1334,\"caption\":\"Anoche, el Teatre Foment de Molins de Rei se transform\u00f3 en un aut\u00e9ntico cabaret gracias al espect\u00e1culo Sical\u00edptiques, una propuesta \u00fanica que traslad\u00f3 al p\u00fablico a la glamurosa \u00e9poca de los cupl\u00e9s.\"},{\"@type\":\"BreadcrumbList\",\"@id\":\"https:\/\/fomentmolins.cat\/es\/sicalipticas-llena-el-foment-de-cuples\/#breadcrumb\",\"itemListElement\":[{\"@type\":\"ListItem\",\"position\":1,\"name\":\"Portada\",\"item\":\"https:\/\/fomentmolins.cat\/es\/\"},{\"@type\":\"ListItem\",\"position\":2,\"name\":\"Sical\u00edpticas llena el Foment de cupl\u00e9s\"}]},{\"@type\":\"WebSite\",\"@id\":\"https:\/\/fomentmolins.cat\/es\/#website\",\"url\":\"https:\/\/fomentmolins.cat\/es\/\",\"name\":\"Foment Molins Cultural\",\"description\":\"\",\"potentialAction\":[{\"@type\":\"SearchAction\",\"target\":{\"@type\":\"EntryPoint\",\"urlTemplate\":\"https:\/\/fomentmolins.cat\/es\/?s={search_term_string}\"},\"query-input\":{\"@type\":\"PropertyValueSpecification\",\"valueRequired\":true,\"valueName\":\"search_term_string\"}}],\"inLanguage\":\"es\"},{\"@type\":\"Person\",\"@id\":\"https:\/\/fomentmolins.cat\/es\/#\/schema\/person\/97c5658972a2b117e786bb3154a4797f\",\"name\":\"Foment Cultural i Art\u00edstic\",\"image\":{\"@type\":\"ImageObject\",\"inLanguage\":\"es\",\"@id\":\"https:\/\/secure.gravatar.com\/avatar\/6afa5d00109ab0ad887a3ebd7df8de0143713162a231800a3e1ba59eb8d2dba8?s=96&d=mm&r=g\",\"url\":\"https:\/\/secure.gravatar.com\/avatar\/6afa5d00109ab0ad887a3ebd7df8de0143713162a231800a3e1ba59eb8d2dba8?s=96&d=mm&r=g\",\"contentUrl\":\"https:\/\/secure.gravatar.com\/avatar\/6afa5d00109ab0ad887a3ebd7df8de0143713162a231800a3e1ba59eb8d2dba8?s=96&d=mm&r=g\",\"caption\":\"Foment Cultural i Art\u00edstic\"},\"url\":\"https:\/\/fomentmolins.cat\/es\/author\/soki_foment\/\"}]}<\/script>\n<!-- \/ Yoast SEO plugin. -->","yoast_head_json":{"title":"Sical\u00edpticas llena el Foment de cupl\u00e9s - Foment Molins Cultural","description":"Sical\u00edpticas llena el Foment de cupl\u00e9s. Un cabaret homenajea a las cupletistas del Paralelo en una noche m\u00e1gica.","robots":{"index":"index","follow":"follow","max-snippet":"max-snippet:-1","max-image-preview":"max-image-preview:large","max-video-preview":"max-video-preview:-1"},"canonical":"https:\/\/fomentmolins.cat\/es\/sicalipticas-llena-el-foment-de-cuples\/","og_locale":"es_ES","og_type":"article","og_title":"Sical\u00edpticas llena el Foment de cupl\u00e9s - Foment Molins Cultural","og_description":"Sical\u00edpticas llena el Foment de cupl\u00e9s. Un cabaret homenajea a las cupletistas del Paralelo en una noche m\u00e1gica.","og_url":"https:\/\/fomentmolins.cat\/es\/sicalipticas-llena-el-foment-de-cuples\/","og_site_name":"Foment Molins Cultural","article_published_time":"2025-05-02T14:05:33+00:00","article_modified_time":"2025-05-02T14:11:47+00:00","og_image":[{"width":2000,"height":1334,"url":"https:\/\/fomentmolins.cat\/wp-content\/uploads\/2025\/05\/WhatsApp-Image-2025-05-02-at-09.50.24-4.jpeg","type":"image\/jpeg"}],"author":"Foment Cultural i Art\u00edstic","twitter_card":"summary_large_image","twitter_misc":{"Escrito por":"Foment Cultural i Art\u00edstic","Tiempo de lectura":"1 minuto"},"schema":{"@context":"https:\/\/schema.org","@graph":[{"@type":"Article","@id":"https:\/\/fomentmolins.cat\/es\/sicalipticas-llena-el-foment-de-cuples\/#article","isPartOf":{"@id":"https:\/\/fomentmolins.cat\/es\/sicalipticas-llena-el-foment-de-cuples\/"},"author":{"name":"Foment Cultural i Art\u00edstic","@id":"https:\/\/fomentmolins.cat\/es\/#\/schema\/person\/97c5658972a2b117e786bb3154a4797f"},"headline":"Sical\u00edpticas llena el Foment de cupl\u00e9s","datePublished":"2025-05-02T14:05:33+00:00","dateModified":"2025-05-02T14:11:47+00:00","mainEntityOfPage":{"@id":"https:\/\/fomentmolins.cat\/es\/sicalipticas-llena-el-foment-de-cuples\/"},"wordCount":175,"commentCount":0,"image":{"@id":"https:\/\/fomentmolins.cat\/es\/sicalipticas-llena-el-foment-de-cuples\/#primaryimage"},"thumbnailUrl":"https:\/\/fomentmolins.cat\/wp-content\/uploads\/2025\/05\/WhatsApp-Image-2025-05-02-at-09.50.24-4.jpeg","keywords":["El Fomento"],"articleSection":["M\u00fasica"],"inLanguage":"es","potentialAction":[{"@type":"CommentAction","name":"Comment","target":["https:\/\/fomentmolins.cat\/es\/sicalipticas-llena-el-foment-de-cuples\/#respond"]}]},{"@type":"WebPage","@id":"https:\/\/fomentmolins.cat\/es\/sicalipticas-llena-el-foment-de-cuples\/","url":"https:\/\/fomentmolins.cat\/es\/sicalipticas-llena-el-foment-de-cuples\/","name":"Sical\u00edpticas llena el Foment de cupl\u00e9s - Foment Molins Cultural","isPartOf":{"@id":"https:\/\/fomentmolins.cat\/es\/#website"},"primaryImageOfPage":{"@id":"https:\/\/fomentmolins.cat\/es\/sicalipticas-llena-el-foment-de-cuples\/#primaryimage"},"image":{"@id":"https:\/\/fomentmolins.cat\/es\/sicalipticas-llena-el-foment-de-cuples\/#primaryimage"},"thumbnailUrl":"https:\/\/fomentmolins.cat\/wp-content\/uploads\/2025\/05\/WhatsApp-Image-2025-05-02-at-09.50.24-4.jpeg","datePublished":"2025-05-02T14:05:33+00:00","dateModified":"2025-05-02T14:11:47+00:00","author":{"@id":"https:\/\/fomentmolins.cat\/es\/#\/schema\/person\/97c5658972a2b117e786bb3154a4797f"},"description":"Sical\u00edpticas llena el Foment de cupl\u00e9s. Un cabaret homenajea a las cupletistas del Paralelo en una noche m\u00e1gica.","breadcrumb":{"@id":"https:\/\/fomentmolins.cat\/es\/sicalipticas-llena-el-foment-de-cuples\/#breadcrumb"},"inLanguage":"es","potentialAction":[{"@type":"ReadAction","target":["https:\/\/fomentmolins.cat\/es\/sicalipticas-llena-el-foment-de-cuples\/"]}]},{"@type":"ImageObject","inLanguage":"es","@id":"https:\/\/fomentmolins.cat\/es\/sicalipticas-llena-el-foment-de-cuples\/#primaryimage","url":"https:\/\/fomentmolins.cat\/wp-content\/uploads\/2025\/05\/WhatsApp-Image-2025-05-02-at-09.50.24-4.jpeg","contentUrl":"https:\/\/fomentmolins.cat\/wp-content\/uploads\/2025\/05\/WhatsApp-Image-2025-05-02-at-09.50.24-4.jpeg","width":2000,"height":1334,"caption":"Anoche, el Teatre Foment de Molins de Rei se transform\u00f3 en un aut\u00e9ntico cabaret gracias al espect\u00e1culo Sical\u00edptiques, una propuesta \u00fanica que traslad\u00f3 al p\u00fablico a la glamurosa \u00e9poca de los cupl\u00e9s."},{"@type":"BreadcrumbList","@id":"https:\/\/fomentmolins.cat\/es\/sicalipticas-llena-el-foment-de-cuples\/#breadcrumb","itemListElement":[{"@type":"ListItem","position":1,"name":"Portada","item":"https:\/\/fomentmolins.cat\/es\/"},{"@type":"ListItem","position":2,"name":"Sical\u00edpticas llena el Foment de cupl\u00e9s"}]},{"@type":"WebSite","@id":"https:\/\/fomentmolins.cat\/es\/#website","url":"https:\/\/fomentmolins.cat\/es\/","name":"Foment Molins Cultural","description":"","potentialAction":[{"@type":"SearchAction","target":{"@type":"EntryPoint","urlTemplate":"https:\/\/fomentmolins.cat\/es\/?s={search_term_string}"},"query-input":{"@type":"PropertyValueSpecification","valueRequired":true,"valueName":"search_term_string"}}],"inLanguage":"es"},{"@type":"Person","@id":"https:\/\/fomentmolins.cat\/es\/#\/schema\/person\/97c5658972a2b117e786bb3154a4797f","name":"Foment Cultural i Art\u00edstic","image":{"@type":"ImageObject","inLanguage":"es","@id":"https:\/\/secure.gravatar.com\/avatar\/6afa5d00109ab0ad887a3ebd7df8de0143713162a231800a3e1ba59eb8d2dba8?s=96&d=mm&r=g","url":"https:\/\/secure.gravatar.com\/avatar\/6afa5d00109ab0ad887a3ebd7df8de0143713162a231800a3e1ba59eb8d2dba8?s=96&d=mm&r=g","contentUrl":"https:\/\/secure.gravatar.com\/avatar\/6afa5d00109ab0ad887a3ebd7df8de0143713162a231800a3e1ba59eb8d2dba8?s=96&d=mm&r=g","caption":"Foment Cultural i Art\u00edstic"},"url":"https:\/\/fomentmolins.cat\/es\/author\/soki_foment\/"}]}},"_links":{"self":[{"href":"https:\/\/fomentmolins.cat\/es\/wp-json\/wp\/v2\/posts\/3002","targetHints":{"allow":["GET"]}}],"collection":[{"href":"https:\/\/fomentmolins.cat\/es\/wp-json\/wp\/v2\/posts"}],"about":[{"href":"https:\/\/fomentmolins.cat\/es\/wp-json\/wp\/v2\/types\/post"}],"author":[{"embeddable":true,"href":"https:\/\/fomentmolins.cat\/es\/wp-json\/wp\/v2\/users\/6"}],"replies":[{"embeddable":true,"href":"https:\/\/fomentmolins.cat\/es\/wp-json\/wp\/v2\/comments?post=3002"}],"version-history":[{"count":1,"href":"https:\/\/fomentmolins.cat\/es\/wp-json\/wp\/v2\/posts\/3002\/revisions"}],"predecessor-version":[{"id":3003,"href":"https:\/\/fomentmolins.cat\/es\/wp-json\/wp\/v2\/posts\/3002\/revisions\/3003"}],"wp:featuredmedia":[{"embeddable":true,"href":"https:\/\/fomentmolins.cat\/es\/wp-json\/wp\/v2\/media\/2994"}],"wp:attachment":[{"href":"https:\/\/fomentmolins.cat\/es\/wp-json\/wp\/v2\/media?parent=3002"}],"wp:term":[{"taxonomy":"category","embeddable":true,"href":"https:\/\/fomentmolins.cat\/es\/wp-json\/wp\/v2\/categories?post=3002"},{"taxonomy":"post_tag","embeddable":true,"href":"https:\/\/fomentmolins.cat\/es\/wp-json\/wp\/v2\/tags?post=3002"}],"curies":[{"name":"wp","href":"https:\/\/api.w.org\/{rel}","templated":true}]}}