{"id":3162,"date":"2025-06-30T18:14:21","date_gmt":"2025-06-30T16:14:21","guid":{"rendered":"https:\/\/fomentmolins.cat\/nuevas-obras-en-el-foment-cultural-y-artistico\/"},"modified":"2025-12-05T17:19:37","modified_gmt":"2025-12-05T16:19:37","slug":"nuevas-obras-en-el-foment-cultural-y-artistico","status":"publish","type":"post","link":"https:\/\/fomentmolins.cat\/es\/nuevas-obras-en-el-foment-cultural-y-artistico\/","title":{"rendered":"Nuevas obras en el Foment Cultural y Art\u00edstico"},"content":{"rendered":"\n<h2 class=\"wp-block-heading\">Adaptaci\u00f3n del edificio a las medidas de seguridad contra incendios<\/h2>\n\n\n\n<p>Este verano marca el inicio de una transformaci\u00f3n en el Foment Cultural y Art\u00edstico de Molins de Rei. Las obras que hoy comienzan en el edificio de las secciones tienen como objetivo clave la adaptaci\u00f3n a las normativas de seguridad contra incendios, consolidando el compromiso con un espacio cultural seguro para toda la comunidad. <\/p>\n\n\n\n<p>Este proyecto incluir\u00e1 la instalaci\u00f3n de nuevos sistemas de alarma, mejoras en las salidas de emergencia y la incorporaci\u00f3n de materiales ign\u00edfugos en las principales estructuras. Todo ello permitir\u00e1 que el edificio cumpla con los est\u00e1ndares m\u00e1s exigentes, garantizando as\u00ed la tranquilidad de las personas que disfrutan a diario de este emblem\u00e1tico espacio. <\/p>\n\n\n\n<p>Las obras se alargar\u00e1n durante los meses de verano, con previsi\u00f3n de finalizaci\u00f3n antes del oto\u00f1o. Se ha planificado todo el proceso de forma que provoque m\u00ednimas interrupciones en las actividades habituales, manteniendo viva la esencia cultural que define el Foment desde sus inicios. <\/p>\n\n\n\n<p>Con este esfuerzo, Foment se posiciona como referente en adaptar el patrimonio cultural a las necesidades modernas, asegurando un espacio acogedor y seguro para conciertos, teatro y actividades diversas. \u00a1Os invitamos a seguir la evoluci\u00f3n de estas mejoras a trav\u00e9s de nuestras redes sociales y p\u00e1gina web! <\/p>\n\n\n\n<p>Estas actuaciones son posibles gracias al apoyo econ\u00f3mico de l\u2019Ajuntament de Molins de Rei, as\u00ed como de la Generalitat de Catalunya, la Diputaci\u00f3 de Barcelona i de la Junta d\u2019Her\u00e8ncies de la Generalitat de Catalunya<\/p>\n\n\n\n<p>Gracias por su apoyo en este emocionante viaje hacia un futuro m\u00e1s seguro e innovador para nuestro espacio cultural.<\/p>\n\n\n\n<figure class=\"wp-block-image size-full\"><img loading=\"lazy\" decoding=\"async\" width=\"455\" height=\"100\" src=\"https:\/\/fomentmolins.cat\/wp-content\/uploads\/2025\/08\/cultura_h3-1.jpg\" alt=\"Generalitat de Catalunya\" class=\"wp-image-3508\" srcset=\"https:\/\/fomentmolins.cat\/wp-content\/uploads\/2025\/08\/cultura_h3-1.jpg 455w, https:\/\/fomentmolins.cat\/wp-content\/uploads\/2025\/08\/cultura_h3-1-300x66.jpg 300w\" sizes=\"auto, (max-width: 455px) 100vw, 455px\" \/><\/figure>\n\n\n\n<figure class=\"wp-block-gallery has-nested-images columns-default is-cropped wp-block-gallery-1 is-layout-flex wp-block-gallery-is-layout-flex\">\n<figure class=\"wp-block-image size-large\"><img loading=\"lazy\" decoding=\"async\" width=\"768\" height=\"1024\" data-id=\"3147\" src=\"https:\/\/fomentmolins.cat\/wp-content\/uploads\/2025\/07\/WhatsApp-Image-2025-07-03-at-13.30.02-1-768x1024.jpeg\" alt=\"\" class=\"wp-image-3147\" srcset=\"https:\/\/fomentmolins.cat\/wp-content\/uploads\/2025\/07\/WhatsApp-Image-2025-07-03-at-13.30.02-1-768x1024.jpeg 768w, https:\/\/fomentmolins.cat\/wp-content\/uploads\/2025\/07\/WhatsApp-Image-2025-07-03-at-13.30.02-1-225x300.jpeg 225w, https:\/\/fomentmolins.cat\/wp-content\/uploads\/2025\/07\/WhatsApp-Image-2025-07-03-at-13.30.02-1-1152x1536.jpeg 1152w, https:\/\/fomentmolins.cat\/wp-content\/uploads\/2025\/07\/WhatsApp-Image-2025-07-03-at-13.30.02-1.jpeg 1500w\" sizes=\"auto, (max-width: 768px) 100vw, 768px\" \/><\/figure>\n\n\n\n<figure class=\"wp-block-image size-large\"><img loading=\"lazy\" decoding=\"async\" width=\"768\" height=\"1024\" data-id=\"3145\" src=\"https:\/\/fomentmolins.cat\/wp-content\/uploads\/2025\/07\/WhatsApp-Image-2025-07-03-at-13.30.02-768x1024.jpeg\" alt=\"\" class=\"wp-image-3145\" srcset=\"https:\/\/fomentmolins.cat\/wp-content\/uploads\/2025\/07\/WhatsApp-Image-2025-07-03-at-13.30.02-768x1024.jpeg 768w, https:\/\/fomentmolins.cat\/wp-content\/uploads\/2025\/07\/WhatsApp-Image-2025-07-03-at-13.30.02-225x300.jpeg 225w, https:\/\/fomentmolins.cat\/wp-content\/uploads\/2025\/07\/WhatsApp-Image-2025-07-03-at-13.30.02-1152x1536.jpeg 1152w, https:\/\/fomentmolins.cat\/wp-content\/uploads\/2025\/07\/WhatsApp-Image-2025-07-03-at-13.30.02.jpeg 1500w\" sizes=\"auto, (max-width: 768px) 100vw, 768px\" \/><\/figure>\n\n\n\n<figure class=\"wp-block-image size-large\"><img loading=\"lazy\" decoding=\"async\" width=\"768\" height=\"1024\" data-id=\"3151\" src=\"https:\/\/fomentmolins.cat\/wp-content\/uploads\/2025\/07\/WhatsApp-Image-2025-07-03-at-13.30.01-2-768x1024.jpeg\" alt=\"\" class=\"wp-image-3151\" srcset=\"https:\/\/fomentmolins.cat\/wp-content\/uploads\/2025\/07\/WhatsApp-Image-2025-07-03-at-13.30.01-2-768x1024.jpeg 768w, https:\/\/fomentmolins.cat\/wp-content\/uploads\/2025\/07\/WhatsApp-Image-2025-07-03-at-13.30.01-2-225x300.jpeg 225w, https:\/\/fomentmolins.cat\/wp-content\/uploads\/2025\/07\/WhatsApp-Image-2025-07-03-at-13.30.01-2-1152x1536.jpeg 1152w, https:\/\/fomentmolins.cat\/wp-content\/uploads\/2025\/07\/WhatsApp-Image-2025-07-03-at-13.30.01-2.jpeg 1500w\" sizes=\"auto, (max-width: 768px) 100vw, 768px\" \/><\/figure>\n\n\n\n<figure class=\"wp-block-image size-large\"><img loading=\"lazy\" decoding=\"async\" width=\"768\" height=\"1024\" data-id=\"3159\" src=\"https:\/\/fomentmolins.cat\/wp-content\/uploads\/2025\/07\/WhatsApp-Image-2025-07-03-at-13.30.01-1-768x1024.jpeg\" alt=\"\" class=\"wp-image-3159\" srcset=\"https:\/\/fomentmolins.cat\/wp-content\/uploads\/2025\/07\/WhatsApp-Image-2025-07-03-at-13.30.01-1-768x1024.jpeg 768w, https:\/\/fomentmolins.cat\/wp-content\/uploads\/2025\/07\/WhatsApp-Image-2025-07-03-at-13.30.01-1-225x300.jpeg 225w, https:\/\/fomentmolins.cat\/wp-content\/uploads\/2025\/07\/WhatsApp-Image-2025-07-03-at-13.30.01-1-1152x1536.jpeg 1152w, https:\/\/fomentmolins.cat\/wp-content\/uploads\/2025\/07\/WhatsApp-Image-2025-07-03-at-13.30.01-1.jpeg 1500w\" sizes=\"auto, (max-width: 768px) 100vw, 768px\" \/><\/figure>\n\n\n\n<figure class=\"wp-block-image size-large\"><img loading=\"lazy\" decoding=\"async\" width=\"768\" height=\"1024\" data-id=\"3157\" src=\"https:\/\/fomentmolins.cat\/wp-content\/uploads\/2025\/07\/WhatsApp-Image-2025-07-03-at-13.30.01-768x1024.jpeg\" alt=\"\" class=\"wp-image-3157\" srcset=\"https:\/\/fomentmolins.cat\/wp-content\/uploads\/2025\/07\/WhatsApp-Image-2025-07-03-at-13.30.01-768x1024.jpeg 768w, https:\/\/fomentmolins.cat\/wp-content\/uploads\/2025\/07\/WhatsApp-Image-2025-07-03-at-13.30.01-225x300.jpeg 225w, https:\/\/fomentmolins.cat\/wp-content\/uploads\/2025\/07\/WhatsApp-Image-2025-07-03-at-13.30.01-1152x1536.jpeg 1152w, https:\/\/fomentmolins.cat\/wp-content\/uploads\/2025\/07\/WhatsApp-Image-2025-07-03-at-13.30.01.jpeg 1500w\" sizes=\"auto, (max-width: 768px) 100vw, 768px\" \/><\/figure>\n\n\n\n<figure class=\"wp-block-image size-large\"><img loading=\"lazy\" decoding=\"async\" width=\"1024\" height=\"768\" data-id=\"3143\" src=\"https:\/\/fomentmolins.cat\/wp-content\/uploads\/2025\/07\/WhatsApp-Image-2025-07-03-at-13.30.00-1-1024x768.jpeg\" alt=\"\" class=\"wp-image-3143\" srcset=\"https:\/\/fomentmolins.cat\/wp-content\/uploads\/2025\/07\/WhatsApp-Image-2025-07-03-at-13.30.00-1-1024x768.jpeg 1024w, https:\/\/fomentmolins.cat\/wp-content\/uploads\/2025\/07\/WhatsApp-Image-2025-07-03-at-13.30.00-1-300x225.jpeg 300w, https:\/\/fomentmolins.cat\/wp-content\/uploads\/2025\/07\/WhatsApp-Image-2025-07-03-at-13.30.00-1-768x576.jpeg 768w, https:\/\/fomentmolins.cat\/wp-content\/uploads\/2025\/07\/WhatsApp-Image-2025-07-03-at-13.30.00-1-1536x1152.jpeg 1536w, https:\/\/fomentmolins.cat\/wp-content\/uploads\/2025\/07\/WhatsApp-Image-2025-07-03-at-13.30.00-1.jpeg 2000w\" sizes=\"auto, (max-width: 1024px) 100vw, 1024px\" \/><\/figure>\n\n\n\n<figure class=\"wp-block-image size-large\"><img loading=\"lazy\" decoding=\"async\" width=\"1024\" height=\"768\" data-id=\"3153\" src=\"https:\/\/fomentmolins.cat\/wp-content\/uploads\/2025\/07\/WhatsApp-Image-2025-07-03-at-13.30.00-1024x768.jpeg\" alt=\"\" class=\"wp-image-3153\" srcset=\"https:\/\/fomentmolins.cat\/wp-content\/uploads\/2025\/07\/WhatsApp-Image-2025-07-03-at-13.30.00-1024x768.jpeg 1024w, https:\/\/fomentmolins.cat\/wp-content\/uploads\/2025\/07\/WhatsApp-Image-2025-07-03-at-13.30.00-300x225.jpeg 300w, https:\/\/fomentmolins.cat\/wp-content\/uploads\/2025\/07\/WhatsApp-Image-2025-07-03-at-13.30.00-768x576.jpeg 768w, https:\/\/fomentmolins.cat\/wp-content\/uploads\/2025\/07\/WhatsApp-Image-2025-07-03-at-13.30.00-1536x1152.jpeg 1536w, https:\/\/fomentmolins.cat\/wp-content\/uploads\/2025\/07\/WhatsApp-Image-2025-07-03-at-13.30.00.jpeg 2000w\" sizes=\"auto, (max-width: 1024px) 100vw, 1024px\" \/><\/figure>\n\n\n\n<figure class=\"wp-block-image size-large\"><img loading=\"lazy\" decoding=\"async\" width=\"1024\" height=\"768\" data-id=\"3155\" src=\"https:\/\/fomentmolins.cat\/wp-content\/uploads\/2025\/07\/WhatsApp-Image-2025-07-03-at-13.29.59-1-1024x768.jpeg\" alt=\"\" class=\"wp-image-3155\" srcset=\"https:\/\/fomentmolins.cat\/wp-content\/uploads\/2025\/07\/WhatsApp-Image-2025-07-03-at-13.29.59-1-1024x768.jpeg 1024w, https:\/\/fomentmolins.cat\/wp-content\/uploads\/2025\/07\/WhatsApp-Image-2025-07-03-at-13.29.59-1-300x225.jpeg 300w, https:\/\/fomentmolins.cat\/wp-content\/uploads\/2025\/07\/WhatsApp-Image-2025-07-03-at-13.29.59-1-768x576.jpeg 768w, https:\/\/fomentmolins.cat\/wp-content\/uploads\/2025\/07\/WhatsApp-Image-2025-07-03-at-13.29.59-1-1536x1152.jpeg 1536w, https:\/\/fomentmolins.cat\/wp-content\/uploads\/2025\/07\/WhatsApp-Image-2025-07-03-at-13.29.59-1.jpeg 2000w\" sizes=\"auto, (max-width: 1024px) 100vw, 1024px\" \/><\/figure>\n\n\n\n<figure class=\"wp-block-image size-large\"><img loading=\"lazy\" decoding=\"async\" width=\"768\" height=\"1024\" data-id=\"3149\" src=\"https:\/\/fomentmolins.cat\/wp-content\/uploads\/2025\/07\/WhatsApp-Image-2025-07-03-at-13.29.59-768x1024.jpeg\" alt=\"\" class=\"wp-image-3149\" srcset=\"https:\/\/fomentmolins.cat\/wp-content\/uploads\/2025\/07\/WhatsApp-Image-2025-07-03-at-13.29.59-768x1024.jpeg 768w, https:\/\/fomentmolins.cat\/wp-content\/uploads\/2025\/07\/WhatsApp-Image-2025-07-03-at-13.29.59-225x300.jpeg 225w, https:\/\/fomentmolins.cat\/wp-content\/uploads\/2025\/07\/WhatsApp-Image-2025-07-03-at-13.29.59-1152x1536.jpeg 1152w, https:\/\/fomentmolins.cat\/wp-content\/uploads\/2025\/07\/WhatsApp-Image-2025-07-03-at-13.29.59.jpeg 1500w\" sizes=\"auto, (max-width: 768px) 100vw, 768px\" \/><\/figure>\n<\/figure>\n","protected":false},"excerpt":{"rendered":"<p>Adaptaci\u00f3n del edificio a las medidas de seguridad contra incendios Este verano marca el inicio de una transformaci\u00f3n en el Foment Cultural y Art\u00edstico de Molins de Rei. Las obras que hoy comienzan en el edificio de las secciones tienen como objetivo clave la adaptaci\u00f3n a las normativas de seguridad contra incendios, consolidando el compromiso con un espacio cultural seguro [&hellip;]<\/p>\n","protected":false},"author":6,"featured_media":3160,"comment_status":"open","ping_status":"closed","sticky":false,"template":"","format":"standard","meta":{"inline_featured_image":false,"footnotes":""},"categories":[102],"tags":[137],"class_list":["post-3162","post","type-post","status-publish","format-standard","has-post-thumbnail","hentry","category-teatro","tag-obras"],"yoast_head":"<!-- This site is optimized with the Yoast SEO plugin v27.2 - https:\/\/yoast.com\/product\/yoast-seo-wordpress\/ -->\n<title>Nuevas obras en el Foment Cultural y Art\u00edstico - Foment Molins Cultural<\/title>\n<meta name=\"description\" content=\"Nuevas obras en el Fomento Cultural y Art\u00edstico. Adaptaci\u00f3n del edificio a las medidas de seguridad contra incendios.\" \/>\n<meta name=\"robots\" content=\"index, follow, max-snippet:-1, max-image-preview:large, max-video-preview:-1\" \/>\n<link rel=\"canonical\" href=\"https:\/\/fomentmolins.cat\/es\/nuevas-obras-en-el-foment-cultural-y-artistico\/\" \/>\n<meta property=\"og:locale\" content=\"es_ES\" \/>\n<meta property=\"og:type\" content=\"article\" \/>\n<meta property=\"og:title\" content=\"Nuevas obras en el Foment Cultural y Art\u00edstico - Foment Molins Cultural\" \/>\n<meta property=\"og:description\" content=\"Nuevas obras en el Fomento Cultural y Art\u00edstico. Adaptaci\u00f3n del edificio a las medidas de seguridad contra incendios.\" \/>\n<meta property=\"og:url\" content=\"https:\/\/fomentmolins.cat\/es\/nuevas-obras-en-el-foment-cultural-y-artistico\/\" \/>\n<meta property=\"og:site_name\" content=\"Foment Molins Cultural\" \/>\n<meta property=\"article:published_time\" content=\"2025-06-30T16:14:21+00:00\" \/>\n<meta property=\"article:modified_time\" content=\"2025-12-05T16:19:37+00:00\" \/>\n<meta property=\"og:image\" content=\"https:\/\/fomentmolins.cat\/wp-content\/uploads\/2025\/07\/WhatsApp-Image-2025-07-03-at-13.30.01-1.jpeg\" \/>\n\t<meta property=\"og:image:width\" content=\"1500\" \/>\n\t<meta property=\"og:image:height\" content=\"2000\" \/>\n\t<meta property=\"og:image:type\" content=\"image\/jpeg\" \/>\n<meta name=\"author\" content=\"Foment Cultural i Art\u00edstic\" \/>\n<meta name=\"twitter:card\" content=\"summary_large_image\" \/>\n<meta name=\"twitter:label1\" content=\"Escrito por\" \/>\n\t<meta name=\"twitter:data1\" content=\"Foment Cultural i Art\u00edstic\" \/>\n\t<meta name=\"twitter:label2\" content=\"Tiempo de lectura\" \/>\n\t<meta name=\"twitter:data2\" content=\"4 minutos\" \/>\n<script type=\"application\/ld+json\" class=\"yoast-schema-graph\">{\"@context\":\"https:\/\/schema.org\",\"@graph\":[{\"@type\":\"Article\",\"@id\":\"https:\/\/fomentmolins.cat\/es\/nuevas-obras-en-el-foment-cultural-y-artistico\/#article\",\"isPartOf\":{\"@id\":\"https:\/\/fomentmolins.cat\/es\/nuevas-obras-en-el-foment-cultural-y-artistico\/\"},\"author\":{\"name\":\"Foment Cultural i Art\u00edstic\",\"@id\":\"https:\/\/fomentmolins.cat\/es\/#\/schema\/person\/97c5658972a2b117e786bb3154a4797f\"},\"headline\":\"Nuevas obras en el Foment Cultural y Art\u00edstico\",\"datePublished\":\"2025-06-30T16:14:21+00:00\",\"dateModified\":\"2025-12-05T16:19:37+00:00\",\"mainEntityOfPage\":{\"@id\":\"https:\/\/fomentmolins.cat\/es\/nuevas-obras-en-el-foment-cultural-y-artistico\/\"},\"wordCount\":294,\"commentCount\":0,\"image\":{\"@id\":\"https:\/\/fomentmolins.cat\/es\/nuevas-obras-en-el-foment-cultural-y-artistico\/#primaryimage\"},\"thumbnailUrl\":\"https:\/\/fomentmolins.cat\/wp-content\/uploads\/2025\/07\/WhatsApp-Image-2025-07-03-at-13.30.01-1.jpeg\",\"keywords\":[\"Obras\"],\"articleSection\":[\"Teatro\"],\"inLanguage\":\"es\",\"potentialAction\":[{\"@type\":\"CommentAction\",\"name\":\"Comment\",\"target\":[\"https:\/\/fomentmolins.cat\/es\/nuevas-obras-en-el-foment-cultural-y-artistico\/#respond\"]}]},{\"@type\":\"WebPage\",\"@id\":\"https:\/\/fomentmolins.cat\/es\/nuevas-obras-en-el-foment-cultural-y-artistico\/\",\"url\":\"https:\/\/fomentmolins.cat\/es\/nuevas-obras-en-el-foment-cultural-y-artistico\/\",\"name\":\"Nuevas obras en el Foment Cultural y Art\u00edstico - Foment Molins Cultural\",\"isPartOf\":{\"@id\":\"https:\/\/fomentmolins.cat\/es\/#website\"},\"primaryImageOfPage\":{\"@id\":\"https:\/\/fomentmolins.cat\/es\/nuevas-obras-en-el-foment-cultural-y-artistico\/#primaryimage\"},\"image\":{\"@id\":\"https:\/\/fomentmolins.cat\/es\/nuevas-obras-en-el-foment-cultural-y-artistico\/#primaryimage\"},\"thumbnailUrl\":\"https:\/\/fomentmolins.cat\/wp-content\/uploads\/2025\/07\/WhatsApp-Image-2025-07-03-at-13.30.01-1.jpeg\",\"datePublished\":\"2025-06-30T16:14:21+00:00\",\"dateModified\":\"2025-12-05T16:19:37+00:00\",\"author\":{\"@id\":\"https:\/\/fomentmolins.cat\/es\/#\/schema\/person\/97c5658972a2b117e786bb3154a4797f\"},\"description\":\"Nuevas obras en el Fomento Cultural y Art\u00edstico. Adaptaci\u00f3n del edificio a las medidas de seguridad contra incendios.\",\"breadcrumb\":{\"@id\":\"https:\/\/fomentmolins.cat\/es\/nuevas-obras-en-el-foment-cultural-y-artistico\/#breadcrumb\"},\"inLanguage\":\"es\",\"potentialAction\":[{\"@type\":\"ReadAction\",\"target\":[\"https:\/\/fomentmolins.cat\/es\/nuevas-obras-en-el-foment-cultural-y-artistico\/\"]}]},{\"@type\":\"ImageObject\",\"inLanguage\":\"es\",\"@id\":\"https:\/\/fomentmolins.cat\/es\/nuevas-obras-en-el-foment-cultural-y-artistico\/#primaryimage\",\"url\":\"https:\/\/fomentmolins.cat\/wp-content\/uploads\/2025\/07\/WhatsApp-Image-2025-07-03-at-13.30.01-1.jpeg\",\"contentUrl\":\"https:\/\/fomentmolins.cat\/wp-content\/uploads\/2025\/07\/WhatsApp-Image-2025-07-03-at-13.30.01-1.jpeg\",\"width\":1500,\"height\":2000},{\"@type\":\"BreadcrumbList\",\"@id\":\"https:\/\/fomentmolins.cat\/es\/nuevas-obras-en-el-foment-cultural-y-artistico\/#breadcrumb\",\"itemListElement\":[{\"@type\":\"ListItem\",\"position\":1,\"name\":\"Portada\",\"item\":\"https:\/\/fomentmolins.cat\/es\/\"},{\"@type\":\"ListItem\",\"position\":2,\"name\":\"Nuevas obras en el Foment Cultural y Art\u00edstico\"}]},{\"@type\":\"WebSite\",\"@id\":\"https:\/\/fomentmolins.cat\/es\/#website\",\"url\":\"https:\/\/fomentmolins.cat\/es\/\",\"name\":\"Foment Molins Cultural\",\"description\":\"\",\"potentialAction\":[{\"@type\":\"SearchAction\",\"target\":{\"@type\":\"EntryPoint\",\"urlTemplate\":\"https:\/\/fomentmolins.cat\/es\/?s={search_term_string}\"},\"query-input\":{\"@type\":\"PropertyValueSpecification\",\"valueRequired\":true,\"valueName\":\"search_term_string\"}}],\"inLanguage\":\"es\"},{\"@type\":\"Person\",\"@id\":\"https:\/\/fomentmolins.cat\/es\/#\/schema\/person\/97c5658972a2b117e786bb3154a4797f\",\"name\":\"Foment Cultural i Art\u00edstic\",\"image\":{\"@type\":\"ImageObject\",\"inLanguage\":\"es\",\"@id\":\"https:\/\/secure.gravatar.com\/avatar\/6afa5d00109ab0ad887a3ebd7df8de0143713162a231800a3e1ba59eb8d2dba8?s=96&d=mm&r=g\",\"url\":\"https:\/\/secure.gravatar.com\/avatar\/6afa5d00109ab0ad887a3ebd7df8de0143713162a231800a3e1ba59eb8d2dba8?s=96&d=mm&r=g\",\"contentUrl\":\"https:\/\/secure.gravatar.com\/avatar\/6afa5d00109ab0ad887a3ebd7df8de0143713162a231800a3e1ba59eb8d2dba8?s=96&d=mm&r=g\",\"caption\":\"Foment Cultural i Art\u00edstic\"},\"url\":\"https:\/\/fomentmolins.cat\/es\/author\/soki_foment\/\"}]}<\/script>\n<!-- \/ Yoast SEO plugin. -->","yoast_head_json":{"title":"Nuevas obras en el Foment Cultural y Art\u00edstico - Foment Molins Cultural","description":"Nuevas obras en el Fomento Cultural y Art\u00edstico. Adaptaci\u00f3n del edificio a las medidas de seguridad contra incendios.","robots":{"index":"index","follow":"follow","max-snippet":"max-snippet:-1","max-image-preview":"max-image-preview:large","max-video-preview":"max-video-preview:-1"},"canonical":"https:\/\/fomentmolins.cat\/es\/nuevas-obras-en-el-foment-cultural-y-artistico\/","og_locale":"es_ES","og_type":"article","og_title":"Nuevas obras en el Foment Cultural y Art\u00edstico - Foment Molins Cultural","og_description":"Nuevas obras en el Fomento Cultural y Art\u00edstico. Adaptaci\u00f3n del edificio a las medidas de seguridad contra incendios.","og_url":"https:\/\/fomentmolins.cat\/es\/nuevas-obras-en-el-foment-cultural-y-artistico\/","og_site_name":"Foment Molins Cultural","article_published_time":"2025-06-30T16:14:21+00:00","article_modified_time":"2025-12-05T16:19:37+00:00","og_image":[{"width":1500,"height":2000,"url":"https:\/\/fomentmolins.cat\/wp-content\/uploads\/2025\/07\/WhatsApp-Image-2025-07-03-at-13.30.01-1.jpeg","type":"image\/jpeg"}],"author":"Foment Cultural i Art\u00edstic","twitter_card":"summary_large_image","twitter_misc":{"Escrito por":"Foment Cultural i Art\u00edstic","Tiempo de lectura":"4 minutos"},"schema":{"@context":"https:\/\/schema.org","@graph":[{"@type":"Article","@id":"https:\/\/fomentmolins.cat\/es\/nuevas-obras-en-el-foment-cultural-y-artistico\/#article","isPartOf":{"@id":"https:\/\/fomentmolins.cat\/es\/nuevas-obras-en-el-foment-cultural-y-artistico\/"},"author":{"name":"Foment Cultural i Art\u00edstic","@id":"https:\/\/fomentmolins.cat\/es\/#\/schema\/person\/97c5658972a2b117e786bb3154a4797f"},"headline":"Nuevas obras en el Foment Cultural y Art\u00edstico","datePublished":"2025-06-30T16:14:21+00:00","dateModified":"2025-12-05T16:19:37+00:00","mainEntityOfPage":{"@id":"https:\/\/fomentmolins.cat\/es\/nuevas-obras-en-el-foment-cultural-y-artistico\/"},"wordCount":294,"commentCount":0,"image":{"@id":"https:\/\/fomentmolins.cat\/es\/nuevas-obras-en-el-foment-cultural-y-artistico\/#primaryimage"},"thumbnailUrl":"https:\/\/fomentmolins.cat\/wp-content\/uploads\/2025\/07\/WhatsApp-Image-2025-07-03-at-13.30.01-1.jpeg","keywords":["Obras"],"articleSection":["Teatro"],"inLanguage":"es","potentialAction":[{"@type":"CommentAction","name":"Comment","target":["https:\/\/fomentmolins.cat\/es\/nuevas-obras-en-el-foment-cultural-y-artistico\/#respond"]}]},{"@type":"WebPage","@id":"https:\/\/fomentmolins.cat\/es\/nuevas-obras-en-el-foment-cultural-y-artistico\/","url":"https:\/\/fomentmolins.cat\/es\/nuevas-obras-en-el-foment-cultural-y-artistico\/","name":"Nuevas obras en el Foment Cultural y Art\u00edstico - Foment Molins Cultural","isPartOf":{"@id":"https:\/\/fomentmolins.cat\/es\/#website"},"primaryImageOfPage":{"@id":"https:\/\/fomentmolins.cat\/es\/nuevas-obras-en-el-foment-cultural-y-artistico\/#primaryimage"},"image":{"@id":"https:\/\/fomentmolins.cat\/es\/nuevas-obras-en-el-foment-cultural-y-artistico\/#primaryimage"},"thumbnailUrl":"https:\/\/fomentmolins.cat\/wp-content\/uploads\/2025\/07\/WhatsApp-Image-2025-07-03-at-13.30.01-1.jpeg","datePublished":"2025-06-30T16:14:21+00:00","dateModified":"2025-12-05T16:19:37+00:00","author":{"@id":"https:\/\/fomentmolins.cat\/es\/#\/schema\/person\/97c5658972a2b117e786bb3154a4797f"},"description":"Nuevas obras en el Fomento Cultural y Art\u00edstico. Adaptaci\u00f3n del edificio a las medidas de seguridad contra incendios.","breadcrumb":{"@id":"https:\/\/fomentmolins.cat\/es\/nuevas-obras-en-el-foment-cultural-y-artistico\/#breadcrumb"},"inLanguage":"es","potentialAction":[{"@type":"ReadAction","target":["https:\/\/fomentmolins.cat\/es\/nuevas-obras-en-el-foment-cultural-y-artistico\/"]}]},{"@type":"ImageObject","inLanguage":"es","@id":"https:\/\/fomentmolins.cat\/es\/nuevas-obras-en-el-foment-cultural-y-artistico\/#primaryimage","url":"https:\/\/fomentmolins.cat\/wp-content\/uploads\/2025\/07\/WhatsApp-Image-2025-07-03-at-13.30.01-1.jpeg","contentUrl":"https:\/\/fomentmolins.cat\/wp-content\/uploads\/2025\/07\/WhatsApp-Image-2025-07-03-at-13.30.01-1.jpeg","width":1500,"height":2000},{"@type":"BreadcrumbList","@id":"https:\/\/fomentmolins.cat\/es\/nuevas-obras-en-el-foment-cultural-y-artistico\/#breadcrumb","itemListElement":[{"@type":"ListItem","position":1,"name":"Portada","item":"https:\/\/fomentmolins.cat\/es\/"},{"@type":"ListItem","position":2,"name":"Nuevas obras en el Foment Cultural y Art\u00edstico"}]},{"@type":"WebSite","@id":"https:\/\/fomentmolins.cat\/es\/#website","url":"https:\/\/fomentmolins.cat\/es\/","name":"Foment Molins Cultural","description":"","potentialAction":[{"@type":"SearchAction","target":{"@type":"EntryPoint","urlTemplate":"https:\/\/fomentmolins.cat\/es\/?s={search_term_string}"},"query-input":{"@type":"PropertyValueSpecification","valueRequired":true,"valueName":"search_term_string"}}],"inLanguage":"es"},{"@type":"Person","@id":"https:\/\/fomentmolins.cat\/es\/#\/schema\/person\/97c5658972a2b117e786bb3154a4797f","name":"Foment Cultural i Art\u00edstic","image":{"@type":"ImageObject","inLanguage":"es","@id":"https:\/\/secure.gravatar.com\/avatar\/6afa5d00109ab0ad887a3ebd7df8de0143713162a231800a3e1ba59eb8d2dba8?s=96&d=mm&r=g","url":"https:\/\/secure.gravatar.com\/avatar\/6afa5d00109ab0ad887a3ebd7df8de0143713162a231800a3e1ba59eb8d2dba8?s=96&d=mm&r=g","contentUrl":"https:\/\/secure.gravatar.com\/avatar\/6afa5d00109ab0ad887a3ebd7df8de0143713162a231800a3e1ba59eb8d2dba8?s=96&d=mm&r=g","caption":"Foment Cultural i Art\u00edstic"},"url":"https:\/\/fomentmolins.cat\/es\/author\/soki_foment\/"}]}},"_links":{"self":[{"href":"https:\/\/fomentmolins.cat\/es\/wp-json\/wp\/v2\/posts\/3162","targetHints":{"allow":["GET"]}}],"collection":[{"href":"https:\/\/fomentmolins.cat\/es\/wp-json\/wp\/v2\/posts"}],"about":[{"href":"https:\/\/fomentmolins.cat\/es\/wp-json\/wp\/v2\/types\/post"}],"author":[{"embeddable":true,"href":"https:\/\/fomentmolins.cat\/es\/wp-json\/wp\/v2\/users\/6"}],"replies":[{"embeddable":true,"href":"https:\/\/fomentmolins.cat\/es\/wp-json\/wp\/v2\/comments?post=3162"}],"version-history":[{"count":2,"href":"https:\/\/fomentmolins.cat\/es\/wp-json\/wp\/v2\/posts\/3162\/revisions"}],"predecessor-version":[{"id":3515,"href":"https:\/\/fomentmolins.cat\/es\/wp-json\/wp\/v2\/posts\/3162\/revisions\/3515"}],"wp:featuredmedia":[{"embeddable":true,"href":"https:\/\/fomentmolins.cat\/es\/wp-json\/wp\/v2\/media\/3160"}],"wp:attachment":[{"href":"https:\/\/fomentmolins.cat\/es\/wp-json\/wp\/v2\/media?parent=3162"}],"wp:term":[{"taxonomy":"category","embeddable":true,"href":"https:\/\/fomentmolins.cat\/es\/wp-json\/wp\/v2\/categories?post=3162"},{"taxonomy":"post_tag","embeddable":true,"href":"https:\/\/fomentmolins.cat\/es\/wp-json\/wp\/v2\/tags?post=3162"}],"curies":[{"name":"wp","href":"https:\/\/api.w.org\/{rel}","templated":true}]}}