{"id":3358,"date":"2025-08-13T09:43:46","date_gmt":"2025-08-13T07:43:46","guid":{"rendered":"https:\/\/fomentmolins.cat\/visita-les-obres-de-millora-al-foment-molins-en-xavi-paz\/"},"modified":"2025-12-05T17:17:07","modified_gmt":"2025-12-05T16:17:07","slug":"visita-les-obres-de-millora-al-foment-molins-en-xavi-paz","status":"publish","type":"post","link":"https:\/\/fomentmolins.cat\/es\/visita-les-obres-de-millora-al-foment-molins-en-xavi-paz\/","title":{"rendered":"Visita les obres de millora al Foment Molins en Xavi Paz"},"content":{"rendered":"\n<p>Nuestro equipamiento centenario se actualiza para garantizar la seguridad, comodidad y valor del patrimonio cultural de la ciudad.<\/p>\n\n\n\n<p>\ud83c\udfdb\ufe0f Un equipamiento centenario que se renueva para el futuro<\/p>\n\n\n\n<p>El Foment Cultural y Art\u00edstic de Molins de Rei es mucho m\u00e1s que un teatro: es un espacio de encuentro, de cultura y de memoria viva. Con m\u00e1s de cien a\u00f1os de historia, sus instalaciones necesitan una actualizaci\u00f3n constante para cumplir con las normativas de seguridad y ofrecer un entorno c\u00f3modo y moderno para todos los asistentes. <\/p>\n\n\n\n<p>\ud83d\udd28 Las obras actuales: un paso adelante<\/p>\n\n\n\n<p>Despu\u00e9s de las actuaciones del pasado verano, centradas en la zona de los vestuarios y bajo la platea, este a\u00f1o las obras se centran en la zona de las secciones. Se trata de una mejora clave para garantizar que los espacios sigan siendo seguros, accesibles y adaptados a las necesidades de los artistas, t\u00e9cnicos y p\u00fablico. <\/p>\n\n\n\n<p>\ud83e\udd1d Apoyo institucional e inversi\u00f3n en cultura<\/p>\n\n\n\n<p>Estas obras son posibles gracias al apoyo econ\u00f3mico del Ayuntamiento de Molins de Rei, as\u00ed como de la Generalitat de Catalunya, Diputaci\u00f3 de Barcelona i de la Junta d\u2019Her\u00e8ncies de la Generalitat de Catalunya Esta colaboraci\u00f3n demuestra el compromiso compartido de invertir en patrimonio hist\u00f3rico y en equipamientos culturales que enriquecen la vida de la ciudad.<\/p>\n\n\n\n<p>\ud83c\udf1f Un proyecto para las personas<\/p>\n\n\n\n<p>Con estas mejoras, Foment Molins refuerza su apuesta por ser un espacio abierto, seguro e inclusivo, donde la cultura sigue siendo protagonista y donde p\u00fablico y creadores pueden vivir experiencias inolvidables.<\/p>\n\n\n\n<figure class=\"wp-block-image size-full\"><img loading=\"lazy\" decoding=\"async\" width=\"455\" height=\"100\" src=\"https:\/\/fomentmolins.cat\/wp-content\/uploads\/2025\/08\/cultura_h3-1.jpg\" alt=\"Generalitat de Catalunya\" class=\"wp-image-3508\" srcset=\"https:\/\/fomentmolins.cat\/wp-content\/uploads\/2025\/08\/cultura_h3-1.jpg 455w, https:\/\/fomentmolins.cat\/wp-content\/uploads\/2025\/08\/cultura_h3-1-300x66.jpg 300w\" sizes=\"auto, (max-width: 455px) 100vw, 455px\" \/><\/figure>\n\n\n\n<figure class=\"wp-block-gallery has-nested-images columns-default is-cropped wp-block-gallery-1 is-layout-flex wp-block-gallery-is-layout-flex\">\n<figure class=\"wp-block-image size-large\"><img loading=\"lazy\" decoding=\"async\" width=\"1024\" height=\"1024\" data-id=\"3306\" src=\"https:\/\/fomentmolins.cat\/wp-content\/uploads\/2025\/08\/WhatsApp-Image-2025-08-27-at-08.31.47-1-1024x1024.jpeg\" alt=\"\" class=\"wp-image-3306\" srcset=\"https:\/\/fomentmolins.cat\/wp-content\/uploads\/2025\/08\/WhatsApp-Image-2025-08-27-at-08.31.47-1-1024x1024.jpeg 1024w, https:\/\/fomentmolins.cat\/wp-content\/uploads\/2025\/08\/WhatsApp-Image-2025-08-27-at-08.31.47-1-300x300.jpeg 300w, https:\/\/fomentmolins.cat\/wp-content\/uploads\/2025\/08\/WhatsApp-Image-2025-08-27-at-08.31.47-1-150x150.jpeg 150w, https:\/\/fomentmolins.cat\/wp-content\/uploads\/2025\/08\/WhatsApp-Image-2025-08-27-at-08.31.47-1-768x768.jpeg 768w, https:\/\/fomentmolins.cat\/wp-content\/uploads\/2025\/08\/WhatsApp-Image-2025-08-27-at-08.31.47-1.jpeg 1200w\" sizes=\"auto, (max-width: 1024px) 100vw, 1024px\" \/><\/figure>\n\n\n\n<figure class=\"wp-block-image size-large\"><img loading=\"lazy\" decoding=\"async\" width=\"1024\" height=\"1024\" data-id=\"3304\" src=\"https:\/\/fomentmolins.cat\/wp-content\/uploads\/2025\/08\/WhatsApp-Image-2025-08-27-at-08.31.47-2-1024x1024.jpeg\" alt=\"\" class=\"wp-image-3304\" srcset=\"https:\/\/fomentmolins.cat\/wp-content\/uploads\/2025\/08\/WhatsApp-Image-2025-08-27-at-08.31.47-2-1024x1024.jpeg 1024w, https:\/\/fomentmolins.cat\/wp-content\/uploads\/2025\/08\/WhatsApp-Image-2025-08-27-at-08.31.47-2-300x300.jpeg 300w, https:\/\/fomentmolins.cat\/wp-content\/uploads\/2025\/08\/WhatsApp-Image-2025-08-27-at-08.31.47-2-150x150.jpeg 150w, https:\/\/fomentmolins.cat\/wp-content\/uploads\/2025\/08\/WhatsApp-Image-2025-08-27-at-08.31.47-2-768x768.jpeg 768w, https:\/\/fomentmolins.cat\/wp-content\/uploads\/2025\/08\/WhatsApp-Image-2025-08-27-at-08.31.47-2.jpeg 1200w\" sizes=\"auto, (max-width: 1024px) 100vw, 1024px\" \/><\/figure>\n\n\n\n<figure class=\"wp-block-image size-large\"><img loading=\"lazy\" decoding=\"async\" width=\"1024\" height=\"1024\" data-id=\"3314\" src=\"https:\/\/fomentmolins.cat\/wp-content\/uploads\/2025\/08\/WhatsApp-Image-2025-08-27-at-08.31.47-3-1024x1024.jpeg\" alt=\"\" class=\"wp-image-3314\" srcset=\"https:\/\/fomentmolins.cat\/wp-content\/uploads\/2025\/08\/WhatsApp-Image-2025-08-27-at-08.31.47-3-1024x1024.jpeg 1024w, https:\/\/fomentmolins.cat\/wp-content\/uploads\/2025\/08\/WhatsApp-Image-2025-08-27-at-08.31.47-3-300x300.jpeg 300w, https:\/\/fomentmolins.cat\/wp-content\/uploads\/2025\/08\/WhatsApp-Image-2025-08-27-at-08.31.47-3-150x150.jpeg 150w, https:\/\/fomentmolins.cat\/wp-content\/uploads\/2025\/08\/WhatsApp-Image-2025-08-27-at-08.31.47-3-768x768.jpeg 768w, https:\/\/fomentmolins.cat\/wp-content\/uploads\/2025\/08\/WhatsApp-Image-2025-08-27-at-08.31.47-3.jpeg 1200w\" sizes=\"auto, (max-width: 1024px) 100vw, 1024px\" \/><\/figure>\n\n\n\n<figure class=\"wp-block-image size-large\"><img loading=\"lazy\" decoding=\"async\" width=\"1024\" height=\"1024\" data-id=\"3308\" src=\"https:\/\/fomentmolins.cat\/wp-content\/uploads\/2025\/08\/WhatsApp-Image-2025-08-27-at-08.31.47-4-1024x1024.jpeg\" alt=\"\" class=\"wp-image-3308\" srcset=\"https:\/\/fomentmolins.cat\/wp-content\/uploads\/2025\/08\/WhatsApp-Image-2025-08-27-at-08.31.47-4-1024x1024.jpeg 1024w, https:\/\/fomentmolins.cat\/wp-content\/uploads\/2025\/08\/WhatsApp-Image-2025-08-27-at-08.31.47-4-300x300.jpeg 300w, https:\/\/fomentmolins.cat\/wp-content\/uploads\/2025\/08\/WhatsApp-Image-2025-08-27-at-08.31.47-4-150x150.jpeg 150w, https:\/\/fomentmolins.cat\/wp-content\/uploads\/2025\/08\/WhatsApp-Image-2025-08-27-at-08.31.47-4-768x768.jpeg 768w, https:\/\/fomentmolins.cat\/wp-content\/uploads\/2025\/08\/WhatsApp-Image-2025-08-27-at-08.31.47-4.jpeg 1200w\" sizes=\"auto, (max-width: 1024px) 100vw, 1024px\" \/><\/figure>\n\n\n\n<figure class=\"wp-block-image size-large\"><img loading=\"lazy\" decoding=\"async\" width=\"1024\" height=\"1024\" data-id=\"3312\" src=\"https:\/\/fomentmolins.cat\/wp-content\/uploads\/2025\/08\/WhatsApp-Image-2025-08-27-at-08.31.47-5-1024x1024.jpeg\" alt=\"\" class=\"wp-image-3312\" srcset=\"https:\/\/fomentmolins.cat\/wp-content\/uploads\/2025\/08\/WhatsApp-Image-2025-08-27-at-08.31.47-5-1024x1024.jpeg 1024w, https:\/\/fomentmolins.cat\/wp-content\/uploads\/2025\/08\/WhatsApp-Image-2025-08-27-at-08.31.47-5-300x300.jpeg 300w, https:\/\/fomentmolins.cat\/wp-content\/uploads\/2025\/08\/WhatsApp-Image-2025-08-27-at-08.31.47-5-150x150.jpeg 150w, https:\/\/fomentmolins.cat\/wp-content\/uploads\/2025\/08\/WhatsApp-Image-2025-08-27-at-08.31.47-5-768x768.jpeg 768w, https:\/\/fomentmolins.cat\/wp-content\/uploads\/2025\/08\/WhatsApp-Image-2025-08-27-at-08.31.47-5.jpeg 1200w\" sizes=\"auto, (max-width: 1024px) 100vw, 1024px\" \/><\/figure>\n\n\n\n<figure class=\"wp-block-image size-large\"><img loading=\"lazy\" decoding=\"async\" width=\"1024\" height=\"1024\" data-id=\"3310\" src=\"https:\/\/fomentmolins.cat\/wp-content\/uploads\/2025\/08\/WhatsApp-Image-2025-08-27-at-08.31.47-1024x1024.jpeg\" alt=\"\" class=\"wp-image-3310\" srcset=\"https:\/\/fomentmolins.cat\/wp-content\/uploads\/2025\/08\/WhatsApp-Image-2025-08-27-at-08.31.47-1024x1024.jpeg 1024w, https:\/\/fomentmolins.cat\/wp-content\/uploads\/2025\/08\/WhatsApp-Image-2025-08-27-at-08.31.47-300x300.jpeg 300w, https:\/\/fomentmolins.cat\/wp-content\/uploads\/2025\/08\/WhatsApp-Image-2025-08-27-at-08.31.47-150x150.jpeg 150w, https:\/\/fomentmolins.cat\/wp-content\/uploads\/2025\/08\/WhatsApp-Image-2025-08-27-at-08.31.47-768x768.jpeg 768w, https:\/\/fomentmolins.cat\/wp-content\/uploads\/2025\/08\/WhatsApp-Image-2025-08-27-at-08.31.47.jpeg 1200w\" sizes=\"auto, (max-width: 1024px) 100vw, 1024px\" \/><\/figure>\n<\/figure>\n","protected":false},"excerpt":{"rendered":"<p>El Foment Cultural y Art\u00edstic de Molins de Rei es mucho m\u00e1s que un teatro: es un espacio de encuentro, de cultura y de memoria viva. Con m\u00e1s de cien a\u00f1os de historia, sus instalaciones necesitan una actualizaci\u00f3n constante para cumplir con las normativas de seguridad y ofrecer un entorno c\u00f3modo y moderno para todos los asistentes. <\/p>\n","protected":false},"author":6,"featured_media":3315,"comment_status":"open","ping_status":"closed","sticky":false,"template":"","format":"standard","meta":{"inline_featured_image":false,"footnotes":""},"categories":[123],"tags":[88],"class_list":["post-3358","post","type-post","status-publish","format-standard","has-post-thumbnail","hentry","category-eventos","tag-el-fomento"],"yoast_head":"<!-- This site is optimized with the Yoast SEO plugin v27.2 - https:\/\/yoast.com\/product\/yoast-seo-wordpress\/ -->\n<title>Visita les obres de millora al Foment Molins en Xavi Paz - Foment Molins Cultural<\/title>\n<meta name=\"description\" content=\"Visita las obras de mejora en el Foment Molins en Xavi Paz. Nuestro equipamiento centenario se actualiza para garantizar la seguridad, comodidad y valor del patrimonio cultural de la ciudad.\" \/>\n<meta name=\"robots\" content=\"index, follow, max-snippet:-1, max-image-preview:large, max-video-preview:-1\" \/>\n<link rel=\"canonical\" href=\"https:\/\/fomentmolins.cat\/es\/visita-les-obres-de-millora-al-foment-molins-en-xavi-paz\/\" \/>\n<meta property=\"og:locale\" content=\"es_ES\" \/>\n<meta property=\"og:type\" content=\"article\" \/>\n<meta property=\"og:title\" content=\"Visita les obres de millora al Foment Molins en Xavi Paz - Foment Molins Cultural\" \/>\n<meta property=\"og:description\" content=\"Visita las obras de mejora en el Foment Molins en Xavi Paz. Nuestro equipamiento centenario se actualiza para garantizar la seguridad, comodidad y valor del patrimonio cultural de la ciudad.\" \/>\n<meta property=\"og:url\" content=\"https:\/\/fomentmolins.cat\/es\/visita-les-obres-de-millora-al-foment-molins-en-xavi-paz\/\" \/>\n<meta property=\"og:site_name\" content=\"Foment Molins Cultural\" \/>\n<meta property=\"article:published_time\" content=\"2025-08-13T07:43:46+00:00\" \/>\n<meta property=\"article:modified_time\" content=\"2025-12-05T16:17:07+00:00\" \/>\n<meta property=\"og:image\" content=\"https:\/\/fomentmolins.cat\/wp-content\/uploads\/2025\/08\/WhatsApp-Image-2025-08-27-at-08.31.47-3.jpeg\" \/>\n\t<meta property=\"og:image:width\" content=\"1200\" \/>\n\t<meta property=\"og:image:height\" content=\"1200\" \/>\n\t<meta property=\"og:image:type\" content=\"image\/jpeg\" \/>\n<meta name=\"author\" content=\"Foment Cultural i Art\u00edstic\" \/>\n<meta name=\"twitter:card\" content=\"summary_large_image\" \/>\n<meta name=\"twitter:label1\" content=\"Escrito por\" \/>\n\t<meta name=\"twitter:data1\" content=\"Foment Cultural i Art\u00edstic\" \/>\n\t<meta name=\"twitter:label2\" content=\"Tiempo de lectura\" \/>\n\t<meta name=\"twitter:data2\" content=\"3 minutos\" \/>\n<script type=\"application\/ld+json\" class=\"yoast-schema-graph\">{\"@context\":\"https:\/\/schema.org\",\"@graph\":[{\"@type\":\"Article\",\"@id\":\"https:\/\/fomentmolins.cat\/es\/visita-les-obres-de-millora-al-foment-molins-en-xavi-paz\/#article\",\"isPartOf\":{\"@id\":\"https:\/\/fomentmolins.cat\/es\/visita-les-obres-de-millora-al-foment-molins-en-xavi-paz\/\"},\"author\":{\"name\":\"Foment Cultural i Art\u00edstic\",\"@id\":\"https:\/\/fomentmolins.cat\/es\/#\/schema\/person\/97c5658972a2b117e786bb3154a4797f\"},\"headline\":\"Visita les obres de millora al Foment Molins en Xavi Paz\",\"datePublished\":\"2025-08-13T07:43:46+00:00\",\"dateModified\":\"2025-12-05T16:17:07+00:00\",\"mainEntityOfPage\":{\"@id\":\"https:\/\/fomentmolins.cat\/es\/visita-les-obres-de-millora-al-foment-molins-en-xavi-paz\/\"},\"wordCount\":272,\"commentCount\":0,\"image\":{\"@id\":\"https:\/\/fomentmolins.cat\/es\/visita-les-obres-de-millora-al-foment-molins-en-xavi-paz\/#primaryimage\"},\"thumbnailUrl\":\"https:\/\/fomentmolins.cat\/wp-content\/uploads\/2025\/08\/WhatsApp-Image-2025-08-27-at-08.31.47-3.jpeg\",\"keywords\":[\"El Fomento\"],\"articleSection\":[\"Eventos\"],\"inLanguage\":\"es\",\"potentialAction\":[{\"@type\":\"CommentAction\",\"name\":\"Comment\",\"target\":[\"https:\/\/fomentmolins.cat\/es\/visita-les-obres-de-millora-al-foment-molins-en-xavi-paz\/#respond\"]}]},{\"@type\":\"WebPage\",\"@id\":\"https:\/\/fomentmolins.cat\/es\/visita-les-obres-de-millora-al-foment-molins-en-xavi-paz\/\",\"url\":\"https:\/\/fomentmolins.cat\/es\/visita-les-obres-de-millora-al-foment-molins-en-xavi-paz\/\",\"name\":\"Visita les obres de millora al Foment Molins en Xavi Paz - Foment Molins Cultural\",\"isPartOf\":{\"@id\":\"https:\/\/fomentmolins.cat\/es\/#website\"},\"primaryImageOfPage\":{\"@id\":\"https:\/\/fomentmolins.cat\/es\/visita-les-obres-de-millora-al-foment-molins-en-xavi-paz\/#primaryimage\"},\"image\":{\"@id\":\"https:\/\/fomentmolins.cat\/es\/visita-les-obres-de-millora-al-foment-molins-en-xavi-paz\/#primaryimage\"},\"thumbnailUrl\":\"https:\/\/fomentmolins.cat\/wp-content\/uploads\/2025\/08\/WhatsApp-Image-2025-08-27-at-08.31.47-3.jpeg\",\"datePublished\":\"2025-08-13T07:43:46+00:00\",\"dateModified\":\"2025-12-05T16:17:07+00:00\",\"author\":{\"@id\":\"https:\/\/fomentmolins.cat\/es\/#\/schema\/person\/97c5658972a2b117e786bb3154a4797f\"},\"description\":\"Visita las obras de mejora en el Foment Molins en Xavi Paz. Nuestro equipamiento centenario se actualiza para garantizar la seguridad, comodidad y valor del patrimonio cultural de la ciudad.\",\"breadcrumb\":{\"@id\":\"https:\/\/fomentmolins.cat\/es\/visita-les-obres-de-millora-al-foment-molins-en-xavi-paz\/#breadcrumb\"},\"inLanguage\":\"es\",\"potentialAction\":[{\"@type\":\"ReadAction\",\"target\":[\"https:\/\/fomentmolins.cat\/es\/visita-les-obres-de-millora-al-foment-molins-en-xavi-paz\/\"]}]},{\"@type\":\"ImageObject\",\"inLanguage\":\"es\",\"@id\":\"https:\/\/fomentmolins.cat\/es\/visita-les-obres-de-millora-al-foment-molins-en-xavi-paz\/#primaryimage\",\"url\":\"https:\/\/fomentmolins.cat\/wp-content\/uploads\/2025\/08\/WhatsApp-Image-2025-08-27-at-08.31.47-3.jpeg\",\"contentUrl\":\"https:\/\/fomentmolins.cat\/wp-content\/uploads\/2025\/08\/WhatsApp-Image-2025-08-27-at-08.31.47-3.jpeg\",\"width\":1200,\"height\":1200},{\"@type\":\"BreadcrumbList\",\"@id\":\"https:\/\/fomentmolins.cat\/es\/visita-les-obres-de-millora-al-foment-molins-en-xavi-paz\/#breadcrumb\",\"itemListElement\":[{\"@type\":\"ListItem\",\"position\":1,\"name\":\"Portada\",\"item\":\"https:\/\/fomentmolins.cat\/es\/\"},{\"@type\":\"ListItem\",\"position\":2,\"name\":\"Visita les obres de millora al Foment Molins en Xavi Paz\"}]},{\"@type\":\"WebSite\",\"@id\":\"https:\/\/fomentmolins.cat\/es\/#website\",\"url\":\"https:\/\/fomentmolins.cat\/es\/\",\"name\":\"Foment Molins Cultural\",\"description\":\"\",\"potentialAction\":[{\"@type\":\"SearchAction\",\"target\":{\"@type\":\"EntryPoint\",\"urlTemplate\":\"https:\/\/fomentmolins.cat\/es\/?s={search_term_string}\"},\"query-input\":{\"@type\":\"PropertyValueSpecification\",\"valueRequired\":true,\"valueName\":\"search_term_string\"}}],\"inLanguage\":\"es\"},{\"@type\":\"Person\",\"@id\":\"https:\/\/fomentmolins.cat\/es\/#\/schema\/person\/97c5658972a2b117e786bb3154a4797f\",\"name\":\"Foment Cultural i Art\u00edstic\",\"image\":{\"@type\":\"ImageObject\",\"inLanguage\":\"es\",\"@id\":\"https:\/\/secure.gravatar.com\/avatar\/6afa5d00109ab0ad887a3ebd7df8de0143713162a231800a3e1ba59eb8d2dba8?s=96&d=mm&r=g\",\"url\":\"https:\/\/secure.gravatar.com\/avatar\/6afa5d00109ab0ad887a3ebd7df8de0143713162a231800a3e1ba59eb8d2dba8?s=96&d=mm&r=g\",\"contentUrl\":\"https:\/\/secure.gravatar.com\/avatar\/6afa5d00109ab0ad887a3ebd7df8de0143713162a231800a3e1ba59eb8d2dba8?s=96&d=mm&r=g\",\"caption\":\"Foment Cultural i Art\u00edstic\"},\"url\":\"https:\/\/fomentmolins.cat\/es\/author\/soki_foment\/\"}]}<\/script>\n<!-- \/ Yoast SEO plugin. -->","yoast_head_json":{"title":"Visita les obres de millora al Foment Molins en Xavi Paz - Foment Molins Cultural","description":"Visita las obras de mejora en el Foment Molins en Xavi Paz. Nuestro equipamiento centenario se actualiza para garantizar la seguridad, comodidad y valor del patrimonio cultural de la ciudad.","robots":{"index":"index","follow":"follow","max-snippet":"max-snippet:-1","max-image-preview":"max-image-preview:large","max-video-preview":"max-video-preview:-1"},"canonical":"https:\/\/fomentmolins.cat\/es\/visita-les-obres-de-millora-al-foment-molins-en-xavi-paz\/","og_locale":"es_ES","og_type":"article","og_title":"Visita les obres de millora al Foment Molins en Xavi Paz - Foment Molins Cultural","og_description":"Visita las obras de mejora en el Foment Molins en Xavi Paz. Nuestro equipamiento centenario se actualiza para garantizar la seguridad, comodidad y valor del patrimonio cultural de la ciudad.","og_url":"https:\/\/fomentmolins.cat\/es\/visita-les-obres-de-millora-al-foment-molins-en-xavi-paz\/","og_site_name":"Foment Molins Cultural","article_published_time":"2025-08-13T07:43:46+00:00","article_modified_time":"2025-12-05T16:17:07+00:00","og_image":[{"width":1200,"height":1200,"url":"https:\/\/fomentmolins.cat\/wp-content\/uploads\/2025\/08\/WhatsApp-Image-2025-08-27-at-08.31.47-3.jpeg","type":"image\/jpeg"}],"author":"Foment Cultural i Art\u00edstic","twitter_card":"summary_large_image","twitter_misc":{"Escrito por":"Foment Cultural i Art\u00edstic","Tiempo de lectura":"3 minutos"},"schema":{"@context":"https:\/\/schema.org","@graph":[{"@type":"Article","@id":"https:\/\/fomentmolins.cat\/es\/visita-les-obres-de-millora-al-foment-molins-en-xavi-paz\/#article","isPartOf":{"@id":"https:\/\/fomentmolins.cat\/es\/visita-les-obres-de-millora-al-foment-molins-en-xavi-paz\/"},"author":{"name":"Foment Cultural i Art\u00edstic","@id":"https:\/\/fomentmolins.cat\/es\/#\/schema\/person\/97c5658972a2b117e786bb3154a4797f"},"headline":"Visita les obres de millora al Foment Molins en Xavi Paz","datePublished":"2025-08-13T07:43:46+00:00","dateModified":"2025-12-05T16:17:07+00:00","mainEntityOfPage":{"@id":"https:\/\/fomentmolins.cat\/es\/visita-les-obres-de-millora-al-foment-molins-en-xavi-paz\/"},"wordCount":272,"commentCount":0,"image":{"@id":"https:\/\/fomentmolins.cat\/es\/visita-les-obres-de-millora-al-foment-molins-en-xavi-paz\/#primaryimage"},"thumbnailUrl":"https:\/\/fomentmolins.cat\/wp-content\/uploads\/2025\/08\/WhatsApp-Image-2025-08-27-at-08.31.47-3.jpeg","keywords":["El Fomento"],"articleSection":["Eventos"],"inLanguage":"es","potentialAction":[{"@type":"CommentAction","name":"Comment","target":["https:\/\/fomentmolins.cat\/es\/visita-les-obres-de-millora-al-foment-molins-en-xavi-paz\/#respond"]}]},{"@type":"WebPage","@id":"https:\/\/fomentmolins.cat\/es\/visita-les-obres-de-millora-al-foment-molins-en-xavi-paz\/","url":"https:\/\/fomentmolins.cat\/es\/visita-les-obres-de-millora-al-foment-molins-en-xavi-paz\/","name":"Visita les obres de millora al Foment Molins en Xavi Paz - Foment Molins Cultural","isPartOf":{"@id":"https:\/\/fomentmolins.cat\/es\/#website"},"primaryImageOfPage":{"@id":"https:\/\/fomentmolins.cat\/es\/visita-les-obres-de-millora-al-foment-molins-en-xavi-paz\/#primaryimage"},"image":{"@id":"https:\/\/fomentmolins.cat\/es\/visita-les-obres-de-millora-al-foment-molins-en-xavi-paz\/#primaryimage"},"thumbnailUrl":"https:\/\/fomentmolins.cat\/wp-content\/uploads\/2025\/08\/WhatsApp-Image-2025-08-27-at-08.31.47-3.jpeg","datePublished":"2025-08-13T07:43:46+00:00","dateModified":"2025-12-05T16:17:07+00:00","author":{"@id":"https:\/\/fomentmolins.cat\/es\/#\/schema\/person\/97c5658972a2b117e786bb3154a4797f"},"description":"Visita las obras de mejora en el Foment Molins en Xavi Paz. Nuestro equipamiento centenario se actualiza para garantizar la seguridad, comodidad y valor del patrimonio cultural de la ciudad.","breadcrumb":{"@id":"https:\/\/fomentmolins.cat\/es\/visita-les-obres-de-millora-al-foment-molins-en-xavi-paz\/#breadcrumb"},"inLanguage":"es","potentialAction":[{"@type":"ReadAction","target":["https:\/\/fomentmolins.cat\/es\/visita-les-obres-de-millora-al-foment-molins-en-xavi-paz\/"]}]},{"@type":"ImageObject","inLanguage":"es","@id":"https:\/\/fomentmolins.cat\/es\/visita-les-obres-de-millora-al-foment-molins-en-xavi-paz\/#primaryimage","url":"https:\/\/fomentmolins.cat\/wp-content\/uploads\/2025\/08\/WhatsApp-Image-2025-08-27-at-08.31.47-3.jpeg","contentUrl":"https:\/\/fomentmolins.cat\/wp-content\/uploads\/2025\/08\/WhatsApp-Image-2025-08-27-at-08.31.47-3.jpeg","width":1200,"height":1200},{"@type":"BreadcrumbList","@id":"https:\/\/fomentmolins.cat\/es\/visita-les-obres-de-millora-al-foment-molins-en-xavi-paz\/#breadcrumb","itemListElement":[{"@type":"ListItem","position":1,"name":"Portada","item":"https:\/\/fomentmolins.cat\/es\/"},{"@type":"ListItem","position":2,"name":"Visita les obres de millora al Foment Molins en Xavi Paz"}]},{"@type":"WebSite","@id":"https:\/\/fomentmolins.cat\/es\/#website","url":"https:\/\/fomentmolins.cat\/es\/","name":"Foment Molins Cultural","description":"","potentialAction":[{"@type":"SearchAction","target":{"@type":"EntryPoint","urlTemplate":"https:\/\/fomentmolins.cat\/es\/?s={search_term_string}"},"query-input":{"@type":"PropertyValueSpecification","valueRequired":true,"valueName":"search_term_string"}}],"inLanguage":"es"},{"@type":"Person","@id":"https:\/\/fomentmolins.cat\/es\/#\/schema\/person\/97c5658972a2b117e786bb3154a4797f","name":"Foment Cultural i Art\u00edstic","image":{"@type":"ImageObject","inLanguage":"es","@id":"https:\/\/secure.gravatar.com\/avatar\/6afa5d00109ab0ad887a3ebd7df8de0143713162a231800a3e1ba59eb8d2dba8?s=96&d=mm&r=g","url":"https:\/\/secure.gravatar.com\/avatar\/6afa5d00109ab0ad887a3ebd7df8de0143713162a231800a3e1ba59eb8d2dba8?s=96&d=mm&r=g","contentUrl":"https:\/\/secure.gravatar.com\/avatar\/6afa5d00109ab0ad887a3ebd7df8de0143713162a231800a3e1ba59eb8d2dba8?s=96&d=mm&r=g","caption":"Foment Cultural i Art\u00edstic"},"url":"https:\/\/fomentmolins.cat\/es\/author\/soki_foment\/"}]}},"_links":{"self":[{"href":"https:\/\/fomentmolins.cat\/es\/wp-json\/wp\/v2\/posts\/3358","targetHints":{"allow":["GET"]}}],"collection":[{"href":"https:\/\/fomentmolins.cat\/es\/wp-json\/wp\/v2\/posts"}],"about":[{"href":"https:\/\/fomentmolins.cat\/es\/wp-json\/wp\/v2\/types\/post"}],"author":[{"embeddable":true,"href":"https:\/\/fomentmolins.cat\/es\/wp-json\/wp\/v2\/users\/6"}],"replies":[{"embeddable":true,"href":"https:\/\/fomentmolins.cat\/es\/wp-json\/wp\/v2\/comments?post=3358"}],"version-history":[{"count":3,"href":"https:\/\/fomentmolins.cat\/es\/wp-json\/wp\/v2\/posts\/3358\/revisions"}],"predecessor-version":[{"id":3513,"href":"https:\/\/fomentmolins.cat\/es\/wp-json\/wp\/v2\/posts\/3358\/revisions\/3513"}],"wp:featuredmedia":[{"embeddable":true,"href":"https:\/\/fomentmolins.cat\/es\/wp-json\/wp\/v2\/media\/3315"}],"wp:attachment":[{"href":"https:\/\/fomentmolins.cat\/es\/wp-json\/wp\/v2\/media?parent=3358"}],"wp:term":[{"taxonomy":"category","embeddable":true,"href":"https:\/\/fomentmolins.cat\/es\/wp-json\/wp\/v2\/categories?post=3358"},{"taxonomy":"post_tag","embeddable":true,"href":"https:\/\/fomentmolins.cat\/es\/wp-json\/wp\/v2\/tags?post=3358"}],"curies":[{"name":"wp","href":"https:\/\/api.w.org\/{rel}","templated":true}]}}