{"id":3362,"date":"2025-09-11T09:44:37","date_gmt":"2025-09-11T07:44:37","guid":{"rendered":"https:\/\/fomentmolins.cat\/ofrenda-floral-institucional-con-motivo-de-la-diada-nacional-de-cataluna\/"},"modified":"2025-09-24T10:05:15","modified_gmt":"2025-09-24T08:05:15","slug":"ofrenda-floral-institucional-con-motivo-de-la-diada-nacional-de-cataluna","status":"publish","type":"post","link":"https:\/\/fomentmolins.cat\/es\/ofrenda-floral-institucional-con-motivo-de-la-diada-nacional-de-cataluna\/","title":{"rendered":"Ofrenda floral institucional con motivo de la Diada Nacional de Catalu\u00f1a"},"content":{"rendered":"\n<p>Un acto simb\u00f3lico que reafirma nuestro compromiso con la cultura, la lengua y el pa\u00eds<\/p>\n\n<p>Cada 11 de septiembre, Catalu\u00f1a conmemora su Diada Nacional, una jornada para recordar la historia, defender la lengua catalana y celebrar la identidad de un pueblo que ama su cultura y sus or\u00edgenes.<\/p>\n\n<p>Des del <a href=\"http:\/\/fomentmolins.cat\">Foment Cultural i Art\u00edstic de Molins de Rei<\/a>, ens hem unit, un any m\u00e9s, a l\u2019ofrena floral institucional, en representaci\u00f3 de la nostra entitat i de totes les persones que formen part del teixit cultural del municipi.<\/p>\n\n<p>\ud83c\udf3a El acto ha sido emotivo, respetuoso y cargado de simbolismo. Una oportunidad para hacer valer la cultura popular como herramienta de cohesi\u00f3n, resistencia y futuro. <\/p>\n\n<p>\ud83d\udc9b Cultura, pais i comunidad: nuestro compromiso<\/p>\n\n<p>Desde Foment reivindicamos, hoy y cada d\u00eda, la cultura como motor de transformaci\u00f3n social. Lo hacemos desde el teatro, desde la m\u00fasica, desde las artes esc\u00e9nicas y desde el compromiso con el territorio. <\/p>\n\n<p>\ud83d\udccd Somos y seremos, porque la cultura no es s\u00f3lo entretenimiento: es memoria, es identidad y es herramienta de futuro.<\/p>\n\n<p>\ud83d\ude4c Gracias por hacerlo posible<\/p>\n\n<p>A todas las personas que asiste a los espect\u00e1culos, que colabora, participa y que hace del Foment un espacio vivo y comprometido con el pa\u00eds: gracias.<\/p>\n\n<p>S\u00edguenos en <a href=\"https:\/\/www.instagram.com\/fomentmolins\/\">Instagram<\/a>.<\/p>\n","protected":false},"excerpt":{"rendered":"<p>Un acto simb\u00f3lico que reafirma nuestro compromiso con la cultura, la lengua y el pa\u00eds Cada 11 de septiembre, Catalu\u00f1a conmemora su Diada Nacional, una jornada para recordar la historia, defender la lengua catalana y celebrar la identidad de un pueblo que ama su cultura y sus or\u00edgenes. Des del Foment Cultural i Art\u00edstic de Molins de Rei, ens hem [&hellip;]<\/p>\n","protected":false},"author":6,"featured_media":3354,"comment_status":"open","ping_status":"closed","sticky":false,"template":"","format":"standard","meta":{"inline_featured_image":false,"footnotes":""},"categories":[123],"tags":[88],"class_list":["post-3362","post","type-post","status-publish","format-standard","has-post-thumbnail","hentry","category-eventos","tag-el-fomento"],"yoast_head":"<!-- This site is optimized with the Yoast SEO plugin v27.2 - https:\/\/yoast.com\/product\/yoast-seo-wordpress\/ -->\n<title>Ofrenda floral institucional con motivo de la Diada Nacional de Catalu\u00f1a - Foment Molins Cultural<\/title>\n<meta name=\"description\" content=\"Diada Nacional de Catalu\u00f1a, ofrenda floral Molins de Rei, Promoci\u00f3n Cultural Molins, cultura catalana, entidades culturales Molins de Rei, 11 de septiembre Molins de Rei\" \/>\n<meta name=\"robots\" content=\"index, follow, max-snippet:-1, max-image-preview:large, max-video-preview:-1\" \/>\n<link rel=\"canonical\" href=\"https:\/\/fomentmolins.cat\/es\/ofrenda-floral-institucional-con-motivo-de-la-diada-nacional-de-cataluna\/\" \/>\n<meta property=\"og:locale\" content=\"es_ES\" \/>\n<meta property=\"og:type\" content=\"article\" \/>\n<meta property=\"og:title\" content=\"Ofrenda floral institucional con motivo de la Diada Nacional de Catalu\u00f1a - Foment Molins Cultural\" \/>\n<meta property=\"og:description\" content=\"Diada Nacional de Catalu\u00f1a, ofrenda floral Molins de Rei, Promoci\u00f3n Cultural Molins, cultura catalana, entidades culturales Molins de Rei, 11 de septiembre Molins de Rei\" \/>\n<meta property=\"og:url\" content=\"https:\/\/fomentmolins.cat\/es\/ofrenda-floral-institucional-con-motivo-de-la-diada-nacional-de-cataluna\/\" \/>\n<meta property=\"og:site_name\" content=\"Foment Molins Cultural\" \/>\n<meta property=\"article:published_time\" content=\"2025-09-11T07:44:37+00:00\" \/>\n<meta property=\"article:modified_time\" content=\"2025-09-24T08:05:15+00:00\" \/>\n<meta property=\"og:image\" content=\"https:\/\/fomentmolins.cat\/wp-content\/uploads\/2025\/09\/WhatsApp-Image-2025-09-11-at-13.19.20.jpeg\" \/>\n\t<meta property=\"og:image:width\" content=\"1600\" \/>\n\t<meta property=\"og:image:height\" content=\"738\" \/>\n\t<meta property=\"og:image:type\" content=\"image\/jpeg\" \/>\n<meta name=\"author\" content=\"Foment Cultural i Art\u00edstic\" \/>\n<meta name=\"twitter:card\" content=\"summary_large_image\" \/>\n<meta name=\"twitter:label1\" content=\"Escrito por\" \/>\n\t<meta name=\"twitter:data1\" content=\"Foment Cultural i Art\u00edstic\" \/>\n\t<meta name=\"twitter:label2\" content=\"Tiempo de lectura\" \/>\n\t<meta name=\"twitter:data2\" content=\"1 minuto\" \/>\n<script type=\"application\/ld+json\" class=\"yoast-schema-graph\">{\"@context\":\"https:\/\/schema.org\",\"@graph\":[{\"@type\":\"Article\",\"@id\":\"https:\/\/fomentmolins.cat\/es\/ofrenda-floral-institucional-con-motivo-de-la-diada-nacional-de-cataluna\/#article\",\"isPartOf\":{\"@id\":\"https:\/\/fomentmolins.cat\/es\/ofrenda-floral-institucional-con-motivo-de-la-diada-nacional-de-cataluna\/\"},\"author\":{\"name\":\"Foment Cultural i Art\u00edstic\",\"@id\":\"https:\/\/fomentmolins.cat\/es\/#\/schema\/person\/97c5658972a2b117e786bb3154a4797f\"},\"headline\":\"Ofrenda floral institucional con motivo de la Diada Nacional de Catalu\u00f1a\",\"datePublished\":\"2025-09-11T07:44:37+00:00\",\"dateModified\":\"2025-09-24T08:05:15+00:00\",\"mainEntityOfPage\":{\"@id\":\"https:\/\/fomentmolins.cat\/es\/ofrenda-floral-institucional-con-motivo-de-la-diada-nacional-de-cataluna\/\"},\"wordCount\":230,\"commentCount\":0,\"image\":{\"@id\":\"https:\/\/fomentmolins.cat\/es\/ofrenda-floral-institucional-con-motivo-de-la-diada-nacional-de-cataluna\/#primaryimage\"},\"thumbnailUrl\":\"https:\/\/fomentmolins.cat\/wp-content\/uploads\/2025\/09\/WhatsApp-Image-2025-09-11-at-13.19.20.jpeg\",\"keywords\":[\"El Fomento\"],\"articleSection\":[\"Eventos\"],\"inLanguage\":\"es\",\"potentialAction\":[{\"@type\":\"CommentAction\",\"name\":\"Comment\",\"target\":[\"https:\/\/fomentmolins.cat\/es\/ofrenda-floral-institucional-con-motivo-de-la-diada-nacional-de-cataluna\/#respond\"]}]},{\"@type\":\"WebPage\",\"@id\":\"https:\/\/fomentmolins.cat\/es\/ofrenda-floral-institucional-con-motivo-de-la-diada-nacional-de-cataluna\/\",\"url\":\"https:\/\/fomentmolins.cat\/es\/ofrenda-floral-institucional-con-motivo-de-la-diada-nacional-de-cataluna\/\",\"name\":\"Ofrenda floral institucional con motivo de la Diada Nacional de Catalu\u00f1a - Foment Molins Cultural\",\"isPartOf\":{\"@id\":\"https:\/\/fomentmolins.cat\/es\/#website\"},\"primaryImageOfPage\":{\"@id\":\"https:\/\/fomentmolins.cat\/es\/ofrenda-floral-institucional-con-motivo-de-la-diada-nacional-de-cataluna\/#primaryimage\"},\"image\":{\"@id\":\"https:\/\/fomentmolins.cat\/es\/ofrenda-floral-institucional-con-motivo-de-la-diada-nacional-de-cataluna\/#primaryimage\"},\"thumbnailUrl\":\"https:\/\/fomentmolins.cat\/wp-content\/uploads\/2025\/09\/WhatsApp-Image-2025-09-11-at-13.19.20.jpeg\",\"datePublished\":\"2025-09-11T07:44:37+00:00\",\"dateModified\":\"2025-09-24T08:05:15+00:00\",\"author\":{\"@id\":\"https:\/\/fomentmolins.cat\/es\/#\/schema\/person\/97c5658972a2b117e786bb3154a4797f\"},\"description\":\"Diada Nacional de Catalu\u00f1a, ofrenda floral Molins de Rei, Promoci\u00f3n Cultural Molins, cultura catalana, entidades culturales Molins de Rei, 11 de septiembre Molins de Rei\",\"breadcrumb\":{\"@id\":\"https:\/\/fomentmolins.cat\/es\/ofrenda-floral-institucional-con-motivo-de-la-diada-nacional-de-cataluna\/#breadcrumb\"},\"inLanguage\":\"es\",\"potentialAction\":[{\"@type\":\"ReadAction\",\"target\":[\"https:\/\/fomentmolins.cat\/es\/ofrenda-floral-institucional-con-motivo-de-la-diada-nacional-de-cataluna\/\"]}]},{\"@type\":\"ImageObject\",\"inLanguage\":\"es\",\"@id\":\"https:\/\/fomentmolins.cat\/es\/ofrenda-floral-institucional-con-motivo-de-la-diada-nacional-de-cataluna\/#primaryimage\",\"url\":\"https:\/\/fomentmolins.cat\/wp-content\/uploads\/2025\/09\/WhatsApp-Image-2025-09-11-at-13.19.20.jpeg\",\"contentUrl\":\"https:\/\/fomentmolins.cat\/wp-content\/uploads\/2025\/09\/WhatsApp-Image-2025-09-11-at-13.19.20.jpeg\",\"width\":1600,\"height\":738},{\"@type\":\"BreadcrumbList\",\"@id\":\"https:\/\/fomentmolins.cat\/es\/ofrenda-floral-institucional-con-motivo-de-la-diada-nacional-de-cataluna\/#breadcrumb\",\"itemListElement\":[{\"@type\":\"ListItem\",\"position\":1,\"name\":\"Portada\",\"item\":\"https:\/\/fomentmolins.cat\/es\/\"},{\"@type\":\"ListItem\",\"position\":2,\"name\":\"Ofrenda floral institucional con motivo de la Diada Nacional de Catalu\u00f1a\"}]},{\"@type\":\"WebSite\",\"@id\":\"https:\/\/fomentmolins.cat\/es\/#website\",\"url\":\"https:\/\/fomentmolins.cat\/es\/\",\"name\":\"Foment Molins Cultural\",\"description\":\"\",\"potentialAction\":[{\"@type\":\"SearchAction\",\"target\":{\"@type\":\"EntryPoint\",\"urlTemplate\":\"https:\/\/fomentmolins.cat\/es\/?s={search_term_string}\"},\"query-input\":{\"@type\":\"PropertyValueSpecification\",\"valueRequired\":true,\"valueName\":\"search_term_string\"}}],\"inLanguage\":\"es\"},{\"@type\":\"Person\",\"@id\":\"https:\/\/fomentmolins.cat\/es\/#\/schema\/person\/97c5658972a2b117e786bb3154a4797f\",\"name\":\"Foment Cultural i Art\u00edstic\",\"image\":{\"@type\":\"ImageObject\",\"inLanguage\":\"es\",\"@id\":\"https:\/\/secure.gravatar.com\/avatar\/6afa5d00109ab0ad887a3ebd7df8de0143713162a231800a3e1ba59eb8d2dba8?s=96&d=mm&r=g\",\"url\":\"https:\/\/secure.gravatar.com\/avatar\/6afa5d00109ab0ad887a3ebd7df8de0143713162a231800a3e1ba59eb8d2dba8?s=96&d=mm&r=g\",\"contentUrl\":\"https:\/\/secure.gravatar.com\/avatar\/6afa5d00109ab0ad887a3ebd7df8de0143713162a231800a3e1ba59eb8d2dba8?s=96&d=mm&r=g\",\"caption\":\"Foment Cultural i Art\u00edstic\"},\"url\":\"https:\/\/fomentmolins.cat\/es\/author\/soki_foment\/\"}]}<\/script>\n<!-- \/ Yoast SEO plugin. -->","yoast_head_json":{"title":"Ofrenda floral institucional con motivo de la Diada Nacional de Catalu\u00f1a - Foment Molins Cultural","description":"Diada Nacional de Catalu\u00f1a, ofrenda floral Molins de Rei, Promoci\u00f3n Cultural Molins, cultura catalana, entidades culturales Molins de Rei, 11 de septiembre Molins de Rei","robots":{"index":"index","follow":"follow","max-snippet":"max-snippet:-1","max-image-preview":"max-image-preview:large","max-video-preview":"max-video-preview:-1"},"canonical":"https:\/\/fomentmolins.cat\/es\/ofrenda-floral-institucional-con-motivo-de-la-diada-nacional-de-cataluna\/","og_locale":"es_ES","og_type":"article","og_title":"Ofrenda floral institucional con motivo de la Diada Nacional de Catalu\u00f1a - Foment Molins Cultural","og_description":"Diada Nacional de Catalu\u00f1a, ofrenda floral Molins de Rei, Promoci\u00f3n Cultural Molins, cultura catalana, entidades culturales Molins de Rei, 11 de septiembre Molins de Rei","og_url":"https:\/\/fomentmolins.cat\/es\/ofrenda-floral-institucional-con-motivo-de-la-diada-nacional-de-cataluna\/","og_site_name":"Foment Molins Cultural","article_published_time":"2025-09-11T07:44:37+00:00","article_modified_time":"2025-09-24T08:05:15+00:00","og_image":[{"width":1600,"height":738,"url":"https:\/\/fomentmolins.cat\/wp-content\/uploads\/2025\/09\/WhatsApp-Image-2025-09-11-at-13.19.20.jpeg","type":"image\/jpeg"}],"author":"Foment Cultural i Art\u00edstic","twitter_card":"summary_large_image","twitter_misc":{"Escrito por":"Foment Cultural i Art\u00edstic","Tiempo de lectura":"1 minuto"},"schema":{"@context":"https:\/\/schema.org","@graph":[{"@type":"Article","@id":"https:\/\/fomentmolins.cat\/es\/ofrenda-floral-institucional-con-motivo-de-la-diada-nacional-de-cataluna\/#article","isPartOf":{"@id":"https:\/\/fomentmolins.cat\/es\/ofrenda-floral-institucional-con-motivo-de-la-diada-nacional-de-cataluna\/"},"author":{"name":"Foment Cultural i Art\u00edstic","@id":"https:\/\/fomentmolins.cat\/es\/#\/schema\/person\/97c5658972a2b117e786bb3154a4797f"},"headline":"Ofrenda floral institucional con motivo de la Diada Nacional de Catalu\u00f1a","datePublished":"2025-09-11T07:44:37+00:00","dateModified":"2025-09-24T08:05:15+00:00","mainEntityOfPage":{"@id":"https:\/\/fomentmolins.cat\/es\/ofrenda-floral-institucional-con-motivo-de-la-diada-nacional-de-cataluna\/"},"wordCount":230,"commentCount":0,"image":{"@id":"https:\/\/fomentmolins.cat\/es\/ofrenda-floral-institucional-con-motivo-de-la-diada-nacional-de-cataluna\/#primaryimage"},"thumbnailUrl":"https:\/\/fomentmolins.cat\/wp-content\/uploads\/2025\/09\/WhatsApp-Image-2025-09-11-at-13.19.20.jpeg","keywords":["El Fomento"],"articleSection":["Eventos"],"inLanguage":"es","potentialAction":[{"@type":"CommentAction","name":"Comment","target":["https:\/\/fomentmolins.cat\/es\/ofrenda-floral-institucional-con-motivo-de-la-diada-nacional-de-cataluna\/#respond"]}]},{"@type":"WebPage","@id":"https:\/\/fomentmolins.cat\/es\/ofrenda-floral-institucional-con-motivo-de-la-diada-nacional-de-cataluna\/","url":"https:\/\/fomentmolins.cat\/es\/ofrenda-floral-institucional-con-motivo-de-la-diada-nacional-de-cataluna\/","name":"Ofrenda floral institucional con motivo de la Diada Nacional de Catalu\u00f1a - Foment Molins Cultural","isPartOf":{"@id":"https:\/\/fomentmolins.cat\/es\/#website"},"primaryImageOfPage":{"@id":"https:\/\/fomentmolins.cat\/es\/ofrenda-floral-institucional-con-motivo-de-la-diada-nacional-de-cataluna\/#primaryimage"},"image":{"@id":"https:\/\/fomentmolins.cat\/es\/ofrenda-floral-institucional-con-motivo-de-la-diada-nacional-de-cataluna\/#primaryimage"},"thumbnailUrl":"https:\/\/fomentmolins.cat\/wp-content\/uploads\/2025\/09\/WhatsApp-Image-2025-09-11-at-13.19.20.jpeg","datePublished":"2025-09-11T07:44:37+00:00","dateModified":"2025-09-24T08:05:15+00:00","author":{"@id":"https:\/\/fomentmolins.cat\/es\/#\/schema\/person\/97c5658972a2b117e786bb3154a4797f"},"description":"Diada Nacional de Catalu\u00f1a, ofrenda floral Molins de Rei, Promoci\u00f3n Cultural Molins, cultura catalana, entidades culturales Molins de Rei, 11 de septiembre Molins de Rei","breadcrumb":{"@id":"https:\/\/fomentmolins.cat\/es\/ofrenda-floral-institucional-con-motivo-de-la-diada-nacional-de-cataluna\/#breadcrumb"},"inLanguage":"es","potentialAction":[{"@type":"ReadAction","target":["https:\/\/fomentmolins.cat\/es\/ofrenda-floral-institucional-con-motivo-de-la-diada-nacional-de-cataluna\/"]}]},{"@type":"ImageObject","inLanguage":"es","@id":"https:\/\/fomentmolins.cat\/es\/ofrenda-floral-institucional-con-motivo-de-la-diada-nacional-de-cataluna\/#primaryimage","url":"https:\/\/fomentmolins.cat\/wp-content\/uploads\/2025\/09\/WhatsApp-Image-2025-09-11-at-13.19.20.jpeg","contentUrl":"https:\/\/fomentmolins.cat\/wp-content\/uploads\/2025\/09\/WhatsApp-Image-2025-09-11-at-13.19.20.jpeg","width":1600,"height":738},{"@type":"BreadcrumbList","@id":"https:\/\/fomentmolins.cat\/es\/ofrenda-floral-institucional-con-motivo-de-la-diada-nacional-de-cataluna\/#breadcrumb","itemListElement":[{"@type":"ListItem","position":1,"name":"Portada","item":"https:\/\/fomentmolins.cat\/es\/"},{"@type":"ListItem","position":2,"name":"Ofrenda floral institucional con motivo de la Diada Nacional de Catalu\u00f1a"}]},{"@type":"WebSite","@id":"https:\/\/fomentmolins.cat\/es\/#website","url":"https:\/\/fomentmolins.cat\/es\/","name":"Foment Molins Cultural","description":"","potentialAction":[{"@type":"SearchAction","target":{"@type":"EntryPoint","urlTemplate":"https:\/\/fomentmolins.cat\/es\/?s={search_term_string}"},"query-input":{"@type":"PropertyValueSpecification","valueRequired":true,"valueName":"search_term_string"}}],"inLanguage":"es"},{"@type":"Person","@id":"https:\/\/fomentmolins.cat\/es\/#\/schema\/person\/97c5658972a2b117e786bb3154a4797f","name":"Foment Cultural i Art\u00edstic","image":{"@type":"ImageObject","inLanguage":"es","@id":"https:\/\/secure.gravatar.com\/avatar\/6afa5d00109ab0ad887a3ebd7df8de0143713162a231800a3e1ba59eb8d2dba8?s=96&d=mm&r=g","url":"https:\/\/secure.gravatar.com\/avatar\/6afa5d00109ab0ad887a3ebd7df8de0143713162a231800a3e1ba59eb8d2dba8?s=96&d=mm&r=g","contentUrl":"https:\/\/secure.gravatar.com\/avatar\/6afa5d00109ab0ad887a3ebd7df8de0143713162a231800a3e1ba59eb8d2dba8?s=96&d=mm&r=g","caption":"Foment Cultural i Art\u00edstic"},"url":"https:\/\/fomentmolins.cat\/es\/author\/soki_foment\/"}]}},"_links":{"self":[{"href":"https:\/\/fomentmolins.cat\/es\/wp-json\/wp\/v2\/posts\/3362","targetHints":{"allow":["GET"]}}],"collection":[{"href":"https:\/\/fomentmolins.cat\/es\/wp-json\/wp\/v2\/posts"}],"about":[{"href":"https:\/\/fomentmolins.cat\/es\/wp-json\/wp\/v2\/types\/post"}],"author":[{"embeddable":true,"href":"https:\/\/fomentmolins.cat\/es\/wp-json\/wp\/v2\/users\/6"}],"replies":[{"embeddable":true,"href":"https:\/\/fomentmolins.cat\/es\/wp-json\/wp\/v2\/comments?post=3362"}],"version-history":[{"count":1,"href":"https:\/\/fomentmolins.cat\/es\/wp-json\/wp\/v2\/posts\/3362\/revisions"}],"predecessor-version":[{"id":3363,"href":"https:\/\/fomentmolins.cat\/es\/wp-json\/wp\/v2\/posts\/3362\/revisions\/3363"}],"wp:featuredmedia":[{"embeddable":true,"href":"https:\/\/fomentmolins.cat\/es\/wp-json\/wp\/v2\/media\/3354"}],"wp:attachment":[{"href":"https:\/\/fomentmolins.cat\/es\/wp-json\/wp\/v2\/media?parent=3362"}],"wp:term":[{"taxonomy":"category","embeddable":true,"href":"https:\/\/fomentmolins.cat\/es\/wp-json\/wp\/v2\/categories?post=3362"},{"taxonomy":"post_tag","embeddable":true,"href":"https:\/\/fomentmolins.cat\/es\/wp-json\/wp\/v2\/tags?post=3362"}],"curies":[{"name":"wp","href":"https:\/\/api.w.org\/{rel}","templated":true}]}}