{"id":3408,"date":"2025-10-27T08:05:02","date_gmt":"2025-10-27T07:05:02","guid":{"rendered":"https:\/\/fomentmolins.cat\/sold-out-absoluto-en-el-foment-con-la-dharma-a-un-pam\/"},"modified":"2025-10-27T08:08:33","modified_gmt":"2025-10-27T07:08:33","slug":"sold-out-absoluto-en-el-foment-con-la-dharma-a-un-pam","status":"publish","type":"post","link":"https:\/\/fomentmolins.cat\/es\/sold-out-absoluto-en-el-foment-con-la-dharma-a-un-pam\/","title":{"rendered":"Sold out absoluto en el Foment con \u201cLa Dharma a un pam\u201d"},"content":{"rendered":"\n<h3 class=\"wp-block-heading\">Una noche inolvidable con uno de los conciertos m\u00e1s vibrantes de la temporada<\/h3>\n\n<p>El Foment Cultural i Art\u00edstic de Molins de Rei ha vivido una de esas noches que quedan grabadas en la memoria colectiva. El concierto \u00abLa Dharma a un palmo\u00bb ha llenado el equipamiento con un sold out absoluto, confirmando la estima del p\u00fablico por una de las bandas m\u00e1s ic\u00f3nicas de la m\u00fasica catalana. <\/p>\n\n<p>\ud83c\udfb6 Un escenario junto al p\u00fablico, una puesta en escena \u00edntima y una energ\u00eda vibrante convirtieron el concierto en una experiencia \u00fanica. Un aut\u00e9ntico ritual musical compartido, lleno de complicidad, emoci\u00f3n y potencia sonora. <\/p>\n\n<h3 class=\"wp-block-heading\"><strong>\ud83d\udc9b M\u00fasica viva, cultura compartida<\/strong><\/h3>\n\n<p>La propuesta de La Dharma a un palmo puso en valor la trayectoria por un lado que ha sido siempre fiel a sus ra\u00edces, reinvent\u00e1ndose sin perder identidad. El p\u00fablico vibr\u00f3 con cl\u00e1sicos queridos, pero tambi\u00e9n con reinterpretaciones valientes y momentos de gran sensibilidad art\u00edstica. <\/p>\n\n<p>El formato cercano permiti\u00f3 una conexi\u00f3n directa entre m\u00fasicos y p\u00fablico, que respondi\u00f3 con ovaciones, cantos y un entusiasmo dif\u00edcil de expresar con palabras.<\/p>\n\n<h3 class=\"wp-block-heading\"><strong>\ud83d\ude4c Gracias por hacerlo posible<\/strong><\/h3>\n\n<p>Queremos agradecer profundamente la respuesta del p\u00fablico, que agot\u00f3 sus entradas y convirti\u00f3 el concierto en una fiesta cultural y comunitaria. Tambi\u00e9n agradecemos a La Dharma su entrega, generosidad y amor por la m\u00fasica. <\/p>\n\n<p>\ud83d\udccd Noches como \u00e9sta dan sentido a nuestra tarea: hacer del Fomento un espacio vivo, valiente y comprometido con la cultura del pa\u00eds.<\/p>\n\n<figure class=\"wp-block-gallery has-nested-images columns-default is-cropped wp-block-gallery-1 is-layout-flex wp-block-gallery-is-layout-flex\">\n<figure class=\"wp-block-image size-large\"><img loading=\"lazy\" decoding=\"async\" width=\"1024\" height=\"683\" data-id=\"3385\" src=\"https:\/\/fomentmolins.cat\/wp-content\/uploads\/2025\/10\/WhatsApp-Image-2025-10-27-at-06.49.42-2-1024x683.jpeg\" alt=\"\" class=\"wp-image-3385\" srcset=\"https:\/\/fomentmolins.cat\/wp-content\/uploads\/2025\/10\/WhatsApp-Image-2025-10-27-at-06.49.42-2-1024x683.jpeg 1024w, https:\/\/fomentmolins.cat\/wp-content\/uploads\/2025\/10\/WhatsApp-Image-2025-10-27-at-06.49.42-2-300x200.jpeg 300w, https:\/\/fomentmolins.cat\/wp-content\/uploads\/2025\/10\/WhatsApp-Image-2025-10-27-at-06.49.42-2-768x512.jpeg 768w, https:\/\/fomentmolins.cat\/wp-content\/uploads\/2025\/10\/WhatsApp-Image-2025-10-27-at-06.49.42-2-1536x1025.jpeg 1536w, https:\/\/fomentmolins.cat\/wp-content\/uploads\/2025\/10\/WhatsApp-Image-2025-10-27-at-06.49.42-2.jpeg 2000w\" sizes=\"auto, (max-width: 1024px) 100vw, 1024px\" \/><\/figure>\n\n\n\n<figure class=\"wp-block-image size-large\"><img loading=\"lazy\" decoding=\"async\" width=\"683\" height=\"1024\" data-id=\"3371\" src=\"https:\/\/fomentmolins.cat\/wp-content\/uploads\/2025\/10\/WhatsApp-Image-2025-10-27-at-06.49.42-1-683x1024.jpeg\" alt=\"\" class=\"wp-image-3371\" srcset=\"https:\/\/fomentmolins.cat\/wp-content\/uploads\/2025\/10\/WhatsApp-Image-2025-10-27-at-06.49.42-1-683x1024.jpeg 683w, https:\/\/fomentmolins.cat\/wp-content\/uploads\/2025\/10\/WhatsApp-Image-2025-10-27-at-06.49.42-1-200x300.jpeg 200w, https:\/\/fomentmolins.cat\/wp-content\/uploads\/2025\/10\/WhatsApp-Image-2025-10-27-at-06.49.42-1-768x1151.jpeg 768w, https:\/\/fomentmolins.cat\/wp-content\/uploads\/2025\/10\/WhatsApp-Image-2025-10-27-at-06.49.42-1-1025x1536.jpeg 1025w, https:\/\/fomentmolins.cat\/wp-content\/uploads\/2025\/10\/WhatsApp-Image-2025-10-27-at-06.49.42-1.jpeg 1334w\" sizes=\"auto, (max-width: 683px) 100vw, 683px\" \/><\/figure>\n\n\n\n<figure class=\"wp-block-image size-large\"><img loading=\"lazy\" decoding=\"async\" width=\"1024\" height=\"683\" data-id=\"3382\" src=\"https:\/\/fomentmolins.cat\/wp-content\/uploads\/2025\/10\/WhatsApp-Image-2025-10-27-at-06.49.42-1024x683.jpeg\" alt=\"\" class=\"wp-image-3382\" srcset=\"https:\/\/fomentmolins.cat\/wp-content\/uploads\/2025\/10\/WhatsApp-Image-2025-10-27-at-06.49.42-1024x683.jpeg 1024w, https:\/\/fomentmolins.cat\/wp-content\/uploads\/2025\/10\/WhatsApp-Image-2025-10-27-at-06.49.42-300x200.jpeg 300w, https:\/\/fomentmolins.cat\/wp-content\/uploads\/2025\/10\/WhatsApp-Image-2025-10-27-at-06.49.42-768x512.jpeg 768w, https:\/\/fomentmolins.cat\/wp-content\/uploads\/2025\/10\/WhatsApp-Image-2025-10-27-at-06.49.42-1536x1025.jpeg 1536w, https:\/\/fomentmolins.cat\/wp-content\/uploads\/2025\/10\/WhatsApp-Image-2025-10-27-at-06.49.42.jpeg 2000w\" sizes=\"auto, (max-width: 1024px) 100vw, 1024px\" \/><\/figure>\n\n\n\n<figure class=\"wp-block-image size-large\"><img loading=\"lazy\" decoding=\"async\" width=\"1024\" height=\"683\" data-id=\"3372\" src=\"https:\/\/fomentmolins.cat\/wp-content\/uploads\/2025\/10\/WhatsApp-Image-2025-10-27-at-06.49.41-3-1024x683.jpeg\" alt=\"\" class=\"wp-image-3372\" srcset=\"https:\/\/fomentmolins.cat\/wp-content\/uploads\/2025\/10\/WhatsApp-Image-2025-10-27-at-06.49.41-3-1024x683.jpeg 1024w, https:\/\/fomentmolins.cat\/wp-content\/uploads\/2025\/10\/WhatsApp-Image-2025-10-27-at-06.49.41-3-300x200.jpeg 300w, https:\/\/fomentmolins.cat\/wp-content\/uploads\/2025\/10\/WhatsApp-Image-2025-10-27-at-06.49.41-3-768x512.jpeg 768w, https:\/\/fomentmolins.cat\/wp-content\/uploads\/2025\/10\/WhatsApp-Image-2025-10-27-at-06.49.41-3-1536x1025.jpeg 1536w, https:\/\/fomentmolins.cat\/wp-content\/uploads\/2025\/10\/WhatsApp-Image-2025-10-27-at-06.49.41-3.jpeg 2000w\" sizes=\"auto, (max-width: 1024px) 100vw, 1024px\" \/><\/figure>\n\n\n\n<figure class=\"wp-block-image size-large\"><img loading=\"lazy\" decoding=\"async\" width=\"1024\" height=\"683\" data-id=\"3401\" src=\"https:\/\/fomentmolins.cat\/wp-content\/uploads\/2025\/10\/WhatsApp-Image-2025-10-27-at-06.49.41-2-1024x683.jpeg\" alt=\"\" class=\"wp-image-3401\" srcset=\"https:\/\/fomentmolins.cat\/wp-content\/uploads\/2025\/10\/WhatsApp-Image-2025-10-27-at-06.49.41-2-1024x683.jpeg 1024w, https:\/\/fomentmolins.cat\/wp-content\/uploads\/2025\/10\/WhatsApp-Image-2025-10-27-at-06.49.41-2-300x200.jpeg 300w, https:\/\/fomentmolins.cat\/wp-content\/uploads\/2025\/10\/WhatsApp-Image-2025-10-27-at-06.49.41-2-768x512.jpeg 768w, https:\/\/fomentmolins.cat\/wp-content\/uploads\/2025\/10\/WhatsApp-Image-2025-10-27-at-06.49.41-2-1536x1025.jpeg 1536w, https:\/\/fomentmolins.cat\/wp-content\/uploads\/2025\/10\/WhatsApp-Image-2025-10-27-at-06.49.41-2.jpeg 2000w\" sizes=\"auto, (max-width: 1024px) 100vw, 1024px\" \/><\/figure>\n\n\n\n<figure class=\"wp-block-image size-large\"><img loading=\"lazy\" decoding=\"async\" width=\"1024\" height=\"683\" data-id=\"3377\" src=\"https:\/\/fomentmolins.cat\/wp-content\/uploads\/2025\/10\/WhatsApp-Image-2025-10-27-at-06.49.41-1-1024x683.jpeg\" alt=\"\" class=\"wp-image-3377\" srcset=\"https:\/\/fomentmolins.cat\/wp-content\/uploads\/2025\/10\/WhatsApp-Image-2025-10-27-at-06.49.41-1-1024x683.jpeg 1024w, https:\/\/fomentmolins.cat\/wp-content\/uploads\/2025\/10\/WhatsApp-Image-2025-10-27-at-06.49.41-1-300x200.jpeg 300w, https:\/\/fomentmolins.cat\/wp-content\/uploads\/2025\/10\/WhatsApp-Image-2025-10-27-at-06.49.41-1-768x512.jpeg 768w, https:\/\/fomentmolins.cat\/wp-content\/uploads\/2025\/10\/WhatsApp-Image-2025-10-27-at-06.49.41-1-1536x1025.jpeg 1536w, https:\/\/fomentmolins.cat\/wp-content\/uploads\/2025\/10\/WhatsApp-Image-2025-10-27-at-06.49.41-1.jpeg 2000w\" sizes=\"auto, (max-width: 1024px) 100vw, 1024px\" \/><\/figure>\n\n\n\n<figure class=\"wp-block-image size-large\"><img loading=\"lazy\" decoding=\"async\" width=\"1024\" height=\"575\" data-id=\"3397\" src=\"https:\/\/fomentmolins.cat\/wp-content\/uploads\/2025\/10\/WhatsApp-Image-2025-10-27-at-06.49.41-1024x575.jpeg\" alt=\"\" class=\"wp-image-3397\" srcset=\"https:\/\/fomentmolins.cat\/wp-content\/uploads\/2025\/10\/WhatsApp-Image-2025-10-27-at-06.49.41-1024x575.jpeg 1024w, https:\/\/fomentmolins.cat\/wp-content\/uploads\/2025\/10\/WhatsApp-Image-2025-10-27-at-06.49.41-300x169.jpeg 300w, https:\/\/fomentmolins.cat\/wp-content\/uploads\/2025\/10\/WhatsApp-Image-2025-10-27-at-06.49.41-768x432.jpeg 768w, https:\/\/fomentmolins.cat\/wp-content\/uploads\/2025\/10\/WhatsApp-Image-2025-10-27-at-06.49.41-1536x863.jpeg 1536w, https:\/\/fomentmolins.cat\/wp-content\/uploads\/2025\/10\/WhatsApp-Image-2025-10-27-at-06.49.41.jpeg 2000w\" sizes=\"auto, (max-width: 1024px) 100vw, 1024px\" \/><\/figure>\n\n\n\n<figure class=\"wp-block-image size-large\"><img loading=\"lazy\" decoding=\"async\" width=\"683\" height=\"1024\" data-id=\"3393\" src=\"https:\/\/fomentmolins.cat\/wp-content\/uploads\/2025\/10\/WhatsApp-Image-2025-10-27-at-06.49.40-4-683x1024.jpeg\" alt=\"\" class=\"wp-image-3393\" srcset=\"https:\/\/fomentmolins.cat\/wp-content\/uploads\/2025\/10\/WhatsApp-Image-2025-10-27-at-06.49.40-4-683x1024.jpeg 683w, https:\/\/fomentmolins.cat\/wp-content\/uploads\/2025\/10\/WhatsApp-Image-2025-10-27-at-06.49.40-4-200x300.jpeg 200w, https:\/\/fomentmolins.cat\/wp-content\/uploads\/2025\/10\/WhatsApp-Image-2025-10-27-at-06.49.40-4-768x1151.jpeg 768w, https:\/\/fomentmolins.cat\/wp-content\/uploads\/2025\/10\/WhatsApp-Image-2025-10-27-at-06.49.40-4-1025x1536.jpeg 1025w, https:\/\/fomentmolins.cat\/wp-content\/uploads\/2025\/10\/WhatsApp-Image-2025-10-27-at-06.49.40-4.jpeg 1334w\" sizes=\"auto, (max-width: 683px) 100vw, 683px\" \/><\/figure>\n\n\n\n<figure class=\"wp-block-image size-large\"><img loading=\"lazy\" decoding=\"async\" width=\"1024\" height=\"576\" data-id=\"3384\" src=\"https:\/\/fomentmolins.cat\/wp-content\/uploads\/2025\/10\/WhatsApp-Image-2025-10-27-at-06.49.40-3-1024x576.jpeg\" alt=\"\" class=\"wp-image-3384\" srcset=\"https:\/\/fomentmolins.cat\/wp-content\/uploads\/2025\/10\/WhatsApp-Image-2025-10-27-at-06.49.40-3-1024x576.jpeg 1024w, https:\/\/fomentmolins.cat\/wp-content\/uploads\/2025\/10\/WhatsApp-Image-2025-10-27-at-06.49.40-3-300x169.jpeg 300w, https:\/\/fomentmolins.cat\/wp-content\/uploads\/2025\/10\/WhatsApp-Image-2025-10-27-at-06.49.40-3-768x432.jpeg 768w, https:\/\/fomentmolins.cat\/wp-content\/uploads\/2025\/10\/WhatsApp-Image-2025-10-27-at-06.49.40-3-1536x864.jpeg 1536w, https:\/\/fomentmolins.cat\/wp-content\/uploads\/2025\/10\/WhatsApp-Image-2025-10-27-at-06.49.40-3.jpeg 2000w\" sizes=\"auto, (max-width: 1024px) 100vw, 1024px\" \/><\/figure>\n\n\n\n<figure class=\"wp-block-image size-large\"><img loading=\"lazy\" decoding=\"async\" width=\"1024\" height=\"683\" data-id=\"3389\" src=\"https:\/\/fomentmolins.cat\/wp-content\/uploads\/2025\/10\/WhatsApp-Image-2025-10-27-at-06.49.40-2-1024x683.jpeg\" alt=\"\" class=\"wp-image-3389\" srcset=\"https:\/\/fomentmolins.cat\/wp-content\/uploads\/2025\/10\/WhatsApp-Image-2025-10-27-at-06.49.40-2-1024x683.jpeg 1024w, https:\/\/fomentmolins.cat\/wp-content\/uploads\/2025\/10\/WhatsApp-Image-2025-10-27-at-06.49.40-2-300x200.jpeg 300w, https:\/\/fomentmolins.cat\/wp-content\/uploads\/2025\/10\/WhatsApp-Image-2025-10-27-at-06.49.40-2-768x512.jpeg 768w, https:\/\/fomentmolins.cat\/wp-content\/uploads\/2025\/10\/WhatsApp-Image-2025-10-27-at-06.49.40-2-1536x1025.jpeg 1536w, https:\/\/fomentmolins.cat\/wp-content\/uploads\/2025\/10\/WhatsApp-Image-2025-10-27-at-06.49.40-2.jpeg 2000w\" sizes=\"auto, (max-width: 1024px) 100vw, 1024px\" \/><\/figure>\n\n\n\n<figure class=\"wp-block-image size-large\"><img loading=\"lazy\" decoding=\"async\" width=\"1024\" height=\"575\" data-id=\"3387\" src=\"https:\/\/fomentmolins.cat\/wp-content\/uploads\/2025\/10\/WhatsApp-Image-2025-10-27-at-06.49.40-1-1024x575.jpeg\" alt=\"\" class=\"wp-image-3387\" srcset=\"https:\/\/fomentmolins.cat\/wp-content\/uploads\/2025\/10\/WhatsApp-Image-2025-10-27-at-06.49.40-1-1024x575.jpeg 1024w, https:\/\/fomentmolins.cat\/wp-content\/uploads\/2025\/10\/WhatsApp-Image-2025-10-27-at-06.49.40-1-300x169.jpeg 300w, https:\/\/fomentmolins.cat\/wp-content\/uploads\/2025\/10\/WhatsApp-Image-2025-10-27-at-06.49.40-1-768x432.jpeg 768w, https:\/\/fomentmolins.cat\/wp-content\/uploads\/2025\/10\/WhatsApp-Image-2025-10-27-at-06.49.40-1-1536x863.jpeg 1536w, https:\/\/fomentmolins.cat\/wp-content\/uploads\/2025\/10\/WhatsApp-Image-2025-10-27-at-06.49.40-1.jpeg 2000w\" sizes=\"auto, (max-width: 1024px) 100vw, 1024px\" \/><\/figure>\n\n\n\n<figure class=\"wp-block-image size-large\"><img loading=\"lazy\" decoding=\"async\" width=\"1024\" height=\"683\" data-id=\"3399\" src=\"https:\/\/fomentmolins.cat\/wp-content\/uploads\/2025\/10\/WhatsApp-Image-2025-10-27-at-06.49.40-1024x683.jpeg\" alt=\"\" class=\"wp-image-3399\" srcset=\"https:\/\/fomentmolins.cat\/wp-content\/uploads\/2025\/10\/WhatsApp-Image-2025-10-27-at-06.49.40-1024x683.jpeg 1024w, https:\/\/fomentmolins.cat\/wp-content\/uploads\/2025\/10\/WhatsApp-Image-2025-10-27-at-06.49.40-300x200.jpeg 300w, https:\/\/fomentmolins.cat\/wp-content\/uploads\/2025\/10\/WhatsApp-Image-2025-10-27-at-06.49.40-768x512.jpeg 768w, https:\/\/fomentmolins.cat\/wp-content\/uploads\/2025\/10\/WhatsApp-Image-2025-10-27-at-06.49.40-1536x1025.jpeg 1536w, https:\/\/fomentmolins.cat\/wp-content\/uploads\/2025\/10\/WhatsApp-Image-2025-10-27-at-06.49.40.jpeg 2000w\" sizes=\"auto, (max-width: 1024px) 100vw, 1024px\" \/><\/figure>\n\n\n\n<figure class=\"wp-block-image size-large\"><img loading=\"lazy\" decoding=\"async\" width=\"1024\" height=\"683\" data-id=\"3394\" src=\"https:\/\/fomentmolins.cat\/wp-content\/uploads\/2025\/10\/WhatsApp-Image-2025-10-27-at-06.49.39-4-1024x683.jpeg\" alt=\"\" class=\"wp-image-3394\" srcset=\"https:\/\/fomentmolins.cat\/wp-content\/uploads\/2025\/10\/WhatsApp-Image-2025-10-27-at-06.49.39-4-1024x683.jpeg 1024w, https:\/\/fomentmolins.cat\/wp-content\/uploads\/2025\/10\/WhatsApp-Image-2025-10-27-at-06.49.39-4-300x200.jpeg 300w, https:\/\/fomentmolins.cat\/wp-content\/uploads\/2025\/10\/WhatsApp-Image-2025-10-27-at-06.49.39-4-768x512.jpeg 768w, https:\/\/fomentmolins.cat\/wp-content\/uploads\/2025\/10\/WhatsApp-Image-2025-10-27-at-06.49.39-4-1536x1025.jpeg 1536w, https:\/\/fomentmolins.cat\/wp-content\/uploads\/2025\/10\/WhatsApp-Image-2025-10-27-at-06.49.39-4.jpeg 2000w\" sizes=\"auto, (max-width: 1024px) 100vw, 1024px\" \/><\/figure>\n\n\n\n<figure class=\"wp-block-image size-large\"><img loading=\"lazy\" decoding=\"async\" width=\"1024\" height=\"683\" data-id=\"3405\" src=\"https:\/\/fomentmolins.cat\/wp-content\/uploads\/2025\/10\/WhatsApp-Image-2025-10-27-at-06.49.39-3-1024x683.jpeg\" alt=\"\" class=\"wp-image-3405\" srcset=\"https:\/\/fomentmolins.cat\/wp-content\/uploads\/2025\/10\/WhatsApp-Image-2025-10-27-at-06.49.39-3-1024x683.jpeg 1024w, https:\/\/fomentmolins.cat\/wp-content\/uploads\/2025\/10\/WhatsApp-Image-2025-10-27-at-06.49.39-3-300x200.jpeg 300w, https:\/\/fomentmolins.cat\/wp-content\/uploads\/2025\/10\/WhatsApp-Image-2025-10-27-at-06.49.39-3-768x512.jpeg 768w, https:\/\/fomentmolins.cat\/wp-content\/uploads\/2025\/10\/WhatsApp-Image-2025-10-27-at-06.49.39-3-1536x1024.jpeg 1536w, https:\/\/fomentmolins.cat\/wp-content\/uploads\/2025\/10\/WhatsApp-Image-2025-10-27-at-06.49.39-3.jpeg 2048w\" sizes=\"auto, (max-width: 1024px) 100vw, 1024px\" \/><\/figure>\n\n\n\n<figure class=\"wp-block-image size-large\"><img loading=\"lazy\" decoding=\"async\" width=\"1024\" height=\"683\" data-id=\"3369\" src=\"https:\/\/fomentmolins.cat\/wp-content\/uploads\/2025\/10\/WhatsApp-Image-2025-10-27-at-06.49.39-2-1024x683.jpeg\" alt=\"\" class=\"wp-image-3369\" srcset=\"https:\/\/fomentmolins.cat\/wp-content\/uploads\/2025\/10\/WhatsApp-Image-2025-10-27-at-06.49.39-2-1024x683.jpeg 1024w, https:\/\/fomentmolins.cat\/wp-content\/uploads\/2025\/10\/WhatsApp-Image-2025-10-27-at-06.49.39-2-300x200.jpeg 300w, https:\/\/fomentmolins.cat\/wp-content\/uploads\/2025\/10\/WhatsApp-Image-2025-10-27-at-06.49.39-2-768x512.jpeg 768w, https:\/\/fomentmolins.cat\/wp-content\/uploads\/2025\/10\/WhatsApp-Image-2025-10-27-at-06.49.39-2-1536x1025.jpeg 1536w, https:\/\/fomentmolins.cat\/wp-content\/uploads\/2025\/10\/WhatsApp-Image-2025-10-27-at-06.49.39-2.jpeg 2000w\" sizes=\"auto, (max-width: 1024px) 100vw, 1024px\" \/><\/figure>\n\n\n\n<figure class=\"wp-block-image size-large\"><img loading=\"lazy\" decoding=\"async\" width=\"1024\" height=\"576\" data-id=\"3380\" src=\"https:\/\/fomentmolins.cat\/wp-content\/uploads\/2025\/10\/WhatsApp-Image-2025-10-27-at-06.49.39-1-1024x576.jpeg\" alt=\"\" class=\"wp-image-3380\" srcset=\"https:\/\/fomentmolins.cat\/wp-content\/uploads\/2025\/10\/WhatsApp-Image-2025-10-27-at-06.49.39-1-1024x576.jpeg 1024w, https:\/\/fomentmolins.cat\/wp-content\/uploads\/2025\/10\/WhatsApp-Image-2025-10-27-at-06.49.39-1-300x169.jpeg 300w, https:\/\/fomentmolins.cat\/wp-content\/uploads\/2025\/10\/WhatsApp-Image-2025-10-27-at-06.49.39-1-768x432.jpeg 768w, https:\/\/fomentmolins.cat\/wp-content\/uploads\/2025\/10\/WhatsApp-Image-2025-10-27-at-06.49.39-1-1536x864.jpeg 1536w, https:\/\/fomentmolins.cat\/wp-content\/uploads\/2025\/10\/WhatsApp-Image-2025-10-27-at-06.49.39-1.jpeg 2000w\" sizes=\"auto, (max-width: 1024px) 100vw, 1024px\" \/><\/figure>\n\n\n\n<figure class=\"wp-block-image size-large\"><img loading=\"lazy\" decoding=\"async\" width=\"1024\" height=\"683\" data-id=\"3373\" src=\"https:\/\/fomentmolins.cat\/wp-content\/uploads\/2025\/10\/WhatsApp-Image-2025-10-27-at-06.49.39-1024x683.jpeg\" alt=\"\" class=\"wp-image-3373\" srcset=\"https:\/\/fomentmolins.cat\/wp-content\/uploads\/2025\/10\/WhatsApp-Image-2025-10-27-at-06.49.39-1024x683.jpeg 1024w, https:\/\/fomentmolins.cat\/wp-content\/uploads\/2025\/10\/WhatsApp-Image-2025-10-27-at-06.49.39-300x200.jpeg 300w, https:\/\/fomentmolins.cat\/wp-content\/uploads\/2025\/10\/WhatsApp-Image-2025-10-27-at-06.49.39-768x512.jpeg 768w, https:\/\/fomentmolins.cat\/wp-content\/uploads\/2025\/10\/WhatsApp-Image-2025-10-27-at-06.49.39-1536x1025.jpeg 1536w, https:\/\/fomentmolins.cat\/wp-content\/uploads\/2025\/10\/WhatsApp-Image-2025-10-27-at-06.49.39.jpeg 2000w\" sizes=\"auto, (max-width: 1024px) 100vw, 1024px\" \/><\/figure>\n\n\n\n<figure class=\"wp-block-image size-large\"><img loading=\"lazy\" decoding=\"async\" width=\"1024\" height=\"683\" data-id=\"3402\" src=\"https:\/\/fomentmolins.cat\/wp-content\/uploads\/2025\/10\/WhatsApp-Image-2025-10-27-at-06.49.38-2-1024x683.jpeg\" alt=\"\" class=\"wp-image-3402\" srcset=\"https:\/\/fomentmolins.cat\/wp-content\/uploads\/2025\/10\/WhatsApp-Image-2025-10-27-at-06.49.38-2-1024x683.jpeg 1024w, https:\/\/fomentmolins.cat\/wp-content\/uploads\/2025\/10\/WhatsApp-Image-2025-10-27-at-06.49.38-2-300x200.jpeg 300w, https:\/\/fomentmolins.cat\/wp-content\/uploads\/2025\/10\/WhatsApp-Image-2025-10-27-at-06.49.38-2-768x512.jpeg 768w, https:\/\/fomentmolins.cat\/wp-content\/uploads\/2025\/10\/WhatsApp-Image-2025-10-27-at-06.49.38-2-1536x1025.jpeg 1536w, https:\/\/fomentmolins.cat\/wp-content\/uploads\/2025\/10\/WhatsApp-Image-2025-10-27-at-06.49.38-2.jpeg 2000w\" sizes=\"auto, (max-width: 1024px) 100vw, 1024px\" \/><\/figure>\n\n\n\n<figure class=\"wp-block-image size-large\"><img loading=\"lazy\" decoding=\"async\" width=\"683\" height=\"1024\" data-id=\"3378\" src=\"https:\/\/fomentmolins.cat\/wp-content\/uploads\/2025\/10\/WhatsApp-Image-2025-10-27-at-06.49.38-1-683x1024.jpeg\" alt=\"\" class=\"wp-image-3378\" srcset=\"https:\/\/fomentmolins.cat\/wp-content\/uploads\/2025\/10\/WhatsApp-Image-2025-10-27-at-06.49.38-1-683x1024.jpeg 683w, https:\/\/fomentmolins.cat\/wp-content\/uploads\/2025\/10\/WhatsApp-Image-2025-10-27-at-06.49.38-1-200x300.jpeg 200w, https:\/\/fomentmolins.cat\/wp-content\/uploads\/2025\/10\/WhatsApp-Image-2025-10-27-at-06.49.38-1-768x1151.jpeg 768w, https:\/\/fomentmolins.cat\/wp-content\/uploads\/2025\/10\/WhatsApp-Image-2025-10-27-at-06.49.38-1-1025x1536.jpeg 1025w, https:\/\/fomentmolins.cat\/wp-content\/uploads\/2025\/10\/WhatsApp-Image-2025-10-27-at-06.49.38-1.jpeg 1334w\" sizes=\"auto, (max-width: 683px) 100vw, 683px\" \/><\/figure>\n\n\n\n<figure class=\"wp-block-image size-large\"><img loading=\"lazy\" decoding=\"async\" width=\"1024\" height=\"683\" data-id=\"3390\" src=\"https:\/\/fomentmolins.cat\/wp-content\/uploads\/2025\/10\/WhatsApp-Image-2025-10-27-at-06.49.38-1024x683.jpeg\" alt=\"\" class=\"wp-image-3390\" srcset=\"https:\/\/fomentmolins.cat\/wp-content\/uploads\/2025\/10\/WhatsApp-Image-2025-10-27-at-06.49.38-1024x683.jpeg 1024w, https:\/\/fomentmolins.cat\/wp-content\/uploads\/2025\/10\/WhatsApp-Image-2025-10-27-at-06.49.38-300x200.jpeg 300w, https:\/\/fomentmolins.cat\/wp-content\/uploads\/2025\/10\/WhatsApp-Image-2025-10-27-at-06.49.38-768x512.jpeg 768w, https:\/\/fomentmolins.cat\/wp-content\/uploads\/2025\/10\/WhatsApp-Image-2025-10-27-at-06.49.38-1536x1025.jpeg 1536w, https:\/\/fomentmolins.cat\/wp-content\/uploads\/2025\/10\/WhatsApp-Image-2025-10-27-at-06.49.38.jpeg 2000w\" sizes=\"auto, (max-width: 1024px) 100vw, 1024px\" \/><\/figure>\n<\/figure>\n","protected":false},"excerpt":{"rendered":"<p>Una noche inolvidable con uno de los conciertos m\u00e1s vibrantes de la temporada El Foment Cultural i Art\u00edstic de Molins de Rei ha vivido una de esas noches que quedan grabadas en la memoria colectiva. El concierto \u00abLa Dharma a un palmo\u00bb ha llenado el equipamiento con un sold out absoluto, confirmando la estima del p\u00fablico por una de las [&hellip;]<\/p>\n","protected":false},"author":6,"featured_media":3398,"comment_status":"open","ping_status":"closed","sticky":false,"template":"","format":"standard","meta":{"inline_featured_image":false,"footnotes":""},"categories":[102],"tags":[],"class_list":["post-3408","post","type-post","status-publish","format-standard","has-post-thumbnail","hentry","category-teatro"],"yoast_head":"<!-- This site is optimized with the Yoast SEO plugin v27.2 - https:\/\/yoast.com\/product\/yoast-seo-wordpress\/ -->\n<title>Sold out absoluto en el Foment con \u201cLa Dharma a un pam\u201d - Foment Molins Cultural<\/title>\n<meta name=\"description\" content=\"Sold out absoluto en el Foment con \u201cLa Dharma a un palmo\u201d. Un concierto hist\u00f3rico, intenso y emotivo que llena el Foment hasta los topes.\" \/>\n<meta name=\"robots\" content=\"index, follow, max-snippet:-1, max-image-preview:large, max-video-preview:-1\" \/>\n<link rel=\"canonical\" href=\"https:\/\/fomentmolins.cat\/es\/sold-out-absoluto-en-el-foment-con-la-dharma-a-un-pam\/\" \/>\n<meta property=\"og:locale\" content=\"es_ES\" \/>\n<meta property=\"og:type\" content=\"article\" \/>\n<meta property=\"og:title\" content=\"Sold out absoluto en el Foment con \u201cLa Dharma a un pam\u201d - Foment Molins Cultural\" \/>\n<meta property=\"og:description\" content=\"Sold out absoluto en el Foment con \u201cLa Dharma a un palmo\u201d. Un concierto hist\u00f3rico, intenso y emotivo que llena el Foment hasta los topes.\" \/>\n<meta property=\"og:url\" content=\"https:\/\/fomentmolins.cat\/es\/sold-out-absoluto-en-el-foment-con-la-dharma-a-un-pam\/\" \/>\n<meta property=\"og:site_name\" content=\"Foment Molins Cultural\" \/>\n<meta property=\"article:published_time\" content=\"2025-10-27T07:05:02+00:00\" \/>\n<meta property=\"article:modified_time\" content=\"2025-10-27T07:08:33+00:00\" \/>\n<meta property=\"og:image\" content=\"https:\/\/fomentmolins.cat\/wp-content\/uploads\/2025\/10\/WhatsApp-Image-2025-10-27-at-06.49.41.jpeg\" \/>\n\t<meta property=\"og:image:width\" content=\"2000\" \/>\n\t<meta property=\"og:image:height\" content=\"1124\" \/>\n\t<meta property=\"og:image:type\" content=\"image\/jpeg\" \/>\n<meta name=\"author\" content=\"Foment Cultural i Art\u00edstic\" \/>\n<meta name=\"twitter:card\" content=\"summary_large_image\" \/>\n<meta name=\"twitter:label1\" content=\"Escrito por\" \/>\n\t<meta name=\"twitter:data1\" content=\"Foment Cultural i Art\u00edstic\" \/>\n\t<meta name=\"twitter:label2\" content=\"Tiempo de lectura\" \/>\n\t<meta name=\"twitter:data2\" content=\"1 minuto\" \/>\n<script type=\"application\/ld+json\" class=\"yoast-schema-graph\">{\"@context\":\"https:\/\/schema.org\",\"@graph\":[{\"@type\":\"Article\",\"@id\":\"https:\/\/fomentmolins.cat\/es\/sold-out-absoluto-en-el-foment-con-la-dharma-a-un-pam\/#article\",\"isPartOf\":{\"@id\":\"https:\/\/fomentmolins.cat\/es\/sold-out-absoluto-en-el-foment-con-la-dharma-a-un-pam\/\"},\"author\":{\"name\":\"Foment Cultural i Art\u00edstic\",\"@id\":\"https:\/\/fomentmolins.cat\/es\/#\/schema\/person\/97c5658972a2b117e786bb3154a4797f\"},\"headline\":\"Sold out absoluto en el Foment con \u201cLa Dharma a un pam\u201d\",\"datePublished\":\"2025-10-27T07:05:02+00:00\",\"dateModified\":\"2025-10-27T07:08:33+00:00\",\"mainEntityOfPage\":{\"@id\":\"https:\/\/fomentmolins.cat\/es\/sold-out-absoluto-en-el-foment-con-la-dharma-a-un-pam\/\"},\"wordCount\":270,\"commentCount\":0,\"image\":{\"@id\":\"https:\/\/fomentmolins.cat\/es\/sold-out-absoluto-en-el-foment-con-la-dharma-a-un-pam\/#primaryimage\"},\"thumbnailUrl\":\"https:\/\/fomentmolins.cat\/wp-content\/uploads\/2025\/10\/WhatsApp-Image-2025-10-27-at-06.49.41.jpeg\",\"articleSection\":[\"Teatro\"],\"inLanguage\":\"es\",\"potentialAction\":[{\"@type\":\"CommentAction\",\"name\":\"Comment\",\"target\":[\"https:\/\/fomentmolins.cat\/es\/sold-out-absoluto-en-el-foment-con-la-dharma-a-un-pam\/#respond\"]}]},{\"@type\":\"WebPage\",\"@id\":\"https:\/\/fomentmolins.cat\/es\/sold-out-absoluto-en-el-foment-con-la-dharma-a-un-pam\/\",\"url\":\"https:\/\/fomentmolins.cat\/es\/sold-out-absoluto-en-el-foment-con-la-dharma-a-un-pam\/\",\"name\":\"Sold out absoluto en el Foment con \u201cLa Dharma a un pam\u201d - Foment Molins Cultural\",\"isPartOf\":{\"@id\":\"https:\/\/fomentmolins.cat\/es\/#website\"},\"primaryImageOfPage\":{\"@id\":\"https:\/\/fomentmolins.cat\/es\/sold-out-absoluto-en-el-foment-con-la-dharma-a-un-pam\/#primaryimage\"},\"image\":{\"@id\":\"https:\/\/fomentmolins.cat\/es\/sold-out-absoluto-en-el-foment-con-la-dharma-a-un-pam\/#primaryimage\"},\"thumbnailUrl\":\"https:\/\/fomentmolins.cat\/wp-content\/uploads\/2025\/10\/WhatsApp-Image-2025-10-27-at-06.49.41.jpeg\",\"datePublished\":\"2025-10-27T07:05:02+00:00\",\"dateModified\":\"2025-10-27T07:08:33+00:00\",\"author\":{\"@id\":\"https:\/\/fomentmolins.cat\/es\/#\/schema\/person\/97c5658972a2b117e786bb3154a4797f\"},\"description\":\"Sold out absoluto en el Foment con \u201cLa Dharma a un palmo\u201d. Un concierto hist\u00f3rico, intenso y emotivo que llena el Foment hasta los topes.\",\"breadcrumb\":{\"@id\":\"https:\/\/fomentmolins.cat\/es\/sold-out-absoluto-en-el-foment-con-la-dharma-a-un-pam\/#breadcrumb\"},\"inLanguage\":\"es\",\"potentialAction\":[{\"@type\":\"ReadAction\",\"target\":[\"https:\/\/fomentmolins.cat\/es\/sold-out-absoluto-en-el-foment-con-la-dharma-a-un-pam\/\"]}]},{\"@type\":\"ImageObject\",\"inLanguage\":\"es\",\"@id\":\"https:\/\/fomentmolins.cat\/es\/sold-out-absoluto-en-el-foment-con-la-dharma-a-un-pam\/#primaryimage\",\"url\":\"https:\/\/fomentmolins.cat\/wp-content\/uploads\/2025\/10\/WhatsApp-Image-2025-10-27-at-06.49.41.jpeg\",\"contentUrl\":\"https:\/\/fomentmolins.cat\/wp-content\/uploads\/2025\/10\/WhatsApp-Image-2025-10-27-at-06.49.41.jpeg\",\"width\":2000,\"height\":1124},{\"@type\":\"BreadcrumbList\",\"@id\":\"https:\/\/fomentmolins.cat\/es\/sold-out-absoluto-en-el-foment-con-la-dharma-a-un-pam\/#breadcrumb\",\"itemListElement\":[{\"@type\":\"ListItem\",\"position\":1,\"name\":\"Portada\",\"item\":\"https:\/\/fomentmolins.cat\/es\/\"},{\"@type\":\"ListItem\",\"position\":2,\"name\":\"Sold out absoluto en el Foment con \u201cLa Dharma a un pam\u201d\"}]},{\"@type\":\"WebSite\",\"@id\":\"https:\/\/fomentmolins.cat\/es\/#website\",\"url\":\"https:\/\/fomentmolins.cat\/es\/\",\"name\":\"Foment Molins Cultural\",\"description\":\"\",\"potentialAction\":[{\"@type\":\"SearchAction\",\"target\":{\"@type\":\"EntryPoint\",\"urlTemplate\":\"https:\/\/fomentmolins.cat\/es\/?s={search_term_string}\"},\"query-input\":{\"@type\":\"PropertyValueSpecification\",\"valueRequired\":true,\"valueName\":\"search_term_string\"}}],\"inLanguage\":\"es\"},{\"@type\":\"Person\",\"@id\":\"https:\/\/fomentmolins.cat\/es\/#\/schema\/person\/97c5658972a2b117e786bb3154a4797f\",\"name\":\"Foment Cultural i Art\u00edstic\",\"image\":{\"@type\":\"ImageObject\",\"inLanguage\":\"es\",\"@id\":\"https:\/\/secure.gravatar.com\/avatar\/6afa5d00109ab0ad887a3ebd7df8de0143713162a231800a3e1ba59eb8d2dba8?s=96&d=mm&r=g\",\"url\":\"https:\/\/secure.gravatar.com\/avatar\/6afa5d00109ab0ad887a3ebd7df8de0143713162a231800a3e1ba59eb8d2dba8?s=96&d=mm&r=g\",\"contentUrl\":\"https:\/\/secure.gravatar.com\/avatar\/6afa5d00109ab0ad887a3ebd7df8de0143713162a231800a3e1ba59eb8d2dba8?s=96&d=mm&r=g\",\"caption\":\"Foment Cultural i Art\u00edstic\"},\"url\":\"https:\/\/fomentmolins.cat\/es\/author\/soki_foment\/\"}]}<\/script>\n<!-- \/ Yoast SEO plugin. -->","yoast_head_json":{"title":"Sold out absoluto en el Foment con \u201cLa Dharma a un pam\u201d - Foment Molins Cultural","description":"Sold out absoluto en el Foment con \u201cLa Dharma a un palmo\u201d. Un concierto hist\u00f3rico, intenso y emotivo que llena el Foment hasta los topes.","robots":{"index":"index","follow":"follow","max-snippet":"max-snippet:-1","max-image-preview":"max-image-preview:large","max-video-preview":"max-video-preview:-1"},"canonical":"https:\/\/fomentmolins.cat\/es\/sold-out-absoluto-en-el-foment-con-la-dharma-a-un-pam\/","og_locale":"es_ES","og_type":"article","og_title":"Sold out absoluto en el Foment con \u201cLa Dharma a un pam\u201d - Foment Molins Cultural","og_description":"Sold out absoluto en el Foment con \u201cLa Dharma a un palmo\u201d. Un concierto hist\u00f3rico, intenso y emotivo que llena el Foment hasta los topes.","og_url":"https:\/\/fomentmolins.cat\/es\/sold-out-absoluto-en-el-foment-con-la-dharma-a-un-pam\/","og_site_name":"Foment Molins Cultural","article_published_time":"2025-10-27T07:05:02+00:00","article_modified_time":"2025-10-27T07:08:33+00:00","og_image":[{"width":2000,"height":1124,"url":"https:\/\/fomentmolins.cat\/wp-content\/uploads\/2025\/10\/WhatsApp-Image-2025-10-27-at-06.49.41.jpeg","type":"image\/jpeg"}],"author":"Foment Cultural i Art\u00edstic","twitter_card":"summary_large_image","twitter_misc":{"Escrito por":"Foment Cultural i Art\u00edstic","Tiempo de lectura":"1 minuto"},"schema":{"@context":"https:\/\/schema.org","@graph":[{"@type":"Article","@id":"https:\/\/fomentmolins.cat\/es\/sold-out-absoluto-en-el-foment-con-la-dharma-a-un-pam\/#article","isPartOf":{"@id":"https:\/\/fomentmolins.cat\/es\/sold-out-absoluto-en-el-foment-con-la-dharma-a-un-pam\/"},"author":{"name":"Foment Cultural i Art\u00edstic","@id":"https:\/\/fomentmolins.cat\/es\/#\/schema\/person\/97c5658972a2b117e786bb3154a4797f"},"headline":"Sold out absoluto en el Foment con \u201cLa Dharma a un pam\u201d","datePublished":"2025-10-27T07:05:02+00:00","dateModified":"2025-10-27T07:08:33+00:00","mainEntityOfPage":{"@id":"https:\/\/fomentmolins.cat\/es\/sold-out-absoluto-en-el-foment-con-la-dharma-a-un-pam\/"},"wordCount":270,"commentCount":0,"image":{"@id":"https:\/\/fomentmolins.cat\/es\/sold-out-absoluto-en-el-foment-con-la-dharma-a-un-pam\/#primaryimage"},"thumbnailUrl":"https:\/\/fomentmolins.cat\/wp-content\/uploads\/2025\/10\/WhatsApp-Image-2025-10-27-at-06.49.41.jpeg","articleSection":["Teatro"],"inLanguage":"es","potentialAction":[{"@type":"CommentAction","name":"Comment","target":["https:\/\/fomentmolins.cat\/es\/sold-out-absoluto-en-el-foment-con-la-dharma-a-un-pam\/#respond"]}]},{"@type":"WebPage","@id":"https:\/\/fomentmolins.cat\/es\/sold-out-absoluto-en-el-foment-con-la-dharma-a-un-pam\/","url":"https:\/\/fomentmolins.cat\/es\/sold-out-absoluto-en-el-foment-con-la-dharma-a-un-pam\/","name":"Sold out absoluto en el Foment con \u201cLa Dharma a un pam\u201d - Foment Molins Cultural","isPartOf":{"@id":"https:\/\/fomentmolins.cat\/es\/#website"},"primaryImageOfPage":{"@id":"https:\/\/fomentmolins.cat\/es\/sold-out-absoluto-en-el-foment-con-la-dharma-a-un-pam\/#primaryimage"},"image":{"@id":"https:\/\/fomentmolins.cat\/es\/sold-out-absoluto-en-el-foment-con-la-dharma-a-un-pam\/#primaryimage"},"thumbnailUrl":"https:\/\/fomentmolins.cat\/wp-content\/uploads\/2025\/10\/WhatsApp-Image-2025-10-27-at-06.49.41.jpeg","datePublished":"2025-10-27T07:05:02+00:00","dateModified":"2025-10-27T07:08:33+00:00","author":{"@id":"https:\/\/fomentmolins.cat\/es\/#\/schema\/person\/97c5658972a2b117e786bb3154a4797f"},"description":"Sold out absoluto en el Foment con \u201cLa Dharma a un palmo\u201d. Un concierto hist\u00f3rico, intenso y emotivo que llena el Foment hasta los topes.","breadcrumb":{"@id":"https:\/\/fomentmolins.cat\/es\/sold-out-absoluto-en-el-foment-con-la-dharma-a-un-pam\/#breadcrumb"},"inLanguage":"es","potentialAction":[{"@type":"ReadAction","target":["https:\/\/fomentmolins.cat\/es\/sold-out-absoluto-en-el-foment-con-la-dharma-a-un-pam\/"]}]},{"@type":"ImageObject","inLanguage":"es","@id":"https:\/\/fomentmolins.cat\/es\/sold-out-absoluto-en-el-foment-con-la-dharma-a-un-pam\/#primaryimage","url":"https:\/\/fomentmolins.cat\/wp-content\/uploads\/2025\/10\/WhatsApp-Image-2025-10-27-at-06.49.41.jpeg","contentUrl":"https:\/\/fomentmolins.cat\/wp-content\/uploads\/2025\/10\/WhatsApp-Image-2025-10-27-at-06.49.41.jpeg","width":2000,"height":1124},{"@type":"BreadcrumbList","@id":"https:\/\/fomentmolins.cat\/es\/sold-out-absoluto-en-el-foment-con-la-dharma-a-un-pam\/#breadcrumb","itemListElement":[{"@type":"ListItem","position":1,"name":"Portada","item":"https:\/\/fomentmolins.cat\/es\/"},{"@type":"ListItem","position":2,"name":"Sold out absoluto en el Foment con \u201cLa Dharma a un pam\u201d"}]},{"@type":"WebSite","@id":"https:\/\/fomentmolins.cat\/es\/#website","url":"https:\/\/fomentmolins.cat\/es\/","name":"Foment Molins Cultural","description":"","potentialAction":[{"@type":"SearchAction","target":{"@type":"EntryPoint","urlTemplate":"https:\/\/fomentmolins.cat\/es\/?s={search_term_string}"},"query-input":{"@type":"PropertyValueSpecification","valueRequired":true,"valueName":"search_term_string"}}],"inLanguage":"es"},{"@type":"Person","@id":"https:\/\/fomentmolins.cat\/es\/#\/schema\/person\/97c5658972a2b117e786bb3154a4797f","name":"Foment Cultural i Art\u00edstic","image":{"@type":"ImageObject","inLanguage":"es","@id":"https:\/\/secure.gravatar.com\/avatar\/6afa5d00109ab0ad887a3ebd7df8de0143713162a231800a3e1ba59eb8d2dba8?s=96&d=mm&r=g","url":"https:\/\/secure.gravatar.com\/avatar\/6afa5d00109ab0ad887a3ebd7df8de0143713162a231800a3e1ba59eb8d2dba8?s=96&d=mm&r=g","contentUrl":"https:\/\/secure.gravatar.com\/avatar\/6afa5d00109ab0ad887a3ebd7df8de0143713162a231800a3e1ba59eb8d2dba8?s=96&d=mm&r=g","caption":"Foment Cultural i Art\u00edstic"},"url":"https:\/\/fomentmolins.cat\/es\/author\/soki_foment\/"}]}},"_links":{"self":[{"href":"https:\/\/fomentmolins.cat\/es\/wp-json\/wp\/v2\/posts\/3408","targetHints":{"allow":["GET"]}}],"collection":[{"href":"https:\/\/fomentmolins.cat\/es\/wp-json\/wp\/v2\/posts"}],"about":[{"href":"https:\/\/fomentmolins.cat\/es\/wp-json\/wp\/v2\/types\/post"}],"author":[{"embeddable":true,"href":"https:\/\/fomentmolins.cat\/es\/wp-json\/wp\/v2\/users\/6"}],"replies":[{"embeddable":true,"href":"https:\/\/fomentmolins.cat\/es\/wp-json\/wp\/v2\/comments?post=3408"}],"version-history":[{"count":1,"href":"https:\/\/fomentmolins.cat\/es\/wp-json\/wp\/v2\/posts\/3408\/revisions"}],"predecessor-version":[{"id":3409,"href":"https:\/\/fomentmolins.cat\/es\/wp-json\/wp\/v2\/posts\/3408\/revisions\/3409"}],"wp:featuredmedia":[{"embeddable":true,"href":"https:\/\/fomentmolins.cat\/es\/wp-json\/wp\/v2\/media\/3398"}],"wp:attachment":[{"href":"https:\/\/fomentmolins.cat\/es\/wp-json\/wp\/v2\/media?parent=3408"}],"wp:term":[{"taxonomy":"category","embeddable":true,"href":"https:\/\/fomentmolins.cat\/es\/wp-json\/wp\/v2\/categories?post=3408"},{"taxonomy":"post_tag","embeddable":true,"href":"https:\/\/fomentmolins.cat\/es\/wp-json\/wp\/v2\/tags?post=3408"}],"curies":[{"name":"wp","href":"https:\/\/api.w.org\/{rel}","templated":true}]}}