{"id":3433,"date":"2025-11-10T07:15:57","date_gmt":"2025-11-10T06:15:57","guid":{"rendered":"https:\/\/fomentmolins.cat\/el-foment-se-suma-al-voluntariat-per-la-llengua\/"},"modified":"2026-01-26T09:15:48","modified_gmt":"2026-01-26T08:15:48","slug":"el-foment-se-suma-al-voluntariat-per-la-llengua","status":"publish","type":"post","link":"https:\/\/fomentmolins.cat\/es\/el-foment-se-suma-al-voluntariat-per-la-llengua\/","title":{"rendered":"El Foment se suma al Voluntariat per la llengua"},"content":{"rendered":"\n<h2 class=\"wp-block-heading\">La cultura en catal\u00e1n, m\u00e1s viva que nunca<\/h2>\n\n<p>Nos enorgullece anunciar que el Foment Cultural y Art\u00edstic de Molins de Rei ya forma parte del proyecto de entidades colaboradoras del Voluntariado por la lengua. Con este paso, afianzamos nuestro compromiso con el uso y la promoci\u00f3n del catal\u00e1n desde la cultura, desde el teatro y desde la vida cotidiana. <\/p>\n\n<p>Foment ha sido siempre un espacio de encuentro, de expresi\u00f3n y de creaci\u00f3n. Ahora, adem\u00e1s, quiere ser tambi\u00e9n un lugar en el que las personas que quieren practicar y mejorar el catal\u00e1n se sientan bien acogidas y acompa\u00f1adas. Tanto si tienes el catal\u00e1n como lengua materna como si lo est\u00e1s aprendiendo, queremos que lo vivas con naturalidad y confianza.  <\/p>\n\n<p>\ud83d\udcac Hacer cultura en catal\u00e1n es vivirla con autenticidad.<br\/>Por eso apostamos por actividades, talleres y espect\u00e1culos que ponen la lengua en el centro, como veh\u00edculo de expresi\u00f3n y de cohesi\u00f3n.<\/p>\n\n<p>\ud83d\udccd La lengua tambi\u00e9n se defiende creando espacios en los que hablarla sea f\u00e1cil, natural y compartido.<br\/>Desde Foment, contribuiremos ofreciendo un entorno cercano y abierto, donde las parejas ling\u00fc\u00edsticas y los encuentros del Voluntariado por la lengua tengan su lugar.<\/p>\n\n<p>Con esta adhesi\u00f3n, Foment da un paso m\u00e1s por ser no s\u00f3lo una casa de cultura, sino tambi\u00e9n una casa de lengua. Porque cuidar el catal\u00e1n es, tambi\u00e9n, cuidar nuestra forma de entender el mundo y de construir el futuro. <\/p>\n\n<figure class=\"wp-block-gallery has-nested-images columns-default is-cropped wp-block-gallery-1 is-layout-flex wp-block-gallery-is-layout-flex\">\n<figure class=\"wp-block-image size-large\"><img loading=\"lazy\" decoding=\"async\" width=\"1024\" height=\"1019\" data-id=\"3428\" src=\"https:\/\/fomentmolins.cat\/wp-content\/uploads\/2025\/11\/IMG_0683-1024x1019.jpg\" alt=\"\" class=\"wp-image-3428\" srcset=\"https:\/\/fomentmolins.cat\/wp-content\/uploads\/2025\/11\/IMG_0683-1024x1019.jpg 1024w, https:\/\/fomentmolins.cat\/wp-content\/uploads\/2025\/11\/IMG_0683-300x298.jpg 300w, https:\/\/fomentmolins.cat\/wp-content\/uploads\/2025\/11\/IMG_0683-150x150.jpg 150w, https:\/\/fomentmolins.cat\/wp-content\/uploads\/2025\/11\/IMG_0683-768x764.jpg 768w, https:\/\/fomentmolins.cat\/wp-content\/uploads\/2025\/11\/IMG_0683.jpg 1320w\" sizes=\"auto, (max-width: 1024px) 100vw, 1024px\" \/><\/figure>\n\n\n\n<figure class=\"wp-block-image size-full\"><img loading=\"lazy\" decoding=\"async\" width=\"564\" height=\"605\" data-id=\"3604\" src=\"https:\/\/fomentmolins.cat\/wp-content\/uploads\/2025\/11\/DIputacio-de-brcelona-COlor.webp\" alt=\"\" class=\"wp-image-3604\" srcset=\"https:\/\/fomentmolins.cat\/wp-content\/uploads\/2025\/11\/DIputacio-de-brcelona-COlor.webp 564w, https:\/\/fomentmolins.cat\/wp-content\/uploads\/2025\/11\/DIputacio-de-brcelona-COlor-280x300.webp 280w\" sizes=\"auto, (max-width: 564px) 100vw, 564px\" \/><\/figure>\n\n\n\n<figure class=\"wp-block-image size-large\"><img loading=\"lazy\" decoding=\"async\" width=\"1024\" height=\"763\" data-id=\"3429\" src=\"https:\/\/fomentmolins.cat\/wp-content\/uploads\/2025\/11\/WhatsApp-Image-2025-11-13-at-09.11.32-1024x763.jpeg\" alt=\"\" class=\"wp-image-3429\" srcset=\"https:\/\/fomentmolins.cat\/wp-content\/uploads\/2025\/11\/WhatsApp-Image-2025-11-13-at-09.11.32-1024x763.jpeg 1024w, https:\/\/fomentmolins.cat\/wp-content\/uploads\/2025\/11\/WhatsApp-Image-2025-11-13-at-09.11.32-300x223.jpeg 300w, https:\/\/fomentmolins.cat\/wp-content\/uploads\/2025\/11\/WhatsApp-Image-2025-11-13-at-09.11.32-768x572.jpeg 768w, https:\/\/fomentmolins.cat\/wp-content\/uploads\/2025\/11\/WhatsApp-Image-2025-11-13-at-09.11.32-1536x1144.jpeg 1536w, https:\/\/fomentmolins.cat\/wp-content\/uploads\/2025\/11\/WhatsApp-Image-2025-11-13-at-09.11.32.jpeg 2048w\" sizes=\"auto, (max-width: 1024px) 100vw, 1024px\" \/><\/figure>\n<\/figure>\n\n<p><\/p>\n","protected":false},"excerpt":{"rendered":"<p>Nos enorgullece anunciar que el Fomento Cultural y Art\u00edstico de Molins de Rei ya forma parte del proyecto de entidades colaboradoras del Voluntariado por la lengua. <\/p>\n","protected":false},"author":6,"featured_media":3430,"comment_status":"open","ping_status":"closed","sticky":false,"template":"","format":"standard","meta":{"inline_featured_image":false,"footnotes":""},"categories":[91],"tags":[88],"class_list":["post-3433","post","type-post","status-publish","format-standard","has-post-thumbnail","hentry","category-dia-a-dia-es","tag-el-fomento"],"yoast_head":"<!-- This site is optimized with the Yoast SEO plugin v27.2 - https:\/\/yoast.com\/product\/yoast-seo-wordpress\/ -->\n<title>El Foment se suma al Voluntariat per la llengua - Foment Molins Cultural<\/title>\n<meta name=\"description\" content=\"Fomento Cultural y Art\u00edstico de Molins de Rei ya forma parte del proyecto de entidades colaboradoras del Voluntariado por la lengua.\" \/>\n<meta name=\"robots\" content=\"index, follow, max-snippet:-1, max-image-preview:large, max-video-preview:-1\" \/>\n<link rel=\"canonical\" href=\"https:\/\/fomentmolins.cat\/es\/el-foment-se-suma-al-voluntariat-per-la-llengua\/\" \/>\n<meta property=\"og:locale\" content=\"es_ES\" \/>\n<meta property=\"og:type\" content=\"article\" \/>\n<meta property=\"og:title\" content=\"El Foment se suma al Voluntariat per la llengua - Foment Molins Cultural\" \/>\n<meta property=\"og:description\" content=\"Fomento Cultural y Art\u00edstico de Molins de Rei ya forma parte del proyecto de entidades colaboradoras del Voluntariado por la lengua.\" \/>\n<meta property=\"og:url\" content=\"https:\/\/fomentmolins.cat\/es\/el-foment-se-suma-al-voluntariat-per-la-llengua\/\" \/>\n<meta property=\"og:site_name\" content=\"Foment Molins Cultural\" \/>\n<meta property=\"article:published_time\" content=\"2025-11-10T06:15:57+00:00\" \/>\n<meta property=\"article:modified_time\" content=\"2026-01-26T08:15:48+00:00\" \/>\n<meta property=\"og:image\" content=\"https:\/\/fomentmolins.cat\/wp-content\/uploads\/2025\/11\/IMG_0683.jpg\" \/>\n\t<meta property=\"og:image:width\" content=\"1320\" \/>\n\t<meta property=\"og:image:height\" content=\"1313\" \/>\n\t<meta property=\"og:image:type\" content=\"image\/jpeg\" \/>\n<meta name=\"author\" content=\"Foment Cultural i Art\u00edstic\" \/>\n<meta name=\"twitter:card\" content=\"summary_large_image\" \/>\n<meta name=\"twitter:label1\" content=\"Escrito por\" \/>\n\t<meta name=\"twitter:data1\" content=\"Foment Cultural i Art\u00edstic\" \/>\n\t<meta name=\"twitter:label2\" content=\"Tiempo de lectura\" \/>\n\t<meta name=\"twitter:data2\" content=\"1 minuto\" \/>\n<script type=\"application\/ld+json\" class=\"yoast-schema-graph\">{\"@context\":\"https:\/\/schema.org\",\"@graph\":[{\"@type\":\"Article\",\"@id\":\"https:\/\/fomentmolins.cat\/es\/el-foment-se-suma-al-voluntariat-per-la-llengua\/#article\",\"isPartOf\":{\"@id\":\"https:\/\/fomentmolins.cat\/es\/el-foment-se-suma-al-voluntariat-per-la-llengua\/\"},\"author\":{\"name\":\"Foment Cultural i Art\u00edstic\",\"@id\":\"https:\/\/fomentmolins.cat\/es\/#\/schema\/person\/97c5658972a2b117e786bb3154a4797f\"},\"headline\":\"El Foment se suma al Voluntariat per la llengua\",\"datePublished\":\"2025-11-10T06:15:57+00:00\",\"dateModified\":\"2026-01-26T08:15:48+00:00\",\"mainEntityOfPage\":{\"@id\":\"https:\/\/fomentmolins.cat\/es\/el-foment-se-suma-al-voluntariat-per-la-llengua\/\"},\"wordCount\":264,\"commentCount\":0,\"image\":{\"@id\":\"https:\/\/fomentmolins.cat\/es\/el-foment-se-suma-al-voluntariat-per-la-llengua\/#primaryimage\"},\"thumbnailUrl\":\"https:\/\/fomentmolins.cat\/wp-content\/uploads\/2025\/11\/IMG_0683.jpg\",\"keywords\":[\"El Fomento\"],\"articleSection\":[\"D\u00eda a d\u00eda\"],\"inLanguage\":\"es\",\"potentialAction\":[{\"@type\":\"CommentAction\",\"name\":\"Comment\",\"target\":[\"https:\/\/fomentmolins.cat\/es\/el-foment-se-suma-al-voluntariat-per-la-llengua\/#respond\"]}]},{\"@type\":\"WebPage\",\"@id\":\"https:\/\/fomentmolins.cat\/es\/el-foment-se-suma-al-voluntariat-per-la-llengua\/\",\"url\":\"https:\/\/fomentmolins.cat\/es\/el-foment-se-suma-al-voluntariat-per-la-llengua\/\",\"name\":\"El Foment se suma al Voluntariat per la llengua - Foment Molins Cultural\",\"isPartOf\":{\"@id\":\"https:\/\/fomentmolins.cat\/es\/#website\"},\"primaryImageOfPage\":{\"@id\":\"https:\/\/fomentmolins.cat\/es\/el-foment-se-suma-al-voluntariat-per-la-llengua\/#primaryimage\"},\"image\":{\"@id\":\"https:\/\/fomentmolins.cat\/es\/el-foment-se-suma-al-voluntariat-per-la-llengua\/#primaryimage\"},\"thumbnailUrl\":\"https:\/\/fomentmolins.cat\/wp-content\/uploads\/2025\/11\/IMG_0683.jpg\",\"datePublished\":\"2025-11-10T06:15:57+00:00\",\"dateModified\":\"2026-01-26T08:15:48+00:00\",\"author\":{\"@id\":\"https:\/\/fomentmolins.cat\/es\/#\/schema\/person\/97c5658972a2b117e786bb3154a4797f\"},\"description\":\"Fomento Cultural y Art\u00edstico de Molins de Rei ya forma parte del proyecto de entidades colaboradoras del Voluntariado por la lengua.\",\"breadcrumb\":{\"@id\":\"https:\/\/fomentmolins.cat\/es\/el-foment-se-suma-al-voluntariat-per-la-llengua\/#breadcrumb\"},\"inLanguage\":\"es\",\"potentialAction\":[{\"@type\":\"ReadAction\",\"target\":[\"https:\/\/fomentmolins.cat\/es\/el-foment-se-suma-al-voluntariat-per-la-llengua\/\"]}]},{\"@type\":\"ImageObject\",\"inLanguage\":\"es\",\"@id\":\"https:\/\/fomentmolins.cat\/es\/el-foment-se-suma-al-voluntariat-per-la-llengua\/#primaryimage\",\"url\":\"https:\/\/fomentmolins.cat\/wp-content\/uploads\/2025\/11\/IMG_0683.jpg\",\"contentUrl\":\"https:\/\/fomentmolins.cat\/wp-content\/uploads\/2025\/11\/IMG_0683.jpg\",\"width\":1320,\"height\":1313,\"caption\":\"En el Foment Cultural i Art\u00edstic de Molins de Rei hemos dado un paso que nos hace especial ilusi\u00f3n: ya formamos parte del programa d\u2019entitats col\u00b7laboradores del Voluntariat per la llengua. No es solo una adhesi\u00f3n formal; es una declaraci\u00f3n de intenciones sobre c\u00f3mo entendemos la cultura, el teatro y la vida en comunidad.\"},{\"@type\":\"BreadcrumbList\",\"@id\":\"https:\/\/fomentmolins.cat\/es\/el-foment-se-suma-al-voluntariat-per-la-llengua\/#breadcrumb\",\"itemListElement\":[{\"@type\":\"ListItem\",\"position\":1,\"name\":\"Portada\",\"item\":\"https:\/\/fomentmolins.cat\/es\/\"},{\"@type\":\"ListItem\",\"position\":2,\"name\":\"El Foment se suma al Voluntariat per la llengua\"}]},{\"@type\":\"WebSite\",\"@id\":\"https:\/\/fomentmolins.cat\/es\/#website\",\"url\":\"https:\/\/fomentmolins.cat\/es\/\",\"name\":\"Foment Molins Cultural\",\"description\":\"\",\"potentialAction\":[{\"@type\":\"SearchAction\",\"target\":{\"@type\":\"EntryPoint\",\"urlTemplate\":\"https:\/\/fomentmolins.cat\/es\/?s={search_term_string}\"},\"query-input\":{\"@type\":\"PropertyValueSpecification\",\"valueRequired\":true,\"valueName\":\"search_term_string\"}}],\"inLanguage\":\"es\"},{\"@type\":\"Person\",\"@id\":\"https:\/\/fomentmolins.cat\/es\/#\/schema\/person\/97c5658972a2b117e786bb3154a4797f\",\"name\":\"Foment Cultural i Art\u00edstic\",\"image\":{\"@type\":\"ImageObject\",\"inLanguage\":\"es\",\"@id\":\"https:\/\/secure.gravatar.com\/avatar\/6afa5d00109ab0ad887a3ebd7df8de0143713162a231800a3e1ba59eb8d2dba8?s=96&d=mm&r=g\",\"url\":\"https:\/\/secure.gravatar.com\/avatar\/6afa5d00109ab0ad887a3ebd7df8de0143713162a231800a3e1ba59eb8d2dba8?s=96&d=mm&r=g\",\"contentUrl\":\"https:\/\/secure.gravatar.com\/avatar\/6afa5d00109ab0ad887a3ebd7df8de0143713162a231800a3e1ba59eb8d2dba8?s=96&d=mm&r=g\",\"caption\":\"Foment Cultural i Art\u00edstic\"},\"url\":\"https:\/\/fomentmolins.cat\/es\/author\/soki_foment\/\"}]}<\/script>\n<!-- \/ Yoast SEO plugin. -->","yoast_head_json":{"title":"El Foment se suma al Voluntariat per la llengua - Foment Molins Cultural","description":"Fomento Cultural y Art\u00edstico de Molins de Rei ya forma parte del proyecto de entidades colaboradoras del Voluntariado por la lengua.","robots":{"index":"index","follow":"follow","max-snippet":"max-snippet:-1","max-image-preview":"max-image-preview:large","max-video-preview":"max-video-preview:-1"},"canonical":"https:\/\/fomentmolins.cat\/es\/el-foment-se-suma-al-voluntariat-per-la-llengua\/","og_locale":"es_ES","og_type":"article","og_title":"El Foment se suma al Voluntariat per la llengua - Foment Molins Cultural","og_description":"Fomento Cultural y Art\u00edstico de Molins de Rei ya forma parte del proyecto de entidades colaboradoras del Voluntariado por la lengua.","og_url":"https:\/\/fomentmolins.cat\/es\/el-foment-se-suma-al-voluntariat-per-la-llengua\/","og_site_name":"Foment Molins Cultural","article_published_time":"2025-11-10T06:15:57+00:00","article_modified_time":"2026-01-26T08:15:48+00:00","og_image":[{"width":1320,"height":1313,"url":"https:\/\/fomentmolins.cat\/wp-content\/uploads\/2025\/11\/IMG_0683.jpg","type":"image\/jpeg"}],"author":"Foment Cultural i Art\u00edstic","twitter_card":"summary_large_image","twitter_misc":{"Escrito por":"Foment Cultural i Art\u00edstic","Tiempo de lectura":"1 minuto"},"schema":{"@context":"https:\/\/schema.org","@graph":[{"@type":"Article","@id":"https:\/\/fomentmolins.cat\/es\/el-foment-se-suma-al-voluntariat-per-la-llengua\/#article","isPartOf":{"@id":"https:\/\/fomentmolins.cat\/es\/el-foment-se-suma-al-voluntariat-per-la-llengua\/"},"author":{"name":"Foment Cultural i Art\u00edstic","@id":"https:\/\/fomentmolins.cat\/es\/#\/schema\/person\/97c5658972a2b117e786bb3154a4797f"},"headline":"El Foment se suma al Voluntariat per la llengua","datePublished":"2025-11-10T06:15:57+00:00","dateModified":"2026-01-26T08:15:48+00:00","mainEntityOfPage":{"@id":"https:\/\/fomentmolins.cat\/es\/el-foment-se-suma-al-voluntariat-per-la-llengua\/"},"wordCount":264,"commentCount":0,"image":{"@id":"https:\/\/fomentmolins.cat\/es\/el-foment-se-suma-al-voluntariat-per-la-llengua\/#primaryimage"},"thumbnailUrl":"https:\/\/fomentmolins.cat\/wp-content\/uploads\/2025\/11\/IMG_0683.jpg","keywords":["El Fomento"],"articleSection":["D\u00eda a d\u00eda"],"inLanguage":"es","potentialAction":[{"@type":"CommentAction","name":"Comment","target":["https:\/\/fomentmolins.cat\/es\/el-foment-se-suma-al-voluntariat-per-la-llengua\/#respond"]}]},{"@type":"WebPage","@id":"https:\/\/fomentmolins.cat\/es\/el-foment-se-suma-al-voluntariat-per-la-llengua\/","url":"https:\/\/fomentmolins.cat\/es\/el-foment-se-suma-al-voluntariat-per-la-llengua\/","name":"El Foment se suma al Voluntariat per la llengua - Foment Molins Cultural","isPartOf":{"@id":"https:\/\/fomentmolins.cat\/es\/#website"},"primaryImageOfPage":{"@id":"https:\/\/fomentmolins.cat\/es\/el-foment-se-suma-al-voluntariat-per-la-llengua\/#primaryimage"},"image":{"@id":"https:\/\/fomentmolins.cat\/es\/el-foment-se-suma-al-voluntariat-per-la-llengua\/#primaryimage"},"thumbnailUrl":"https:\/\/fomentmolins.cat\/wp-content\/uploads\/2025\/11\/IMG_0683.jpg","datePublished":"2025-11-10T06:15:57+00:00","dateModified":"2026-01-26T08:15:48+00:00","author":{"@id":"https:\/\/fomentmolins.cat\/es\/#\/schema\/person\/97c5658972a2b117e786bb3154a4797f"},"description":"Fomento Cultural y Art\u00edstico de Molins de Rei ya forma parte del proyecto de entidades colaboradoras del Voluntariado por la lengua.","breadcrumb":{"@id":"https:\/\/fomentmolins.cat\/es\/el-foment-se-suma-al-voluntariat-per-la-llengua\/#breadcrumb"},"inLanguage":"es","potentialAction":[{"@type":"ReadAction","target":["https:\/\/fomentmolins.cat\/es\/el-foment-se-suma-al-voluntariat-per-la-llengua\/"]}]},{"@type":"ImageObject","inLanguage":"es","@id":"https:\/\/fomentmolins.cat\/es\/el-foment-se-suma-al-voluntariat-per-la-llengua\/#primaryimage","url":"https:\/\/fomentmolins.cat\/wp-content\/uploads\/2025\/11\/IMG_0683.jpg","contentUrl":"https:\/\/fomentmolins.cat\/wp-content\/uploads\/2025\/11\/IMG_0683.jpg","width":1320,"height":1313,"caption":"En el Foment Cultural i Art\u00edstic de Molins de Rei hemos dado un paso que nos hace especial ilusi\u00f3n: ya formamos parte del programa d\u2019entitats col\u00b7laboradores del Voluntariat per la llengua. No es solo una adhesi\u00f3n formal; es una declaraci\u00f3n de intenciones sobre c\u00f3mo entendemos la cultura, el teatro y la vida en comunidad."},{"@type":"BreadcrumbList","@id":"https:\/\/fomentmolins.cat\/es\/el-foment-se-suma-al-voluntariat-per-la-llengua\/#breadcrumb","itemListElement":[{"@type":"ListItem","position":1,"name":"Portada","item":"https:\/\/fomentmolins.cat\/es\/"},{"@type":"ListItem","position":2,"name":"El Foment se suma al Voluntariat per la llengua"}]},{"@type":"WebSite","@id":"https:\/\/fomentmolins.cat\/es\/#website","url":"https:\/\/fomentmolins.cat\/es\/","name":"Foment Molins Cultural","description":"","potentialAction":[{"@type":"SearchAction","target":{"@type":"EntryPoint","urlTemplate":"https:\/\/fomentmolins.cat\/es\/?s={search_term_string}"},"query-input":{"@type":"PropertyValueSpecification","valueRequired":true,"valueName":"search_term_string"}}],"inLanguage":"es"},{"@type":"Person","@id":"https:\/\/fomentmolins.cat\/es\/#\/schema\/person\/97c5658972a2b117e786bb3154a4797f","name":"Foment Cultural i Art\u00edstic","image":{"@type":"ImageObject","inLanguage":"es","@id":"https:\/\/secure.gravatar.com\/avatar\/6afa5d00109ab0ad887a3ebd7df8de0143713162a231800a3e1ba59eb8d2dba8?s=96&d=mm&r=g","url":"https:\/\/secure.gravatar.com\/avatar\/6afa5d00109ab0ad887a3ebd7df8de0143713162a231800a3e1ba59eb8d2dba8?s=96&d=mm&r=g","contentUrl":"https:\/\/secure.gravatar.com\/avatar\/6afa5d00109ab0ad887a3ebd7df8de0143713162a231800a3e1ba59eb8d2dba8?s=96&d=mm&r=g","caption":"Foment Cultural i Art\u00edstic"},"url":"https:\/\/fomentmolins.cat\/es\/author\/soki_foment\/"}]}},"_links":{"self":[{"href":"https:\/\/fomentmolins.cat\/es\/wp-json\/wp\/v2\/posts\/3433","targetHints":{"allow":["GET"]}}],"collection":[{"href":"https:\/\/fomentmolins.cat\/es\/wp-json\/wp\/v2\/posts"}],"about":[{"href":"https:\/\/fomentmolins.cat\/es\/wp-json\/wp\/v2\/types\/post"}],"author":[{"embeddable":true,"href":"https:\/\/fomentmolins.cat\/es\/wp-json\/wp\/v2\/users\/6"}],"replies":[{"embeddable":true,"href":"https:\/\/fomentmolins.cat\/es\/wp-json\/wp\/v2\/comments?post=3433"}],"version-history":[{"count":3,"href":"https:\/\/fomentmolins.cat\/es\/wp-json\/wp\/v2\/posts\/3433\/revisions"}],"predecessor-version":[{"id":3607,"href":"https:\/\/fomentmolins.cat\/es\/wp-json\/wp\/v2\/posts\/3433\/revisions\/3607"}],"wp:featuredmedia":[{"embeddable":true,"href":"https:\/\/fomentmolins.cat\/es\/wp-json\/wp\/v2\/media\/3430"}],"wp:attachment":[{"href":"https:\/\/fomentmolins.cat\/es\/wp-json\/wp\/v2\/media?parent=3433"}],"wp:term":[{"taxonomy":"category","embeddable":true,"href":"https:\/\/fomentmolins.cat\/es\/wp-json\/wp\/v2\/categories?post=3433"},{"taxonomy":"post_tag","embeddable":true,"href":"https:\/\/fomentmolins.cat\/es\/wp-json\/wp\/v2\/tags?post=3433"}],"curies":[{"name":"wp","href":"https:\/\/api.w.org\/{rel}","templated":true}]}}