{"id":372,"date":"2023-06-30T16:44:20","date_gmt":"2023-06-30T14:44:20","guid":{"rendered":"https:\/\/fomentmolins.cat\/wordpress\/?p=372"},"modified":"2023-07-02T17:41:15","modified_gmt":"2023-07-02T15:41:15","slug":"manu-guix-the-veterans-en-foment","status":"publish","type":"post","link":"https:\/\/fomentmolins.cat\/es\/manu-guix-the-veterans-en-foment\/","title":{"rendered":"Manu Guix &#038; The Veterans en Foment"},"content":{"rendered":"\n<p><strong>Este s\u00e1bado 23 de septiembre a las 21 horas Munu Guix actuar\u00e1 en Foment Molins<\/strong><\/p>\n\n\n\n<p>Manu Guix vuelve con nuevo disco y nueva gira en el\u00e9ctrico. Para ello, el polivalente artista se ha acompa\u00f1ado de una banda formada por cinco de los mejores m\u00fasicos del pa\u00eds que, durante m\u00e1s de una hora de concierto, presentar\u00e1n las canciones del nuevo disco y repasar\u00e1n sus logros de siempre.<\/p>\n\n\n\n<p>En este nuevo disco, llamado Moments, Manu Guix se presenta con un sonido totalmente nuevo al que nos ten\u00eda acostumbrados hasta ahora, donde la electr\u00f3nica y el pop se dan la mano.<\/p>\n\n\n\n<p>El disco recoge ocho canciones compuestas en los dos \u00faltimos a\u00f1os, desde el primer confinamiento hasta el d\u00eda de hoy. Si con el trabajo anterior, Despu\u00e9s de todo, (M\u00fasica Global, 2017), hab\u00eda una apuesta muy clara por la m\u00fasica hecha con instrumentos reales, en este trabajo ha apostado justamente por el contrario. Bases y beatos electr\u00f3nicos, pads, sintetizadores y otras texturas electr\u00f3nicas visten estas canciones de pop de autor que nos hablan de lo cotidiano.<\/p>\n\n\n\n<p>Esta renovaci\u00f3n pudo verse ya en el primer adelanto publicado en noviembre de 2021. Se trata de \u201cSeguiremos\u201d, una canci\u00f3n llena de vida que cuenta una historia que habla tanto de la superaci\u00f3n personal como de la colectiva. Despu\u00e9s de lo que ha vivido el mundo en los \u00faltimos tiempos, no deja de ser un canto de optimismo y alegr\u00eda dedicado no s\u00f3lo a sus seguidores, sino a todo el mundo.<br>Un espect\u00e1culo con un repertorio cuidado y con una banda irrepetible, con cinco de los mejores m\u00fasicos del pa\u00eds.<\/p>\n\n\n\n<div class=\"wp-block-columns is-layout-flex wp-container-core-columns-is-layout-9d6595d7 wp-block-columns-is-layout-flex\">\n<div class=\"wp-block-column is-layout-flow wp-block-column-is-layout-flow\" style=\"flex-basis:66.66%\">\n<figure class=\"wp-block-embed is-type-video is-provider-youtube wp-block-embed-youtube wp-embed-aspect-16-9 wp-has-aspect-ratio\"><div class=\"wp-block-embed__wrapper\">\n<div class='embed-responsive embed-responsive-16by9 xtd-shadow--normal-hard'><iframe loading=\"lazy\" class=\"embed-responsive-item\" title=\"Manu Guix - Moments (Videoclip Oficial)\" width=\"660\" height=\"371\" src=\"https:\/\/www.youtube.com\/embed\/HTBFfzIu3gs?feature=oembed&#038;modestbranding=1&#038;showinfo=0&#038;rel=0\"  allow=\"accelerometer; autoplay; clipboard-write; encrypted-media; gyroscope; picture-in-picture; web-share\" referrerpolicy=\"strict-origin-when-cross-origin\" allowfullscreen><\/iframe><\/div>\n<\/div><\/figure>\n<\/div>\n\n\n\n<div class=\"wp-block-column is-layout-flow wp-block-column-is-layout-flow\" style=\"flex-basis:33.33%\">\n<p><strong>Int\u00e9rpretes<\/strong><\/p>\n\n\n\n<p><br><strong>Direcci\u00f3n, voz y piano:<\/strong> Manu Guix<br><strong>Bater\u00eda: <\/strong>Toni Pag\u00e8s<br><strong>Abajo: <\/strong>Jordi Franco<br><strong>Guitarra:<\/strong> Jordi Roquer<br><strong>Saxo:<\/strong> Oriol Cus\u00f3<br><strong>Trompeta:<\/strong> Jaume Pe\u00f1a<\/p>\n<\/div>\n<\/div>\n\n\n\n<div class=\"wp-block-buttons is-layout-flex wp-block-buttons-is-layout-flex\">\n<div class=\"wp-block-button\"><a class=\"wp-block-button__link wp-element-button\" href=\"https:\/\/www.entrapolis.com\/entrades\/manu-guix-the-veterans\" target=\"_blank\" rel=\"noreferrer noopener\">Comprar entradas<\/a><\/div>\n<\/div>\n","protected":false},"excerpt":{"rendered":"<p>Este s\u00e1bado 23 de septiembre a las 21 horas Munu Guix actuar\u00e1 en Foment Molins.<\/p>\n","protected":false},"author":3,"featured_media":374,"comment_status":"closed","ping_status":"closed","sticky":false,"template":"","format":"standard","meta":{"inline_featured_image":false,"footnotes":""},"categories":[30],"tags":[31],"class_list":["post-372","post","type-post","status-publish","format-standard","has-post-thumbnail","hentry","category-musica","tag-manu-guix"],"yoast_head":"<!-- This site is optimized with the Yoast SEO plugin v27.2 - https:\/\/yoast.com\/product\/yoast-seo-wordpress\/ -->\n<title>Manu Guix &amp; The Veterans en Foment - Foment Molins Cultural<\/title>\n<meta name=\"robots\" content=\"index, follow, max-snippet:-1, max-image-preview:large, max-video-preview:-1\" \/>\n<link rel=\"canonical\" href=\"https:\/\/fomentmolins.cat\/es\/manu-guix-the-veterans-en-foment\/\" \/>\n<meta property=\"og:locale\" content=\"es_ES\" \/>\n<meta property=\"og:type\" content=\"article\" \/>\n<meta property=\"og:title\" content=\"Manu Guix &amp; The Veterans en Foment - Foment Molins Cultural\" \/>\n<meta property=\"og:description\" content=\"Este s\u00e1bado 23 de septiembre a las 21 horas Munu Guix actuar\u00e1 en Foment Molins.\" \/>\n<meta property=\"og:url\" content=\"https:\/\/fomentmolins.cat\/es\/manu-guix-the-veterans-en-foment\/\" \/>\n<meta property=\"og:site_name\" content=\"Foment Molins Cultural\" \/>\n<meta property=\"article:published_time\" content=\"2023-06-30T14:44:20+00:00\" \/>\n<meta property=\"article:modified_time\" content=\"2023-07-02T15:41:15+00:00\" \/>\n<meta property=\"og:image\" content=\"https:\/\/fomentmolins.cat\/wp-content\/uploads\/2023\/07\/MANU-GUIX_cartellera-digital-1024x576.png\" \/>\n\t<meta property=\"og:image:width\" content=\"1024\" \/>\n\t<meta property=\"og:image:height\" content=\"576\" \/>\n\t<meta property=\"og:image:type\" content=\"image\/png\" \/>\n<meta name=\"author\" content=\"Foment Molins Cultural\" \/>\n<meta name=\"twitter:card\" content=\"summary_large_image\" \/>\n<meta name=\"twitter:label1\" content=\"Escrito por\" \/>\n\t<meta name=\"twitter:data1\" content=\"Foment Molins Cultural\" \/>\n\t<meta name=\"twitter:label2\" content=\"Tiempo de lectura\" \/>\n\t<meta name=\"twitter:data2\" content=\"2 minutos\" \/>\n<script type=\"application\/ld+json\" class=\"yoast-schema-graph\">{\"@context\":\"https:\/\/schema.org\",\"@graph\":[{\"@type\":\"Article\",\"@id\":\"https:\/\/fomentmolins.cat\/es\/manu-guix-the-veterans-en-foment\/#article\",\"isPartOf\":{\"@id\":\"https:\/\/fomentmolins.cat\/es\/manu-guix-the-veterans-en-foment\/\"},\"author\":{\"name\":\"Foment Molins Cultural\",\"@id\":\"https:\/\/fomentmolins.cat\/es\/#\/schema\/person\/a0a8e93bf2ff2dd990d83b9fd7ca365a\"},\"headline\":\"Manu Guix &#038; The Veterans en Foment\",\"datePublished\":\"2023-06-30T14:44:20+00:00\",\"dateModified\":\"2023-07-02T15:41:15+00:00\",\"mainEntityOfPage\":{\"@id\":\"https:\/\/fomentmolins.cat\/es\/manu-guix-the-veterans-en-foment\/\"},\"wordCount\":326,\"image\":{\"@id\":\"https:\/\/fomentmolins.cat\/es\/manu-guix-the-veterans-en-foment\/#primaryimage\"},\"thumbnailUrl\":\"https:\/\/fomentmolins.cat\/wp-content\/uploads\/2023\/07\/MANU-GUIX_cartellera-digital.png\",\"keywords\":[\"Manu Guix\"],\"articleSection\":[\"M\u00fasica\"],\"inLanguage\":\"es\"},{\"@type\":\"WebPage\",\"@id\":\"https:\/\/fomentmolins.cat\/es\/manu-guix-the-veterans-en-foment\/\",\"url\":\"https:\/\/fomentmolins.cat\/es\/manu-guix-the-veterans-en-foment\/\",\"name\":\"Manu Guix & The Veterans en Foment - Foment Molins Cultural\",\"isPartOf\":{\"@id\":\"https:\/\/fomentmolins.cat\/es\/#website\"},\"primaryImageOfPage\":{\"@id\":\"https:\/\/fomentmolins.cat\/es\/manu-guix-the-veterans-en-foment\/#primaryimage\"},\"image\":{\"@id\":\"https:\/\/fomentmolins.cat\/es\/manu-guix-the-veterans-en-foment\/#primaryimage\"},\"thumbnailUrl\":\"https:\/\/fomentmolins.cat\/wp-content\/uploads\/2023\/07\/MANU-GUIX_cartellera-digital.png\",\"datePublished\":\"2023-06-30T14:44:20+00:00\",\"dateModified\":\"2023-07-02T15:41:15+00:00\",\"author\":{\"@id\":\"https:\/\/fomentmolins.cat\/es\/#\/schema\/person\/a0a8e93bf2ff2dd990d83b9fd7ca365a\"},\"breadcrumb\":{\"@id\":\"https:\/\/fomentmolins.cat\/es\/manu-guix-the-veterans-en-foment\/#breadcrumb\"},\"inLanguage\":\"es\",\"potentialAction\":[{\"@type\":\"ReadAction\",\"target\":[\"https:\/\/fomentmolins.cat\/es\/manu-guix-the-veterans-en-foment\/\"]}]},{\"@type\":\"ImageObject\",\"inLanguage\":\"es\",\"@id\":\"https:\/\/fomentmolins.cat\/es\/manu-guix-the-veterans-en-foment\/#primaryimage\",\"url\":\"https:\/\/fomentmolins.cat\/wp-content\/uploads\/2023\/07\/MANU-GUIX_cartellera-digital.png\",\"contentUrl\":\"https:\/\/fomentmolins.cat\/wp-content\/uploads\/2023\/07\/MANU-GUIX_cartellera-digital.png\",\"width\":1920,\"height\":1080},{\"@type\":\"BreadcrumbList\",\"@id\":\"https:\/\/fomentmolins.cat\/es\/manu-guix-the-veterans-en-foment\/#breadcrumb\",\"itemListElement\":[{\"@type\":\"ListItem\",\"position\":1,\"name\":\"Portada\",\"item\":\"https:\/\/fomentmolins.cat\/es\/\"},{\"@type\":\"ListItem\",\"position\":2,\"name\":\"Manu Guix &#038; The Veterans en Foment\"}]},{\"@type\":\"WebSite\",\"@id\":\"https:\/\/fomentmolins.cat\/es\/#website\",\"url\":\"https:\/\/fomentmolins.cat\/es\/\",\"name\":\"Foment Molins Cultural\",\"description\":\"\",\"potentialAction\":[{\"@type\":\"SearchAction\",\"target\":{\"@type\":\"EntryPoint\",\"urlTemplate\":\"https:\/\/fomentmolins.cat\/es\/?s={search_term_string}\"},\"query-input\":{\"@type\":\"PropertyValueSpecification\",\"valueRequired\":true,\"valueName\":\"search_term_string\"}}],\"inLanguage\":\"es\"},{\"@type\":\"Person\",\"@id\":\"https:\/\/fomentmolins.cat\/es\/#\/schema\/person\/a0a8e93bf2ff2dd990d83b9fd7ca365a\",\"name\":\"Foment Molins Cultural\",\"image\":{\"@type\":\"ImageObject\",\"inLanguage\":\"es\",\"@id\":\"https:\/\/secure.gravatar.com\/avatar\/a019c39072cc7d669be4d6e2cda099b4e834789e55938a3ec58bef829a37db42?s=96&d=mm&r=g\",\"url\":\"https:\/\/secure.gravatar.com\/avatar\/a019c39072cc7d669be4d6e2cda099b4e834789e55938a3ec58bef829a37db42?s=96&d=mm&r=g\",\"contentUrl\":\"https:\/\/secure.gravatar.com\/avatar\/a019c39072cc7d669be4d6e2cda099b4e834789e55938a3ec58bef829a37db42?s=96&d=mm&r=g\",\"caption\":\"Foment Molins Cultural\"},\"url\":\"https:\/\/fomentmolins.cat\/es\/author\/lydia\/\"}]}<\/script>\n<!-- \/ Yoast SEO plugin. -->","yoast_head_json":{"title":"Manu Guix & The Veterans en Foment - Foment Molins Cultural","robots":{"index":"index","follow":"follow","max-snippet":"max-snippet:-1","max-image-preview":"max-image-preview:large","max-video-preview":"max-video-preview:-1"},"canonical":"https:\/\/fomentmolins.cat\/es\/manu-guix-the-veterans-en-foment\/","og_locale":"es_ES","og_type":"article","og_title":"Manu Guix & The Veterans en Foment - Foment Molins Cultural","og_description":"Este s\u00e1bado 23 de septiembre a las 21 horas Munu Guix actuar\u00e1 en Foment Molins.","og_url":"https:\/\/fomentmolins.cat\/es\/manu-guix-the-veterans-en-foment\/","og_site_name":"Foment Molins Cultural","article_published_time":"2023-06-30T14:44:20+00:00","article_modified_time":"2023-07-02T15:41:15+00:00","og_image":[{"width":1024,"height":576,"url":"https:\/\/fomentmolins.cat\/wp-content\/uploads\/2023\/07\/MANU-GUIX_cartellera-digital-1024x576.png","type":"image\/png"}],"author":"Foment Molins Cultural","twitter_card":"summary_large_image","twitter_misc":{"Escrito por":"Foment Molins Cultural","Tiempo de lectura":"2 minutos"},"schema":{"@context":"https:\/\/schema.org","@graph":[{"@type":"Article","@id":"https:\/\/fomentmolins.cat\/es\/manu-guix-the-veterans-en-foment\/#article","isPartOf":{"@id":"https:\/\/fomentmolins.cat\/es\/manu-guix-the-veterans-en-foment\/"},"author":{"name":"Foment Molins Cultural","@id":"https:\/\/fomentmolins.cat\/es\/#\/schema\/person\/a0a8e93bf2ff2dd990d83b9fd7ca365a"},"headline":"Manu Guix &#038; The Veterans en Foment","datePublished":"2023-06-30T14:44:20+00:00","dateModified":"2023-07-02T15:41:15+00:00","mainEntityOfPage":{"@id":"https:\/\/fomentmolins.cat\/es\/manu-guix-the-veterans-en-foment\/"},"wordCount":326,"image":{"@id":"https:\/\/fomentmolins.cat\/es\/manu-guix-the-veterans-en-foment\/#primaryimage"},"thumbnailUrl":"https:\/\/fomentmolins.cat\/wp-content\/uploads\/2023\/07\/MANU-GUIX_cartellera-digital.png","keywords":["Manu Guix"],"articleSection":["M\u00fasica"],"inLanguage":"es"},{"@type":"WebPage","@id":"https:\/\/fomentmolins.cat\/es\/manu-guix-the-veterans-en-foment\/","url":"https:\/\/fomentmolins.cat\/es\/manu-guix-the-veterans-en-foment\/","name":"Manu Guix & The Veterans en Foment - Foment Molins Cultural","isPartOf":{"@id":"https:\/\/fomentmolins.cat\/es\/#website"},"primaryImageOfPage":{"@id":"https:\/\/fomentmolins.cat\/es\/manu-guix-the-veterans-en-foment\/#primaryimage"},"image":{"@id":"https:\/\/fomentmolins.cat\/es\/manu-guix-the-veterans-en-foment\/#primaryimage"},"thumbnailUrl":"https:\/\/fomentmolins.cat\/wp-content\/uploads\/2023\/07\/MANU-GUIX_cartellera-digital.png","datePublished":"2023-06-30T14:44:20+00:00","dateModified":"2023-07-02T15:41:15+00:00","author":{"@id":"https:\/\/fomentmolins.cat\/es\/#\/schema\/person\/a0a8e93bf2ff2dd990d83b9fd7ca365a"},"breadcrumb":{"@id":"https:\/\/fomentmolins.cat\/es\/manu-guix-the-veterans-en-foment\/#breadcrumb"},"inLanguage":"es","potentialAction":[{"@type":"ReadAction","target":["https:\/\/fomentmolins.cat\/es\/manu-guix-the-veterans-en-foment\/"]}]},{"@type":"ImageObject","inLanguage":"es","@id":"https:\/\/fomentmolins.cat\/es\/manu-guix-the-veterans-en-foment\/#primaryimage","url":"https:\/\/fomentmolins.cat\/wp-content\/uploads\/2023\/07\/MANU-GUIX_cartellera-digital.png","contentUrl":"https:\/\/fomentmolins.cat\/wp-content\/uploads\/2023\/07\/MANU-GUIX_cartellera-digital.png","width":1920,"height":1080},{"@type":"BreadcrumbList","@id":"https:\/\/fomentmolins.cat\/es\/manu-guix-the-veterans-en-foment\/#breadcrumb","itemListElement":[{"@type":"ListItem","position":1,"name":"Portada","item":"https:\/\/fomentmolins.cat\/es\/"},{"@type":"ListItem","position":2,"name":"Manu Guix &#038; The Veterans en Foment"}]},{"@type":"WebSite","@id":"https:\/\/fomentmolins.cat\/es\/#website","url":"https:\/\/fomentmolins.cat\/es\/","name":"Foment Molins Cultural","description":"","potentialAction":[{"@type":"SearchAction","target":{"@type":"EntryPoint","urlTemplate":"https:\/\/fomentmolins.cat\/es\/?s={search_term_string}"},"query-input":{"@type":"PropertyValueSpecification","valueRequired":true,"valueName":"search_term_string"}}],"inLanguage":"es"},{"@type":"Person","@id":"https:\/\/fomentmolins.cat\/es\/#\/schema\/person\/a0a8e93bf2ff2dd990d83b9fd7ca365a","name":"Foment Molins Cultural","image":{"@type":"ImageObject","inLanguage":"es","@id":"https:\/\/secure.gravatar.com\/avatar\/a019c39072cc7d669be4d6e2cda099b4e834789e55938a3ec58bef829a37db42?s=96&d=mm&r=g","url":"https:\/\/secure.gravatar.com\/avatar\/a019c39072cc7d669be4d6e2cda099b4e834789e55938a3ec58bef829a37db42?s=96&d=mm&r=g","contentUrl":"https:\/\/secure.gravatar.com\/avatar\/a019c39072cc7d669be4d6e2cda099b4e834789e55938a3ec58bef829a37db42?s=96&d=mm&r=g","caption":"Foment Molins Cultural"},"url":"https:\/\/fomentmolins.cat\/es\/author\/lydia\/"}]}},"_links":{"self":[{"href":"https:\/\/fomentmolins.cat\/es\/wp-json\/wp\/v2\/posts\/372","targetHints":{"allow":["GET"]}}],"collection":[{"href":"https:\/\/fomentmolins.cat\/es\/wp-json\/wp\/v2\/posts"}],"about":[{"href":"https:\/\/fomentmolins.cat\/es\/wp-json\/wp\/v2\/types\/post"}],"author":[{"embeddable":true,"href":"https:\/\/fomentmolins.cat\/es\/wp-json\/wp\/v2\/users\/3"}],"replies":[{"embeddable":true,"href":"https:\/\/fomentmolins.cat\/es\/wp-json\/wp\/v2\/comments?post=372"}],"version-history":[{"count":5,"href":"https:\/\/fomentmolins.cat\/es\/wp-json\/wp\/v2\/posts\/372\/revisions"}],"predecessor-version":[{"id":408,"href":"https:\/\/fomentmolins.cat\/es\/wp-json\/wp\/v2\/posts\/372\/revisions\/408"}],"wp:featuredmedia":[{"embeddable":true,"href":"https:\/\/fomentmolins.cat\/es\/wp-json\/wp\/v2\/media\/374"}],"wp:attachment":[{"href":"https:\/\/fomentmolins.cat\/es\/wp-json\/wp\/v2\/media?parent=372"}],"wp:term":[{"taxonomy":"category","embeddable":true,"href":"https:\/\/fomentmolins.cat\/es\/wp-json\/wp\/v2\/categories?post=372"},{"taxonomy":"post_tag","embeddable":true,"href":"https:\/\/fomentmolins.cat\/es\/wp-json\/wp\/v2\/tags?post=372"}],"curies":[{"name":"wp","href":"https:\/\/api.w.org\/{rel}","templated":true}]}}