{"id":406,"date":"2020-11-10T17:38:00","date_gmt":"2020-11-10T16:38:00","guid":{"rendered":"https:\/\/fomentmolins.cat\/wordpress\/?p=406"},"modified":"2023-07-02T17:44:10","modified_gmt":"2023-07-02T15:44:10","slug":"montse-jane-cumple-50-anos-en-el-foment","status":"publish","type":"post","link":"https:\/\/fomentmolins.cat\/es\/montse-jane-cumple-50-anos-en-el-foment\/","title":{"rendered":"Montse Jan\u00e9 cumple 50 a\u00f1os en el Foment"},"content":{"rendered":"\n<p>El Teatro Foment de Molins de Rei est\u00e1 cargado de historias y recuerdos. Pero, entre todos esos recuerdos, hay una historia que brilla por su constancia y amor por el teatro. Esta es la historia de Montse Jan\u00e9, una mujer que ha dedicado su vida a la taquilla del Teatro Foment.<\/p>\n\n\n\n<p>Todo comenz\u00f3 el 29 de septiembre de 1970. Montse, una molinense de 30 a\u00f1os de edad, entr\u00f3 por primera vez en el Foment como taquillera. No era un trabajo nuevo para ella. Hab\u00eda aprendido el oficio de su madre, que era la taquillera de los cines Garb\u00ed. Fue ella quien anim\u00f3 a Montse a presentarse en Foment.<\/p>\n\n\n\n<p>Medio siglo despu\u00e9s, este a\u00f1o 2020, celebramos con orgullo y gratitud sus 50 a\u00f1os de dedicaci\u00f3n a la taquilla de Foment. Su constante presencia en nuestro teatro ha sido un regalo inestimable, y no s\u00f3lo por su trabajo, sino tambi\u00e9n por su amabilidad y su permanente dedicaci\u00f3n a nuestra entidad.<\/p>\n\n\n\n<p>Todos los que conocemos a Montse, valoramos su sonrisa y la amabilidad con la que nos atiende cada vez que cruzamos las puertas del teatro. Se ha convertido en un rostro familiar, y su compromiso con el teatro se puede sentir en cada interacci\u00f3n.<\/p>\n\n\n\n<p>Por todo esto y mucho m\u00e1s, queremos decir: Muchas gracias, Montse. Tu contribuci\u00f3n ha hecho del Teatro Foment de Molins de Rei lo que es hoy. Tu dedicaci\u00f3n, amabilidad y amor por el teatro son una inspiraci\u00f3n para todos nosotros. A medida que avanzamos hacia un nuevo medio siglo, estamos seguros de que el esp\u00edritu de Montse seguir\u00e1 iluminando nuestro teatro.<\/p>\n\n\n\n<figure class=\"wp-block-embed is-type-video is-provider-youtube wp-block-embed-youtube wp-embed-aspect-16-9 wp-has-aspect-ratio\"><div class=\"wp-block-embed__wrapper\">\n<div class='embed-responsive embed-responsive-16by9 xtd-shadow--normal-hard'><iframe loading=\"lazy\" class=\"embed-responsive-item\" title=\"Montse Jan\u00e9. 50 anys al servei del Foment.\" width=\"660\" height=\"371\" src=\"https:\/\/www.youtube.com\/embed\/eZzyvItLdIk?feature=oembed&#038;modestbranding=1&#038;showinfo=0&#038;rel=0\"  allow=\"accelerometer; autoplay; clipboard-write; encrypted-media; gyroscope; picture-in-picture; web-share\" referrerpolicy=\"strict-origin-when-cross-origin\" allowfullscreen><\/iframe><\/div>\n<\/div><\/figure>\n","protected":false},"excerpt":{"rendered":"<p> Esta es la historia de Montse Jan\u00e9, una mujer que ha dedicado su vida a la taquilla del Teatro Foment.<\/p>\n","protected":false},"author":3,"featured_media":409,"comment_status":"closed","ping_status":"closed","sticky":false,"template":"","format":"standard","meta":{"inline_featured_image":false,"footnotes":""},"categories":[36],"tags":[],"class_list":["post-406","post","type-post","status-publish","format-standard","has-post-thumbnail","hentry","category-historia"],"yoast_head":"<!-- This site is optimized with the Yoast SEO plugin v27.2 - https:\/\/yoast.com\/product\/yoast-seo-wordpress\/ -->\n<title>Montse Jan\u00e9 cumple 50 a\u00f1os en el Foment - Foment Molins Cultural<\/title>\n<meta name=\"robots\" content=\"index, follow, max-snippet:-1, max-image-preview:large, max-video-preview:-1\" \/>\n<link rel=\"canonical\" href=\"https:\/\/fomentmolins.cat\/es\/montse-jane-cumple-50-anos-en-el-foment\/\" \/>\n<meta property=\"og:locale\" content=\"es_ES\" \/>\n<meta property=\"og:type\" content=\"article\" \/>\n<meta property=\"og:title\" content=\"Montse Jan\u00e9 cumple 50 a\u00f1os en el Foment - Foment Molins Cultural\" \/>\n<meta property=\"og:description\" content=\"Esta es la historia de Montse Jan\u00e9, una mujer que ha dedicado su vida a la taquilla del Teatro Foment.\" \/>\n<meta property=\"og:url\" content=\"https:\/\/fomentmolins.cat\/es\/montse-jane-cumple-50-anos-en-el-foment\/\" \/>\n<meta property=\"og:site_name\" content=\"Foment Molins Cultural\" \/>\n<meta property=\"article:published_time\" content=\"2020-11-10T16:38:00+00:00\" \/>\n<meta property=\"article:modified_time\" content=\"2023-07-02T15:44:10+00:00\" \/>\n<meta property=\"og:image\" content=\"https:\/\/fomentmolins.cat\/wp-content\/uploads\/2023\/07\/20201109_204232.webp\" \/>\n\t<meta property=\"og:image:width\" content=\"300\" \/>\n\t<meta property=\"og:image:height\" content=\"224\" \/>\n\t<meta property=\"og:image:type\" content=\"image\/webp\" \/>\n<meta name=\"author\" content=\"Foment Molins Cultural\" \/>\n<meta name=\"twitter:card\" content=\"summary_large_image\" \/>\n<meta name=\"twitter:label1\" content=\"Escrito por\" \/>\n\t<meta name=\"twitter:data1\" content=\"Foment Molins Cultural\" \/>\n\t<meta name=\"twitter:label2\" content=\"Tiempo de lectura\" \/>\n\t<meta name=\"twitter:data2\" content=\"1 minuto\" \/>\n<script type=\"application\/ld+json\" class=\"yoast-schema-graph\">{\"@context\":\"https:\/\/schema.org\",\"@graph\":[{\"@type\":\"Article\",\"@id\":\"https:\/\/fomentmolins.cat\/es\/montse-jane-cumple-50-anos-en-el-foment\/#article\",\"isPartOf\":{\"@id\":\"https:\/\/fomentmolins.cat\/es\/montse-jane-cumple-50-anos-en-el-foment\/\"},\"author\":{\"name\":\"Foment Molins Cultural\",\"@id\":\"https:\/\/fomentmolins.cat\/es\/#\/schema\/person\/a0a8e93bf2ff2dd990d83b9fd7ca365a\"},\"headline\":\"Montse Jan\u00e9 cumple 50 a\u00f1os en el Foment\",\"datePublished\":\"2020-11-10T16:38:00+00:00\",\"dateModified\":\"2023-07-02T15:44:10+00:00\",\"mainEntityOfPage\":{\"@id\":\"https:\/\/fomentmolins.cat\/es\/montse-jane-cumple-50-anos-en-el-foment\/\"},\"wordCount\":285,\"image\":{\"@id\":\"https:\/\/fomentmolins.cat\/es\/montse-jane-cumple-50-anos-en-el-foment\/#primaryimage\"},\"thumbnailUrl\":\"https:\/\/fomentmolins.cat\/wp-content\/uploads\/2023\/07\/20201109_204232.webp\",\"articleSection\":[\"Hist\u00f2ria\"],\"inLanguage\":\"es\"},{\"@type\":\"WebPage\",\"@id\":\"https:\/\/fomentmolins.cat\/es\/montse-jane-cumple-50-anos-en-el-foment\/\",\"url\":\"https:\/\/fomentmolins.cat\/es\/montse-jane-cumple-50-anos-en-el-foment\/\",\"name\":\"Montse Jan\u00e9 cumple 50 a\u00f1os en el Foment - Foment Molins Cultural\",\"isPartOf\":{\"@id\":\"https:\/\/fomentmolins.cat\/es\/#website\"},\"primaryImageOfPage\":{\"@id\":\"https:\/\/fomentmolins.cat\/es\/montse-jane-cumple-50-anos-en-el-foment\/#primaryimage\"},\"image\":{\"@id\":\"https:\/\/fomentmolins.cat\/es\/montse-jane-cumple-50-anos-en-el-foment\/#primaryimage\"},\"thumbnailUrl\":\"https:\/\/fomentmolins.cat\/wp-content\/uploads\/2023\/07\/20201109_204232.webp\",\"datePublished\":\"2020-11-10T16:38:00+00:00\",\"dateModified\":\"2023-07-02T15:44:10+00:00\",\"author\":{\"@id\":\"https:\/\/fomentmolins.cat\/es\/#\/schema\/person\/a0a8e93bf2ff2dd990d83b9fd7ca365a\"},\"breadcrumb\":{\"@id\":\"https:\/\/fomentmolins.cat\/es\/montse-jane-cumple-50-anos-en-el-foment\/#breadcrumb\"},\"inLanguage\":\"es\",\"potentialAction\":[{\"@type\":\"ReadAction\",\"target\":[\"https:\/\/fomentmolins.cat\/es\/montse-jane-cumple-50-anos-en-el-foment\/\"]}]},{\"@type\":\"ImageObject\",\"inLanguage\":\"es\",\"@id\":\"https:\/\/fomentmolins.cat\/es\/montse-jane-cumple-50-anos-en-el-foment\/#primaryimage\",\"url\":\"https:\/\/fomentmolins.cat\/wp-content\/uploads\/2023\/07\/20201109_204232.webp\",\"contentUrl\":\"https:\/\/fomentmolins.cat\/wp-content\/uploads\/2023\/07\/20201109_204232.webp\",\"width\":300,\"height\":224},{\"@type\":\"BreadcrumbList\",\"@id\":\"https:\/\/fomentmolins.cat\/es\/montse-jane-cumple-50-anos-en-el-foment\/#breadcrumb\",\"itemListElement\":[{\"@type\":\"ListItem\",\"position\":1,\"name\":\"Portada\",\"item\":\"https:\/\/fomentmolins.cat\/es\/\"},{\"@type\":\"ListItem\",\"position\":2,\"name\":\"Montse Jan\u00e9 cumple 50 a\u00f1os en el Foment\"}]},{\"@type\":\"WebSite\",\"@id\":\"https:\/\/fomentmolins.cat\/es\/#website\",\"url\":\"https:\/\/fomentmolins.cat\/es\/\",\"name\":\"Foment Molins Cultural\",\"description\":\"\",\"potentialAction\":[{\"@type\":\"SearchAction\",\"target\":{\"@type\":\"EntryPoint\",\"urlTemplate\":\"https:\/\/fomentmolins.cat\/es\/?s={search_term_string}\"},\"query-input\":{\"@type\":\"PropertyValueSpecification\",\"valueRequired\":true,\"valueName\":\"search_term_string\"}}],\"inLanguage\":\"es\"},{\"@type\":\"Person\",\"@id\":\"https:\/\/fomentmolins.cat\/es\/#\/schema\/person\/a0a8e93bf2ff2dd990d83b9fd7ca365a\",\"name\":\"Foment Molins Cultural\",\"image\":{\"@type\":\"ImageObject\",\"inLanguage\":\"es\",\"@id\":\"https:\/\/secure.gravatar.com\/avatar\/a019c39072cc7d669be4d6e2cda099b4e834789e55938a3ec58bef829a37db42?s=96&d=mm&r=g\",\"url\":\"https:\/\/secure.gravatar.com\/avatar\/a019c39072cc7d669be4d6e2cda099b4e834789e55938a3ec58bef829a37db42?s=96&d=mm&r=g\",\"contentUrl\":\"https:\/\/secure.gravatar.com\/avatar\/a019c39072cc7d669be4d6e2cda099b4e834789e55938a3ec58bef829a37db42?s=96&d=mm&r=g\",\"caption\":\"Foment Molins Cultural\"},\"url\":\"https:\/\/fomentmolins.cat\/es\/author\/lydia\/\"}]}<\/script>\n<!-- \/ Yoast SEO plugin. -->","yoast_head_json":{"title":"Montse Jan\u00e9 cumple 50 a\u00f1os en el Foment - Foment Molins Cultural","robots":{"index":"index","follow":"follow","max-snippet":"max-snippet:-1","max-image-preview":"max-image-preview:large","max-video-preview":"max-video-preview:-1"},"canonical":"https:\/\/fomentmolins.cat\/es\/montse-jane-cumple-50-anos-en-el-foment\/","og_locale":"es_ES","og_type":"article","og_title":"Montse Jan\u00e9 cumple 50 a\u00f1os en el Foment - Foment Molins Cultural","og_description":"Esta es la historia de Montse Jan\u00e9, una mujer que ha dedicado su vida a la taquilla del Teatro Foment.","og_url":"https:\/\/fomentmolins.cat\/es\/montse-jane-cumple-50-anos-en-el-foment\/","og_site_name":"Foment Molins Cultural","article_published_time":"2020-11-10T16:38:00+00:00","article_modified_time":"2023-07-02T15:44:10+00:00","og_image":[{"width":300,"height":224,"url":"https:\/\/fomentmolins.cat\/wp-content\/uploads\/2023\/07\/20201109_204232.webp","type":"image\/webp"}],"author":"Foment Molins Cultural","twitter_card":"summary_large_image","twitter_misc":{"Escrito por":"Foment Molins Cultural","Tiempo de lectura":"1 minuto"},"schema":{"@context":"https:\/\/schema.org","@graph":[{"@type":"Article","@id":"https:\/\/fomentmolins.cat\/es\/montse-jane-cumple-50-anos-en-el-foment\/#article","isPartOf":{"@id":"https:\/\/fomentmolins.cat\/es\/montse-jane-cumple-50-anos-en-el-foment\/"},"author":{"name":"Foment Molins Cultural","@id":"https:\/\/fomentmolins.cat\/es\/#\/schema\/person\/a0a8e93bf2ff2dd990d83b9fd7ca365a"},"headline":"Montse Jan\u00e9 cumple 50 a\u00f1os en el Foment","datePublished":"2020-11-10T16:38:00+00:00","dateModified":"2023-07-02T15:44:10+00:00","mainEntityOfPage":{"@id":"https:\/\/fomentmolins.cat\/es\/montse-jane-cumple-50-anos-en-el-foment\/"},"wordCount":285,"image":{"@id":"https:\/\/fomentmolins.cat\/es\/montse-jane-cumple-50-anos-en-el-foment\/#primaryimage"},"thumbnailUrl":"https:\/\/fomentmolins.cat\/wp-content\/uploads\/2023\/07\/20201109_204232.webp","articleSection":["Hist\u00f2ria"],"inLanguage":"es"},{"@type":"WebPage","@id":"https:\/\/fomentmolins.cat\/es\/montse-jane-cumple-50-anos-en-el-foment\/","url":"https:\/\/fomentmolins.cat\/es\/montse-jane-cumple-50-anos-en-el-foment\/","name":"Montse Jan\u00e9 cumple 50 a\u00f1os en el Foment - Foment Molins Cultural","isPartOf":{"@id":"https:\/\/fomentmolins.cat\/es\/#website"},"primaryImageOfPage":{"@id":"https:\/\/fomentmolins.cat\/es\/montse-jane-cumple-50-anos-en-el-foment\/#primaryimage"},"image":{"@id":"https:\/\/fomentmolins.cat\/es\/montse-jane-cumple-50-anos-en-el-foment\/#primaryimage"},"thumbnailUrl":"https:\/\/fomentmolins.cat\/wp-content\/uploads\/2023\/07\/20201109_204232.webp","datePublished":"2020-11-10T16:38:00+00:00","dateModified":"2023-07-02T15:44:10+00:00","author":{"@id":"https:\/\/fomentmolins.cat\/es\/#\/schema\/person\/a0a8e93bf2ff2dd990d83b9fd7ca365a"},"breadcrumb":{"@id":"https:\/\/fomentmolins.cat\/es\/montse-jane-cumple-50-anos-en-el-foment\/#breadcrumb"},"inLanguage":"es","potentialAction":[{"@type":"ReadAction","target":["https:\/\/fomentmolins.cat\/es\/montse-jane-cumple-50-anos-en-el-foment\/"]}]},{"@type":"ImageObject","inLanguage":"es","@id":"https:\/\/fomentmolins.cat\/es\/montse-jane-cumple-50-anos-en-el-foment\/#primaryimage","url":"https:\/\/fomentmolins.cat\/wp-content\/uploads\/2023\/07\/20201109_204232.webp","contentUrl":"https:\/\/fomentmolins.cat\/wp-content\/uploads\/2023\/07\/20201109_204232.webp","width":300,"height":224},{"@type":"BreadcrumbList","@id":"https:\/\/fomentmolins.cat\/es\/montse-jane-cumple-50-anos-en-el-foment\/#breadcrumb","itemListElement":[{"@type":"ListItem","position":1,"name":"Portada","item":"https:\/\/fomentmolins.cat\/es\/"},{"@type":"ListItem","position":2,"name":"Montse Jan\u00e9 cumple 50 a\u00f1os en el Foment"}]},{"@type":"WebSite","@id":"https:\/\/fomentmolins.cat\/es\/#website","url":"https:\/\/fomentmolins.cat\/es\/","name":"Foment Molins Cultural","description":"","potentialAction":[{"@type":"SearchAction","target":{"@type":"EntryPoint","urlTemplate":"https:\/\/fomentmolins.cat\/es\/?s={search_term_string}"},"query-input":{"@type":"PropertyValueSpecification","valueRequired":true,"valueName":"search_term_string"}}],"inLanguage":"es"},{"@type":"Person","@id":"https:\/\/fomentmolins.cat\/es\/#\/schema\/person\/a0a8e93bf2ff2dd990d83b9fd7ca365a","name":"Foment Molins Cultural","image":{"@type":"ImageObject","inLanguage":"es","@id":"https:\/\/secure.gravatar.com\/avatar\/a019c39072cc7d669be4d6e2cda099b4e834789e55938a3ec58bef829a37db42?s=96&d=mm&r=g","url":"https:\/\/secure.gravatar.com\/avatar\/a019c39072cc7d669be4d6e2cda099b4e834789e55938a3ec58bef829a37db42?s=96&d=mm&r=g","contentUrl":"https:\/\/secure.gravatar.com\/avatar\/a019c39072cc7d669be4d6e2cda099b4e834789e55938a3ec58bef829a37db42?s=96&d=mm&r=g","caption":"Foment Molins Cultural"},"url":"https:\/\/fomentmolins.cat\/es\/author\/lydia\/"}]}},"_links":{"self":[{"href":"https:\/\/fomentmolins.cat\/es\/wp-json\/wp\/v2\/posts\/406","targetHints":{"allow":["GET"]}}],"collection":[{"href":"https:\/\/fomentmolins.cat\/es\/wp-json\/wp\/v2\/posts"}],"about":[{"href":"https:\/\/fomentmolins.cat\/es\/wp-json\/wp\/v2\/types\/post"}],"author":[{"embeddable":true,"href":"https:\/\/fomentmolins.cat\/es\/wp-json\/wp\/v2\/users\/3"}],"replies":[{"embeddable":true,"href":"https:\/\/fomentmolins.cat\/es\/wp-json\/wp\/v2\/comments?post=406"}],"version-history":[{"count":1,"href":"https:\/\/fomentmolins.cat\/es\/wp-json\/wp\/v2\/posts\/406\/revisions"}],"predecessor-version":[{"id":410,"href":"https:\/\/fomentmolins.cat\/es\/wp-json\/wp\/v2\/posts\/406\/revisions\/410"}],"wp:featuredmedia":[{"embeddable":true,"href":"https:\/\/fomentmolins.cat\/es\/wp-json\/wp\/v2\/media\/409"}],"wp:attachment":[{"href":"https:\/\/fomentmolins.cat\/es\/wp-json\/wp\/v2\/media?parent=406"}],"wp:term":[{"taxonomy":"category","embeddable":true,"href":"https:\/\/fomentmolins.cat\/es\/wp-json\/wp\/v2\/categories?post=406"},{"taxonomy":"post_tag","embeddable":true,"href":"https:\/\/fomentmolins.cat\/es\/wp-json\/wp\/v2\/tags?post=406"}],"curies":[{"name":"wp","href":"https:\/\/api.w.org\/{rel}","templated":true}]}}