{"id":412,"date":"2022-03-11T12:52:00","date_gmt":"2022-03-11T11:52:00","guid":{"rendered":"https:\/\/fomentmolins.cat\/wordpress\/?p=412"},"modified":"2023-07-02T18:01:44","modified_gmt":"2023-07-02T16:01:44","slug":"alfombra-roja-en-el-estreno-de-terra-baixa-el-llop-en-foment-molins","status":"publish","type":"post","link":"https:\/\/fomentmolins.cat\/es\/alfombra-roja-en-el-estreno-de-terra-baixa-el-llop-en-foment-molins\/","title":{"rendered":"Alfombra roja en el estreno de Terra Baixa \u00abEl Llop\u00bb en Foment Molins"},"content":{"rendered":"\n<p>El teatro de Foment en Molins se llen\u00f3 de luces, c\u00e1maras y mucha acci\u00f3n. No fue una noche ordinaria en el teatro, pues se celebraba el estreno de \u00abTerra Baixa\u00bb, el \u00faltimo cap\u00edtulo de la aclamada serie de TV3, \u00abEl Llop\u00bb. Un evento lleno de expectaci\u00f3n y emociones a flor de piel, donde se dieron cita actores, personalidades de la industria, familiares y, por supuesto, los fieles seguidores de la serie.<\/p>\n\n\n\n<p>El estreno de \u00abTerra Baixa\u00bb en el teatro de Foment en Molins fue un evento para recordar. Una noche llena de emociones, talento y celebraci\u00f3n, que sin duda, quedar\u00e1 grabada en la memoria de todos los que tuvieron la suerte de ser parte de ella. Ahora, el tel\u00f3n se cierra, pero la historia y las emociones que \u00abEl Llop\u00bb nos ha regalado perdurar\u00e1n por siempre.<\/p>\n\n\n\n<figure class=\"wp-block-embed is-type-video is-provider-youtube wp-block-embed-youtube wp-embed-aspect-16-9 wp-has-aspect-ratio\"><div class=\"wp-block-embed__wrapper\">\n<div class='embed-responsive embed-responsive-16by9 xtd-shadow--normal-hard'><iframe loading=\"lazy\" class=\"embed-responsive-item\" title=\"TEM: Catifa vermella estrena de Terra Baixa a &quot;El Llop&quot;\" width=\"660\" height=\"371\" src=\"https:\/\/www.youtube.com\/embed\/u1mVL6NPCRQ?feature=oembed&#038;modestbranding=1&#038;showinfo=0&#038;rel=0\"  allow=\"accelerometer; autoplay; clipboard-write; encrypted-media; gyroscope; picture-in-picture; web-share\" referrerpolicy=\"strict-origin-when-cross-origin\" allowfullscreen><\/iframe><\/div>\n<\/div><\/figure>\n","protected":false},"excerpt":{"rendered":"<p>El estreno de \u00abTerra Baixa\u00bb en el teatro de Foment en Molins fue un evento para recordar. Una noche llena de emociones, talento y celebraci\u00f3n, que sin duda, quedar\u00e1 grabada en la memoria de todos los que tuvieron la suerte de ser parte de ella.<\/p>\n","protected":false},"author":3,"featured_media":416,"comment_status":"closed","ping_status":"closed","sticky":false,"template":"","format":"standard","meta":{"inline_featured_image":false,"footnotes":""},"categories":[36],"tags":[37],"class_list":["post-412","post","type-post","status-publish","format-standard","has-post-thumbnail","hentry","category-historia","tag-el-llop"],"yoast_head":"<!-- This site is optimized with the Yoast SEO plugin v27.2 - https:\/\/yoast.com\/product\/yoast-seo-wordpress\/ -->\n<title>Alfombra roja en el estreno de Terra Baixa &quot;El Llop&quot; en Foment Molins - Foment Molins Cultural<\/title>\n<meta name=\"robots\" content=\"index, follow, max-snippet:-1, max-image-preview:large, max-video-preview:-1\" \/>\n<link rel=\"canonical\" href=\"https:\/\/fomentmolins.cat\/es\/alfombra-roja-en-el-estreno-de-terra-baixa-el-llop-en-foment-molins\/\" \/>\n<meta property=\"og:locale\" content=\"es_ES\" \/>\n<meta property=\"og:type\" content=\"article\" \/>\n<meta property=\"og:title\" content=\"Alfombra roja en el estreno de Terra Baixa &quot;El Llop&quot; en Foment Molins - Foment Molins Cultural\" \/>\n<meta property=\"og:description\" content=\"El estreno de &quot;Terra Baixa&quot; en el teatro de Foment en Molins fue un evento para recordar. Una noche llena de emociones, talento y celebraci\u00f3n, que sin duda, quedar\u00e1 grabada en la memoria de todos los que tuvieron la suerte de ser parte de ella.\" \/>\n<meta property=\"og:url\" content=\"https:\/\/fomentmolins.cat\/es\/alfombra-roja-en-el-estreno-de-terra-baixa-el-llop-en-foment-molins\/\" \/>\n<meta property=\"og:site_name\" content=\"Foment Molins Cultural\" \/>\n<meta property=\"article:published_time\" content=\"2022-03-11T11:52:00+00:00\" \/>\n<meta property=\"article:modified_time\" content=\"2023-07-02T16:01:44+00:00\" \/>\n<meta property=\"og:image\" content=\"https:\/\/fomentmolins.cat\/wp-content\/uploads\/2023\/07\/Captura-de-pantalla-2023-07-02-175222.png\" \/>\n\t<meta property=\"og:image:width\" content=\"955\" \/>\n\t<meta property=\"og:image:height\" content=\"598\" \/>\n\t<meta property=\"og:image:type\" content=\"image\/png\" \/>\n<meta name=\"author\" content=\"Foment Molins Cultural\" \/>\n<meta name=\"twitter:card\" content=\"summary_large_image\" \/>\n<meta name=\"twitter:label1\" content=\"Escrito por\" \/>\n\t<meta name=\"twitter:data1\" content=\"Foment Molins Cultural\" \/>\n\t<meta name=\"twitter:label2\" content=\"Tiempo de lectura\" \/>\n\t<meta name=\"twitter:data2\" content=\"1 minuto\" \/>\n<script type=\"application\/ld+json\" class=\"yoast-schema-graph\">{\"@context\":\"https:\/\/schema.org\",\"@graph\":[{\"@type\":\"Article\",\"@id\":\"https:\/\/fomentmolins.cat\/es\/alfombra-roja-en-el-estreno-de-terra-baixa-el-llop-en-foment-molins\/#article\",\"isPartOf\":{\"@id\":\"https:\/\/fomentmolins.cat\/es\/alfombra-roja-en-el-estreno-de-terra-baixa-el-llop-en-foment-molins\/\"},\"author\":{\"name\":\"Foment Molins Cultural\",\"@id\":\"https:\/\/fomentmolins.cat\/es\/#\/schema\/person\/a0a8e93bf2ff2dd990d83b9fd7ca365a\"},\"headline\":\"Alfombra roja en el estreno de Terra Baixa \u00abEl Llop\u00bb en Foment Molins\",\"datePublished\":\"2022-03-11T11:52:00+00:00\",\"dateModified\":\"2023-07-02T16:01:44+00:00\",\"mainEntityOfPage\":{\"@id\":\"https:\/\/fomentmolins.cat\/es\/alfombra-roja-en-el-estreno-de-terra-baixa-el-llop-en-foment-molins\/\"},\"wordCount\":162,\"image\":{\"@id\":\"https:\/\/fomentmolins.cat\/es\/alfombra-roja-en-el-estreno-de-terra-baixa-el-llop-en-foment-molins\/#primaryimage\"},\"thumbnailUrl\":\"https:\/\/fomentmolins.cat\/wp-content\/uploads\/2023\/07\/Captura-de-pantalla-2023-07-02-175222.png\",\"keywords\":[\"El Llop\"],\"articleSection\":[\"Hist\u00f2ria\"],\"inLanguage\":\"es\"},{\"@type\":\"WebPage\",\"@id\":\"https:\/\/fomentmolins.cat\/es\/alfombra-roja-en-el-estreno-de-terra-baixa-el-llop-en-foment-molins\/\",\"url\":\"https:\/\/fomentmolins.cat\/es\/alfombra-roja-en-el-estreno-de-terra-baixa-el-llop-en-foment-molins\/\",\"name\":\"Alfombra roja en el estreno de Terra Baixa \\\"El Llop\\\" en Foment Molins - Foment Molins Cultural\",\"isPartOf\":{\"@id\":\"https:\/\/fomentmolins.cat\/es\/#website\"},\"primaryImageOfPage\":{\"@id\":\"https:\/\/fomentmolins.cat\/es\/alfombra-roja-en-el-estreno-de-terra-baixa-el-llop-en-foment-molins\/#primaryimage\"},\"image\":{\"@id\":\"https:\/\/fomentmolins.cat\/es\/alfombra-roja-en-el-estreno-de-terra-baixa-el-llop-en-foment-molins\/#primaryimage\"},\"thumbnailUrl\":\"https:\/\/fomentmolins.cat\/wp-content\/uploads\/2023\/07\/Captura-de-pantalla-2023-07-02-175222.png\",\"datePublished\":\"2022-03-11T11:52:00+00:00\",\"dateModified\":\"2023-07-02T16:01:44+00:00\",\"author\":{\"@id\":\"https:\/\/fomentmolins.cat\/es\/#\/schema\/person\/a0a8e93bf2ff2dd990d83b9fd7ca365a\"},\"breadcrumb\":{\"@id\":\"https:\/\/fomentmolins.cat\/es\/alfombra-roja-en-el-estreno-de-terra-baixa-el-llop-en-foment-molins\/#breadcrumb\"},\"inLanguage\":\"es\",\"potentialAction\":[{\"@type\":\"ReadAction\",\"target\":[\"https:\/\/fomentmolins.cat\/es\/alfombra-roja-en-el-estreno-de-terra-baixa-el-llop-en-foment-molins\/\"]}]},{\"@type\":\"ImageObject\",\"inLanguage\":\"es\",\"@id\":\"https:\/\/fomentmolins.cat\/es\/alfombra-roja-en-el-estreno-de-terra-baixa-el-llop-en-foment-molins\/#primaryimage\",\"url\":\"https:\/\/fomentmolins.cat\/wp-content\/uploads\/2023\/07\/Captura-de-pantalla-2023-07-02-175222.png\",\"contentUrl\":\"https:\/\/fomentmolins.cat\/wp-content\/uploads\/2023\/07\/Captura-de-pantalla-2023-07-02-175222.png\",\"width\":955,\"height\":598},{\"@type\":\"BreadcrumbList\",\"@id\":\"https:\/\/fomentmolins.cat\/es\/alfombra-roja-en-el-estreno-de-terra-baixa-el-llop-en-foment-molins\/#breadcrumb\",\"itemListElement\":[{\"@type\":\"ListItem\",\"position\":1,\"name\":\"Portada\",\"item\":\"https:\/\/fomentmolins.cat\/es\/\"},{\"@type\":\"ListItem\",\"position\":2,\"name\":\"Alfombra roja en el estreno de Terra Baixa &#8220;El Llop&#8221; en Foment Molins\"}]},{\"@type\":\"WebSite\",\"@id\":\"https:\/\/fomentmolins.cat\/es\/#website\",\"url\":\"https:\/\/fomentmolins.cat\/es\/\",\"name\":\"Foment Molins Cultural\",\"description\":\"\",\"potentialAction\":[{\"@type\":\"SearchAction\",\"target\":{\"@type\":\"EntryPoint\",\"urlTemplate\":\"https:\/\/fomentmolins.cat\/es\/?s={search_term_string}\"},\"query-input\":{\"@type\":\"PropertyValueSpecification\",\"valueRequired\":true,\"valueName\":\"search_term_string\"}}],\"inLanguage\":\"es\"},{\"@type\":\"Person\",\"@id\":\"https:\/\/fomentmolins.cat\/es\/#\/schema\/person\/a0a8e93bf2ff2dd990d83b9fd7ca365a\",\"name\":\"Foment Molins Cultural\",\"image\":{\"@type\":\"ImageObject\",\"inLanguage\":\"es\",\"@id\":\"https:\/\/secure.gravatar.com\/avatar\/a019c39072cc7d669be4d6e2cda099b4e834789e55938a3ec58bef829a37db42?s=96&d=mm&r=g\",\"url\":\"https:\/\/secure.gravatar.com\/avatar\/a019c39072cc7d669be4d6e2cda099b4e834789e55938a3ec58bef829a37db42?s=96&d=mm&r=g\",\"contentUrl\":\"https:\/\/secure.gravatar.com\/avatar\/a019c39072cc7d669be4d6e2cda099b4e834789e55938a3ec58bef829a37db42?s=96&d=mm&r=g\",\"caption\":\"Foment Molins Cultural\"},\"url\":\"https:\/\/fomentmolins.cat\/es\/author\/lydia\/\"}]}<\/script>\n<!-- \/ Yoast SEO plugin. -->","yoast_head_json":{"title":"Alfombra roja en el estreno de Terra Baixa \"El Llop\" en Foment Molins - Foment Molins Cultural","robots":{"index":"index","follow":"follow","max-snippet":"max-snippet:-1","max-image-preview":"max-image-preview:large","max-video-preview":"max-video-preview:-1"},"canonical":"https:\/\/fomentmolins.cat\/es\/alfombra-roja-en-el-estreno-de-terra-baixa-el-llop-en-foment-molins\/","og_locale":"es_ES","og_type":"article","og_title":"Alfombra roja en el estreno de Terra Baixa \"El Llop\" en Foment Molins - Foment Molins Cultural","og_description":"El estreno de \"Terra Baixa\" en el teatro de Foment en Molins fue un evento para recordar. Una noche llena de emociones, talento y celebraci\u00f3n, que sin duda, quedar\u00e1 grabada en la memoria de todos los que tuvieron la suerte de ser parte de ella.","og_url":"https:\/\/fomentmolins.cat\/es\/alfombra-roja-en-el-estreno-de-terra-baixa-el-llop-en-foment-molins\/","og_site_name":"Foment Molins Cultural","article_published_time":"2022-03-11T11:52:00+00:00","article_modified_time":"2023-07-02T16:01:44+00:00","og_image":[{"width":955,"height":598,"url":"https:\/\/fomentmolins.cat\/wp-content\/uploads\/2023\/07\/Captura-de-pantalla-2023-07-02-175222.png","type":"image\/png"}],"author":"Foment Molins Cultural","twitter_card":"summary_large_image","twitter_misc":{"Escrito por":"Foment Molins Cultural","Tiempo de lectura":"1 minuto"},"schema":{"@context":"https:\/\/schema.org","@graph":[{"@type":"Article","@id":"https:\/\/fomentmolins.cat\/es\/alfombra-roja-en-el-estreno-de-terra-baixa-el-llop-en-foment-molins\/#article","isPartOf":{"@id":"https:\/\/fomentmolins.cat\/es\/alfombra-roja-en-el-estreno-de-terra-baixa-el-llop-en-foment-molins\/"},"author":{"name":"Foment Molins Cultural","@id":"https:\/\/fomentmolins.cat\/es\/#\/schema\/person\/a0a8e93bf2ff2dd990d83b9fd7ca365a"},"headline":"Alfombra roja en el estreno de Terra Baixa \u00abEl Llop\u00bb en Foment Molins","datePublished":"2022-03-11T11:52:00+00:00","dateModified":"2023-07-02T16:01:44+00:00","mainEntityOfPage":{"@id":"https:\/\/fomentmolins.cat\/es\/alfombra-roja-en-el-estreno-de-terra-baixa-el-llop-en-foment-molins\/"},"wordCount":162,"image":{"@id":"https:\/\/fomentmolins.cat\/es\/alfombra-roja-en-el-estreno-de-terra-baixa-el-llop-en-foment-molins\/#primaryimage"},"thumbnailUrl":"https:\/\/fomentmolins.cat\/wp-content\/uploads\/2023\/07\/Captura-de-pantalla-2023-07-02-175222.png","keywords":["El Llop"],"articleSection":["Hist\u00f2ria"],"inLanguage":"es"},{"@type":"WebPage","@id":"https:\/\/fomentmolins.cat\/es\/alfombra-roja-en-el-estreno-de-terra-baixa-el-llop-en-foment-molins\/","url":"https:\/\/fomentmolins.cat\/es\/alfombra-roja-en-el-estreno-de-terra-baixa-el-llop-en-foment-molins\/","name":"Alfombra roja en el estreno de Terra Baixa \"El Llop\" en Foment Molins - Foment Molins Cultural","isPartOf":{"@id":"https:\/\/fomentmolins.cat\/es\/#website"},"primaryImageOfPage":{"@id":"https:\/\/fomentmolins.cat\/es\/alfombra-roja-en-el-estreno-de-terra-baixa-el-llop-en-foment-molins\/#primaryimage"},"image":{"@id":"https:\/\/fomentmolins.cat\/es\/alfombra-roja-en-el-estreno-de-terra-baixa-el-llop-en-foment-molins\/#primaryimage"},"thumbnailUrl":"https:\/\/fomentmolins.cat\/wp-content\/uploads\/2023\/07\/Captura-de-pantalla-2023-07-02-175222.png","datePublished":"2022-03-11T11:52:00+00:00","dateModified":"2023-07-02T16:01:44+00:00","author":{"@id":"https:\/\/fomentmolins.cat\/es\/#\/schema\/person\/a0a8e93bf2ff2dd990d83b9fd7ca365a"},"breadcrumb":{"@id":"https:\/\/fomentmolins.cat\/es\/alfombra-roja-en-el-estreno-de-terra-baixa-el-llop-en-foment-molins\/#breadcrumb"},"inLanguage":"es","potentialAction":[{"@type":"ReadAction","target":["https:\/\/fomentmolins.cat\/es\/alfombra-roja-en-el-estreno-de-terra-baixa-el-llop-en-foment-molins\/"]}]},{"@type":"ImageObject","inLanguage":"es","@id":"https:\/\/fomentmolins.cat\/es\/alfombra-roja-en-el-estreno-de-terra-baixa-el-llop-en-foment-molins\/#primaryimage","url":"https:\/\/fomentmolins.cat\/wp-content\/uploads\/2023\/07\/Captura-de-pantalla-2023-07-02-175222.png","contentUrl":"https:\/\/fomentmolins.cat\/wp-content\/uploads\/2023\/07\/Captura-de-pantalla-2023-07-02-175222.png","width":955,"height":598},{"@type":"BreadcrumbList","@id":"https:\/\/fomentmolins.cat\/es\/alfombra-roja-en-el-estreno-de-terra-baixa-el-llop-en-foment-molins\/#breadcrumb","itemListElement":[{"@type":"ListItem","position":1,"name":"Portada","item":"https:\/\/fomentmolins.cat\/es\/"},{"@type":"ListItem","position":2,"name":"Alfombra roja en el estreno de Terra Baixa &#8220;El Llop&#8221; en Foment Molins"}]},{"@type":"WebSite","@id":"https:\/\/fomentmolins.cat\/es\/#website","url":"https:\/\/fomentmolins.cat\/es\/","name":"Foment Molins Cultural","description":"","potentialAction":[{"@type":"SearchAction","target":{"@type":"EntryPoint","urlTemplate":"https:\/\/fomentmolins.cat\/es\/?s={search_term_string}"},"query-input":{"@type":"PropertyValueSpecification","valueRequired":true,"valueName":"search_term_string"}}],"inLanguage":"es"},{"@type":"Person","@id":"https:\/\/fomentmolins.cat\/es\/#\/schema\/person\/a0a8e93bf2ff2dd990d83b9fd7ca365a","name":"Foment Molins Cultural","image":{"@type":"ImageObject","inLanguage":"es","@id":"https:\/\/secure.gravatar.com\/avatar\/a019c39072cc7d669be4d6e2cda099b4e834789e55938a3ec58bef829a37db42?s=96&d=mm&r=g","url":"https:\/\/secure.gravatar.com\/avatar\/a019c39072cc7d669be4d6e2cda099b4e834789e55938a3ec58bef829a37db42?s=96&d=mm&r=g","contentUrl":"https:\/\/secure.gravatar.com\/avatar\/a019c39072cc7d669be4d6e2cda099b4e834789e55938a3ec58bef829a37db42?s=96&d=mm&r=g","caption":"Foment Molins Cultural"},"url":"https:\/\/fomentmolins.cat\/es\/author\/lydia\/"}]}},"_links":{"self":[{"href":"https:\/\/fomentmolins.cat\/es\/wp-json\/wp\/v2\/posts\/412","targetHints":{"allow":["GET"]}}],"collection":[{"href":"https:\/\/fomentmolins.cat\/es\/wp-json\/wp\/v2\/posts"}],"about":[{"href":"https:\/\/fomentmolins.cat\/es\/wp-json\/wp\/v2\/types\/post"}],"author":[{"embeddable":true,"href":"https:\/\/fomentmolins.cat\/es\/wp-json\/wp\/v2\/users\/3"}],"replies":[{"embeddable":true,"href":"https:\/\/fomentmolins.cat\/es\/wp-json\/wp\/v2\/comments?post=412"}],"version-history":[{"count":1,"href":"https:\/\/fomentmolins.cat\/es\/wp-json\/wp\/v2\/posts\/412\/revisions"}],"predecessor-version":[{"id":417,"href":"https:\/\/fomentmolins.cat\/es\/wp-json\/wp\/v2\/posts\/412\/revisions\/417"}],"wp:featuredmedia":[{"embeddable":true,"href":"https:\/\/fomentmolins.cat\/es\/wp-json\/wp\/v2\/media\/416"}],"wp:attachment":[{"href":"https:\/\/fomentmolins.cat\/es\/wp-json\/wp\/v2\/media?parent=412"}],"wp:term":[{"taxonomy":"category","embeddable":true,"href":"https:\/\/fomentmolins.cat\/es\/wp-json\/wp\/v2\/categories?post=412"},{"taxonomy":"post_tag","embeddable":true,"href":"https:\/\/fomentmolins.cat\/es\/wp-json\/wp\/v2\/tags?post=412"}],"curies":[{"name":"wp","href":"https:\/\/api.w.org\/{rel}","templated":true}]}}